{"id":162757,"date":"2026-04-30T13:39:11","date_gmt":"2026-04-30T13:39:11","guid":{"rendered":"https:\/\/all-car-news.com\/compte-rendu-mg-s9-phev-2026-une-voiture-etrange-pour-votre-argent\/"},"modified":"2026-04-30T13:39:11","modified_gmt":"2026-04-30T13:39:11","slug":"compte-rendu-mg-s9-phev-2026-une-voiture-etrange-pour-votre-argent","status":"publish","type":"post","link":"https:\/\/all-car-news.com\/fr\/compte-rendu-mg-s9-phev-2026-une-voiture-etrange-pour-votre-argent\/","title":{"rendered":"Compte-rendu &#8211; MG S9 PHEV (2026), une voiture \u00e9trange pour votre argent"},"content":{"rendered":"<h2 class=\"wp-block-heading\">MG S9 PHEV : le prix de d\u00e9part<\/h2>\n<p>Commen\u00e7ons par le prix : la nouvelle MG S9 PHEV est propos\u00e9e \u00e0 partir de 43.250 euros aux Pays-Bas. Ce prix s&rsquo;applique \u00e0 la version de base, appel\u00e9e Comfort. L&rsquo;expression \u00ab\u00a0version de base\u00a0\u00bb semble un peu irrespectueuse dans ce cas, car ce SUV est d\u00e9j\u00e0 extr\u00eamement riche en \u00e9quipements de s\u00e9rie. Deux \u00e9crans de 12,3 pouces, une climatisation \u00e0 trois zones, un syst\u00e8me audio \u00e0 huit haut-parleurs, une cam\u00e9ra de stationnement \u00e0 360 degr\u00e9s, un hayon \u00e9lectrique, des si\u00e8ges avant chauffants, un toit panoramique avec un toit ouvrant, un \u00e9clairage d&rsquo;ambiance et, bien s\u00fbr, Apple CarPlay et Android Auto. Vous l&rsquo;aurez compris. Tout est de s\u00e9rie. M\u00eame la capacit\u00e9 V2L (Vehicle-to-Load).      <\/p>\n<h2 class=\"wp-block-heading\">MG S9 PHEV Premium<\/h2>\n<p>Mais vous pouvez aussi d\u00e9penser 45 900 euros, soit 3 000 euros de plus. Dans ce cas, vous obtenez les cl\u00e9s d&rsquo;une MG S9 PHEV Premium. Cette variante est \u00e9quip\u00e9e de jantes en alliage de 20 pouces, de si\u00e8ges avant chauffants, ventil\u00e9s et massants, d&rsquo;un support lombaire \u00e9lectrique r\u00e9glable dans quatre directions pour le conducteur, d&rsquo;un syst\u00e8me audio Bose avec 12 haut-parleurs et d&rsquo;un chargeur \u00e0 induction. Une quantit\u00e9 extraordinaire d&rsquo;\u00e9quipements, donc, surtout pour les euros que vous investissez. Une Volkswagen Tayron, par exemple, d\u00e9marre \u00e0 plus de 52 000 euros.      <\/p>\n<figure class=\"wp-block-image size-large\"><img loading=\"lazy\" decoding=\"async\" width=\"1280\" height=\"720\" src=\"https:\/\/autorai.nl\/wp-content\/uploads\/2026\/04\/mg-s9-phev-2026-review-zevenzitter-foto50-1280x720.jpg\" alt=\"MG S9 PHEV 2026\" class=\"wp-image-219952\"><figcaption class=\"wp-element-caption\">MG S9 PHEV 2026<\/figcaption><\/figure>\n<h2 class=\"wp-block-heading\">Dimensions<\/h2>\n<p>Autre fait amusant : la Tayron a une longueur de 4,79 m\u00e8tres. En fait, cette MG S9 PHEV mesure 4,98 m\u00e8tres de long, soit 27 centim\u00e8tres de plus que la MG S6 \u00e9lectrique. La S9 n&rsquo;est donc pas un petit gar\u00e7on. Et elle n&rsquo;est pas l\u00e9g\u00e8re non plus, puisqu&rsquo;elle p\u00e8se 2 160 kilogrammes. L&#8217;empattement de la S9 PHEV est de 2,92 m\u00e8tres contre 2,84 m\u00e8tres pour la S6. La MG S9 PHEV est \u00e9galement plus longue et plus haute que la MG HS : elle mesure 1,96 m\u00e8tre de large et 1,78 m\u00e8tre de haut. La MG S9 PHEV peut tracter jusqu&rsquo;\u00e0 2 000 kg de poids frein\u00e9.      &nbsp;<\/p>\n<h2 class=\"wp-block-heading\">Un volume de bagages gigantesque<\/h2>\n<p>Une MG S9 PHEV comme celle-ci dispose donc \u00e9galement d&rsquo;un espace \u00e0 bagages substantiel ? Absolument ! Si vous utilisez les sept si\u00e8ges, il reste 332 litres d&rsquo;espace \u00e0 bagages derri\u00e8re la troisi\u00e8me rang\u00e9e de si\u00e8ges. Lorsque la troisi\u00e8me rang\u00e9e de si\u00e8ges est rabattue, vous disposez de 1 026 litres. En rabattant les deuxi\u00e8me et troisi\u00e8me rang\u00e9es de si\u00e8ges, vous disposez m\u00eame d&rsquo;un espace de 2 093 litres. Pour rendre l&rsquo;int\u00e9rieur aussi flexible que possible, la troisi\u00e8me rang\u00e9e de si\u00e8ges peut \u00eatre rabattue s\u00e9par\u00e9ment, tandis que la deuxi\u00e8me rang\u00e9e de si\u00e8ges est divis\u00e9e en deux parties (60:40). En d&rsquo;autres termes, il y a beaucoup d&rsquo;espace. En termes d&rsquo;espace pour les jambes et la t\u00eate, il n&rsquo;y a pas de raison de se plaindre non plus. M\u00eame les personnes de grande taille peuvent s&rsquo;asseoir parfaitement dans cette voiture.      <\/p>\n<figure class=\"wp-block-image size-large\"><img loading=\"lazy\" decoding=\"async\" width=\"1280\" height=\"720\" src=\"https:\/\/autorai.nl\/wp-content\/uploads\/2026\/04\/mg-s9-phev-2026-review-zevenzitter-foto37-1280x720.jpg\" alt=\"Espace \u00e0 bagages MG S9 PHEV 2026\" class=\"wp-image-219939\"><figcaption class=\"wp-element-caption\">Espace \u00e0 bagages MG S9 PHEV 2026<\/figcaption><\/figure>\n<h2 class=\"wp-block-heading\">Technologie hybride rechargeable<\/h2>\n<p>La MG S9 PHEV utilise la technologie hybride rechargeable. Le syst\u00e8me associe un moteur turbo essence de 1,5 litre \u00e0 une batterie de 24,7 kWh qui offre une autonomie \u00e9lectrique de 100 kilom\u00e8tres selon la norme d&rsquo;essai WLTP. Dans la pratique, comptez donc sur une autonomie de 70 \u00e0 80 kilom\u00e8tres. Ce groupe motopropulseur associe un moteur \u00e0 essence 1,5 litre turbo de 105 kW (143 ch) \u00e0 un moteur \u00e9lectrique de 170 kW (231 ch), une batterie de 24,7 kWh et une traction avant. La puissance du syst\u00e8me est de 220 kW (299 ch) avec un couple maximal de 390 Nm. Elle permet de passer de 0 \u00e0 100 km\/h en 9,6 secondes. La consommation combin\u00e9e WLTP est de 0,8 l\/100 km. Notez qu&rsquo;en th\u00e9orie, ce r\u00e9sultat n&rsquo;est r\u00e9alisable que si vous chargez r\u00e9ellement la batterie. Cela est possible avec une alimentation triphas\u00e9e de 11 kW. En outre, la voiture dispose d&rsquo;un r\u00e9servoir de 65 litres.         <\/p>\n<ul class=\"wp-block-list\">\n<li>Moteur : essence turbo 1,5 litre, hybride rechargeable<\/li>\n<li>Transmission : automatique \u00e0 une vitesse<\/li>\n<li>Puissance du syst\u00e8me : 220 kW (299 ch)<\/li>\n<li>Couple : 390 Nm<\/li>\n<li>0-100 km\/h : 9,6 s<\/li>\n<li>\u00c9missions de CO2 : 18 g\/km<\/li>\n<li>Taille de la batterie : 24,7 kWh<\/li>\n<li>Autonomie \u00e9lectrique (WLTP) : 100 km<\/li>\n<li>Capacit\u00e9 du r\u00e9servoir : 65 litres<\/li>\n<li>Poids de remorquage frein\u00e9 : 2 000 kilogrammes<\/li>\n<\/ul>\n<h2 class=\"wp-block-heading\">Comment la MG S9 PHEV se conduit-elle ?<\/h2>\n<p>Jusqu&rsquo;\u00e0 pr\u00e9sent, la MG S9 PHEV a de tr\u00e8s bons arguments. Elle est relativement abordable &#8211; surtout dans ce segment &#8211; et offre beaucoup d&rsquo;espace. De plus, ce mod\u00e8le est \u00e9galement tr\u00e8s riche en \u00e9quipements. Mais comment cette voiture se conduit-elle ? Apr\u00e8s avoir parcouru les premiers kilom\u00e8tres d&rsquo;essai, nous pouvons dire qu&rsquo;il n&rsquo;y a pas de raison de se plaindre sur ce point. Cette MG S9 est agr\u00e9able, confortable et surtout tr\u00e8s silencieuse. Certes, elle se penche un peu dans les virages, mais cela fait partie de ce type de voiture. Elle est longue, haute et vous obtenez automatiquement cet effet. Avec cette S9, vous voulez surtout rouler d&rsquo;un point A \u00e0 un point B dans le confort et la tranquillit\u00e9. Et c&rsquo;est tout \u00e0 fait possible. Que vous soyez au volant ou \u00e0 l&rsquo;arri\u00e8re.          <\/p>\n<figure class=\"wp-block-image size-large\"><img loading=\"lazy\" decoding=\"async\" width=\"1280\" height=\"720\" src=\"https:\/\/autorai.nl\/wp-content\/uploads\/2026\/04\/mg-s9-phev-2026-review-zevenzitter-foto54-1280x720.jpg\" alt=\"Conduire la MG S9 PHEV 2026 est une exp\u00e9rience agr\u00e9able.\" class=\"wp-image-219956\"><figcaption class=\"wp-element-caption\">La conduite de la MG S9 PHEV 2026 est une exp\u00e9rience agr\u00e9able.<\/figcaption><\/figure>\n<h2 class=\"wp-block-heading\">\u00c9crans brillants, mwah&#8230;<\/h2>\n<p>Pendant la conduite, plusieurs \u00e9l\u00e9ments se distinguent \u00e9galement. Par exemple, MG a utilis\u00e9 des \u00e9crans avec une finition brillante. Ils brillent \u00e9norm\u00e9ment. Vous pouvez m\u00eame vous y brosser les dents. Les \u00e9crans cr\u00e9ent une certaine confusion dans le champ de vision. MG aurait mieux fait d&rsquo;utiliser un \u00e9cran \u00e0 finition mate. Pour le reste, les mat\u00e9riaux sont de bonne qualit\u00e9. Par souci d&rsquo;\u00e9conomie, les plastiques tendent \u00e0 \u00eatre plus durs. Mais cela ne se voit pas. Par-dessus tout, l&rsquo;int\u00e9rieur donne une impression de convivialit\u00e9 et offre de nombreuses possibilit\u00e9s de rangement. L&rsquo;int\u00e9rieur est disponible en noir ou en marron et, pour l&rsquo;ext\u00e9rieur, vous avez le choix entre des teintes comme le blanc Oxford, le noir galet, l&rsquo;argent Sterling, le gris Andes et le vert Gloucester.          <\/p>\n<h2 class=\"wp-block-heading\">Conclusion MG S9 PHEV<\/h2>\n<p>La nouvelle MG S9 PHEV est une voiture sur laquelle il n&rsquo;y a pas grand-chose \u00e0 redire. Vous en avez pour votre argent. Et les conditions de garantie sont \u00e9galement bonnes. La garantie standard est de 7 ans ou 150 000 km. Pour l&rsquo;instant, MG offre une remise de lancement de 2.000 \u20ac sur toutes les versions, ce qui fait que la MG S9 PHEV peut \u00eatre conduite \u00e0 partir de 43.250 \u20ac. C&rsquo;est une bonne id\u00e9e, mais s&rsquo;il est possible de le faire pour 43 000 euros, pourquoi augmenter le prix par la suite ? Vous ne rendez votre produit plus int\u00e9ressant qu&rsquo;avec un prix de d\u00e9part plus bas. Quoi qu&rsquo;il en soit, cela s&rsquo;appelle du marketing. Une chose est s\u00fbre : cette MG S9 PHEV est un nouveau venu bienvenu dans ce segment. C&rsquo;est la plus grande MG \u00e0 ce jour. Et une tr\u00e8s bonne MG.          <\/p>\n<h3 class=\"wp-block-heading\">MG S9 PHEV &#8211; Confort<\/h3>\n<p><strong>A partir de 45 250<\/strong><\/p>\n<ul class=\"wp-block-list\">\n<li>MG Pilot<\/li>\n<li>Tissus<\/li>\n<li>Si\u00e8ges avant chauffants<\/li>\n<li>Jantes en alliage de 20 pouces<\/li>\n<li>Toit panoramique<\/li>\n<li>\u00c9clairage d&rsquo;ambiance<\/li>\n<li>Si\u00e8ge conducteur \u00e0 8 r\u00e9glages \u00e9lectriques<\/li>\n<li>Si\u00e8ge passager \u00e0 6 r\u00e9glages \u00e9lectriques<\/li>\n<li>Climatisation 3 zones  <\/li>\n<li>\u00c9cran tactile d&rsquo;infodivertissement de 12,3 pouces<\/li>\n<li>\u00c9cran 12,3&Prime; pour le conducteur<\/li>\n<li>Connectivit\u00e9 sans fil Android \/ Apple CarPlay<\/li>\n<li>Porte arri\u00e8re \u00e0 commande \u00e9lectrique<\/li>\n<li>Cam\u00e9ra de recul <sup>360o<\/sup> HD  <\/li>\n<li>V2L (v\u00e9hicule \u00e0 charge)<\/li>\n<\/ul>\n<h3 class=\"wp-block-heading\">MG S9 PHEV &#8211; Premium<\/h3>\n<p><strong>A partir de 47 250<\/strong><\/p>\n<ul class=\"wp-block-list\">\n<li>Rev\u00eatement en cuir<\/li>\n<li>Si\u00e8ges avant ventil\u00e9s et massants<\/li>\n<li>Feux de brouillard avant<\/li>\n<li>Syst\u00e8me audio Bose avec 12 haut-parleurs<\/li>\n<li>Support lombaire \u00e9lectrique \u00e0 4 positions pour le conducteur<\/li>\n<li>R\u00e9troviseur \u00e0 gradation automatique<\/li>\n<li>Porte arri\u00e8re intelligente<\/li>\n<li>Chargeur sans fil<\/li>\n<\/ul>\n","protected":false},"excerpt":{"rendered":"MG S9 PHEV : le prix de d\u00e9part Commen\u00e7ons directement par le prix : la nouvelle MG S9 PHEV a\u2026","protected":false},"author":0,"featured_media":162684,"comment_status":"","ping_status":"open","sticky":false,"template":"","format":"standard","meta":{"footnotes":""},"categories":[147,127],"tags":[],"class_list":["post-162757","post","type-post","status-publish","format-standard","has-post-thumbnail","hentry","category-essais-de-voiture","category-nouvelles-de-voiture"],"acf":[],"yoast_head":"<!-- This site is optimized with the Yoast SEO plugin v21.2 - https:\/\/yoast.com\/wordpress\/plugins\/seo\/ -->\n<title>Compte-rendu - MG S9 PHEV (2026), une voiture \u00e9trange pour votre argent - All cars news<\/title>\n<meta name=\"robots\" content=\"index, follow, max-snippet:-1, max-image-preview:large, max-video-preview:-1\" \/>\n<link rel=\"canonical\" href=\"https:\/\/all-car-news.com\/fr\/compte-rendu-mg-s9-phev-2026-une-voiture-etrange-pour-votre-argent\/\" \/>\n<meta property=\"og:locale\" content=\"fr_FR\" \/>\n<meta property=\"og:type\" content=\"article\" \/>\n<meta property=\"og:title\" content=\"Compte-rendu - MG S9 PHEV (2026), une voiture \u00e9trange pour votre argent - All cars news\" \/>\n<meta property=\"og:description\" content=\"MG S9 PHEV : le prix de d\u00e9part Commen\u00e7ons directement par le prix : la nouvelle MG S9 PHEV a un prix de d\u00e9part de 43.250 \u20ac aux Pays-Bas. Ce prix s&#039;applique \u00e0 la version de base, appel\u00e9e Comfort. L&#039;expression &quot;version de base&quot; semble un peu irrespectueuse dans ce cas, car ce SUV est d\u00e9j\u00e0 extr\u00eamement riche en \u00e9quipements de s\u00e9rie. Deux \u00e9crans de 12,3 pouces [...]\" \/>\n<meta property=\"og:url\" content=\"https:\/\/all-car-news.com\/fr\/compte-rendu-mg-s9-phev-2026-une-voiture-etrange-pour-votre-argent\/\" \/>\n<meta property=\"og:site_name\" content=\"All cars news\" \/>\n<meta property=\"article:published_time\" content=\"2026-04-30T13:39:11+00:00\" \/>\n<meta property=\"og:image\" content=\"https:\/\/autorai.nl\/wp-content\/uploads\/2026\/04\/mg-s9-phev-2026-review-zevenzitter-foto50-1280x720.jpg\" \/>\n<meta name=\"twitter:card\" content=\"summary_large_image\" \/>\n<meta name=\"twitter:label1\" content=\"Dur\u00e9e de lecture estim\u00e9e\" \/>\n\t<meta name=\"twitter:data1\" content=\"6 minutes\" \/>\n<script type=\"application\/ld+json\" class=\"yoast-schema-graph\">{\"@context\":\"https:\/\/schema.org\",\"@graph\":[{\"@type\":\"Article\",\"@id\":\"https:\/\/all-car-news.com\/fr\/compte-rendu-mg-s9-phev-2026-une-voiture-etrange-pour-votre-argent\/#article\",\"isPartOf\":{\"@id\":\"https:\/\/all-car-news.com\/fr\/compte-rendu-mg-s9-phev-2026-une-voiture-etrange-pour-votre-argent\/\"},\"author\":{\"name\":\"\",\"@id\":\"\"},\"headline\":\"Compte-rendu &#8211; MG S9 PHEV (2026), une voiture \u00e9trange pour votre argent\",\"datePublished\":\"2026-04-30T13:39:11+00:00\",\"dateModified\":\"2026-04-30T13:39:11+00:00\",\"mainEntityOfPage\":{\"@id\":\"https:\/\/all-car-news.com\/fr\/compte-rendu-mg-s9-phev-2026-une-voiture-etrange-pour-votre-argent\/\"},\"wordCount\":1251,\"publisher\":{\"@id\":\"https:\/\/all-car-news.com\/fr\/#organization\"},\"articleSection\":[\"essais de voiture\",\"nouvelles de voiture\"],\"inLanguage\":\"fr-FR\"},{\"@type\":\"WebPage\",\"@id\":\"https:\/\/all-car-news.com\/fr\/compte-rendu-mg-s9-phev-2026-une-voiture-etrange-pour-votre-argent\/\",\"url\":\"https:\/\/all-car-news.com\/fr\/compte-rendu-mg-s9-phev-2026-une-voiture-etrange-pour-votre-argent\/\",\"name\":\"Compte-rendu - MG S9 PHEV (2026), une voiture \u00e9trange pour votre argent - All cars news\",\"isPartOf\":{\"@id\":\"https:\/\/all-car-news.com\/fr\/#website\"},\"datePublished\":\"2026-04-30T13:39:11+00:00\",\"dateModified\":\"2026-04-30T13:39:11+00:00\",\"breadcrumb\":{\"@id\":\"https:\/\/all-car-news.com\/fr\/compte-rendu-mg-s9-phev-2026-une-voiture-etrange-pour-votre-argent\/#breadcrumb\"},\"inLanguage\":\"fr-FR\",\"potentialAction\":[{\"@type\":\"ReadAction\",\"target\":[\"https:\/\/all-car-news.com\/fr\/compte-rendu-mg-s9-phev-2026-une-voiture-etrange-pour-votre-argent\/\"]}]},{\"@type\":\"BreadcrumbList\",\"@id\":\"https:\/\/all-car-news.com\/fr\/compte-rendu-mg-s9-phev-2026-une-voiture-etrange-pour-votre-argent\/#breadcrumb\",\"itemListElement\":[{\"@type\":\"ListItem\",\"position\":1,\"name\":\"Home\",\"item\":\"https:\/\/all-car-news.com\/fr\/\"},{\"@type\":\"ListItem\",\"position\":2,\"name\":\"Compte-rendu &#8211; MG S9 PHEV (2026), une voiture \u00e9trange pour votre argent\"}]},{\"@type\":\"WebSite\",\"@id\":\"https:\/\/all-car-news.com\/fr\/#website\",\"url\":\"https:\/\/all-car-news.com\/fr\/\",\"name\":\"All cars news\",\"description\":\"\",\"publisher\":{\"@id\":\"https:\/\/all-car-news.com\/fr\/#organization\"},\"potentialAction\":[{\"@type\":\"SearchAction\",\"target\":{\"@type\":\"EntryPoint\",\"urlTemplate\":\"https:\/\/all-car-news.com\/fr\/?s={search_term_string}\"},\"query-input\":\"required name=search_term_string\"}],\"inLanguage\":\"fr-FR\"},{\"@type\":\"Organization\",\"@id\":\"https:\/\/all-car-news.com\/fr\/#organization\",\"name\":\"All cars news\",\"url\":\"https:\/\/all-car-news.com\/fr\/\",\"logo\":{\"@type\":\"ImageObject\",\"inLanguage\":\"fr-FR\",\"@id\":\"https:\/\/all-car-news.com\/fr\/#\/schema\/logo\/image\/\",\"url\":\"https:\/\/all-car-news.com\/wp-content\/uploads\/2022\/02\/CMYK-AllCarNews_LANDSCAPE_300px-1.png\",\"contentUrl\":\"https:\/\/all-car-news.com\/wp-content\/uploads\/2022\/02\/CMYK-AllCarNews_LANDSCAPE_300px-1.png\",\"width\":300,\"height\":100,\"caption\":\"All cars news\"},\"image\":{\"@id\":\"https:\/\/all-car-news.com\/fr\/#\/schema\/logo\/image\/\"}}]}<\/script>\n<!-- \/ Yoast SEO plugin. -->","yoast_head_json":{"title":"Compte-rendu - MG S9 PHEV (2026), une voiture \u00e9trange pour votre argent - All cars news","robots":{"index":"index","follow":"follow","max-snippet":"max-snippet:-1","max-image-preview":"max-image-preview:large","max-video-preview":"max-video-preview:-1"},"canonical":"https:\/\/all-car-news.com\/fr\/compte-rendu-mg-s9-phev-2026-une-voiture-etrange-pour-votre-argent\/","og_locale":"fr_FR","og_type":"article","og_title":"Compte-rendu - MG S9 PHEV (2026), une voiture \u00e9trange pour votre argent - All cars news","og_description":"MG S9 PHEV : le prix de d\u00e9part Commen\u00e7ons directement par le prix : la nouvelle MG S9 PHEV a un prix de d\u00e9part de 43.250 \u20ac aux Pays-Bas. Ce prix s'applique \u00e0 la version de base, appel\u00e9e Comfort. L'expression \"version de base\" semble un peu irrespectueuse dans ce cas, car ce SUV est d\u00e9j\u00e0 extr\u00eamement riche en \u00e9quipements de s\u00e9rie. Deux \u00e9crans de 12,3 pouces [...]","og_url":"https:\/\/all-car-news.com\/fr\/compte-rendu-mg-s9-phev-2026-une-voiture-etrange-pour-votre-argent\/","og_site_name":"All cars news","article_published_time":"2026-04-30T13:39:11+00:00","og_image":[{"url":"https:\/\/autorai.nl\/wp-content\/uploads\/2026\/04\/mg-s9-phev-2026-review-zevenzitter-foto50-1280x720.jpg"}],"twitter_card":"summary_large_image","twitter_misc":{"Dur\u00e9e de lecture estim\u00e9e":"6 minutes"},"schema":{"@context":"https:\/\/schema.org","@graph":[{"@type":"Article","@id":"https:\/\/all-car-news.com\/fr\/compte-rendu-mg-s9-phev-2026-une-voiture-etrange-pour-votre-argent\/#article","isPartOf":{"@id":"https:\/\/all-car-news.com\/fr\/compte-rendu-mg-s9-phev-2026-une-voiture-etrange-pour-votre-argent\/"},"author":{"name":"","@id":""},"headline":"Compte-rendu &#8211; MG S9 PHEV (2026), une voiture \u00e9trange pour votre argent","datePublished":"2026-04-30T13:39:11+00:00","dateModified":"2026-04-30T13:39:11+00:00","mainEntityOfPage":{"@id":"https:\/\/all-car-news.com\/fr\/compte-rendu-mg-s9-phev-2026-une-voiture-etrange-pour-votre-argent\/"},"wordCount":1251,"publisher":{"@id":"https:\/\/all-car-news.com\/fr\/#organization"},"articleSection":["essais de voiture","nouvelles de voiture"],"inLanguage":"fr-FR"},{"@type":"WebPage","@id":"https:\/\/all-car-news.com\/fr\/compte-rendu-mg-s9-phev-2026-une-voiture-etrange-pour-votre-argent\/","url":"https:\/\/all-car-news.com\/fr\/compte-rendu-mg-s9-phev-2026-une-voiture-etrange-pour-votre-argent\/","name":"Compte-rendu - MG S9 PHEV (2026), une voiture \u00e9trange pour votre argent - All cars news","isPartOf":{"@id":"https:\/\/all-car-news.com\/fr\/#website"},"datePublished":"2026-04-30T13:39:11+00:00","dateModified":"2026-04-30T13:39:11+00:00","breadcrumb":{"@id":"https:\/\/all-car-news.com\/fr\/compte-rendu-mg-s9-phev-2026-une-voiture-etrange-pour-votre-argent\/#breadcrumb"},"inLanguage":"fr-FR","potentialAction":[{"@type":"ReadAction","target":["https:\/\/all-car-news.com\/fr\/compte-rendu-mg-s9-phev-2026-une-voiture-etrange-pour-votre-argent\/"]}]},{"@type":"BreadcrumbList","@id":"https:\/\/all-car-news.com\/fr\/compte-rendu-mg-s9-phev-2026-une-voiture-etrange-pour-votre-argent\/#breadcrumb","itemListElement":[{"@type":"ListItem","position":1,"name":"Home","item":"https:\/\/all-car-news.com\/fr\/"},{"@type":"ListItem","position":2,"name":"Compte-rendu &#8211; MG S9 PHEV (2026), une voiture \u00e9trange pour votre argent"}]},{"@type":"WebSite","@id":"https:\/\/all-car-news.com\/fr\/#website","url":"https:\/\/all-car-news.com\/fr\/","name":"All cars news","description":"","publisher":{"@id":"https:\/\/all-car-news.com\/fr\/#organization"},"potentialAction":[{"@type":"SearchAction","target":{"@type":"EntryPoint","urlTemplate":"https:\/\/all-car-news.com\/fr\/?s={search_term_string}"},"query-input":"required name=search_term_string"}],"inLanguage":"fr-FR"},{"@type":"Organization","@id":"https:\/\/all-car-news.com\/fr\/#organization","name":"All cars news","url":"https:\/\/all-car-news.com\/fr\/","logo":{"@type":"ImageObject","inLanguage":"fr-FR","@id":"https:\/\/all-car-news.com\/fr\/#\/schema\/logo\/image\/","url":"https:\/\/all-car-news.com\/wp-content\/uploads\/2022\/02\/CMYK-AllCarNews_LANDSCAPE_300px-1.png","contentUrl":"https:\/\/all-car-news.com\/wp-content\/uploads\/2022\/02\/CMYK-AllCarNews_LANDSCAPE_300px-1.png","width":300,"height":100,"caption":"All cars news"},"image":{"@id":"https:\/\/all-car-news.com\/fr\/#\/schema\/logo\/image\/"}}]}},"_links":{"self":[{"href":"https:\/\/all-car-news.com\/fr\/wp-json\/wp\/v2\/posts\/162757","targetHints":{"allow":["GET"]}}],"collection":[{"href":"https:\/\/all-car-news.com\/fr\/wp-json\/wp\/v2\/posts"}],"about":[{"href":"https:\/\/all-car-news.com\/fr\/wp-json\/wp\/v2\/types\/post"}],"replies":[{"embeddable":true,"href":"https:\/\/all-car-news.com\/fr\/wp-json\/wp\/v2\/comments?post=162757"}],"version-history":[{"count":0,"href":"https:\/\/all-car-news.com\/fr\/wp-json\/wp\/v2\/posts\/162757\/revisions"}],"wp:featuredmedia":[{"embeddable":true,"href":"https:\/\/all-car-news.com\/fr\/wp-json\/wp\/v2\/media\/162684"}],"wp:attachment":[{"href":"https:\/\/all-car-news.com\/fr\/wp-json\/wp\/v2\/media?parent=162757"}],"wp:term":[{"taxonomy":"category","embeddable":true,"href":"https:\/\/all-car-news.com\/fr\/wp-json\/wp\/v2\/categories?post=162757"},{"taxonomy":"post_tag","embeddable":true,"href":"https:\/\/all-car-news.com\/fr\/wp-json\/wp\/v2\/tags?post=162757"}],"curies":[{"name":"wp","href":"https:\/\/api.w.org\/{rel}","templated":true}]}}