{"id":162752,"date":"2026-04-30T11:36:16","date_gmt":"2026-04-30T11:36:16","guid":{"rendered":"https:\/\/all-car-news.com\/la-citroen-saxo-vts-fete-ses-30-ans-dommage-quelle-ne-soit-plus-fabriquee\/"},"modified":"2026-04-30T11:36:16","modified_gmt":"2026-04-30T11:36:16","slug":"la-citroen-saxo-vts-fete-ses-30-ans-dommage-quelle-ne-soit-plus-fabriquee","status":"publish","type":"post","link":"https:\/\/all-car-news.com\/fr\/la-citroen-saxo-vts-fete-ses-30-ans-dommage-quelle-ne-soit-plus-fabriquee\/","title":{"rendered":"La Citro\u00ebn Saxo VTS f\u00eate ses 30 ans : dommage qu&rsquo;elle ne soit plus fabriqu\u00e9e."},"content":{"rendered":"<h2 class=\"wp-block-heading\">De l&rsquo;AX \u00e0 la Saxo<\/h2>\n<p>Pour comprendre la Saxo VTS, il faut remonter \u00e0 la Citro\u00ebn AX. Ce mod\u00e8le est apparu en 1986 et a donn\u00e9 le ton dans le segment des voitures l\u00e9g\u00e8res et sportives \u00e0 hayon. Des versions comme l&rsquo;AX Sport et l&rsquo;AX GTi \u00e9taient connues pour leur direction directe et leur rapport poids\/puissance favorable. En 1996, la Saxo est devenue le mod\u00e8le d&rsquo;entr\u00e9e de gamme. La Saxo VTR, \u00e9quip\u00e9e d&rsquo;un moteur de 1,6 litre et d&rsquo;une puissance de 66 kW (90 ch), a rapidement fait son apparition. Peu de temps apr\u00e8s est apparue la Saxo VTS, qui peut \u00eatre consid\u00e9r\u00e9e comme le successeur de l&rsquo;AX GTi. Cette version est \u00e9quip\u00e9e d&rsquo;un moteur 1,6 litre 16 soupapes de 88 kW (120 ch), ce qui la distingue nettement des autres.      <\/p>\n<h2 class=\"wp-block-heading\">Donato Coco<\/h2>\n<p>Le design de la Saxo est l&rsquo;\u0153uvre de Donato Coco, tandis que Gilles Vidal est responsable de la variante sportive VTS. Il a apport\u00e9 \u00e0 la voiture des modifications subtiles, telles que des passages de roues plus larges et des pare-chocs modifi\u00e9s, qui l&rsquo;ont rendue un peu plus muscl\u00e9e sans en faire trop. <\/p>\n<h2 class=\"wp-block-heading\">L\u00e9ger et performant<\/h2>\n<p>Au premier abord, la Saxo VTS est plut\u00f4t discr\u00e8te. Des d\u00e9tails tels que le logo 16V, un \u00e9chappement chrom\u00e9 et des jantes sp\u00e9cifiques trahissent son caract\u00e8re sportif, mais restent modestes. Sous le capot se cache pourtant un moteur de 88 kW (120 ch) qui aime monter en r\u00e9gime. Avec un poids de seulement 935 kg et une bo\u00eete de vitesses manuelle \u00e0 cinq rapports courts, il offre des performances \u00e9lev\u00e9es. Le sprint \u00e0 100 km\/h se fait en moins de neuf secondes et la vitesse maximale est d&rsquo;environ 205 km\/h.    <\/p>\n<p>Pourtant, la puissance r\u00e9side principalement dans la suspension. L&rsquo;avant se dirige de mani\u00e8re pr\u00e9cise et directe, tandis que l&rsquo;arri\u00e8re se comporte de mani\u00e8re ludique, en particulier sur les routes sinueuses. La voiture est donc \u00e9tonnamment efficace, m\u00eame face \u00e0 des mod\u00e8les plus grands et plus puissants. Les freins \u00e0 disque ventil\u00e9s \u00e0 l&rsquo;avant offrent une grande puissance de freinage.   <\/p>\n<figure class=\"wp-block-image size-large\"><img loading=\"lazy\" decoding=\"async\" width=\"1280\" height=\"720\" src=\"https:\/\/autorai.nl\/wp-content\/uploads\/2026\/04\/citroen-saxo-vts-30-jaar-foto1-1280x720.jpg\" alt=\"Citro\u00ebn Saxo VTS\" class=\"wp-image-219895\"><figcaption class=\"wp-element-caption\">Citro\u00ebn Saxo VTS<\/figcaption><\/figure>\n<h2 class=\"wp-block-heading\">Moteur \u00e0 16 soupapes<\/h2>\n<p>Au fil des ans, la Saxo VTS a continu\u00e9 \u00e0 \u00e9voluer. En 1997, la gamme a \u00e9t\u00e9 \u00e9largie et le moteur \u00e0 16 soupapes a \u00e9t\u00e9 rebaptis\u00e9 \u00ab\u00a016V\u00a0\u00bb. Dans le m\u00eame temps, la d\u00e9signation VTS a \u00e9galement \u00e9t\u00e9 utilis\u00e9e pour des variantes moins puissantes. C&rsquo;est ainsi que sont apparues des versions de 55 kW (75 ch), 66 kW (90 ch) et 74 kW (100 ch), avec lesquelles Citro\u00ebn souhaitait s\u00e9duire un public plus large qui appr\u00e9ciait surtout l&rsquo;esth\u00e9tique et le ch\u00e2ssis, sans n\u00e9cessairement rechercher des performances maximales.   <\/p>\n<p>Un lifting a suivi en 1999. La partie avant a \u00e9t\u00e9 modernis\u00e9e avec de nouveaux phares et une calandre modifi\u00e9e. La base reconnaissable est rest\u00e9e, mais le mod\u00e8le a paru plus frais. La production s&rsquo;est poursuivie jusqu&rsquo;en 2003, date \u00e0 laquelle la Citro\u00ebn C2 a pris le relais, avec une version sportive VTS.   <\/p>\n<h2 class=\"wp-block-heading\">Un incontournable du sport automobile<\/h2>\n<p>Peu apr\u00e8s son lancement, la Saxo VTS a montr\u00e9 ce qu&rsquo;elle pouvait faire en sport automobile. Elle a \u00e9t\u00e9 utilis\u00e9e en rallye, en rallycross, sur circuit et m\u00eame sur glace. Citro\u00ebn Sport a construit toute une plateforme autour du mod\u00e8le, avec des comp\u00e9titions telles que la Saxo Cup et la Saxo Challenge. Fait remarquable, le moteur de s\u00e9rie \u00e9tait souvent utilis\u00e9, ce qui en dit long sur les bases de la voiture. Le mod\u00e8le s&rsquo;est av\u00e9r\u00e9 un terrain d&rsquo;entra\u00eenement id\u00e9al pour les jeunes talents. Plusieurs pilotes ont commenc\u00e9 leur carri\u00e8re avec la Saxo VTS, dont Yoann Bonato et Marc Amourette. En 2001, S\u00e9bastien Loeb et Daniel Elena remportent le titre Junior WRC au volant d&rsquo;une Saxo Super 1600. La r\u00e9putation du mod\u00e8le est alors d\u00e9finitivement \u00e9tablie.       <\/p>\n<h2 class=\"wp-block-heading\">Toujours aim\u00e9<\/h2>\n<p>Aujourd&rsquo;hui encore, la Saxo VTS est une pi\u00e8ce de collection recherch\u00e9e. Les bons exemplaires sont rares et activement recherch\u00e9s par les passionn\u00e9s. Parall\u00e8lement, le mod\u00e8le est toujours pr\u00e9sent dans les rallyes. La recette a donc encore du go\u00fbt. Citro\u00ebn, si vous lisez ceci&#8230; Peut-\u00eatre est-il temps de refaire l&rsquo;original ? Nous faisons un premier pas&#8230;     <\/p>\n<figure class=\"wp-block-image size-large\"><img loading=\"lazy\" decoding=\"async\" width=\"1264\" height=\"720\" src=\"https:\/\/autorai.nl\/wp-content\/uploads\/2026\/04\/citroen-saxo-vts-remake-1264x720.jpg\" alt=\"Citro\u00ebn Saxo VTS\" class=\"wp-image-219896\"><figcaption class=\"wp-element-caption\">Citro\u00ebn Saxo VTS remake&#8230;<\/figcaption><\/figure><\/p>\n","protected":false},"excerpt":{"rendered":"De l'AX \u00e0 la Saxo Pour comprendre la Saxo VTS, il faut remonter \u00e0 la Citro\u00ebn AX. Ce mod\u00e8le, apparu\u2026","protected":false},"author":0,"featured_media":162690,"comment_status":"","ping_status":"open","sticky":false,"template":"","format":"standard","meta":{"footnotes":""},"categories":[127],"tags":[],"class_list":["post-162752","post","type-post","status-publish","format-standard","has-post-thumbnail","hentry","category-nouvelles-de-voiture"],"acf":[],"yoast_head":"<!-- This site is optimized with the Yoast SEO plugin v21.2 - https:\/\/yoast.com\/wordpress\/plugins\/seo\/ -->\n<title>La Citro\u00ebn Saxo VTS f\u00eate ses 30 ans : dommage qu&#039;elle ne soit plus fabriqu\u00e9e. - All cars news<\/title>\n<meta name=\"robots\" content=\"index, follow, max-snippet:-1, max-image-preview:large, max-video-preview:-1\" \/>\n<link rel=\"canonical\" href=\"https:\/\/all-car-news.com\/fr\/la-citroen-saxo-vts-fete-ses-30-ans-dommage-quelle-ne-soit-plus-fabriquee\/\" \/>\n<meta property=\"og:locale\" content=\"fr_FR\" \/>\n<meta property=\"og:type\" content=\"article\" \/>\n<meta property=\"og:title\" content=\"La Citro\u00ebn Saxo VTS f\u00eate ses 30 ans : dommage qu&#039;elle ne soit plus fabriqu\u00e9e. - All cars news\" \/>\n<meta property=\"og:description\" content=\"De l&#039;AX \u00e0 la Saxo Pour comprendre la Saxo VTS, il faut remonter \u00e0 la Citro\u00ebn AX. Ce mod\u00e8le, apparu en 1986, a donn\u00e9 le ton dans le segment des voitures l\u00e9g\u00e8res et sportives \u00e0 hayon. Des versions comme l&#039;AX Sport et l&#039;AX GTi \u00e9taient connues pour leur direction directe et leur rapport poids\/puissance favorable. En 1996 [...]\" \/>\n<meta property=\"og:url\" content=\"https:\/\/all-car-news.com\/fr\/la-citroen-saxo-vts-fete-ses-30-ans-dommage-quelle-ne-soit-plus-fabriquee\/\" \/>\n<meta property=\"og:site_name\" content=\"All cars news\" \/>\n<meta property=\"article:published_time\" content=\"2026-04-30T11:36:16+00:00\" \/>\n<meta property=\"og:image\" content=\"https:\/\/autorai.nl\/wp-content\/uploads\/2026\/04\/citroen-saxo-vts-30-jaar-foto1-1280x720.jpg\" \/>\n<meta name=\"twitter:card\" content=\"summary_large_image\" \/>\n<meta name=\"twitter:label1\" content=\"Dur\u00e9e de lecture estim\u00e9e\" \/>\n\t<meta name=\"twitter:data1\" content=\"4 minutes\" \/>\n<script type=\"application\/ld+json\" class=\"yoast-schema-graph\">{\"@context\":\"https:\/\/schema.org\",\"@graph\":[{\"@type\":\"Article\",\"@id\":\"https:\/\/all-car-news.com\/fr\/la-citroen-saxo-vts-fete-ses-30-ans-dommage-quelle-ne-soit-plus-fabriquee\/#article\",\"isPartOf\":{\"@id\":\"https:\/\/all-car-news.com\/fr\/la-citroen-saxo-vts-fete-ses-30-ans-dommage-quelle-ne-soit-plus-fabriquee\/\"},\"author\":{\"name\":\"\",\"@id\":\"\"},\"headline\":\"La Citro\u00ebn Saxo VTS f\u00eate ses 30 ans : dommage qu&rsquo;elle ne soit plus fabriqu\u00e9e.\",\"datePublished\":\"2026-04-30T11:36:16+00:00\",\"dateModified\":\"2026-04-30T11:36:16+00:00\",\"mainEntityOfPage\":{\"@id\":\"https:\/\/all-car-news.com\/fr\/la-citroen-saxo-vts-fete-ses-30-ans-dommage-quelle-ne-soit-plus-fabriquee\/\"},\"wordCount\":728,\"publisher\":{\"@id\":\"https:\/\/all-car-news.com\/fr\/#organization\"},\"articleSection\":[\"nouvelles de voiture\"],\"inLanguage\":\"fr-FR\"},{\"@type\":\"WebPage\",\"@id\":\"https:\/\/all-car-news.com\/fr\/la-citroen-saxo-vts-fete-ses-30-ans-dommage-quelle-ne-soit-plus-fabriquee\/\",\"url\":\"https:\/\/all-car-news.com\/fr\/la-citroen-saxo-vts-fete-ses-30-ans-dommage-quelle-ne-soit-plus-fabriquee\/\",\"name\":\"La Citro\u00ebn Saxo VTS f\u00eate ses 30 ans : dommage qu'elle ne soit plus fabriqu\u00e9e. - All cars news\",\"isPartOf\":{\"@id\":\"https:\/\/all-car-news.com\/fr\/#website\"},\"datePublished\":\"2026-04-30T11:36:16+00:00\",\"dateModified\":\"2026-04-30T11:36:16+00:00\",\"breadcrumb\":{\"@id\":\"https:\/\/all-car-news.com\/fr\/la-citroen-saxo-vts-fete-ses-30-ans-dommage-quelle-ne-soit-plus-fabriquee\/#breadcrumb\"},\"inLanguage\":\"fr-FR\",\"potentialAction\":[{\"@type\":\"ReadAction\",\"target\":[\"https:\/\/all-car-news.com\/fr\/la-citroen-saxo-vts-fete-ses-30-ans-dommage-quelle-ne-soit-plus-fabriquee\/\"]}]},{\"@type\":\"BreadcrumbList\",\"@id\":\"https:\/\/all-car-news.com\/fr\/la-citroen-saxo-vts-fete-ses-30-ans-dommage-quelle-ne-soit-plus-fabriquee\/#breadcrumb\",\"itemListElement\":[{\"@type\":\"ListItem\",\"position\":1,\"name\":\"Home\",\"item\":\"https:\/\/all-car-news.com\/fr\/\"},{\"@type\":\"ListItem\",\"position\":2,\"name\":\"La Citro\u00ebn Saxo VTS f\u00eate ses 30 ans : dommage qu&rsquo;elle ne soit plus fabriqu\u00e9e.\"}]},{\"@type\":\"WebSite\",\"@id\":\"https:\/\/all-car-news.com\/fr\/#website\",\"url\":\"https:\/\/all-car-news.com\/fr\/\",\"name\":\"All cars news\",\"description\":\"\",\"publisher\":{\"@id\":\"https:\/\/all-car-news.com\/fr\/#organization\"},\"potentialAction\":[{\"@type\":\"SearchAction\",\"target\":{\"@type\":\"EntryPoint\",\"urlTemplate\":\"https:\/\/all-car-news.com\/fr\/?s={search_term_string}\"},\"query-input\":\"required name=search_term_string\"}],\"inLanguage\":\"fr-FR\"},{\"@type\":\"Organization\",\"@id\":\"https:\/\/all-car-news.com\/fr\/#organization\",\"name\":\"All cars news\",\"url\":\"https:\/\/all-car-news.com\/fr\/\",\"logo\":{\"@type\":\"ImageObject\",\"inLanguage\":\"fr-FR\",\"@id\":\"https:\/\/all-car-news.com\/fr\/#\/schema\/logo\/image\/\",\"url\":\"https:\/\/all-car-news.com\/wp-content\/uploads\/2022\/02\/CMYK-AllCarNews_LANDSCAPE_300px-1.png\",\"contentUrl\":\"https:\/\/all-car-news.com\/wp-content\/uploads\/2022\/02\/CMYK-AllCarNews_LANDSCAPE_300px-1.png\",\"width\":300,\"height\":100,\"caption\":\"All cars news\"},\"image\":{\"@id\":\"https:\/\/all-car-news.com\/fr\/#\/schema\/logo\/image\/\"}}]}<\/script>\n<!-- \/ Yoast SEO plugin. -->","yoast_head_json":{"title":"La Citro\u00ebn Saxo VTS f\u00eate ses 30 ans : dommage qu'elle ne soit plus fabriqu\u00e9e. - All cars news","robots":{"index":"index","follow":"follow","max-snippet":"max-snippet:-1","max-image-preview":"max-image-preview:large","max-video-preview":"max-video-preview:-1"},"canonical":"https:\/\/all-car-news.com\/fr\/la-citroen-saxo-vts-fete-ses-30-ans-dommage-quelle-ne-soit-plus-fabriquee\/","og_locale":"fr_FR","og_type":"article","og_title":"La Citro\u00ebn Saxo VTS f\u00eate ses 30 ans : dommage qu'elle ne soit plus fabriqu\u00e9e. - All cars news","og_description":"De l'AX \u00e0 la Saxo Pour comprendre la Saxo VTS, il faut remonter \u00e0 la Citro\u00ebn AX. Ce mod\u00e8le, apparu en 1986, a donn\u00e9 le ton dans le segment des voitures l\u00e9g\u00e8res et sportives \u00e0 hayon. Des versions comme l'AX Sport et l'AX GTi \u00e9taient connues pour leur direction directe et leur rapport poids\/puissance favorable. En 1996 [...]","og_url":"https:\/\/all-car-news.com\/fr\/la-citroen-saxo-vts-fete-ses-30-ans-dommage-quelle-ne-soit-plus-fabriquee\/","og_site_name":"All cars news","article_published_time":"2026-04-30T11:36:16+00:00","og_image":[{"url":"https:\/\/autorai.nl\/wp-content\/uploads\/2026\/04\/citroen-saxo-vts-30-jaar-foto1-1280x720.jpg"}],"twitter_card":"summary_large_image","twitter_misc":{"Dur\u00e9e de lecture estim\u00e9e":"4 minutes"},"schema":{"@context":"https:\/\/schema.org","@graph":[{"@type":"Article","@id":"https:\/\/all-car-news.com\/fr\/la-citroen-saxo-vts-fete-ses-30-ans-dommage-quelle-ne-soit-plus-fabriquee\/#article","isPartOf":{"@id":"https:\/\/all-car-news.com\/fr\/la-citroen-saxo-vts-fete-ses-30-ans-dommage-quelle-ne-soit-plus-fabriquee\/"},"author":{"name":"","@id":""},"headline":"La Citro\u00ebn Saxo VTS f\u00eate ses 30 ans : dommage qu&rsquo;elle ne soit plus fabriqu\u00e9e.","datePublished":"2026-04-30T11:36:16+00:00","dateModified":"2026-04-30T11:36:16+00:00","mainEntityOfPage":{"@id":"https:\/\/all-car-news.com\/fr\/la-citroen-saxo-vts-fete-ses-30-ans-dommage-quelle-ne-soit-plus-fabriquee\/"},"wordCount":728,"publisher":{"@id":"https:\/\/all-car-news.com\/fr\/#organization"},"articleSection":["nouvelles de voiture"],"inLanguage":"fr-FR"},{"@type":"WebPage","@id":"https:\/\/all-car-news.com\/fr\/la-citroen-saxo-vts-fete-ses-30-ans-dommage-quelle-ne-soit-plus-fabriquee\/","url":"https:\/\/all-car-news.com\/fr\/la-citroen-saxo-vts-fete-ses-30-ans-dommage-quelle-ne-soit-plus-fabriquee\/","name":"La Citro\u00ebn Saxo VTS f\u00eate ses 30 ans : dommage qu'elle ne soit plus fabriqu\u00e9e. - All cars news","isPartOf":{"@id":"https:\/\/all-car-news.com\/fr\/#website"},"datePublished":"2026-04-30T11:36:16+00:00","dateModified":"2026-04-30T11:36:16+00:00","breadcrumb":{"@id":"https:\/\/all-car-news.com\/fr\/la-citroen-saxo-vts-fete-ses-30-ans-dommage-quelle-ne-soit-plus-fabriquee\/#breadcrumb"},"inLanguage":"fr-FR","potentialAction":[{"@type":"ReadAction","target":["https:\/\/all-car-news.com\/fr\/la-citroen-saxo-vts-fete-ses-30-ans-dommage-quelle-ne-soit-plus-fabriquee\/"]}]},{"@type":"BreadcrumbList","@id":"https:\/\/all-car-news.com\/fr\/la-citroen-saxo-vts-fete-ses-30-ans-dommage-quelle-ne-soit-plus-fabriquee\/#breadcrumb","itemListElement":[{"@type":"ListItem","position":1,"name":"Home","item":"https:\/\/all-car-news.com\/fr\/"},{"@type":"ListItem","position":2,"name":"La Citro\u00ebn Saxo VTS f\u00eate ses 30 ans : dommage qu&rsquo;elle ne soit plus fabriqu\u00e9e."}]},{"@type":"WebSite","@id":"https:\/\/all-car-news.com\/fr\/#website","url":"https:\/\/all-car-news.com\/fr\/","name":"All cars news","description":"","publisher":{"@id":"https:\/\/all-car-news.com\/fr\/#organization"},"potentialAction":[{"@type":"SearchAction","target":{"@type":"EntryPoint","urlTemplate":"https:\/\/all-car-news.com\/fr\/?s={search_term_string}"},"query-input":"required name=search_term_string"}],"inLanguage":"fr-FR"},{"@type":"Organization","@id":"https:\/\/all-car-news.com\/fr\/#organization","name":"All cars news","url":"https:\/\/all-car-news.com\/fr\/","logo":{"@type":"ImageObject","inLanguage":"fr-FR","@id":"https:\/\/all-car-news.com\/fr\/#\/schema\/logo\/image\/","url":"https:\/\/all-car-news.com\/wp-content\/uploads\/2022\/02\/CMYK-AllCarNews_LANDSCAPE_300px-1.png","contentUrl":"https:\/\/all-car-news.com\/wp-content\/uploads\/2022\/02\/CMYK-AllCarNews_LANDSCAPE_300px-1.png","width":300,"height":100,"caption":"All cars news"},"image":{"@id":"https:\/\/all-car-news.com\/fr\/#\/schema\/logo\/image\/"}}]}},"_links":{"self":[{"href":"https:\/\/all-car-news.com\/fr\/wp-json\/wp\/v2\/posts\/162752","targetHints":{"allow":["GET"]}}],"collection":[{"href":"https:\/\/all-car-news.com\/fr\/wp-json\/wp\/v2\/posts"}],"about":[{"href":"https:\/\/all-car-news.com\/fr\/wp-json\/wp\/v2\/types\/post"}],"replies":[{"embeddable":true,"href":"https:\/\/all-car-news.com\/fr\/wp-json\/wp\/v2\/comments?post=162752"}],"version-history":[{"count":0,"href":"https:\/\/all-car-news.com\/fr\/wp-json\/wp\/v2\/posts\/162752\/revisions"}],"wp:featuredmedia":[{"embeddable":true,"href":"https:\/\/all-car-news.com\/fr\/wp-json\/wp\/v2\/media\/162690"}],"wp:attachment":[{"href":"https:\/\/all-car-news.com\/fr\/wp-json\/wp\/v2\/media?parent=162752"}],"wp:term":[{"taxonomy":"category","embeddable":true,"href":"https:\/\/all-car-news.com\/fr\/wp-json\/wp\/v2\/categories?post=162752"},{"taxonomy":"post_tag","embeddable":true,"href":"https:\/\/all-car-news.com\/fr\/wp-json\/wp\/v2\/tags?post=162752"}],"curies":[{"name":"wp","href":"https:\/\/api.w.org\/{rel}","templated":true}]}}