{"id":162725,"date":"2026-04-28T10:53:17","date_gmt":"2026-04-28T10:53:17","guid":{"rendered":"https:\/\/all-car-news.com\/lannee-du-lifting-compte-plus-que-lannee-du-modele-lors-de-la-commande-de-pieces\/"},"modified":"2026-04-28T10:53:17","modified_gmt":"2026-04-28T10:53:17","slug":"lannee-du-lifting-compte-plus-que-lannee-du-modele-lors-de-la-commande-de-pieces","status":"publish","type":"post","link":"https:\/\/all-car-news.com\/fr\/lannee-du-lifting-compte-plus-que-lannee-du-modele-lors-de-la-commande-de-pieces\/","title":{"rendered":"L&rsquo;ann\u00e9e du lifting compte plus que l&rsquo;ann\u00e9e du mod\u00e8le lors de la commande de pi\u00e8ces."},"content":{"rendered":"<p>Deux voitures peuvent avoir le m\u00eame nom de mod\u00e8le et la m\u00eame ann\u00e9e de fabrication et pourtant n\u00e9cessiter des pi\u00e8ces compl\u00e8tement diff\u00e9rentes. La cause en est presque toujours un lifting &#8211; la mise \u00e0 jour provisoire que la plupart des constructeurs effectuent \u00e0 mi-parcours du cycle de vie d&rsquo;un mod\u00e8le. Les personnes qui ne connaissent pas la limite du lifting de leur v\u00e9hicule risquent de commander une pi\u00e8ce qui semble \u00eatre la bonne mais qui n&rsquo;est tout simplement pas adapt\u00e9e.  <\/p>\n<h2 class=\"wp-block-heading\">Qu&rsquo;est-ce qui change avec un lifting ?&nbsp;<\/h2>\n<p>Un lifting se r\u00e9sume rarement \u00e0 un nouveau pare-chocs. Les fabricants &nbsp;renouveler&nbsp;\u00e0&nbsp;a&nbsp;lifting&nbsp;g\u00e9n\u00e9ralement&nbsp;multiples&nbsp;syst\u00e8mes&nbsp;en m\u00eame temps :&nbsp;phares&nbsp;et&nbsp;feux arri\u00e8re&nbsp;obtenir&nbsp;a&nbsp;nouveau&nbsp;conception&nbsp;avec&nbsp;autres&nbsp;types de fiches&nbsp;et&nbsp;Modules LED,&nbsp;avant et&nbsp;pare-chocs arri\u00e8re&nbsp;obtenir&nbsp;modifi\u00e9&nbsp;points de fixation&nbsp;et&nbsp;autres&nbsp;configurations des capteurs&nbsp;pour&nbsp;aide au stationnement&nbsp;et&nbsp;adaptatif&nbsp;croisi\u00e8re&nbsp;contr\u00f4le,&nbsp;faisceaux de c\u00e2bles&nbsp;pour&nbsp;l&rsquo;\u00e9clairage,&nbsp;cam\u00e9ras&nbsp;et&nbsp;capteurs de stationnement&nbsp;\u00eatre&nbsp;\u00e0 nouveau&nbsp;Disposition et variantes de l&rsquo;ECU&nbsp;\u00eatre&nbsp;mis \u00e0 jour&nbsp;avec&nbsp;versions du logiciel&nbsp;Ceux-ci&nbsp;en particulier&nbsp;sont pour la version lift\u00e9e.&nbsp;<\/p>\n<p>Cela&nbsp;a&nbsp;un impact direct sur la substituabilit\u00e9 des composants.&nbsp;A&nbsp;phare&nbsp;de&nbsp;a&nbsp;mod\u00e8le pr\u00e9-facelift&nbsp;s&rsquo;adapte&nbsp;pas&nbsp;n\u00e9cessairement en&nbsp;a&nbsp;mod\u00e8le post-lifting,&nbsp;\u00e9galement&nbsp;bien que les dimensions ext\u00e9rieures soient identiques.&nbsp;Profils des fiches,&nbsp;clips de montage&nbsp;et la communication par bus CAN&nbsp;entre&nbsp;et l&rsquo;unit\u00e9 de contr\u00f4le de la carrosserie ont \u00e9t\u00e9 chang\u00e9s.&nbsp;Ce qu&rsquo;il faut faire&nbsp;\u00e0 partir de&nbsp;\u00e0 l&rsquo;ext\u00e9rieur&nbsp;regards&nbsp;comme&nbsp;m\u00eame&nbsp;partie,&nbsp;exige&nbsp;Au niveau des composants, un groupe de num\u00e9ros de pi\u00e8ces diff\u00e9rent.&nbsp;<\/p>\n<p>Comment&nbsp;plus r\u00e9cent&nbsp;les&nbsp;v\u00e9hicule,&nbsp;comment&nbsp;plus grande&nbsp;les&nbsp;opportunit\u00e9&nbsp;que&nbsp;a&nbsp;lifting&nbsp;\u00e9galement&nbsp;\u00e9lectronique&nbsp;ajustements&nbsp;apporte&nbsp;Ceux-ci&nbsp;pas&nbsp;sont visibles \u00e0 l&rsquo;ext\u00e9rieur. Les syst\u00e8mes modernes d&rsquo;aide \u00e0 la conduite, les phares adaptatifs et les syst\u00e8mes de cam\u00e9ras int\u00e9gr\u00e9s rendent la fronti\u00e8re du facelift plus radicale sur le plan technique qu&rsquo;elle ne l&rsquo;\u00e9tait il y a 20 ans.&nbsp;<\/p>\n<h2 class=\"wp-block-heading\">M\u00eame nom de mod\u00e8le, trois voitures diff\u00e9rentes&nbsp;<\/h2>\n<p><strong>VW Golf Mk7 et Mk7.5<\/strong>&nbsp;<\/p>\n<p>Golf&nbsp;chaud&nbsp;Golf,&nbsp;ind\u00e9pendamment de&nbsp;ou&nbsp;les&nbsp;implique un mod\u00e8le 2014 ou 2018.&nbsp;Mais&nbsp;La Golf Mk7 (2012-2017) et la Golf Mk7.5 (2017-2021)&nbsp;son&nbsp;ce que&nbsp;pr\u00e9occupations&nbsp;les&nbsp;la partie avant, le&nbsp;feux arri\u00e8re&nbsp;et&nbsp;a&nbsp;nombre&nbsp;harnais de c\u00e2blage de deux voitures tr\u00e8s diff\u00e9rentes.&nbsp;Front&nbsp;les supports de pare-chocs,&nbsp;cadres de grilles&nbsp;et les feux diurnes \u00e0 LED ne sont pas interchangeables d&rsquo;un mod\u00e8le \u00e0 l&rsquo;autre.&nbsp;Qui&nbsp;commandes&nbsp;Bas\u00e9 sur \u00ab\u00a0Golf 7\u00a0\u00bb.&nbsp;sans&nbsp;Mk7 ou Mk7.5 \u00e0&nbsp;pr\u00e9cise, prend un risque consid\u00e9rable.&nbsp;<\/p>\n<p>La fronti\u00e8re du lifting&nbsp;pour&nbsp;Les mensonges de la Golf Mk7.5&nbsp;\u00e0&nbsp;date de production&nbsp;Juillet 2017 &#8211; pas avec l&rsquo;ann\u00e9e mod\u00e8le 2017.&nbsp;A&nbsp;voiture utilis\u00e9e dans&nbsp;Janvier&nbsp;2017&nbsp;\u00e9tait&nbsp;inscrit, est&nbsp;g\u00e9n\u00e9ralement&nbsp;a&nbsp;Mk7 ;&nbsp;a&nbsp;Septembre 2017 car can&nbsp;Il peut tr\u00e8s bien s&rsquo;agir d&rsquo;une Mk7.5. L&rsquo;ann\u00e9e du mod\u00e8le ne suffit pas \u00e0 le dire. &nbsp;<\/p>\n<p><strong>BMW E90 s\u00e9rie 3 LCI<\/strong>&nbsp;<\/p>\n<p>BMW&nbsp;mentions&nbsp;Sont des mises \u00e0 jour du lifting LCI (Life Cycle Impulse).&nbsp;Pour&nbsp;La berline E90 s\u00e9rie 3&nbsp;est apparu&nbsp;l&rsquo;ICM dans le&nbsp;\u00e9t\u00e9&nbsp;\u00e0 partir de 2008 &#8211;&nbsp;mais&nbsp;pour&nbsp;le break E91 et le coup\u00e9 E92 un peu plus tard, en 2009. Le site&nbsp;phares&nbsp;son&nbsp;pas&nbsp;interchangeable&nbsp;au-del\u00e0 de la limite de l&rsquo;ICM :&nbsp;pr\u00e9-LCI&nbsp;utilis\u00e9&nbsp;projecteurs halog\u00e8nes&nbsp;avec&nbsp;a&nbsp;en particulier&nbsp;La version LCI des projecteurs Bi-Xenon avec un design diff\u00e9rent.&nbsp;Feux arri\u00e8re,&nbsp;bo\u00eetiers de r\u00e9troviseurs&nbsp;et&nbsp;certain&nbsp;Les pi\u00e8ces de garniture int\u00e9rieure ne sont pas non plus interchangeables.&nbsp;<\/p>\n<p>Nombreux&nbsp;utilis\u00e9&nbsp;Pi\u00e8ces E90&nbsp;\u00eatre&nbsp;en ligne&nbsp;simplement&nbsp;est propos\u00e9 sous la d\u00e9nomination \u00ab\u00a0E90\u00a0\u00bb, sans mention du statut LCI.&nbsp;Qui&nbsp;son&nbsp;date de production&nbsp;pas&nbsp;sait,&nbsp;courses&nbsp;les&nbsp;risque&nbsp;a&nbsp;phare&nbsp;\u00e0&nbsp;acheter&nbsp;Ceux-ci&nbsp;g\u00e9om\u00e9trique&nbsp;dans le&nbsp;ouverture&nbsp;s&rsquo;adapte,&nbsp;mais&nbsp;ni&nbsp;les&nbsp;droit&nbsp;fiche&nbsp;a&nbsp;ni ne prend en charge le profil de communication correct de l&rsquo;ECU.&nbsp;<\/p>\n<p><strong>Audi A4 B8 et B8.5<\/strong>&nbsp;<\/p>\n<p>L&rsquo;Audi A4 B8 (2007-2012) et la&nbsp;lift\u00e9&nbsp;B8.5 (2012-2016) partager la part de la&nbsp;les travaux de carrosserie de base,&nbsp;mais&nbsp;L&rsquo;avant et l&rsquo;arri\u00e8re ont \u00e9t\u00e9 consid\u00e9rablement modifi\u00e9s.&nbsp;Phares&nbsp;son&nbsp;pas&nbsp;mutuelle&nbsp;interchangeables, et les inserts de pare-chocs ont des points de fixation diff\u00e9rents. Sur les plateformes d&rsquo;occasion, de nombreuses pi\u00e8ces sont propos\u00e9es sous la simple appellation \u00ab\u00a0Audi A4\u00a0\u00bb, sans d\u00e9signation B8 ou B8.5.  Le prix peut \u00eatre correct, la r\u00e9f\u00e9rence peut sembler raisonnable, et pourtant la pi\u00e8ce ne convient pas.&nbsp;<\/p>\n<h2 class=\"wp-block-heading\">La date de production est plus pr\u00e9cise que l&rsquo;ann\u00e9e du mod\u00e8le&nbsp;<\/h2>\n<p>Ann\u00e9e du mod\u00e8le&nbsp;est&nbsp;un concept de vente, pas un concept technique.&nbsp;A&nbsp;voiture r\u00e9pertori\u00e9e comme \u00ab\u00a0ann\u00e9e mod\u00e8le\u00a0\u00bb.&nbsp;2017&prime;&nbsp;est&nbsp;vendu, le&nbsp;usine&nbsp;en d\u00e9cembre 2016 ou en octobre 2017&nbsp;avoir&nbsp;abandonn\u00e9&nbsp;&#8211; et la transition vers le lifting trouve&nbsp;toujours&nbsp;emplacement&nbsp;\u00e0&nbsp;a&nbsp;sp\u00e9cifique&nbsp;date de production&nbsp;ou du num\u00e9ro de ch\u00e2ssis, et non sur une ann\u00e9e civile.&nbsp;<\/p>\n<p>Le site&nbsp;le plus&nbsp;fiable&nbsp;m\u00e9thode&nbsp;est&nbsp;les&nbsp;lire&nbsp;de la&nbsp;date de production&nbsp;de&nbsp;la plaque signal\u00e9tique dans le montant de la porte du pilier B.&nbsp;abeille&nbsp;presque&nbsp;tous&nbsp;Europ\u00e9en&nbsp;voitures&nbsp;\u00c9tat&nbsp;ici le&nbsp;date de production&nbsp;qui indique le mois et l&rsquo;ann\u00e9e. Avec cette date &nbsp;recherche&nbsp;votre&nbsp;puis&nbsp;augmenter la limite du lifting&nbsp;pour&nbsp;les&nbsp;sp\u00e9cifique&nbsp;et le mod\u00e8le&nbsp;style de carrosserie&nbsp;&#8211; et&nbsp;utiliser&nbsp;votre&nbsp;qui, en tant que&nbsp;d\u00e9limitation&nbsp;au lieu de l&rsquo;ann\u00e9e du mod\u00e8le.&nbsp;<\/p>\n<p>Pour&nbsp;Les mod\u00e8les BMW sont&nbsp;les&nbsp;intervalle de num\u00e9ros de ch\u00e2ssis&nbsp;en plus&nbsp;utile,&nbsp;parce que&nbsp;la transition vers l&rsquo;ICM&nbsp;pas&nbsp;toujours&nbsp;pr\u00e9cis&nbsp;\u00e0&nbsp;a&nbsp;date limite de production&nbsp;chutes,&nbsp;mais sur un bloc de num\u00e9ros de s\u00e9rie sp\u00e9cifique. Les d\u00e9codeurs de VIN du fabricant ou les sites ind\u00e9pendants de v\u00e9rification de VIN confirment la version de fabrication et la semaine de production en moins d&rsquo;une minute. &nbsp;<\/p>\n<p>Ainsi&nbsp;est&nbsp;les&nbsp;bon&nbsp;\u00e0&nbsp;savoir&nbsp;que&nbsp;codes&nbsp;comme \u00ab\u00a0B8\u00a0\u00bb et \u00ab\u00a0B8.5\u00a0\u00bb.&nbsp;\u00e0&nbsp;Audi, ou \u00ab\u00a0Mk7\u00a0\u00bb et \u00ab\u00a0Mk7.5\u00a0\u00bb.&nbsp;\u00e0&nbsp;Volkswagen, ne sont pas des d\u00e9signations officielles du constructeur. Il s&rsquo;agit de conventions de march\u00e9. Le constructeur communique en interne par le biais de fourchettes de dates de production et de blocs de num\u00e9ros de ch\u00e2ssis.  &nbsp;Qui&nbsp;pi\u00e8ces&nbsp;cherche&nbsp;sur la base de ces&nbsp;conventions de march\u00e9&nbsp;sans&nbsp;date de production&nbsp;\u00e0&nbsp;savoir,&nbsp;travaille avec une r\u00e9f\u00e9rence incompl\u00e8te.&nbsp;<\/p>\n<h2 class=\"wp-block-heading\">Pi\u00e8ces d&rsquo;occasion : l\u00e0 o\u00f9 la confusion r\u00e8gne en mati\u00e8re de lifting&nbsp;<\/h2>\n<p>C&rsquo;est sur le march\u00e9 des voitures d&rsquo;occasion que le probl\u00e8me du lifting se pose avec le plus d&rsquo;acuit\u00e9. Ceux qui ach\u00e8tent des pi\u00e8ces d\u00e9tach\u00e9es d&rsquo;occasion&nbsp;<a href=\"https:\/\/www.autoparts24.nl\/\" target=\"_blank\" rel=\"noreferrer noopener\">recherche via Autoparts24<\/a> ou&nbsp;a&nbsp;autres&nbsp;sp\u00e9cialis\u00e9&nbsp;marchand de pi\u00e8ces d\u00e9tach\u00e9es, c&rsquo;est logique&nbsp;\u00e0&nbsp;les&nbsp;Num\u00e9ro OEM&nbsp;de&nbsp;les&nbsp;original&nbsp;partie&nbsp;comme&nbsp;primaire&nbsp;param\u00e8tre de recherche&nbsp;\u00e0&nbsp;utiliser&nbsp;&#8211; et&nbsp;pas&nbsp;le nom du mod\u00e8le ou l&rsquo;ann\u00e9e du mod\u00e8le.&nbsp;<\/p>\n<p>Nouveau&nbsp;pi\u00e8ces&nbsp;\u00eatre&nbsp;g\u00e9n\u00e9ralement&nbsp;par l&rsquo;interm\u00e9diaire du num\u00e9ro d&rsquo;identification du v\u00e9hicule (VIN)&nbsp;syst\u00e8mes de catalogues&nbsp;livr\u00e9e,&nbsp;o\u00f9 la limite du lifting est automatiquement incorpor\u00e9e.&nbsp;abeille&nbsp;de seconde main&nbsp;pi\u00e8ces&nbsp;&#8211; d\u00e9riv\u00e9 de&nbsp;d\u00e9manteleurs de voitures, en ligne&nbsp;march\u00e9s&nbsp;ou&nbsp;sp\u00e9cialis\u00e9&nbsp;commer\u00e7ants&nbsp;&#8211;&nbsp;est&nbsp;les&nbsp;description du catalogue d\u00e9termin\u00e9e par le vendeur. D\u00e9coupage &nbsp;mentions&nbsp;long&nbsp;pas&nbsp;toujours&nbsp;ou&nbsp;a&nbsp;partie&nbsp;de&nbsp;a&nbsp;avant ou apr\u00e8s le lifting,&nbsp;en retard&nbsp;sont&nbsp;la date de production du v\u00e9hicule donneur.&nbsp;<\/p>\n<p>Le&nbsp;pratique&nbsp;conseils :&nbsp;question&nbsp;\u00e0&nbsp;doute&nbsp;toujours&nbsp;les&nbsp;Num\u00e9ro OEM \u00e0 partir de&nbsp;les&nbsp;propos\u00e9&nbsp;et&nbsp;comparer&nbsp;que&nbsp;avec&nbsp;les&nbsp;nombre de&nbsp;les&nbsp;la pi\u00e8ce que vous souhaitez remplacer.&nbsp;Venez&nbsp;les&nbsp;correspond, alors&nbsp;s&rsquo;adapte&nbsp;les&nbsp;partie&nbsp;&#8211;&nbsp;ind\u00e9pendamment de&nbsp;comment&nbsp;le vendeur d\u00e9crit le mod\u00e8le.&nbsp;<\/p>\n<h2 class=\"wp-block-heading\">Le num\u00e9ro OEM, une m\u00e9thode de recherche infaillible&nbsp;<\/h2>\n<p>Le num\u00e9ro OEM (original equipment manufacturer) est le num\u00e9ro du fabricant de la pi\u00e8ce exacte qui se trouve dans votre v\u00e9hicule. Il est li\u00e9 sans ambigu\u00eft\u00e9 \u00e0 un composant sp\u00e9cifique, et non \u00e0 un nom de mod\u00e8le, \u00e0 une ann\u00e9e de mod\u00e8le ou \u00e0 une variante de carrosserie.&nbsp;<\/p>\n<p>Le site&nbsp;m\u00e9thode de travail&nbsp;est&nbsp;simple :&nbsp;lire&nbsp;les&nbsp;Num\u00e9ro OEM \u00e0 partir de&nbsp;les&nbsp;existant&nbsp;partie&nbsp;&#8211;&nbsp;imprim\u00e9&nbsp;\u00e0&nbsp;les&nbsp;partie&nbsp;vous&nbsp;ou&nbsp;disponible&nbsp;par le biais de la&nbsp;catalogue des pi\u00e8ces&nbsp;par le fabricant&nbsp;avec&nbsp;Consultation du VIN&nbsp;&#8211; et faites une recherche sur ce num\u00e9ro exact.&nbsp;A&nbsp;phare&nbsp;pour&nbsp;La Golf Mk7 et&nbsp;a&nbsp;pour&nbsp;le Mk7.5&nbsp;avoir&nbsp;deux&nbsp;diff\u00e9rents num\u00e9ros OEM,&nbsp;\u00e9galement&nbsp;al&nbsp;s&rsquo;adapter&nbsp;Ils semblent se trouver dans le m\u00eame orifice. Le num\u00e9ro indique la g\u00e9n\u00e9ration, mais pas le nom du mod\u00e8le. &nbsp;<\/p>\n<p>En cas de doute sur le num\u00e9ro OEM correct, le catalogue officiel des pi\u00e8ces d\u00e9tach\u00e9es du fabricant est le point de d\u00e9part le plus fiable. BMW (ETK), Mercedes-Benz (EPC) et la marque Volkswagen &nbsp;Groupe&nbsp;(ETKA)&nbsp;offrir&nbsp;en ligne bas\u00e9 sur le VIN&nbsp;catalogues&nbsp;\u00e0&nbsp;Ceux-ci&nbsp;les&nbsp;exactes&nbsp;num\u00e9ro de pi\u00e8ce&nbsp;pour&nbsp;les&nbsp;sp\u00e9cifique&nbsp;v\u00e9hicule&nbsp;y compris la version facelift et la fourchette de dates de production.&nbsp;<\/p>\n","protected":false},"excerpt":{"rendered":"Deux voitures peuvent avoir le m\u00eame nom de mod\u00e8le et la m\u00eame ann\u00e9e de fabrication et pourtant n\u00e9cessiter des pi\u00e8ces\u2026","protected":false},"author":0,"featured_media":162665,"comment_status":"","ping_status":"open","sticky":false,"template":"","format":"standard","meta":{"footnotes":""},"categories":[127],"tags":[],"class_list":["post-162725","post","type-post","status-publish","format-standard","has-post-thumbnail","hentry","category-nouvelles-de-voiture"],"acf":[],"yoast_head":"<!-- This site is optimized with the Yoast SEO plugin v21.2 - https:\/\/yoast.com\/wordpress\/plugins\/seo\/ -->\n<title>L&#039;ann\u00e9e du lifting compte plus que l&#039;ann\u00e9e du mod\u00e8le lors de la commande de pi\u00e8ces. - All cars news<\/title>\n<meta name=\"robots\" content=\"index, follow, max-snippet:-1, max-image-preview:large, max-video-preview:-1\" \/>\n<link rel=\"canonical\" href=\"https:\/\/all-car-news.com\/fr\/lannee-du-lifting-compte-plus-que-lannee-du-modele-lors-de-la-commande-de-pieces\/\" \/>\n<meta property=\"og:locale\" content=\"fr_FR\" \/>\n<meta property=\"og:type\" content=\"article\" \/>\n<meta property=\"og:title\" content=\"L&#039;ann\u00e9e du lifting compte plus que l&#039;ann\u00e9e du mod\u00e8le lors de la commande de pi\u00e8ces. - All cars news\" \/>\n<meta property=\"og:description\" content=\"Deux voitures peuvent avoir le m\u00eame nom de mod\u00e8le et la m\u00eame ann\u00e9e de fabrication et pourtant n\u00e9cessiter des pi\u00e8ces compl\u00e8tement diff\u00e9rentes. La cause en est presque toujours un lifting - la mise \u00e0 jour provisoire que la plupart des constructeurs effectuent \u00e0 mi-parcours du cycle de vie d&#039;un mod\u00e8le. Ceux qui ne connaissent pas la limite du lifting de leur v\u00e9hicule risquent de commander une pi\u00e8ce qui a l&#039;air [...]\" \/>\n<meta property=\"og:url\" content=\"https:\/\/all-car-news.com\/fr\/lannee-du-lifting-compte-plus-que-lannee-du-modele-lors-de-la-commande-de-pieces\/\" \/>\n<meta property=\"og:site_name\" content=\"All cars news\" \/>\n<meta property=\"article:published_time\" content=\"2026-04-28T10:53:17+00:00\" \/>\n<meta name=\"twitter:card\" content=\"summary_large_image\" \/>\n<meta name=\"twitter:label1\" content=\"Dur\u00e9e de lecture estim\u00e9e\" \/>\n\t<meta name=\"twitter:data1\" content=\"10 minutes\" \/>\n<script type=\"application\/ld+json\" class=\"yoast-schema-graph\">{\"@context\":\"https:\/\/schema.org\",\"@graph\":[{\"@type\":\"Article\",\"@id\":\"https:\/\/all-car-news.com\/fr\/lannee-du-lifting-compte-plus-que-lannee-du-modele-lors-de-la-commande-de-pieces\/#article\",\"isPartOf\":{\"@id\":\"https:\/\/all-car-news.com\/fr\/lannee-du-lifting-compte-plus-que-lannee-du-modele-lors-de-la-commande-de-pieces\/\"},\"author\":{\"name\":\"\",\"@id\":\"\"},\"headline\":\"L&rsquo;ann\u00e9e du lifting compte plus que l&rsquo;ann\u00e9e du mod\u00e8le lors de la commande de pi\u00e8ces.\",\"datePublished\":\"2026-04-28T10:53:17+00:00\",\"dateModified\":\"2026-04-28T10:53:17+00:00\",\"mainEntityOfPage\":{\"@id\":\"https:\/\/all-car-news.com\/fr\/lannee-du-lifting-compte-plus-que-lannee-du-modele-lors-de-la-commande-de-pieces\/\"},\"wordCount\":2039,\"publisher\":{\"@id\":\"https:\/\/all-car-news.com\/fr\/#organization\"},\"articleSection\":[\"nouvelles de voiture\"],\"inLanguage\":\"fr-FR\"},{\"@type\":\"WebPage\",\"@id\":\"https:\/\/all-car-news.com\/fr\/lannee-du-lifting-compte-plus-que-lannee-du-modele-lors-de-la-commande-de-pieces\/\",\"url\":\"https:\/\/all-car-news.com\/fr\/lannee-du-lifting-compte-plus-que-lannee-du-modele-lors-de-la-commande-de-pieces\/\",\"name\":\"L'ann\u00e9e du lifting compte plus que l'ann\u00e9e du mod\u00e8le lors de la commande de pi\u00e8ces. - All cars news\",\"isPartOf\":{\"@id\":\"https:\/\/all-car-news.com\/fr\/#website\"},\"datePublished\":\"2026-04-28T10:53:17+00:00\",\"dateModified\":\"2026-04-28T10:53:17+00:00\",\"breadcrumb\":{\"@id\":\"https:\/\/all-car-news.com\/fr\/lannee-du-lifting-compte-plus-que-lannee-du-modele-lors-de-la-commande-de-pieces\/#breadcrumb\"},\"inLanguage\":\"fr-FR\",\"potentialAction\":[{\"@type\":\"ReadAction\",\"target\":[\"https:\/\/all-car-news.com\/fr\/lannee-du-lifting-compte-plus-que-lannee-du-modele-lors-de-la-commande-de-pieces\/\"]}]},{\"@type\":\"BreadcrumbList\",\"@id\":\"https:\/\/all-car-news.com\/fr\/lannee-du-lifting-compte-plus-que-lannee-du-modele-lors-de-la-commande-de-pieces\/#breadcrumb\",\"itemListElement\":[{\"@type\":\"ListItem\",\"position\":1,\"name\":\"Home\",\"item\":\"https:\/\/all-car-news.com\/fr\/\"},{\"@type\":\"ListItem\",\"position\":2,\"name\":\"L&rsquo;ann\u00e9e du lifting compte plus que l&rsquo;ann\u00e9e du mod\u00e8le lors de la commande de pi\u00e8ces.\"}]},{\"@type\":\"WebSite\",\"@id\":\"https:\/\/all-car-news.com\/fr\/#website\",\"url\":\"https:\/\/all-car-news.com\/fr\/\",\"name\":\"All cars news\",\"description\":\"\",\"publisher\":{\"@id\":\"https:\/\/all-car-news.com\/fr\/#organization\"},\"potentialAction\":[{\"@type\":\"SearchAction\",\"target\":{\"@type\":\"EntryPoint\",\"urlTemplate\":\"https:\/\/all-car-news.com\/fr\/?s={search_term_string}\"},\"query-input\":\"required name=search_term_string\"}],\"inLanguage\":\"fr-FR\"},{\"@type\":\"Organization\",\"@id\":\"https:\/\/all-car-news.com\/fr\/#organization\",\"name\":\"All cars news\",\"url\":\"https:\/\/all-car-news.com\/fr\/\",\"logo\":{\"@type\":\"ImageObject\",\"inLanguage\":\"fr-FR\",\"@id\":\"https:\/\/all-car-news.com\/fr\/#\/schema\/logo\/image\/\",\"url\":\"https:\/\/all-car-news.com\/wp-content\/uploads\/2022\/02\/CMYK-AllCarNews_LANDSCAPE_300px-1.png\",\"contentUrl\":\"https:\/\/all-car-news.com\/wp-content\/uploads\/2022\/02\/CMYK-AllCarNews_LANDSCAPE_300px-1.png\",\"width\":300,\"height\":100,\"caption\":\"All cars news\"},\"image\":{\"@id\":\"https:\/\/all-car-news.com\/fr\/#\/schema\/logo\/image\/\"}}]}<\/script>\n<!-- \/ Yoast SEO plugin. -->","yoast_head_json":{"title":"L'ann\u00e9e du lifting compte plus que l'ann\u00e9e du mod\u00e8le lors de la commande de pi\u00e8ces. - All cars news","robots":{"index":"index","follow":"follow","max-snippet":"max-snippet:-1","max-image-preview":"max-image-preview:large","max-video-preview":"max-video-preview:-1"},"canonical":"https:\/\/all-car-news.com\/fr\/lannee-du-lifting-compte-plus-que-lannee-du-modele-lors-de-la-commande-de-pieces\/","og_locale":"fr_FR","og_type":"article","og_title":"L'ann\u00e9e du lifting compte plus que l'ann\u00e9e du mod\u00e8le lors de la commande de pi\u00e8ces. - All cars news","og_description":"Deux voitures peuvent avoir le m\u00eame nom de mod\u00e8le et la m\u00eame ann\u00e9e de fabrication et pourtant n\u00e9cessiter des pi\u00e8ces compl\u00e8tement diff\u00e9rentes. La cause en est presque toujours un lifting - la mise \u00e0 jour provisoire que la plupart des constructeurs effectuent \u00e0 mi-parcours du cycle de vie d'un mod\u00e8le. Ceux qui ne connaissent pas la limite du lifting de leur v\u00e9hicule risquent de commander une pi\u00e8ce qui a l'air [...]","og_url":"https:\/\/all-car-news.com\/fr\/lannee-du-lifting-compte-plus-que-lannee-du-modele-lors-de-la-commande-de-pieces\/","og_site_name":"All cars news","article_published_time":"2026-04-28T10:53:17+00:00","twitter_card":"summary_large_image","twitter_misc":{"Dur\u00e9e de lecture estim\u00e9e":"10 minutes"},"schema":{"@context":"https:\/\/schema.org","@graph":[{"@type":"Article","@id":"https:\/\/all-car-news.com\/fr\/lannee-du-lifting-compte-plus-que-lannee-du-modele-lors-de-la-commande-de-pieces\/#article","isPartOf":{"@id":"https:\/\/all-car-news.com\/fr\/lannee-du-lifting-compte-plus-que-lannee-du-modele-lors-de-la-commande-de-pieces\/"},"author":{"name":"","@id":""},"headline":"L&rsquo;ann\u00e9e du lifting compte plus que l&rsquo;ann\u00e9e du mod\u00e8le lors de la commande de pi\u00e8ces.","datePublished":"2026-04-28T10:53:17+00:00","dateModified":"2026-04-28T10:53:17+00:00","mainEntityOfPage":{"@id":"https:\/\/all-car-news.com\/fr\/lannee-du-lifting-compte-plus-que-lannee-du-modele-lors-de-la-commande-de-pieces\/"},"wordCount":2039,"publisher":{"@id":"https:\/\/all-car-news.com\/fr\/#organization"},"articleSection":["nouvelles de voiture"],"inLanguage":"fr-FR"},{"@type":"WebPage","@id":"https:\/\/all-car-news.com\/fr\/lannee-du-lifting-compte-plus-que-lannee-du-modele-lors-de-la-commande-de-pieces\/","url":"https:\/\/all-car-news.com\/fr\/lannee-du-lifting-compte-plus-que-lannee-du-modele-lors-de-la-commande-de-pieces\/","name":"L'ann\u00e9e du lifting compte plus que l'ann\u00e9e du mod\u00e8le lors de la commande de pi\u00e8ces. - All cars news","isPartOf":{"@id":"https:\/\/all-car-news.com\/fr\/#website"},"datePublished":"2026-04-28T10:53:17+00:00","dateModified":"2026-04-28T10:53:17+00:00","breadcrumb":{"@id":"https:\/\/all-car-news.com\/fr\/lannee-du-lifting-compte-plus-que-lannee-du-modele-lors-de-la-commande-de-pieces\/#breadcrumb"},"inLanguage":"fr-FR","potentialAction":[{"@type":"ReadAction","target":["https:\/\/all-car-news.com\/fr\/lannee-du-lifting-compte-plus-que-lannee-du-modele-lors-de-la-commande-de-pieces\/"]}]},{"@type":"BreadcrumbList","@id":"https:\/\/all-car-news.com\/fr\/lannee-du-lifting-compte-plus-que-lannee-du-modele-lors-de-la-commande-de-pieces\/#breadcrumb","itemListElement":[{"@type":"ListItem","position":1,"name":"Home","item":"https:\/\/all-car-news.com\/fr\/"},{"@type":"ListItem","position":2,"name":"L&rsquo;ann\u00e9e du lifting compte plus que l&rsquo;ann\u00e9e du mod\u00e8le lors de la commande de pi\u00e8ces."}]},{"@type":"WebSite","@id":"https:\/\/all-car-news.com\/fr\/#website","url":"https:\/\/all-car-news.com\/fr\/","name":"All cars news","description":"","publisher":{"@id":"https:\/\/all-car-news.com\/fr\/#organization"},"potentialAction":[{"@type":"SearchAction","target":{"@type":"EntryPoint","urlTemplate":"https:\/\/all-car-news.com\/fr\/?s={search_term_string}"},"query-input":"required name=search_term_string"}],"inLanguage":"fr-FR"},{"@type":"Organization","@id":"https:\/\/all-car-news.com\/fr\/#organization","name":"All cars news","url":"https:\/\/all-car-news.com\/fr\/","logo":{"@type":"ImageObject","inLanguage":"fr-FR","@id":"https:\/\/all-car-news.com\/fr\/#\/schema\/logo\/image\/","url":"https:\/\/all-car-news.com\/wp-content\/uploads\/2022\/02\/CMYK-AllCarNews_LANDSCAPE_300px-1.png","contentUrl":"https:\/\/all-car-news.com\/wp-content\/uploads\/2022\/02\/CMYK-AllCarNews_LANDSCAPE_300px-1.png","width":300,"height":100,"caption":"All cars news"},"image":{"@id":"https:\/\/all-car-news.com\/fr\/#\/schema\/logo\/image\/"}}]}},"_links":{"self":[{"href":"https:\/\/all-car-news.com\/fr\/wp-json\/wp\/v2\/posts\/162725","targetHints":{"allow":["GET"]}}],"collection":[{"href":"https:\/\/all-car-news.com\/fr\/wp-json\/wp\/v2\/posts"}],"about":[{"href":"https:\/\/all-car-news.com\/fr\/wp-json\/wp\/v2\/types\/post"}],"replies":[{"embeddable":true,"href":"https:\/\/all-car-news.com\/fr\/wp-json\/wp\/v2\/comments?post=162725"}],"version-history":[{"count":0,"href":"https:\/\/all-car-news.com\/fr\/wp-json\/wp\/v2\/posts\/162725\/revisions"}],"wp:featuredmedia":[{"embeddable":true,"href":"https:\/\/all-car-news.com\/fr\/wp-json\/wp\/v2\/media\/162665"}],"wp:attachment":[{"href":"https:\/\/all-car-news.com\/fr\/wp-json\/wp\/v2\/media?parent=162725"}],"wp:term":[{"taxonomy":"category","embeddable":true,"href":"https:\/\/all-car-news.com\/fr\/wp-json\/wp\/v2\/categories?post=162725"},{"taxonomy":"post_tag","embeddable":true,"href":"https:\/\/all-car-news.com\/fr\/wp-json\/wp\/v2\/tags?post=162725"}],"curies":[{"name":"wp","href":"https:\/\/api.w.org\/{rel}","templated":true}]}}