{"id":162722,"date":"2026-04-28T15:13:45","date_gmt":"2026-04-28T15:13:45","guid":{"rendered":"https:\/\/all-car-news.com\/cet-homme-a-la-moustache-trop-mignonne-a-eu-un-impact-majeur-sur-le-paysage-automobile\/"},"modified":"2026-04-28T15:13:45","modified_gmt":"2026-04-28T15:13:45","slug":"cet-homme-a-la-moustache-trop-mignonne-a-eu-un-impact-majeur-sur-le-paysage-automobile","status":"publish","type":"post","link":"https:\/\/all-car-news.com\/fr\/cet-homme-a-la-moustache-trop-mignonne-a-eu-un-impact-majeur-sur-le-paysage-automobile\/","title":{"rendered":"Cet homme \u00e0 la moustache trop mignonne a eu un impact majeur sur le paysage automobile"},"content":{"rendered":"<h2 class=\"wp-block-heading\">Anonima Lombarda Fabbrica Automobili<\/h2>\n<p>L&rsquo;ing\u00e9nieur et entrepreneur Nicola Romeo, n\u00e9 \u00e0 Naples, s&rsquo;installe \u00e0 Milan. En 1915, il reprend l&rsquo;Anonima Lombarda Fabbrica Automobili, ou A.L.F.A. &#8211; soci\u00e9t\u00e9 fond\u00e9e le 24 juin 1910 &#8211; et, apr\u00e8s la Premi\u00e8re Guerre mondiale, donne une nouvelle mission \u00e0 l&rsquo;entreprise de Portello : une vision tr\u00e8s concr\u00e8te qui sera couronn\u00e9e de succ\u00e8s, visant \u00e0 concevoir et \u00e0 produire des \u00ab\u00a0voitures de tourisme sportif\u00a0\u00bb de haute qualit\u00e9 et \u00e0 jouer un r\u00f4le de premier plan dans les comp\u00e9titions internationales. <\/p>\n<h2 class=\"wp-block-heading\">Collaboration avec Vittorio Jano et Enzo Ferrari<\/h2>\n<p>Nicola Romeo voyait dans la participation au sport automobile un moyen d&rsquo;atteindre deux objectifs principaux : promouvoir les voitures de s\u00e9rie et d\u00e9velopper une expertise technologique sur les circuits de course, avant de transf\u00e9rer les solutions techniques les plus efficaces aux \u00ab\u00a0voitures de tourisme\u00a0\u00bb. Romeo a eu l&rsquo;intelligence et la perspicacit\u00e9 de travailler avec des hommes exceptionnellement talentueux &#8211; Vittorio Jano et Enzo Ferrari en particulier. <\/p>\n<figure class=\"wp-block-image size-full\"><img loading=\"lazy\" decoding=\"async\" width=\"1240\" height=\"530\" src=\"https:\/\/autorai.nl\/wp-content\/uploads\/2026\/04\/150yearsagoNicolaRomeowasbornthemanattheoriginsofAlfaRomeo.jpg\" alt=\"\" class=\"wp-image-219746\"><\/figure>\n<h2 class=\"wp-block-heading\">Targa Florio 1923<\/h2>\n<p>Son succ\u00e8s \u00e0 la Targa Florio de 1923, le premier vraiment important pour Alfa Romeo, ne suffit pas \u00e0 Nicola Romeo pour \u00e9tablir d\u00e9finitivement le Biscione dans le monde de la course. C&rsquo;est donc Enzo Ferrari qui, \u00e0 la demande de Romeo, fait venir \u00e0 Milan Vittorio Jano, l&rsquo;homme qui concevra le Grand Prix \u00ab\u00a0P2\u00a0\u00bb, la voiture avec laquelle Alfa Romeo atteint le sommet du sport international gr\u00e2ce \u00e0 ses victoires. C&rsquo;est en partie gr\u00e2ce aux succ\u00e8s sportifs de la P2 que Jano deviendra directeur technique et, quelques ann\u00e9es plus tard, concevra d&rsquo;abord la \u00ab\u00a06C\u00a0\u00bb, puis la c\u00e9l\u00e8bre \u00ab\u00a08C\u00a0\u00bb.  <\/p>\n<h2 class=\"wp-block-heading\">L&rsquo;homme qui a donn\u00e9 son \u00e2me au Biscione<\/h2>\n<p>Tout commence le 28 avril 1876, lorsque Nicola Romeo na\u00eet \u00e0 Sant&rsquo;Antimo, pr\u00e8s de Naples, dans une famille nombreuse et modeste. Malgr\u00e9 les difficult\u00e9s \u00e9conomiques, le jeune homme entreprenant poursuit ses \u00e9tudes et obtient des dipl\u00f4mes d&rsquo;ing\u00e9nieur civil et d&rsquo;ing\u00e9nieur \u00e9lectricien \u00e0 Naples et \u00e0 Li\u00e8ge, en Belgique. Il vit quelque temps en France et en Allemagne, puis travaille pour des entreprises britanniques et am\u00e9ricaines dans le secteur ferroviaire. En 1906, il fonde \u00e0 Milan sa propre entreprise, \u00ab\u00a0Ing. Nicola Romeo &amp; C.\u00a0\u00bb, qui importe des machines d\u00e9mont\u00e9es des \u00c9tats-Unis pour des projets de g\u00e9nie civil.   <\/p>\n<figure class=\"wp-block-image size-large\"><img loading=\"lazy\" decoding=\"async\" width=\"1280\" height=\"720\" src=\"https:\/\/autorai.nl\/wp-content\/uploads\/2026\/04\/NicolaRomeoAlfaRomeoP2-1280x720.jpg\" alt=\"\" class=\"wp-image-219745\"><\/figure>\n<h2 class=\"wp-block-heading\">D\u00e9marrage dans l&rsquo;agriculture et le secteur ferroviaire<\/h2>\n<p>Pendant la Premi\u00e8re Guerre mondiale, Romeo d\u00e9veloppe son entreprise avec de nouveaux partenaires et reprend A.L.F.A., qui vient de faire faillite, et commence \u00e0 produire pour l&rsquo;effort de guerre. En 1918, il ouvre la soci\u00e9t\u00e9 \u00e0 de nouveaux capitaux, change son nom en \u00ab\u00a0Societ\u00e0 Anonima Italiana Nicola Romeo &amp; C.\u00a0\u00bb et r\u00e9oriente la production, cette fois vers les secteurs agricole et ferroviaire. Un an plus tard, il se lance \u00e9galement dans le secteur automobile.  <\/p>\n<h2 class=\"wp-block-heading\">Prise de contr\u00f4le par les banques<\/h2>\n<p>Fin 1921, le gouvernement, par l&rsquo;interm\u00e9diaire des banques, prend le contr\u00f4le d&rsquo;Alfa Romeo, marquant ainsi une nouvelle \u00e9tape pour l&rsquo;entreprise. Nicola Romeo reste administrateur d\u00e9l\u00e9gu\u00e9 et met son exp\u00e9rience au service de la transition. Il d\u00e9missionne en 1928 et, en 1929, il est nomm\u00e9 s\u00e9nateur du Royaume, une reconnaissance prestigieuse pour sa contribution \u00e0 l&rsquo;industrie italienne. Il meurt le 15 ao\u00fbt 1938 \u00e0 Magreglio, o\u00f9 il s&rsquo;\u00e9tait retir\u00e9 avec sa femme et ses sept enfants, laissant derri\u00e8re lui le souvenir d&rsquo;une figure d\u00e9termin\u00e9e et visionnaire de l&rsquo;industrie italienne.   <\/p>\n<h2 class=\"wp-block-heading\">Alfa Romeo<\/h2>\n<p>Aujourd&rsquo;hui, les voitures con\u00e7ues et d\u00e9velopp\u00e9es au cours de la p\u00e9riode l\u00e9gendaire dirig\u00e9e par Nicola Romeo continuent de briller, de fasciner (et de rugir) au mus\u00e9e Alfa Romeo d&rsquo;Arese et lors d&rsquo;\u00e9v\u00e9nements internationaux. Elles t\u00e9moignent d&rsquo;une \u00e9poque qui a marqu\u00e9 l&rsquo;histoire de l&rsquo;automobile. <\/p>\n","protected":false},"excerpt":{"rendered":"Anonima Lombarda Fabbrica Automobili L'ing\u00e9nieur et entrepreneur Nicola Romeo, n\u00e9 \u00e0 Naples, s'installe \u00e0 Milan. En 1915, il reprend l'Anonima\u2026","protected":false},"author":0,"featured_media":162659,"comment_status":"","ping_status":"open","sticky":false,"template":"","format":"standard","meta":{"footnotes":""},"categories":[131,127],"tags":[],"class_list":["post-162722","post","type-post","status-publish","format-standard","has-post-thumbnail","hentry","category-fond","category-nouvelles-de-voiture"],"acf":[],"yoast_head":"<!-- This site is optimized with the Yoast SEO plugin v21.2 - https:\/\/yoast.com\/wordpress\/plugins\/seo\/ -->\n<title>Cet homme \u00e0 la moustache trop mignonne a eu un impact majeur sur le paysage automobile - All cars news<\/title>\n<meta name=\"robots\" content=\"index, follow, max-snippet:-1, max-image-preview:large, max-video-preview:-1\" \/>\n<link rel=\"canonical\" href=\"https:\/\/all-car-news.com\/fr\/cet-homme-a-la-moustache-trop-mignonne-a-eu-un-impact-majeur-sur-le-paysage-automobile\/\" \/>\n<meta property=\"og:locale\" content=\"fr_FR\" \/>\n<meta property=\"og:type\" content=\"article\" \/>\n<meta property=\"og:title\" content=\"Cet homme \u00e0 la moustache trop mignonne a eu un impact majeur sur le paysage automobile - All cars news\" \/>\n<meta property=\"og:description\" content=\"Anonima Lombarda Fabbrica Automobili L&#039;ing\u00e9nieur et entrepreneur Nicola Romeo, n\u00e9 \u00e0 Naples, s&#039;installe \u00e0 Milan. En 1915, il reprend l&#039;Anonima Lombarda Fabbrica Automobili, ou A.L.F.A. - soci\u00e9t\u00e9 fond\u00e9e le 24 juin 1910 - et, apr\u00e8s la Premi\u00e8re Guerre mondiale, donne \u00e0 l&#039;entreprise de Portello une nouvelle mission : cr\u00e9er une [...]\" \/>\n<meta property=\"og:url\" content=\"https:\/\/all-car-news.com\/fr\/cet-homme-a-la-moustache-trop-mignonne-a-eu-un-impact-majeur-sur-le-paysage-automobile\/\" \/>\n<meta property=\"og:site_name\" content=\"All cars news\" \/>\n<meta property=\"article:published_time\" content=\"2026-04-28T15:13:45+00:00\" \/>\n<meta property=\"og:image\" content=\"https:\/\/autorai.nl\/wp-content\/uploads\/2026\/04\/150yearsagoNicolaRomeowasbornthemanattheoriginsofAlfaRomeo.jpg\" \/>\n<meta name=\"twitter:card\" content=\"summary_large_image\" \/>\n<meta name=\"twitter:label1\" content=\"Dur\u00e9e de lecture estim\u00e9e\" \/>\n\t<meta name=\"twitter:data1\" content=\"3 minutes\" \/>\n<script type=\"application\/ld+json\" class=\"yoast-schema-graph\">{\"@context\":\"https:\/\/schema.org\",\"@graph\":[{\"@type\":\"Article\",\"@id\":\"https:\/\/all-car-news.com\/fr\/cet-homme-a-la-moustache-trop-mignonne-a-eu-un-impact-majeur-sur-le-paysage-automobile\/#article\",\"isPartOf\":{\"@id\":\"https:\/\/all-car-news.com\/fr\/cet-homme-a-la-moustache-trop-mignonne-a-eu-un-impact-majeur-sur-le-paysage-automobile\/\"},\"author\":{\"name\":\"\",\"@id\":\"\"},\"headline\":\"Cet homme \u00e0 la moustache trop mignonne a eu un impact majeur sur le paysage automobile\",\"datePublished\":\"2026-04-28T15:13:45+00:00\",\"dateModified\":\"2026-04-28T15:13:45+00:00\",\"mainEntityOfPage\":{\"@id\":\"https:\/\/all-car-news.com\/fr\/cet-homme-a-la-moustache-trop-mignonne-a-eu-un-impact-majeur-sur-le-paysage-automobile\/\"},\"wordCount\":629,\"publisher\":{\"@id\":\"https:\/\/all-car-news.com\/fr\/#organization\"},\"articleSection\":[\"Fond\",\"nouvelles de voiture\"],\"inLanguage\":\"fr-FR\"},{\"@type\":\"WebPage\",\"@id\":\"https:\/\/all-car-news.com\/fr\/cet-homme-a-la-moustache-trop-mignonne-a-eu-un-impact-majeur-sur-le-paysage-automobile\/\",\"url\":\"https:\/\/all-car-news.com\/fr\/cet-homme-a-la-moustache-trop-mignonne-a-eu-un-impact-majeur-sur-le-paysage-automobile\/\",\"name\":\"Cet homme \u00e0 la moustache trop mignonne a eu un impact majeur sur le paysage automobile - All cars news\",\"isPartOf\":{\"@id\":\"https:\/\/all-car-news.com\/fr\/#website\"},\"datePublished\":\"2026-04-28T15:13:45+00:00\",\"dateModified\":\"2026-04-28T15:13:45+00:00\",\"breadcrumb\":{\"@id\":\"https:\/\/all-car-news.com\/fr\/cet-homme-a-la-moustache-trop-mignonne-a-eu-un-impact-majeur-sur-le-paysage-automobile\/#breadcrumb\"},\"inLanguage\":\"fr-FR\",\"potentialAction\":[{\"@type\":\"ReadAction\",\"target\":[\"https:\/\/all-car-news.com\/fr\/cet-homme-a-la-moustache-trop-mignonne-a-eu-un-impact-majeur-sur-le-paysage-automobile\/\"]}]},{\"@type\":\"BreadcrumbList\",\"@id\":\"https:\/\/all-car-news.com\/fr\/cet-homme-a-la-moustache-trop-mignonne-a-eu-un-impact-majeur-sur-le-paysage-automobile\/#breadcrumb\",\"itemListElement\":[{\"@type\":\"ListItem\",\"position\":1,\"name\":\"Home\",\"item\":\"https:\/\/all-car-news.com\/fr\/\"},{\"@type\":\"ListItem\",\"position\":2,\"name\":\"Cet homme \u00e0 la moustache trop mignonne a eu un impact majeur sur le paysage automobile\"}]},{\"@type\":\"WebSite\",\"@id\":\"https:\/\/all-car-news.com\/fr\/#website\",\"url\":\"https:\/\/all-car-news.com\/fr\/\",\"name\":\"All cars news\",\"description\":\"\",\"publisher\":{\"@id\":\"https:\/\/all-car-news.com\/fr\/#organization\"},\"potentialAction\":[{\"@type\":\"SearchAction\",\"target\":{\"@type\":\"EntryPoint\",\"urlTemplate\":\"https:\/\/all-car-news.com\/fr\/?s={search_term_string}\"},\"query-input\":\"required name=search_term_string\"}],\"inLanguage\":\"fr-FR\"},{\"@type\":\"Organization\",\"@id\":\"https:\/\/all-car-news.com\/fr\/#organization\",\"name\":\"All cars news\",\"url\":\"https:\/\/all-car-news.com\/fr\/\",\"logo\":{\"@type\":\"ImageObject\",\"inLanguage\":\"fr-FR\",\"@id\":\"https:\/\/all-car-news.com\/fr\/#\/schema\/logo\/image\/\",\"url\":\"https:\/\/all-car-news.com\/wp-content\/uploads\/2022\/02\/CMYK-AllCarNews_LANDSCAPE_300px-1.png\",\"contentUrl\":\"https:\/\/all-car-news.com\/wp-content\/uploads\/2022\/02\/CMYK-AllCarNews_LANDSCAPE_300px-1.png\",\"width\":300,\"height\":100,\"caption\":\"All cars news\"},\"image\":{\"@id\":\"https:\/\/all-car-news.com\/fr\/#\/schema\/logo\/image\/\"}}]}<\/script>\n<!-- \/ Yoast SEO plugin. -->","yoast_head_json":{"title":"Cet homme \u00e0 la moustache trop mignonne a eu un impact majeur sur le paysage automobile - All cars news","robots":{"index":"index","follow":"follow","max-snippet":"max-snippet:-1","max-image-preview":"max-image-preview:large","max-video-preview":"max-video-preview:-1"},"canonical":"https:\/\/all-car-news.com\/fr\/cet-homme-a-la-moustache-trop-mignonne-a-eu-un-impact-majeur-sur-le-paysage-automobile\/","og_locale":"fr_FR","og_type":"article","og_title":"Cet homme \u00e0 la moustache trop mignonne a eu un impact majeur sur le paysage automobile - All cars news","og_description":"Anonima Lombarda Fabbrica Automobili L'ing\u00e9nieur et entrepreneur Nicola Romeo, n\u00e9 \u00e0 Naples, s'installe \u00e0 Milan. En 1915, il reprend l'Anonima Lombarda Fabbrica Automobili, ou A.L.F.A. - soci\u00e9t\u00e9 fond\u00e9e le 24 juin 1910 - et, apr\u00e8s la Premi\u00e8re Guerre mondiale, donne \u00e0 l'entreprise de Portello une nouvelle mission : cr\u00e9er une [...]","og_url":"https:\/\/all-car-news.com\/fr\/cet-homme-a-la-moustache-trop-mignonne-a-eu-un-impact-majeur-sur-le-paysage-automobile\/","og_site_name":"All cars news","article_published_time":"2026-04-28T15:13:45+00:00","og_image":[{"url":"https:\/\/autorai.nl\/wp-content\/uploads\/2026\/04\/150yearsagoNicolaRomeowasbornthemanattheoriginsofAlfaRomeo.jpg"}],"twitter_card":"summary_large_image","twitter_misc":{"Dur\u00e9e de lecture estim\u00e9e":"3 minutes"},"schema":{"@context":"https:\/\/schema.org","@graph":[{"@type":"Article","@id":"https:\/\/all-car-news.com\/fr\/cet-homme-a-la-moustache-trop-mignonne-a-eu-un-impact-majeur-sur-le-paysage-automobile\/#article","isPartOf":{"@id":"https:\/\/all-car-news.com\/fr\/cet-homme-a-la-moustache-trop-mignonne-a-eu-un-impact-majeur-sur-le-paysage-automobile\/"},"author":{"name":"","@id":""},"headline":"Cet homme \u00e0 la moustache trop mignonne a eu un impact majeur sur le paysage automobile","datePublished":"2026-04-28T15:13:45+00:00","dateModified":"2026-04-28T15:13:45+00:00","mainEntityOfPage":{"@id":"https:\/\/all-car-news.com\/fr\/cet-homme-a-la-moustache-trop-mignonne-a-eu-un-impact-majeur-sur-le-paysage-automobile\/"},"wordCount":629,"publisher":{"@id":"https:\/\/all-car-news.com\/fr\/#organization"},"articleSection":["Fond","nouvelles de voiture"],"inLanguage":"fr-FR"},{"@type":"WebPage","@id":"https:\/\/all-car-news.com\/fr\/cet-homme-a-la-moustache-trop-mignonne-a-eu-un-impact-majeur-sur-le-paysage-automobile\/","url":"https:\/\/all-car-news.com\/fr\/cet-homme-a-la-moustache-trop-mignonne-a-eu-un-impact-majeur-sur-le-paysage-automobile\/","name":"Cet homme \u00e0 la moustache trop mignonne a eu un impact majeur sur le paysage automobile - All cars news","isPartOf":{"@id":"https:\/\/all-car-news.com\/fr\/#website"},"datePublished":"2026-04-28T15:13:45+00:00","dateModified":"2026-04-28T15:13:45+00:00","breadcrumb":{"@id":"https:\/\/all-car-news.com\/fr\/cet-homme-a-la-moustache-trop-mignonne-a-eu-un-impact-majeur-sur-le-paysage-automobile\/#breadcrumb"},"inLanguage":"fr-FR","potentialAction":[{"@type":"ReadAction","target":["https:\/\/all-car-news.com\/fr\/cet-homme-a-la-moustache-trop-mignonne-a-eu-un-impact-majeur-sur-le-paysage-automobile\/"]}]},{"@type":"BreadcrumbList","@id":"https:\/\/all-car-news.com\/fr\/cet-homme-a-la-moustache-trop-mignonne-a-eu-un-impact-majeur-sur-le-paysage-automobile\/#breadcrumb","itemListElement":[{"@type":"ListItem","position":1,"name":"Home","item":"https:\/\/all-car-news.com\/fr\/"},{"@type":"ListItem","position":2,"name":"Cet homme \u00e0 la moustache trop mignonne a eu un impact majeur sur le paysage automobile"}]},{"@type":"WebSite","@id":"https:\/\/all-car-news.com\/fr\/#website","url":"https:\/\/all-car-news.com\/fr\/","name":"All cars news","description":"","publisher":{"@id":"https:\/\/all-car-news.com\/fr\/#organization"},"potentialAction":[{"@type":"SearchAction","target":{"@type":"EntryPoint","urlTemplate":"https:\/\/all-car-news.com\/fr\/?s={search_term_string}"},"query-input":"required name=search_term_string"}],"inLanguage":"fr-FR"},{"@type":"Organization","@id":"https:\/\/all-car-news.com\/fr\/#organization","name":"All cars news","url":"https:\/\/all-car-news.com\/fr\/","logo":{"@type":"ImageObject","inLanguage":"fr-FR","@id":"https:\/\/all-car-news.com\/fr\/#\/schema\/logo\/image\/","url":"https:\/\/all-car-news.com\/wp-content\/uploads\/2022\/02\/CMYK-AllCarNews_LANDSCAPE_300px-1.png","contentUrl":"https:\/\/all-car-news.com\/wp-content\/uploads\/2022\/02\/CMYK-AllCarNews_LANDSCAPE_300px-1.png","width":300,"height":100,"caption":"All cars news"},"image":{"@id":"https:\/\/all-car-news.com\/fr\/#\/schema\/logo\/image\/"}}]}},"_links":{"self":[{"href":"https:\/\/all-car-news.com\/fr\/wp-json\/wp\/v2\/posts\/162722","targetHints":{"allow":["GET"]}}],"collection":[{"href":"https:\/\/all-car-news.com\/fr\/wp-json\/wp\/v2\/posts"}],"about":[{"href":"https:\/\/all-car-news.com\/fr\/wp-json\/wp\/v2\/types\/post"}],"replies":[{"embeddable":true,"href":"https:\/\/all-car-news.com\/fr\/wp-json\/wp\/v2\/comments?post=162722"}],"version-history":[{"count":0,"href":"https:\/\/all-car-news.com\/fr\/wp-json\/wp\/v2\/posts\/162722\/revisions"}],"wp:featuredmedia":[{"embeddable":true,"href":"https:\/\/all-car-news.com\/fr\/wp-json\/wp\/v2\/media\/162659"}],"wp:attachment":[{"href":"https:\/\/all-car-news.com\/fr\/wp-json\/wp\/v2\/media?parent=162722"}],"wp:term":[{"taxonomy":"category","embeddable":true,"href":"https:\/\/all-car-news.com\/fr\/wp-json\/wp\/v2\/categories?post=162722"},{"taxonomy":"post_tag","embeddable":true,"href":"https:\/\/all-car-news.com\/fr\/wp-json\/wp\/v2\/tags?post=162722"}],"curies":[{"name":"wp","href":"https:\/\/api.w.org\/{rel}","templated":true}]}}