{"id":162715,"date":"2026-04-28T13:33:34","date_gmt":"2026-04-28T13:33:34","guid":{"rendered":"https:\/\/all-car-news.com\/audi-q4-e-tron-reconditionne-un-interieur-entierement-revu\/"},"modified":"2026-04-28T13:33:34","modified_gmt":"2026-04-28T13:33:34","slug":"audi-q4-e-tron-reconditionne-un-interieur-entierement-revu","status":"publish","type":"post","link":"https:\/\/all-car-news.com\/fr\/audi-q4-e-tron-reconditionne-un-interieur-entierement-revu\/","title":{"rendered":"Audi Q4 e-tron reconditionn\u00e9 : un int\u00e9rieur enti\u00e8rement revu"},"content":{"rendered":"<h2 class=\"wp-block-heading\">Groupes motopropulseurs Audi Q4 e-tron 2026<\/h2>\n<p>Les groupes motopropulseurs de l&rsquo;Audi Q4 e-tron ont \u00e9t\u00e9 mis \u00e0 jour. Trois variantes sont propos\u00e9es : 150 kW (204 ch), 210 kW (286 ch) &#8211; toutes deux avec traction arri\u00e8re &#8211; et 250 kW (340 ch) combin\u00e9es \u00e0 la traction int\u00e9grale quattro. Gr\u00e2ce \u00e0 un moteur \u00e9lectrique, la nouvelle Q4 Sportback e-tron dispose d\u00e9sormais d&rsquo;une autonomie pouvant atteindre 592 kilom\u00e8tres (WLTP). En outre, la capacit\u00e9 de charge rapide a \u00e9t\u00e9 port\u00e9e de 175 kW \u00e0 185 kW, ce qui permet de r\u00e9duire les temps d&rsquo;arr\u00eat. Ainsi, la batterie se recharge de 10 \u00e0 80 % en 28 minutes environ, et quelque 185 kilom\u00e8tres d&rsquo;autonomie peuvent \u00eatre recharg\u00e9s en 10 minutes. En outre, le bloc-batterie peut \u00eatre conditionn\u00e9 automatiquement ou manuellement en fonction des performances de charge.     <\/p>\n<h2 class=\"wp-block-heading\">Comme SUV et Sportback<\/h2>\n<p>Audi propose le Q4 e-tron mis \u00e0 jour en tant que SUV et Sportback, chacun avec un choix de deux packs de batteries : 63 kWh brut (59 kWh net) et 82 kWh brut (77 kWh net). Les mod\u00e8les \u00e9quip\u00e9s de la transmission int\u00e9grale quattro ont un poids de remorquage allant jusqu&rsquo;\u00e0 1 800 kg (+400 kg). <\/p>\n<h2 class=\"wp-block-heading\">Int\u00e9rieur enti\u00e8rement nouveau<\/h2>\n<p>Le nouvel int\u00e9rieur de l&rsquo;Audi Q4 e-tron a chang\u00e9 en termes de confort et de polyvalence. Par exemple, comme les autres mod\u00e8les Audi, le mod\u00e8le dispose d\u00e9sormais de la \u00ab\u00a0sc\u00e8ne num\u00e9rique\u00a0\u00bb, un \u00e9cran avec un combin\u00e9 d&rsquo;instruments de 11,9 pouces et un \u00e9cran tactile MMI de 12,8 pouces qui affiche des informations. Un \u00e9cran passager de 12 pouces est \u00e9galement disponible en option. Avec l&rsquo;Infotainment One Connected, les fonctions de confort et de divertissement sont personnalis\u00e9es, tandis que l&rsquo;assistant Audi peut contr\u00f4ler les fonctions du v\u00e9hicule par commande vocale. L&rsquo;int\u00e9gration du ChatGPT permet aux occupants de r\u00e9cup\u00e9rer des informations et de communiquer avec la voiture.    <\/p>\n<figure class=\"wp-block-image size-large\"><img loading=\"lazy\" decoding=\"async\" width=\"1280\" height=\"720\" src=\"https:\/\/autorai.nl\/wp-content\/uploads\/2026\/04\/audi-q4-etron-2026-facelift-foto1-1280x720.jpg\" alt=\"Int\u00e9rieur Audi Q4 e-tron\" class=\"wp-image-219734\"><figcaption class=\"wp-element-caption\">Int\u00e9rieur Audi Q4 e-tron<\/figcaption><\/figure>\n<h2 class=\"wp-block-heading\">\u00c9clairage d&rsquo;ambiance<\/h2>\n<p>Le confort et l&rsquo;ambiance sont compl\u00e9t\u00e9s par un \u00e9clairage interactif, une nouvelle console centrale et deux chargeurs \u00e0 induction de smartphones refroidis, d&rsquo;une puissance de 15 watts chacun. Le design int\u00e9rieur \u00ab\u00a0Softwrap\u00a0\u00bb, qui s&rsquo;\u00e9tend des portes \u00e0 la largeur du tableau de bord, d\u00e9finit l&rsquo;aspect de l&rsquo;espace. <\/p>\n<h2 class=\"wp-block-heading\">Le soulagement<\/h2>\n<p>Audi a \u00e9galement mis \u00e0 jour l&rsquo;\u00e9clairage de la nouvelle Q4 e-tron. \u00c0 l&rsquo;avant, les feux diurnes num\u00e9riques \u00e0 LED (en option) avec technologie segment\u00e9e cr\u00e9ent des signatures lumineuses num\u00e9riques s\u00e9lectionnables via l&rsquo;interface homme-machine. Les feux arri\u00e8re OLED num\u00e9riques de deuxi\u00e8me g\u00e9n\u00e9ration (en option) modifient la fonctionnalit\u00e9 et constituent un \u00e9l\u00e9ment de design.  <\/p>\n<figure class=\"wp-block-image size-large\"><img loading=\"lazy\" decoding=\"async\" width=\"1280\" height=\"720\" src=\"https:\/\/autorai.nl\/wp-content\/uploads\/2026\/04\/audi-q4-etron-2026-facelift-foto11-1280x720.jpg\" alt=\"De gauche \u00e0 droite : Q4 Sportback e-tron en vert sauge m\u00e9tallis\u00e9, Q4 e-tron en gris lavande.\" class=\"wp-image-219731\"><figcaption class=\"wp-element-caption\">De gauche \u00e0 droite : Q4 Sportback e-tron en vert sauge m\u00e9tallis\u00e9, Q4 e-tron en gris lavande.<\/figcaption><\/figure>\n<h2 class=\"wp-block-heading\">Chargement bidirectionnel<\/h2>\n<p>En outre, l&rsquo;Audi Q4 e-tron est le premier mod\u00e8le d&rsquo;Audi \u00e0 prendre en charge la recharge bidirectionnelle. Ainsi, sa batterie peut \u00e0 la fois recevoir de l&rsquo;\u00e9nergie du r\u00e9seau et la renvoyer \u00e0 des appareils externes. La fonction V2L (Vehicle-to-Load) permet, par exemple, de charger des v\u00e9los \u00e9lectriques via une prise de courant dans le coffre ou \u00e0 l&rsquo;aide d&rsquo;un adaptateur sur le port de charge.  <\/p>\n<figure class=\"wp-block-image size-large\"><img loading=\"lazy\" decoding=\"async\" width=\"1280\" height=\"720\" src=\"https:\/\/autorai.nl\/wp-content\/uploads\/2026\/04\/audi-q4-etron-2026-facelift-foto7-1280x720.jpg\" alt=\"Gris lavande, V\u00e9hicule par rapport \u00e0 la charge (V2L)\" class=\"wp-image-219727\"><figcaption class=\"wp-element-caption\">Gris lavande, V\u00e9hicule par rapport \u00e0 la charge (V2L)<\/figcaption><\/figure>\n<h2 class=\"wp-block-heading\">Syst\u00e8mes d&rsquo;aide \u00e0 la conduite<\/h2>\n<p>Selon les sp\u00e9cifications de la voiture, les packs Tech, Tech Plus et Tech Pro sont disponibles. Au lancement du march\u00e9, les syst\u00e8mes suivants sont de s\u00e9rie : syst\u00e8me de stationnement plus avec affichage de la distance, r\u00e9gulateur de vitesse (y compris limiteur de vitesse) avec pr\u00e9paration au r\u00e9gulateur de vitesse adaptatif, alerte de franchissement de ligne avec assistance d&rsquo;urgence, reconnaissance des panneaux de signalisation, alerte d&rsquo;attention et de fatigue avec surveillance du conducteur, et assistance active \u00e0 l&rsquo;avant (y compris assistant d&rsquo;\u00e9vitement et de changement de direction, assistant de circulation transversale \u00e0 l&rsquo;avant et assistant de freinage d&rsquo;urgence \u00e0 l&rsquo;avant). Parmi les options, citons le stationnement assist\u00e9, l&rsquo;aide au stationnement plus et quatre cam\u00e9ras grand angle pour la vue panoramique. La reconnaissance des panneaux de signalisation affiche d\u00e9sormais \u00e9galement les panneaux d&rsquo;avertissement, tels que les panneaux de priorit\u00e9 et les panneaux avertissant des chantiers, des pi\u00e9tons, des animaux et des passages \u00e0 niveau.   <\/p>\n<h2 class=\"wp-block-heading\">Lancement sur le march\u00e9 de l&rsquo;Audi Q4 e-tron remani\u00e9e<\/h2>\n<p>Les mod\u00e8les Audi Q4 mis \u00e0 jour seront disponibles \u00e0 la commande aux Pays-Bas \u00e0 partir de la mi-mai, les premi\u00e8res livraisons \u00e9tant pr\u00e9vues pour l&rsquo;\u00e9t\u00e9 2026. De plus amples informations, les sp\u00e9cifications et les prix seront annonc\u00e9s avant le lancement des ventes aux Pays-Bas. <\/p>\n<p><a href=\"https:\/\/content.presspage.com\/uploads\/1442\/9c0921ee-8870-473e-824d-1e45f15f87f4\/800_audiq4e-tron1-4.jpg?10000\"><\/a><a href=\"https:\/\/nieuws.audi.nl\/vernieuwde-audi-q4-e-tron-premium-upgrade-voor-een-elektrische-bestseller\/\"><\/a><a href=\"https:\/\/content.presspage.com\/uploads\/1442\/68dfe0f8-5684-425d-b19a-0ffcccb97764\/1920_audiq4e-tron7-2.jpg?10000\"><\/a><\/p>\n","protected":false},"excerpt":{"rendered":"Groupes motopropulseurs Audi Q4 e-tron 2026 Les groupes motopropulseurs de l'Audi Q4 e-tron ont \u00e9t\u00e9 mis \u00e0 jour. Trois variantes\u2026","protected":false},"author":0,"featured_media":162603,"comment_status":"","ping_status":"open","sticky":false,"template":"","format":"standard","meta":{"footnotes":""},"categories":[127],"tags":[],"class_list":["post-162715","post","type-post","status-publish","format-standard","has-post-thumbnail","hentry","category-nouvelles-de-voiture"],"acf":[],"yoast_head":"<!-- This site is optimized with the Yoast SEO plugin v21.2 - https:\/\/yoast.com\/wordpress\/plugins\/seo\/ -->\n<title>Audi Q4 e-tron reconditionn\u00e9 : un int\u00e9rieur enti\u00e8rement revu - All cars news<\/title>\n<meta name=\"robots\" content=\"index, follow, max-snippet:-1, max-image-preview:large, max-video-preview:-1\" \/>\n<link rel=\"canonical\" href=\"https:\/\/all-car-news.com\/fr\/audi-q4-e-tron-reconditionne-un-interieur-entierement-revu\/\" \/>\n<meta property=\"og:locale\" content=\"fr_FR\" \/>\n<meta property=\"og:type\" content=\"article\" \/>\n<meta property=\"og:title\" content=\"Audi Q4 e-tron reconditionn\u00e9 : un int\u00e9rieur enti\u00e8rement revu - All cars news\" \/>\n<meta property=\"og:description\" content=\"Groupes motopropulseurs Audi Q4 e-tron 2026 Les groupes motopropulseurs de l&#039;Audi Q4 e-tron ont \u00e9t\u00e9 mis \u00e0 jour. Trois variantes sont propos\u00e9es : 150 kW (204 ch), 210 kW (286 ch) - toutes deux avec traction arri\u00e8re - et 250 kW (340 ch) combin\u00e9es \u00e0 la transmission int\u00e9grale quattro. Gr\u00e2ce \u00e0 un moteur \u00e9lectrique, le Q4 Sportback e-tron actualis\u00e9 dispose d\u00e9sormais d&#039;une autonomie [...]\" \/>\n<meta property=\"og:url\" content=\"https:\/\/all-car-news.com\/fr\/audi-q4-e-tron-reconditionne-un-interieur-entierement-revu\/\" \/>\n<meta property=\"og:site_name\" content=\"All cars news\" \/>\n<meta property=\"article:published_time\" content=\"2026-04-28T13:33:34+00:00\" \/>\n<meta property=\"og:image\" content=\"https:\/\/autorai.nl\/wp-content\/uploads\/2026\/04\/audi-q4-etron-2026-facelift-foto1-1280x720.jpg\" \/>\n<meta name=\"twitter:card\" content=\"summary_large_image\" \/>\n<meta name=\"twitter:label1\" content=\"Dur\u00e9e de lecture estim\u00e9e\" \/>\n\t<meta name=\"twitter:data1\" content=\"4 minutes\" \/>\n<script type=\"application\/ld+json\" class=\"yoast-schema-graph\">{\"@context\":\"https:\/\/schema.org\",\"@graph\":[{\"@type\":\"Article\",\"@id\":\"https:\/\/all-car-news.com\/fr\/audi-q4-e-tron-reconditionne-un-interieur-entierement-revu\/#article\",\"isPartOf\":{\"@id\":\"https:\/\/all-car-news.com\/fr\/audi-q4-e-tron-reconditionne-un-interieur-entierement-revu\/\"},\"author\":{\"name\":\"\",\"@id\":\"\"},\"headline\":\"Audi Q4 e-tron reconditionn\u00e9 : un int\u00e9rieur enti\u00e8rement revu\",\"datePublished\":\"2026-04-28T13:33:34+00:00\",\"dateModified\":\"2026-04-28T13:33:34+00:00\",\"mainEntityOfPage\":{\"@id\":\"https:\/\/all-car-news.com\/fr\/audi-q4-e-tron-reconditionne-un-interieur-entierement-revu\/\"},\"wordCount\":743,\"publisher\":{\"@id\":\"https:\/\/all-car-news.com\/fr\/#organization\"},\"articleSection\":[\"nouvelles de voiture\"],\"inLanguage\":\"fr-FR\"},{\"@type\":\"WebPage\",\"@id\":\"https:\/\/all-car-news.com\/fr\/audi-q4-e-tron-reconditionne-un-interieur-entierement-revu\/\",\"url\":\"https:\/\/all-car-news.com\/fr\/audi-q4-e-tron-reconditionne-un-interieur-entierement-revu\/\",\"name\":\"Audi Q4 e-tron reconditionn\u00e9 : un int\u00e9rieur enti\u00e8rement revu - All cars news\",\"isPartOf\":{\"@id\":\"https:\/\/all-car-news.com\/fr\/#website\"},\"datePublished\":\"2026-04-28T13:33:34+00:00\",\"dateModified\":\"2026-04-28T13:33:34+00:00\",\"breadcrumb\":{\"@id\":\"https:\/\/all-car-news.com\/fr\/audi-q4-e-tron-reconditionne-un-interieur-entierement-revu\/#breadcrumb\"},\"inLanguage\":\"fr-FR\",\"potentialAction\":[{\"@type\":\"ReadAction\",\"target\":[\"https:\/\/all-car-news.com\/fr\/audi-q4-e-tron-reconditionne-un-interieur-entierement-revu\/\"]}]},{\"@type\":\"BreadcrumbList\",\"@id\":\"https:\/\/all-car-news.com\/fr\/audi-q4-e-tron-reconditionne-un-interieur-entierement-revu\/#breadcrumb\",\"itemListElement\":[{\"@type\":\"ListItem\",\"position\":1,\"name\":\"Home\",\"item\":\"https:\/\/all-car-news.com\/fr\/\"},{\"@type\":\"ListItem\",\"position\":2,\"name\":\"Audi Q4 e-tron reconditionn\u00e9 : un int\u00e9rieur enti\u00e8rement revu\"}]},{\"@type\":\"WebSite\",\"@id\":\"https:\/\/all-car-news.com\/fr\/#website\",\"url\":\"https:\/\/all-car-news.com\/fr\/\",\"name\":\"All cars news\",\"description\":\"\",\"publisher\":{\"@id\":\"https:\/\/all-car-news.com\/fr\/#organization\"},\"potentialAction\":[{\"@type\":\"SearchAction\",\"target\":{\"@type\":\"EntryPoint\",\"urlTemplate\":\"https:\/\/all-car-news.com\/fr\/?s={search_term_string}\"},\"query-input\":\"required name=search_term_string\"}],\"inLanguage\":\"fr-FR\"},{\"@type\":\"Organization\",\"@id\":\"https:\/\/all-car-news.com\/fr\/#organization\",\"name\":\"All cars news\",\"url\":\"https:\/\/all-car-news.com\/fr\/\",\"logo\":{\"@type\":\"ImageObject\",\"inLanguage\":\"fr-FR\",\"@id\":\"https:\/\/all-car-news.com\/fr\/#\/schema\/logo\/image\/\",\"url\":\"https:\/\/all-car-news.com\/wp-content\/uploads\/2022\/02\/CMYK-AllCarNews_LANDSCAPE_300px-1.png\",\"contentUrl\":\"https:\/\/all-car-news.com\/wp-content\/uploads\/2022\/02\/CMYK-AllCarNews_LANDSCAPE_300px-1.png\",\"width\":300,\"height\":100,\"caption\":\"All cars news\"},\"image\":{\"@id\":\"https:\/\/all-car-news.com\/fr\/#\/schema\/logo\/image\/\"}}]}<\/script>\n<!-- \/ Yoast SEO plugin. -->","yoast_head_json":{"title":"Audi Q4 e-tron reconditionn\u00e9 : un int\u00e9rieur enti\u00e8rement revu - All cars news","robots":{"index":"index","follow":"follow","max-snippet":"max-snippet:-1","max-image-preview":"max-image-preview:large","max-video-preview":"max-video-preview:-1"},"canonical":"https:\/\/all-car-news.com\/fr\/audi-q4-e-tron-reconditionne-un-interieur-entierement-revu\/","og_locale":"fr_FR","og_type":"article","og_title":"Audi Q4 e-tron reconditionn\u00e9 : un int\u00e9rieur enti\u00e8rement revu - All cars news","og_description":"Groupes motopropulseurs Audi Q4 e-tron 2026 Les groupes motopropulseurs de l'Audi Q4 e-tron ont \u00e9t\u00e9 mis \u00e0 jour. Trois variantes sont propos\u00e9es : 150 kW (204 ch), 210 kW (286 ch) - toutes deux avec traction arri\u00e8re - et 250 kW (340 ch) combin\u00e9es \u00e0 la transmission int\u00e9grale quattro. Gr\u00e2ce \u00e0 un moteur \u00e9lectrique, le Q4 Sportback e-tron actualis\u00e9 dispose d\u00e9sormais d'une autonomie [...]","og_url":"https:\/\/all-car-news.com\/fr\/audi-q4-e-tron-reconditionne-un-interieur-entierement-revu\/","og_site_name":"All cars news","article_published_time":"2026-04-28T13:33:34+00:00","og_image":[{"url":"https:\/\/autorai.nl\/wp-content\/uploads\/2026\/04\/audi-q4-etron-2026-facelift-foto1-1280x720.jpg"}],"twitter_card":"summary_large_image","twitter_misc":{"Dur\u00e9e de lecture estim\u00e9e":"4 minutes"},"schema":{"@context":"https:\/\/schema.org","@graph":[{"@type":"Article","@id":"https:\/\/all-car-news.com\/fr\/audi-q4-e-tron-reconditionne-un-interieur-entierement-revu\/#article","isPartOf":{"@id":"https:\/\/all-car-news.com\/fr\/audi-q4-e-tron-reconditionne-un-interieur-entierement-revu\/"},"author":{"name":"","@id":""},"headline":"Audi Q4 e-tron reconditionn\u00e9 : un int\u00e9rieur enti\u00e8rement revu","datePublished":"2026-04-28T13:33:34+00:00","dateModified":"2026-04-28T13:33:34+00:00","mainEntityOfPage":{"@id":"https:\/\/all-car-news.com\/fr\/audi-q4-e-tron-reconditionne-un-interieur-entierement-revu\/"},"wordCount":743,"publisher":{"@id":"https:\/\/all-car-news.com\/fr\/#organization"},"articleSection":["nouvelles de voiture"],"inLanguage":"fr-FR"},{"@type":"WebPage","@id":"https:\/\/all-car-news.com\/fr\/audi-q4-e-tron-reconditionne-un-interieur-entierement-revu\/","url":"https:\/\/all-car-news.com\/fr\/audi-q4-e-tron-reconditionne-un-interieur-entierement-revu\/","name":"Audi Q4 e-tron reconditionn\u00e9 : un int\u00e9rieur enti\u00e8rement revu - All cars news","isPartOf":{"@id":"https:\/\/all-car-news.com\/fr\/#website"},"datePublished":"2026-04-28T13:33:34+00:00","dateModified":"2026-04-28T13:33:34+00:00","breadcrumb":{"@id":"https:\/\/all-car-news.com\/fr\/audi-q4-e-tron-reconditionne-un-interieur-entierement-revu\/#breadcrumb"},"inLanguage":"fr-FR","potentialAction":[{"@type":"ReadAction","target":["https:\/\/all-car-news.com\/fr\/audi-q4-e-tron-reconditionne-un-interieur-entierement-revu\/"]}]},{"@type":"BreadcrumbList","@id":"https:\/\/all-car-news.com\/fr\/audi-q4-e-tron-reconditionne-un-interieur-entierement-revu\/#breadcrumb","itemListElement":[{"@type":"ListItem","position":1,"name":"Home","item":"https:\/\/all-car-news.com\/fr\/"},{"@type":"ListItem","position":2,"name":"Audi Q4 e-tron reconditionn\u00e9 : un int\u00e9rieur enti\u00e8rement revu"}]},{"@type":"WebSite","@id":"https:\/\/all-car-news.com\/fr\/#website","url":"https:\/\/all-car-news.com\/fr\/","name":"All cars news","description":"","publisher":{"@id":"https:\/\/all-car-news.com\/fr\/#organization"},"potentialAction":[{"@type":"SearchAction","target":{"@type":"EntryPoint","urlTemplate":"https:\/\/all-car-news.com\/fr\/?s={search_term_string}"},"query-input":"required name=search_term_string"}],"inLanguage":"fr-FR"},{"@type":"Organization","@id":"https:\/\/all-car-news.com\/fr\/#organization","name":"All cars news","url":"https:\/\/all-car-news.com\/fr\/","logo":{"@type":"ImageObject","inLanguage":"fr-FR","@id":"https:\/\/all-car-news.com\/fr\/#\/schema\/logo\/image\/","url":"https:\/\/all-car-news.com\/wp-content\/uploads\/2022\/02\/CMYK-AllCarNews_LANDSCAPE_300px-1.png","contentUrl":"https:\/\/all-car-news.com\/wp-content\/uploads\/2022\/02\/CMYK-AllCarNews_LANDSCAPE_300px-1.png","width":300,"height":100,"caption":"All cars news"},"image":{"@id":"https:\/\/all-car-news.com\/fr\/#\/schema\/logo\/image\/"}}]}},"_links":{"self":[{"href":"https:\/\/all-car-news.com\/fr\/wp-json\/wp\/v2\/posts\/162715","targetHints":{"allow":["GET"]}}],"collection":[{"href":"https:\/\/all-car-news.com\/fr\/wp-json\/wp\/v2\/posts"}],"about":[{"href":"https:\/\/all-car-news.com\/fr\/wp-json\/wp\/v2\/types\/post"}],"replies":[{"embeddable":true,"href":"https:\/\/all-car-news.com\/fr\/wp-json\/wp\/v2\/comments?post=162715"}],"version-history":[{"count":0,"href":"https:\/\/all-car-news.com\/fr\/wp-json\/wp\/v2\/posts\/162715\/revisions"}],"wp:featuredmedia":[{"embeddable":true,"href":"https:\/\/all-car-news.com\/fr\/wp-json\/wp\/v2\/media\/162603"}],"wp:attachment":[{"href":"https:\/\/all-car-news.com\/fr\/wp-json\/wp\/v2\/media?parent=162715"}],"wp:term":[{"taxonomy":"category","embeddable":true,"href":"https:\/\/all-car-news.com\/fr\/wp-json\/wp\/v2\/categories?post=162715"},{"taxonomy":"post_tag","embeddable":true,"href":"https:\/\/all-car-news.com\/fr\/wp-json\/wp\/v2\/tags?post=162715"}],"curies":[{"name":"wp","href":"https:\/\/api.w.org\/{rel}","templated":true}]}}