{"id":162704,"date":"2026-04-28T13:09:52","date_gmt":"2026-04-28T13:09:52","guid":{"rendered":"https:\/\/all-car-news.com\/la-caterham-seven-miami-special-edition-sintegre-parfaitement-dans-la-ville-coloree-de-miami\/"},"modified":"2026-04-28T13:09:52","modified_gmt":"2026-04-28T13:09:52","slug":"la-caterham-seven-miami-special-edition-sintegre-parfaitement-dans-la-ville-coloree-de-miami","status":"publish","type":"post","link":"https:\/\/all-car-news.com\/fr\/la-caterham-seven-miami-special-edition-sintegre-parfaitement-dans-la-ville-coloree-de-miami\/","title":{"rendered":"La Caterham Seven Miami Special Edition s&rsquo;int\u00e8gre parfaitement dans la ville color\u00e9e de Miami"},"content":{"rendered":"<h2 class=\"wp-block-heading\">Palette de couleurs fra\u00eeches<\/h2>\n<p>L&rsquo;apparence de cette \u00e9dition sp\u00e9ciale laisse peu de place \u00e0 l&rsquo;imagination et est imm\u00e9diatement reconnaissable \u00e0 sa peinture Aqua sur mesure. Cette palette de couleurs fra\u00eeches est associ\u00e9e \u00e0 un ensemble de d\u00e9calcomanies con\u00e7ues sp\u00e9cifiquement pour ce mod\u00e8le en rose vibrant et en blanc. Cerise sur le g\u00e2teau, l&rsquo;arri\u00e8re de la voiture arbore le logo Miami et la silhouette du circuit de course. Cette esth\u00e9tique s&rsquo;\u00e9tend parfaitement \u00e0 l&rsquo;int\u00e9rieur, o\u00f9 le logo Miami est brod\u00e9 sur les appuis-t\u00eate et o\u00f9 une plaque num\u00e9rot\u00e9e sur le tableau de bord souligne l&rsquo;exclusivit\u00e9 de l&rsquo;exemplaire.   <\/p>\n<h2 class=\"wp-block-heading\">Moteur atmosph\u00e9rique Ford Duratec de 2,0 litres<\/h2>\n<p>Sous le capot se cache une ing\u00e9nierie pure, ax\u00e9e sur le plaisir de conduire et les performances. La Miami Special Edition est propuls\u00e9e par un moteur atmosph\u00e9rique Ford Duratec de 2,0 litres qui d\u00e9livre 210 ch \u00e0 7 600 tr\/min. Gr\u00e2ce au poids extr\u00eamement faible de la voiture, il en r\u00e9sulte un rapport poids\/puissance impressionnant de 375 ch par tonne. Associ\u00e9e \u00e0 une bo\u00eete de vitesses manuelle \u00e0 cinq rapports, la Caterham atteint les 100 kilom\u00e8tres \u00e0 l&rsquo;heure en seulement 3,8 secondes, avec une vitesse de pointe d&rsquo;environ 218 km\/h.   <\/p>\n<figure class=\"wp-block-image size-large\"><img loading=\"lazy\" decoding=\"async\" width=\"1280\" height=\"720\" src=\"https:\/\/autorai.nl\/wp-content\/uploads\/2026\/04\/Caterham-Seven-Miami-Special-Edition-2026-foto12-1280x720.jpg\" alt=\"Caterham Seven Miami Special Edition\" class=\"wp-image-219719\"><figcaption class=\"wp-element-caption\">Caterham Seven Miami Special Edition<\/figcaption><\/figure>\n<h2 class=\"wp-block-heading\">Mod\u00e8le Seven construit \u00e0 la main<\/h2>\n<p>La construction de chaque voiture reste un processus artisanal. Comme d&rsquo;habitude avec les <a href=\"https:\/\/autorai.nl\/fabrieksbezoek-caterham-cars-de-geboorteplaats-van-de-iconische-seven\/\">mod\u00e8les Seven construits \u00e0 la main<\/a>, une deuxi\u00e8me plaque dans le compartiment moteur contient les noms et signatures des deux ing\u00e9nieurs qui ont assembl\u00e9 la voiture dans l&rsquo;usine britannique. Trevor Steel, vice-pr\u00e9sident senior des op\u00e9rations chez Caterham, souligne que Miami est devenue une plaque tournante mondiale pour le sport automobile d&rsquo;\u00e9lite et la culture des voitures de luxe, ce qui en fait l&rsquo;endroit id\u00e9al pour le d\u00e9voilement de cette voiture.  <\/p>\n<h2 class=\"wp-block-heading\">Douze pi\u00e8ces<\/h2>\n<p>Pour les vrais collectionneurs, les chances de mettre la main sur un exemplaire sont minces mais pr\u00e9sentes. Caterham ne construit que 12 exemplaires de cette \u00e9dition, dont 10 seront disponibles \u00e0 la vente par l&rsquo;interm\u00e9diaire de son r\u00e9seau de concessionnaires am\u00e9ricains. L&rsquo;introduction de ce mod\u00e8le co\u00efncide avec l&rsquo;expansion continue de Caterham aux \u00c9tats-Unis, r\u00e9cemment renforc\u00e9e par la nomination de Walt Grace Vintage comme nouveau concessionnaire \u00e0 Miami et un partenariat avec le club exclusif Precision Drive.  <\/p>\n","protected":false},"excerpt":{"rendered":"Palette de couleurs fra\u00eeches L'apparence de cette \u00e9dition sp\u00e9ciale laisse peu de place \u00e0 l'imagination et est imm\u00e9diatement reconnaissable \u00e0\u2026","protected":false},"author":0,"featured_media":162609,"comment_status":"","ping_status":"open","sticky":false,"template":"","format":"standard","meta":{"footnotes":""},"categories":[127],"tags":[],"class_list":["post-162704","post","type-post","status-publish","format-standard","has-post-thumbnail","hentry","category-nouvelles-de-voiture"],"acf":[],"yoast_head":"<!-- This site is optimized with the Yoast SEO plugin v21.2 - https:\/\/yoast.com\/wordpress\/plugins\/seo\/ -->\n<title>La Caterham Seven Miami Special Edition s&#039;int\u00e8gre parfaitement dans la ville color\u00e9e de Miami - All cars news<\/title>\n<meta name=\"robots\" content=\"index, follow, max-snippet:-1, max-image-preview:large, max-video-preview:-1\" \/>\n<link rel=\"canonical\" href=\"https:\/\/all-car-news.com\/fr\/la-caterham-seven-miami-special-edition-sintegre-parfaitement-dans-la-ville-coloree-de-miami\/\" \/>\n<meta property=\"og:locale\" content=\"fr_FR\" \/>\n<meta property=\"og:type\" content=\"article\" \/>\n<meta property=\"og:title\" content=\"La Caterham Seven Miami Special Edition s&#039;int\u00e8gre parfaitement dans la ville color\u00e9e de Miami - All cars news\" \/>\n<meta property=\"og:description\" content=\"Palette de couleurs fra\u00eeches L&#039;apparence de cette \u00e9dition sp\u00e9ciale laisse peu de place \u00e0 l&#039;imagination et est imm\u00e9diatement reconnaissable \u00e0 sa peinture Aqua personnalis\u00e9e. Cette palette de couleurs fra\u00eeches est associ\u00e9e \u00e0 un ensemble d&#039;autocollants con\u00e7us sp\u00e9cifiquement pour ce mod\u00e8le en rose vibrant et en blanc. Cerise sur le g\u00e2teau, l&#039;arri\u00e8re de la voiture pr\u00e9sente [...]\" \/>\n<meta property=\"og:url\" content=\"https:\/\/all-car-news.com\/fr\/la-caterham-seven-miami-special-edition-sintegre-parfaitement-dans-la-ville-coloree-de-miami\/\" \/>\n<meta property=\"og:site_name\" content=\"All cars news\" \/>\n<meta property=\"article:published_time\" content=\"2026-04-28T13:09:52+00:00\" \/>\n<meta property=\"og:image\" content=\"https:\/\/autorai.nl\/wp-content\/uploads\/2026\/04\/Caterham-Seven-Miami-Special-Edition-2026-foto12-1280x720.jpg\" \/>\n<meta name=\"twitter:card\" content=\"summary_large_image\" \/>\n<meta name=\"twitter:label1\" content=\"Dur\u00e9e de lecture estim\u00e9e\" \/>\n\t<meta name=\"twitter:data1\" content=\"2 minutes\" \/>\n<script type=\"application\/ld+json\" class=\"yoast-schema-graph\">{\"@context\":\"https:\/\/schema.org\",\"@graph\":[{\"@type\":\"Article\",\"@id\":\"https:\/\/all-car-news.com\/fr\/la-caterham-seven-miami-special-edition-sintegre-parfaitement-dans-la-ville-coloree-de-miami\/#article\",\"isPartOf\":{\"@id\":\"https:\/\/all-car-news.com\/fr\/la-caterham-seven-miami-special-edition-sintegre-parfaitement-dans-la-ville-coloree-de-miami\/\"},\"author\":{\"name\":\"\",\"@id\":\"\"},\"headline\":\"La Caterham Seven Miami Special Edition s&rsquo;int\u00e8gre parfaitement dans la ville color\u00e9e de Miami\",\"datePublished\":\"2026-04-28T13:09:52+00:00\",\"dateModified\":\"2026-04-28T13:09:52+00:00\",\"mainEntityOfPage\":{\"@id\":\"https:\/\/all-car-news.com\/fr\/la-caterham-seven-miami-special-edition-sintegre-parfaitement-dans-la-ville-coloree-de-miami\/\"},\"wordCount\":408,\"publisher\":{\"@id\":\"https:\/\/all-car-news.com\/fr\/#organization\"},\"articleSection\":[\"nouvelles de voiture\"],\"inLanguage\":\"fr-FR\"},{\"@type\":\"WebPage\",\"@id\":\"https:\/\/all-car-news.com\/fr\/la-caterham-seven-miami-special-edition-sintegre-parfaitement-dans-la-ville-coloree-de-miami\/\",\"url\":\"https:\/\/all-car-news.com\/fr\/la-caterham-seven-miami-special-edition-sintegre-parfaitement-dans-la-ville-coloree-de-miami\/\",\"name\":\"La Caterham Seven Miami Special Edition s'int\u00e8gre parfaitement dans la ville color\u00e9e de Miami - All cars news\",\"isPartOf\":{\"@id\":\"https:\/\/all-car-news.com\/fr\/#website\"},\"datePublished\":\"2026-04-28T13:09:52+00:00\",\"dateModified\":\"2026-04-28T13:09:52+00:00\",\"breadcrumb\":{\"@id\":\"https:\/\/all-car-news.com\/fr\/la-caterham-seven-miami-special-edition-sintegre-parfaitement-dans-la-ville-coloree-de-miami\/#breadcrumb\"},\"inLanguage\":\"fr-FR\",\"potentialAction\":[{\"@type\":\"ReadAction\",\"target\":[\"https:\/\/all-car-news.com\/fr\/la-caterham-seven-miami-special-edition-sintegre-parfaitement-dans-la-ville-coloree-de-miami\/\"]}]},{\"@type\":\"BreadcrumbList\",\"@id\":\"https:\/\/all-car-news.com\/fr\/la-caterham-seven-miami-special-edition-sintegre-parfaitement-dans-la-ville-coloree-de-miami\/#breadcrumb\",\"itemListElement\":[{\"@type\":\"ListItem\",\"position\":1,\"name\":\"Home\",\"item\":\"https:\/\/all-car-news.com\/fr\/\"},{\"@type\":\"ListItem\",\"position\":2,\"name\":\"La Caterham Seven Miami Special Edition s&rsquo;int\u00e8gre parfaitement dans la ville color\u00e9e de Miami\"}]},{\"@type\":\"WebSite\",\"@id\":\"https:\/\/all-car-news.com\/fr\/#website\",\"url\":\"https:\/\/all-car-news.com\/fr\/\",\"name\":\"All cars news\",\"description\":\"\",\"publisher\":{\"@id\":\"https:\/\/all-car-news.com\/fr\/#organization\"},\"potentialAction\":[{\"@type\":\"SearchAction\",\"target\":{\"@type\":\"EntryPoint\",\"urlTemplate\":\"https:\/\/all-car-news.com\/fr\/?s={search_term_string}\"},\"query-input\":\"required name=search_term_string\"}],\"inLanguage\":\"fr-FR\"},{\"@type\":\"Organization\",\"@id\":\"https:\/\/all-car-news.com\/fr\/#organization\",\"name\":\"All cars news\",\"url\":\"https:\/\/all-car-news.com\/fr\/\",\"logo\":{\"@type\":\"ImageObject\",\"inLanguage\":\"fr-FR\",\"@id\":\"https:\/\/all-car-news.com\/fr\/#\/schema\/logo\/image\/\",\"url\":\"https:\/\/all-car-news.com\/wp-content\/uploads\/2022\/02\/CMYK-AllCarNews_LANDSCAPE_300px-1.png\",\"contentUrl\":\"https:\/\/all-car-news.com\/wp-content\/uploads\/2022\/02\/CMYK-AllCarNews_LANDSCAPE_300px-1.png\",\"width\":300,\"height\":100,\"caption\":\"All cars news\"},\"image\":{\"@id\":\"https:\/\/all-car-news.com\/fr\/#\/schema\/logo\/image\/\"}}]}<\/script>\n<!-- \/ Yoast SEO plugin. -->","yoast_head_json":{"title":"La Caterham Seven Miami Special Edition s'int\u00e8gre parfaitement dans la ville color\u00e9e de Miami - All cars news","robots":{"index":"index","follow":"follow","max-snippet":"max-snippet:-1","max-image-preview":"max-image-preview:large","max-video-preview":"max-video-preview:-1"},"canonical":"https:\/\/all-car-news.com\/fr\/la-caterham-seven-miami-special-edition-sintegre-parfaitement-dans-la-ville-coloree-de-miami\/","og_locale":"fr_FR","og_type":"article","og_title":"La Caterham Seven Miami Special Edition s'int\u00e8gre parfaitement dans la ville color\u00e9e de Miami - All cars news","og_description":"Palette de couleurs fra\u00eeches L'apparence de cette \u00e9dition sp\u00e9ciale laisse peu de place \u00e0 l'imagination et est imm\u00e9diatement reconnaissable \u00e0 sa peinture Aqua personnalis\u00e9e. Cette palette de couleurs fra\u00eeches est associ\u00e9e \u00e0 un ensemble d'autocollants con\u00e7us sp\u00e9cifiquement pour ce mod\u00e8le en rose vibrant et en blanc. Cerise sur le g\u00e2teau, l'arri\u00e8re de la voiture pr\u00e9sente [...]","og_url":"https:\/\/all-car-news.com\/fr\/la-caterham-seven-miami-special-edition-sintegre-parfaitement-dans-la-ville-coloree-de-miami\/","og_site_name":"All cars news","article_published_time":"2026-04-28T13:09:52+00:00","og_image":[{"url":"https:\/\/autorai.nl\/wp-content\/uploads\/2026\/04\/Caterham-Seven-Miami-Special-Edition-2026-foto12-1280x720.jpg"}],"twitter_card":"summary_large_image","twitter_misc":{"Dur\u00e9e de lecture estim\u00e9e":"2 minutes"},"schema":{"@context":"https:\/\/schema.org","@graph":[{"@type":"Article","@id":"https:\/\/all-car-news.com\/fr\/la-caterham-seven-miami-special-edition-sintegre-parfaitement-dans-la-ville-coloree-de-miami\/#article","isPartOf":{"@id":"https:\/\/all-car-news.com\/fr\/la-caterham-seven-miami-special-edition-sintegre-parfaitement-dans-la-ville-coloree-de-miami\/"},"author":{"name":"","@id":""},"headline":"La Caterham Seven Miami Special Edition s&rsquo;int\u00e8gre parfaitement dans la ville color\u00e9e de Miami","datePublished":"2026-04-28T13:09:52+00:00","dateModified":"2026-04-28T13:09:52+00:00","mainEntityOfPage":{"@id":"https:\/\/all-car-news.com\/fr\/la-caterham-seven-miami-special-edition-sintegre-parfaitement-dans-la-ville-coloree-de-miami\/"},"wordCount":408,"publisher":{"@id":"https:\/\/all-car-news.com\/fr\/#organization"},"articleSection":["nouvelles de voiture"],"inLanguage":"fr-FR"},{"@type":"WebPage","@id":"https:\/\/all-car-news.com\/fr\/la-caterham-seven-miami-special-edition-sintegre-parfaitement-dans-la-ville-coloree-de-miami\/","url":"https:\/\/all-car-news.com\/fr\/la-caterham-seven-miami-special-edition-sintegre-parfaitement-dans-la-ville-coloree-de-miami\/","name":"La Caterham Seven Miami Special Edition s'int\u00e8gre parfaitement dans la ville color\u00e9e de Miami - All cars news","isPartOf":{"@id":"https:\/\/all-car-news.com\/fr\/#website"},"datePublished":"2026-04-28T13:09:52+00:00","dateModified":"2026-04-28T13:09:52+00:00","breadcrumb":{"@id":"https:\/\/all-car-news.com\/fr\/la-caterham-seven-miami-special-edition-sintegre-parfaitement-dans-la-ville-coloree-de-miami\/#breadcrumb"},"inLanguage":"fr-FR","potentialAction":[{"@type":"ReadAction","target":["https:\/\/all-car-news.com\/fr\/la-caterham-seven-miami-special-edition-sintegre-parfaitement-dans-la-ville-coloree-de-miami\/"]}]},{"@type":"BreadcrumbList","@id":"https:\/\/all-car-news.com\/fr\/la-caterham-seven-miami-special-edition-sintegre-parfaitement-dans-la-ville-coloree-de-miami\/#breadcrumb","itemListElement":[{"@type":"ListItem","position":1,"name":"Home","item":"https:\/\/all-car-news.com\/fr\/"},{"@type":"ListItem","position":2,"name":"La Caterham Seven Miami Special Edition s&rsquo;int\u00e8gre parfaitement dans la ville color\u00e9e de Miami"}]},{"@type":"WebSite","@id":"https:\/\/all-car-news.com\/fr\/#website","url":"https:\/\/all-car-news.com\/fr\/","name":"All cars news","description":"","publisher":{"@id":"https:\/\/all-car-news.com\/fr\/#organization"},"potentialAction":[{"@type":"SearchAction","target":{"@type":"EntryPoint","urlTemplate":"https:\/\/all-car-news.com\/fr\/?s={search_term_string}"},"query-input":"required name=search_term_string"}],"inLanguage":"fr-FR"},{"@type":"Organization","@id":"https:\/\/all-car-news.com\/fr\/#organization","name":"All cars news","url":"https:\/\/all-car-news.com\/fr\/","logo":{"@type":"ImageObject","inLanguage":"fr-FR","@id":"https:\/\/all-car-news.com\/fr\/#\/schema\/logo\/image\/","url":"https:\/\/all-car-news.com\/wp-content\/uploads\/2022\/02\/CMYK-AllCarNews_LANDSCAPE_300px-1.png","contentUrl":"https:\/\/all-car-news.com\/wp-content\/uploads\/2022\/02\/CMYK-AllCarNews_LANDSCAPE_300px-1.png","width":300,"height":100,"caption":"All cars news"},"image":{"@id":"https:\/\/all-car-news.com\/fr\/#\/schema\/logo\/image\/"}}]}},"_links":{"self":[{"href":"https:\/\/all-car-news.com\/fr\/wp-json\/wp\/v2\/posts\/162704","targetHints":{"allow":["GET"]}}],"collection":[{"href":"https:\/\/all-car-news.com\/fr\/wp-json\/wp\/v2\/posts"}],"about":[{"href":"https:\/\/all-car-news.com\/fr\/wp-json\/wp\/v2\/types\/post"}],"replies":[{"embeddable":true,"href":"https:\/\/all-car-news.com\/fr\/wp-json\/wp\/v2\/comments?post=162704"}],"version-history":[{"count":0,"href":"https:\/\/all-car-news.com\/fr\/wp-json\/wp\/v2\/posts\/162704\/revisions"}],"wp:featuredmedia":[{"embeddable":true,"href":"https:\/\/all-car-news.com\/fr\/wp-json\/wp\/v2\/media\/162609"}],"wp:attachment":[{"href":"https:\/\/all-car-news.com\/fr\/wp-json\/wp\/v2\/media?parent=162704"}],"wp:term":[{"taxonomy":"category","embeddable":true,"href":"https:\/\/all-car-news.com\/fr\/wp-json\/wp\/v2\/categories?post=162704"},{"taxonomy":"post_tag","embeddable":true,"href":"https:\/\/all-car-news.com\/fr\/wp-json\/wp\/v2\/tags?post=162704"}],"curies":[{"name":"wp","href":"https:\/\/api.w.org\/{rel}","templated":true}]}}