{"id":162675,"date":"2026-04-29T12:58:29","date_gmt":"2026-04-29T12:58:29","guid":{"rendered":"https:\/\/all-car-news.com\/identifiant-volkswagen-la-polo-est-proposee-a-partir-de-25-000-euros-mais-voulez-vous-cette-version-de-base\/"},"modified":"2026-04-29T12:58:29","modified_gmt":"2026-04-29T12:58:29","slug":"identifiant-volkswagen-la-polo-est-proposee-a-partir-de-25-000-euros-mais-voulez-vous-cette-version-de-base","status":"publish","type":"post","link":"https:\/\/all-car-news.com\/fr\/identifiant-volkswagen-la-polo-est-proposee-a-partir-de-25-000-euros-mais-voulez-vous-cette-version-de-base\/","title":{"rendered":"Identifiant Volkswagen. La Polo est propos\u00e9e \u00e0 partir de 25 000 euros, mais voulez-vous cette version de base ?"},"content":{"rendered":"<h2 class=\"wp-block-heading\">Identifiant Volkswagen. Polo : Pure Positive<\/h2>\n<p>La carte d&rsquo;identit\u00e9 de Volkswagen. La Polo est le premier mod\u00e8le de production con\u00e7u selon le nouveau langage de conception de Volkswagen, connu en interne sous le nom de \u00ab\u00a0Pure Positive\u00a0\u00bb. L&rsquo;\u00e9quipe de designers, dirig\u00e9e par Andreas Mindt, a opt\u00e9 pour un look reconnaissable et accessible. Le design fait \u00e9cho aux mod\u00e8les pr\u00e9c\u00e9dents de la marque, avec des r\u00e9f\u00e9rences subtiles aux voitures embl\u00e9matiques du pass\u00e9. Par exemple, le montant C s&rsquo;inspire de celui de la Golf de premi\u00e8re g\u00e9n\u00e9ration. L&rsquo;avant est convivial et \u00e9pur\u00e9, tandis que l&rsquo;arri\u00e8re donne une impression de solidit\u00e9. L&rsquo;ensemble donne un design qui s&rsquo;inscrit clairement dans l&rsquo;identit\u00e9 de Volkswagen tout en s&rsquo;inscrivant dans l&rsquo;air du temps.     <\/p>\n<h2 class=\"wp-block-heading\">Plate-forme EIA<\/h2>\n<p>Sous la peau, l&rsquo;ID. Polo utilise la plateforme MEB+, une \u00e9volution de la plateforme \u00e9lectrique modulaire de Volkswagen. Cette plateforme permet une utilisation plus efficace de l&rsquo;espace disponible. Malgr\u00e9 ses dimensions ext\u00e9rieures compactes, la voiture offre un espace int\u00e9rieur relativement important. Cela se traduit notamment par un coffre d&rsquo;une capacit\u00e9 de 441 litres. La voiture mesure 4 053 millim\u00e8tres de long, 1 816 millim\u00e8tres de large et 1 530 millim\u00e8tres de haut. L&#8217;empattement est de 2 600 millim\u00e8tres, ce qui augmente l&rsquo;espace int\u00e9rieur.      <\/p>\n<figure class=\"wp-block-table is-style-stripes\">\n<table class=\"has-fixed-layout\">\n<tbody>\n<tr>\n<td colspan=\"2\"><strong>Donn\u00e9es techniques<\/strong><\/td>\n<\/tr>\n<tr>\n<td><strong>Conduite<\/strong><\/td>\n<td>MEB+, traction avant<\/td>\n<\/tr>\n<tr>\n<td><strong>Longueur\/largeur\/hauteur\/empattement<\/strong><\/td>\n<td>4 053\/1 816\/1 530\/2 600 mm<\/td>\n<\/tr>\n<tr>\n<td><strong>Poids en ordre de marche minimal de l&rsquo;UE <\/strong><\/td>\n<td>\u00e0 partir de 1 568 kg (37 kWh)\/\u00e0 partir de 1 576 kg (52 kWh)<\/td>\n<\/tr>\n<\/tbody>\n<\/table>\n<\/figure>\n<figure class=\"wp-block-image size-large\"><img loading=\"lazy\" decoding=\"async\" width=\"1280\" height=\"720\" src=\"https:\/\/autorai.nl\/wp-content\/uploads\/2026\/04\/volkswagen-id-polo-2026-onthulling-foto3-1280x720.jpg\" alt=\"Volkswagen ID.Polo\" class=\"wp-image-219827\"><figcaption class=\"wp-element-caption\">Volkswagen ID.Polo<\/figcaption><\/figure>\n<h2 class=\"wp-block-heading\">Int\u00e9rieur Volkswagen ID. Polo<\/h2>\n<p>Le nouveau langage stylistique a \u00e9galement \u00e9t\u00e9 appliqu\u00e9 \u00e0 l&rsquo;int\u00e9rieur. Volkswagen a choisi un agencement qui donne imm\u00e9diatement une impression de familiarit\u00e9. Les boutons et les cadrans physiques jouent un r\u00f4le important. Ils garantissent que de nombreuses fonctions peuvent \u00eatre utilis\u00e9es facilement et sans distraction. Dans le m\u00eame temps, une attention particuli\u00e8re a \u00e9t\u00e9 port\u00e9e aux \u00e9l\u00e9ments num\u00e9riques, tels que les \u00e9crans plac\u00e9s sur une seule ligne visuelle. Un d\u00e9tail frappant est l&rsquo;affichage dit \u00ab\u00a0r\u00e9tro\u00a0\u00bb, dont le design fait r\u00e9f\u00e9rence aux instruments des anciens mod\u00e8les Volkswagen. Il y a aussi l&rsquo;ID. Light, une bande lumineuse qui fournit des informations sur la navigation et les avertissements, par exemple. Cette bande lumineuse traverse non seulement le tableau de bord, mais elle est \u00e9galement int\u00e9gr\u00e9e dans les portes.        <\/p>\n<figure class=\"wp-block-image size-large\"><img loading=\"lazy\" decoding=\"async\" width=\"1280\" height=\"720\" src=\"https:\/\/autorai.nl\/wp-content\/uploads\/2026\/04\/volkswagen-id-polo-2026-onthulling-foto21-1280x720.jpg\" alt=\"Int\u00e9rieur Volkswagen ID.Polo\" class=\"wp-image-219845\"><figcaption class=\"wp-element-caption\">Int\u00e9rieur Volkswagen ID.Polo<\/figcaption><\/figure>\n<h2 class=\"wp-block-heading\">Groupes motopropulseurs<\/h2>\n<p>La ID. Polo sera disponible avec diff\u00e9rents groupes motopropulseurs. Les acheteurs pourront choisir entre des puissances de 85 kW (116 ch), 99 kW (135 ch) et 155 kW (211 ch). Une variante GTI de 166 kW (226 ch) suivra ult\u00e9rieurement. Toutes les versions sont \u00e9quip\u00e9es d&rsquo;une batterie d\u00e9velopp\u00e9e sp\u00e9cifiquement pour ce mod\u00e8le. Les versions d&rsquo;entr\u00e9e de gamme de 85 kW et 99 kW sont dot\u00e9es d&rsquo;une batterie de 37 kWh (net), bas\u00e9e sur la technologie LFP. Elle peut \u00eatre recharg\u00e9e sur des chargeurs rapides d&rsquo;une puissance maximale de 90 kW. Selon les chiffres pr\u00e9liminaires, l&rsquo;autonomie peut atteindre 329 kilom\u00e8tres selon le cycle WLTP.       <\/p>\n<h2 class=\"wp-block-heading\">52 kWh NMC<\/h2>\n<p>Les variantes les plus puissantes sont \u00e9quip\u00e9es d&rsquo;une batterie de 52 kWh (net), bas\u00e9e sur la technologie NMC. Cela permet d&rsquo;atteindre une autonomie d&rsquo;environ 454 kilom\u00e8tres, toujours selon les donn\u00e9es pr\u00e9liminaires WLTP. La puissance maximale de charge rapide est de 105 kW. Bien que cela ne semble pas exceptionnellement \u00e9lev\u00e9 sur le papier, la courbe de charge joue un r\u00f4le important. Avec un taux de charge relativement constant, la batterie peut \u00eatre recharg\u00e9e de 10 \u00e0 80 % en 24 minutes environ.    <\/p>\n<figure class=\"wp-block-image size-large\"><img loading=\"lazy\" decoding=\"async\" width=\"1280\" height=\"720\" src=\"https:\/\/autorai.nl\/wp-content\/uploads\/2026\/04\/volkswagen-id-polo-2026-onthulling-foto10-1280x720.jpg\" alt=\"\" class=\"wp-image-219834\"><\/figure>\n<h2 class=\"wp-block-heading\">Fonction v\u00e9hicule-charge<\/h2>\n<p>Outre les groupes motopropulseurs, la ID. Polo offre \u00e9galement plusieurs caract\u00e9ristiques technologiques qui contribuent \u00e0 l&rsquo;utilisation quotidienne. Un exemple est la fonction \u00ab\u00a0V\u00e9hicule \u00e0 charger\u00a0\u00bb, qui permet d&rsquo;alimenter des appareils externes. Pensez \u00e0 un v\u00e9lo \u00e9lectrique ou \u00e0 un ordinateur portable. Des syst\u00e8mes d&rsquo;aide \u00e0 la conduite sont \u00e9galement pr\u00e9sents, comme le Connected Travel Assist. Ce syst\u00e8me utilise des donn\u00e9es en ligne et peut notamment reconna\u00eetre les feux de signalisation. En outre, la conduite \u00e0 une p\u00e9dale est possible, c&rsquo;est-\u00e0-dire que la voiture peut \u00eatre command\u00e9e en grande partie \u00e0 l&rsquo;aide de la p\u00e9dale d&rsquo;acc\u00e9l\u00e9rateur. Selon la version, l&rsquo;ID. Polo peut \u00e9galement tracter une remorque pesant jusqu&rsquo;\u00e0 1 200 kilogrammes.        <\/p>\n<h2 class=\"wp-block-heading\">Tendance, Vie et style<\/h2>\n<p>Volkswagen propose l&rsquo;ID. Polo en trois versions bien connues : Trend, Life et Style. La <strong>version Trend<\/strong> constitue la base et est d\u00e9j\u00e0 \u00e9quip\u00e9e d&rsquo;un certain nombre d&rsquo;\u00e9l\u00e9ments pratiques et de confort. Pensez aux phares LED avec feux de route, au tableau de bord num\u00e9rique, au syst\u00e8me d&rsquo;infodivertissement avec \u00e9cran de 10 pouces et \u00e0 la climatisation automatique. Les capteurs de stationnement arri\u00e8re et divers syst\u00e8mes d&rsquo;aide \u00e0 la conduite font \u00e9galement partie de l&rsquo;\u00e9quipement de s\u00e9rie.    <\/p>\n<p>La <strong>version Life<\/strong> ajoute des caract\u00e9ristiques suppl\u00e9mentaires en termes de confort et de commodit\u00e9. Par exemple, cette version dispose d&rsquo;un r\u00e9gulateur de vitesse adaptatif, d&rsquo;une cam\u00e9ra de recul et de capteurs de stationnement avant suppl\u00e9mentaires. Des fonctionnalit\u00e9s num\u00e9riques telles que l&rsquo;int\u00e9gration des smartphones via Apple CarPlay et Android Auto sont \u00e9galement incluses. Il y a \u00e9galement un plancher de coffre variable, qui augmente la praticit\u00e9.   <\/p>\n<p>La <strong>version Style<\/strong> met davantage l&rsquo;accent sur les garnitures et les \u00e9quipements suppl\u00e9mentaires. Cette version comprend des phares \u00e0 LED matriciels, des feux arri\u00e8re \u00e0 LED 3D et un logo \u00e9clair\u00e9 \u00e0 l&rsquo;avant et \u00e0 l&rsquo;arri\u00e8re. Des jantes en alliage de 17 pouces font \u00e9galement partie de l&rsquo;\u00e9quipement de s\u00e9rie. L&rsquo;int\u00e9rieur est \u00e9quip\u00e9 de si\u00e8ges sport, d&rsquo;un \u00e9clairage d&rsquo;ambiance et d&rsquo;\u00e9l\u00e9ments de confort suppl\u00e9mentaires tels que le chauffage des si\u00e8ges et du volant et la climatisation automatique bizone.   <\/p>\n<figure class=\"wp-block-image size-large\"><img loading=\"lazy\" decoding=\"async\" width=\"1280\" height=\"720\" src=\"https:\/\/autorai.nl\/wp-content\/uploads\/2026\/04\/volkswagen-id-polo-2026-onthulling-foto28-1280x720.jpg\" alt=\"Volkswagen ID.Polo\" class=\"wp-image-219852\"><figcaption class=\"wp-element-caption\">Volkswagen ID.Polo<\/figcaption><\/figure>\n<h2 class=\"wp-block-heading\">Paquets suppl\u00e9mentaires<\/h2>\n<p>Pour ceux qui souhaitent des options suppl\u00e9mentaires, Volkswagen propose des packs additionnels. Ceux-ci mettent l&rsquo;accent sur la technologie et le confort. Par exemple, un syst\u00e8me audio Harman Kardon est disponible avec plusieurs haut-parleurs et un caisson de basse. Un toit panoramique fait \u00e9galement partie des options. Une option notable dans ce segment est la fonction de massage pour les si\u00e8ges avant, qui sont r\u00e9glables \u00e9lectriquement.    <\/p>\n<h2 class=\"wp-block-heading\">Version de base Volkswagen ID. Polo un bon choix ? <\/h2>\n<p>La grande question : voulez-vous la version de base de la Volkswagen ID. Polo ? Ou seriez-vous mieux inspir\u00e9 d&rsquo;\u00e9conomiser pour une variante dot\u00e9e d&rsquo;une batterie plus importante ? Quel est le meilleur choix ? La version de base semble attrayante sur le papier, mais il faut la replacer dans son contexte. En effet, la diff\u00e9rence entre LFP et NMC d\u00e9termine la mani\u00e8re dont vous utiliserez la voiture dans la pratique.     <\/p>\n<p>La version d&rsquo;entr\u00e9e de gamme avec 37 kWh et une batterie LFP est particuli\u00e8rement int\u00e9ressante si vous utilisez la voiture comme le font de nombreux N\u00e9erlandais : courts trajets, d\u00e9placements domicile-travail, courses, sorties occasionnelles. Dans ce cas, vous b\u00e9n\u00e9ficiez d&rsquo;une autonomie d&rsquo;environ 329 kilom\u00e8tres, d&rsquo;un prix d&rsquo;achat relativement bas et de la chimie LFP (robuste, durable, impunit\u00e9 \u00e0 100 % de charge). La LFP est \u00e9galement moins sujette \u00e0 l&rsquo;usure \u00e0 long terme. Mais il y a aussi des inconv\u00e9nients, comme une densit\u00e9 \u00e9nerg\u00e9tique plus faible et donc une autonomie plus r\u00e9duite. Une batterie plus petite convient si vous conduisez peu ou si vous pouvez la recharger \u00e0 la maison ou au travail.    <\/p>\n<p>Puis la batterie NCM de 52 kWh, plus on\u00e9reuse. Cela change compl\u00e8tement la voiture. Dans ce cas, vous b\u00e9n\u00e9ficiez d&rsquo;une autonomie de 454 kilom\u00e8tres, d&rsquo;une puissance accrue et d&rsquo;une meilleure utilisation de la voiture pour les longs trajets. La technologie NMC a une densit\u00e9 \u00e9nerg\u00e9tique plus \u00e9lev\u00e9e et offre de meilleures performances, mais vous ne pouvez pas charger \u00e0 100 % en toute impunit\u00e9. En d&rsquo;autres termes, la batterie est l\u00e9g\u00e8rement plus susceptible de se d\u00e9grader lorsqu&rsquo;elle est charg\u00e9e \u00e0 100 % sur le plan structurel (il est donc pr\u00e9f\u00e9rable de charger \u00e0 80-90 % plus souvent). La version de base n&rsquo;est pas n\u00e9cessairement un \u00ab\u00a0mauvais choix\u00a0\u00bb, mais un choix conscient.     <\/p>\n<h2 class=\"wp-block-heading\">Garantie<\/h2>\n<p>En termes de service et de garantie, l&rsquo;ID. Polo suit la ligne des autres mod\u00e8les \u00e9lectriques de Volkswagen. La voiture est livr\u00e9e avec cinq ans de service. La batterie est garantie pendant huit ans ou un maximum de 160 000 kilom\u00e8tres. En outre, une assistance routi\u00e8re est disponible en Europe, de jour comme de nuit. En cas de probl\u00e8me technique, l&rsquo;assistance est fournie en quelques heures.     <\/p>\n<h2 class=\"wp-block-heading\">Fabriqu\u00e9 en Espagne<\/h2>\n<p>Le d\u00e9veloppement et la conception de l&rsquo;ID. Polo ont eu lieu \u00e0 Wolfsburg, tandis que la production se fait en Espagne. Ainsi, Volkswagen associe l&rsquo;ing\u00e9nierie allemande \u00e0 la capacit\u00e9 de production europ\u00e9enne. Avec cette nouvelle variante \u00e9lectrique de la Polo, la marque mise sur un mod\u00e8le qui r\u00e9pond \u00e0 la demande croissante de voitures \u00e9lectriques compactes, sans renoncer aux caract\u00e9ristiques que le nom Polo a acquises au fil des ans.   <\/p><\/p>\n","protected":false},"excerpt":{"rendered":"Identifiant Volkswagen. Polo : Pure Positive La Volkswagen ID. Polo est le premier mod\u00e8le de production \u00e0 \u00eatre stylis\u00e9 selon\u2026","protected":false},"author":0,"featured_media":162641,"comment_status":"","ping_status":"open","sticky":false,"template":"","format":"standard","meta":{"footnotes":""},"categories":[127],"tags":[],"class_list":["post-162675","post","type-post","status-publish","format-standard","has-post-thumbnail","hentry","category-nouvelles-de-voiture"],"acf":[],"yoast_head":"<!-- This site is optimized with the Yoast SEO plugin v21.2 - https:\/\/yoast.com\/wordpress\/plugins\/seo\/ -->\n<title>Identifiant Volkswagen. La Polo est propos\u00e9e \u00e0 partir de 25 000 euros, mais voulez-vous cette version de base ? - All cars news<\/title>\n<meta name=\"robots\" content=\"index, follow, max-snippet:-1, max-image-preview:large, max-video-preview:-1\" \/>\n<link rel=\"canonical\" href=\"https:\/\/all-car-news.com\/fr\/identifiant-volkswagen-la-polo-est-proposee-a-partir-de-25-000-euros-mais-voulez-vous-cette-version-de-base\/\" \/>\n<meta property=\"og:locale\" content=\"fr_FR\" \/>\n<meta property=\"og:type\" content=\"article\" \/>\n<meta property=\"og:title\" content=\"Identifiant Volkswagen. La Polo est propos\u00e9e \u00e0 partir de 25 000 euros, mais voulez-vous cette version de base ? - All cars news\" \/>\n<meta property=\"og:description\" content=\"Identifiant Volkswagen. Polo : Pure Positive La Volkswagen ID. Polo est le premier mod\u00e8le de production \u00e0 \u00eatre stylis\u00e9 selon le nouveau langage de conception de Volkswagen, connu en interne sous le nom de &quot;Pure Positive&quot;. L&#039;\u00e9quipe de designers, dirig\u00e9e par Andreas Mindt, a opt\u00e9 pour un look reconnaissable et accessible. Le design s&#039;inscrit dans la lign\u00e9e des mod\u00e8les pr\u00e9c\u00e9dents de la marque, avec de subtiles [...]\" \/>\n<meta property=\"og:url\" content=\"https:\/\/all-car-news.com\/fr\/identifiant-volkswagen-la-polo-est-proposee-a-partir-de-25-000-euros-mais-voulez-vous-cette-version-de-base\/\" \/>\n<meta property=\"og:site_name\" content=\"All cars news\" \/>\n<meta property=\"article:published_time\" content=\"2026-04-29T12:58:29+00:00\" \/>\n<meta property=\"og:image\" content=\"https:\/\/autorai.nl\/wp-content\/uploads\/2026\/04\/volkswagen-id-polo-2026-onthulling-foto3-1280x720.jpg\" \/>\n<meta name=\"twitter:card\" content=\"summary_large_image\" \/>\n<meta name=\"twitter:label1\" content=\"Dur\u00e9e de lecture estim\u00e9e\" \/>\n\t<meta name=\"twitter:data1\" content=\"7 minutes\" \/>\n<script type=\"application\/ld+json\" class=\"yoast-schema-graph\">{\"@context\":\"https:\/\/schema.org\",\"@graph\":[{\"@type\":\"Article\",\"@id\":\"https:\/\/all-car-news.com\/fr\/identifiant-volkswagen-la-polo-est-proposee-a-partir-de-25-000-euros-mais-voulez-vous-cette-version-de-base\/#article\",\"isPartOf\":{\"@id\":\"https:\/\/all-car-news.com\/fr\/identifiant-volkswagen-la-polo-est-proposee-a-partir-de-25-000-euros-mais-voulez-vous-cette-version-de-base\/\"},\"author\":{\"name\":\"\",\"@id\":\"\"},\"headline\":\"Identifiant Volkswagen. La Polo est propos\u00e9e \u00e0 partir de 25 000 euros, mais voulez-vous cette version de base ?\",\"datePublished\":\"2026-04-29T12:58:29+00:00\",\"dateModified\":\"2026-04-29T12:58:29+00:00\",\"mainEntityOfPage\":{\"@id\":\"https:\/\/all-car-news.com\/fr\/identifiant-volkswagen-la-polo-est-proposee-a-partir-de-25-000-euros-mais-voulez-vous-cette-version-de-base\/\"},\"wordCount\":1492,\"publisher\":{\"@id\":\"https:\/\/all-car-news.com\/fr\/#organization\"},\"articleSection\":[\"nouvelles de voiture\"],\"inLanguage\":\"fr-FR\"},{\"@type\":\"WebPage\",\"@id\":\"https:\/\/all-car-news.com\/fr\/identifiant-volkswagen-la-polo-est-proposee-a-partir-de-25-000-euros-mais-voulez-vous-cette-version-de-base\/\",\"url\":\"https:\/\/all-car-news.com\/fr\/identifiant-volkswagen-la-polo-est-proposee-a-partir-de-25-000-euros-mais-voulez-vous-cette-version-de-base\/\",\"name\":\"Identifiant Volkswagen. La Polo est propos\u00e9e \u00e0 partir de 25 000 euros, mais voulez-vous cette version de base ? - All cars news\",\"isPartOf\":{\"@id\":\"https:\/\/all-car-news.com\/fr\/#website\"},\"datePublished\":\"2026-04-29T12:58:29+00:00\",\"dateModified\":\"2026-04-29T12:58:29+00:00\",\"breadcrumb\":{\"@id\":\"https:\/\/all-car-news.com\/fr\/identifiant-volkswagen-la-polo-est-proposee-a-partir-de-25-000-euros-mais-voulez-vous-cette-version-de-base\/#breadcrumb\"},\"inLanguage\":\"fr-FR\",\"potentialAction\":[{\"@type\":\"ReadAction\",\"target\":[\"https:\/\/all-car-news.com\/fr\/identifiant-volkswagen-la-polo-est-proposee-a-partir-de-25-000-euros-mais-voulez-vous-cette-version-de-base\/\"]}]},{\"@type\":\"BreadcrumbList\",\"@id\":\"https:\/\/all-car-news.com\/fr\/identifiant-volkswagen-la-polo-est-proposee-a-partir-de-25-000-euros-mais-voulez-vous-cette-version-de-base\/#breadcrumb\",\"itemListElement\":[{\"@type\":\"ListItem\",\"position\":1,\"name\":\"Home\",\"item\":\"https:\/\/all-car-news.com\/fr\/\"},{\"@type\":\"ListItem\",\"position\":2,\"name\":\"Identifiant Volkswagen. La Polo est propos\u00e9e \u00e0 partir de 25 000 euros, mais voulez-vous cette version de base ?\"}]},{\"@type\":\"WebSite\",\"@id\":\"https:\/\/all-car-news.com\/fr\/#website\",\"url\":\"https:\/\/all-car-news.com\/fr\/\",\"name\":\"All cars news\",\"description\":\"\",\"publisher\":{\"@id\":\"https:\/\/all-car-news.com\/fr\/#organization\"},\"potentialAction\":[{\"@type\":\"SearchAction\",\"target\":{\"@type\":\"EntryPoint\",\"urlTemplate\":\"https:\/\/all-car-news.com\/fr\/?s={search_term_string}\"},\"query-input\":\"required name=search_term_string\"}],\"inLanguage\":\"fr-FR\"},{\"@type\":\"Organization\",\"@id\":\"https:\/\/all-car-news.com\/fr\/#organization\",\"name\":\"All cars news\",\"url\":\"https:\/\/all-car-news.com\/fr\/\",\"logo\":{\"@type\":\"ImageObject\",\"inLanguage\":\"fr-FR\",\"@id\":\"https:\/\/all-car-news.com\/fr\/#\/schema\/logo\/image\/\",\"url\":\"https:\/\/all-car-news.com\/wp-content\/uploads\/2022\/02\/CMYK-AllCarNews_LANDSCAPE_300px-1.png\",\"contentUrl\":\"https:\/\/all-car-news.com\/wp-content\/uploads\/2022\/02\/CMYK-AllCarNews_LANDSCAPE_300px-1.png\",\"width\":300,\"height\":100,\"caption\":\"All cars news\"},\"image\":{\"@id\":\"https:\/\/all-car-news.com\/fr\/#\/schema\/logo\/image\/\"}}]}<\/script>\n<!-- \/ Yoast SEO plugin. -->","yoast_head_json":{"title":"Identifiant Volkswagen. La Polo est propos\u00e9e \u00e0 partir de 25 000 euros, mais voulez-vous cette version de base ? - All cars news","robots":{"index":"index","follow":"follow","max-snippet":"max-snippet:-1","max-image-preview":"max-image-preview:large","max-video-preview":"max-video-preview:-1"},"canonical":"https:\/\/all-car-news.com\/fr\/identifiant-volkswagen-la-polo-est-proposee-a-partir-de-25-000-euros-mais-voulez-vous-cette-version-de-base\/","og_locale":"fr_FR","og_type":"article","og_title":"Identifiant Volkswagen. La Polo est propos\u00e9e \u00e0 partir de 25 000 euros, mais voulez-vous cette version de base ? - All cars news","og_description":"Identifiant Volkswagen. Polo : Pure Positive La Volkswagen ID. Polo est le premier mod\u00e8le de production \u00e0 \u00eatre stylis\u00e9 selon le nouveau langage de conception de Volkswagen, connu en interne sous le nom de \"Pure Positive\". L'\u00e9quipe de designers, dirig\u00e9e par Andreas Mindt, a opt\u00e9 pour un look reconnaissable et accessible. Le design s'inscrit dans la lign\u00e9e des mod\u00e8les pr\u00e9c\u00e9dents de la marque, avec de subtiles [...]","og_url":"https:\/\/all-car-news.com\/fr\/identifiant-volkswagen-la-polo-est-proposee-a-partir-de-25-000-euros-mais-voulez-vous-cette-version-de-base\/","og_site_name":"All cars news","article_published_time":"2026-04-29T12:58:29+00:00","og_image":[{"url":"https:\/\/autorai.nl\/wp-content\/uploads\/2026\/04\/volkswagen-id-polo-2026-onthulling-foto3-1280x720.jpg"}],"twitter_card":"summary_large_image","twitter_misc":{"Dur\u00e9e de lecture estim\u00e9e":"7 minutes"},"schema":{"@context":"https:\/\/schema.org","@graph":[{"@type":"Article","@id":"https:\/\/all-car-news.com\/fr\/identifiant-volkswagen-la-polo-est-proposee-a-partir-de-25-000-euros-mais-voulez-vous-cette-version-de-base\/#article","isPartOf":{"@id":"https:\/\/all-car-news.com\/fr\/identifiant-volkswagen-la-polo-est-proposee-a-partir-de-25-000-euros-mais-voulez-vous-cette-version-de-base\/"},"author":{"name":"","@id":""},"headline":"Identifiant Volkswagen. La Polo est propos\u00e9e \u00e0 partir de 25 000 euros, mais voulez-vous cette version de base ?","datePublished":"2026-04-29T12:58:29+00:00","dateModified":"2026-04-29T12:58:29+00:00","mainEntityOfPage":{"@id":"https:\/\/all-car-news.com\/fr\/identifiant-volkswagen-la-polo-est-proposee-a-partir-de-25-000-euros-mais-voulez-vous-cette-version-de-base\/"},"wordCount":1492,"publisher":{"@id":"https:\/\/all-car-news.com\/fr\/#organization"},"articleSection":["nouvelles de voiture"],"inLanguage":"fr-FR"},{"@type":"WebPage","@id":"https:\/\/all-car-news.com\/fr\/identifiant-volkswagen-la-polo-est-proposee-a-partir-de-25-000-euros-mais-voulez-vous-cette-version-de-base\/","url":"https:\/\/all-car-news.com\/fr\/identifiant-volkswagen-la-polo-est-proposee-a-partir-de-25-000-euros-mais-voulez-vous-cette-version-de-base\/","name":"Identifiant Volkswagen. La Polo est propos\u00e9e \u00e0 partir de 25 000 euros, mais voulez-vous cette version de base ? - All cars news","isPartOf":{"@id":"https:\/\/all-car-news.com\/fr\/#website"},"datePublished":"2026-04-29T12:58:29+00:00","dateModified":"2026-04-29T12:58:29+00:00","breadcrumb":{"@id":"https:\/\/all-car-news.com\/fr\/identifiant-volkswagen-la-polo-est-proposee-a-partir-de-25-000-euros-mais-voulez-vous-cette-version-de-base\/#breadcrumb"},"inLanguage":"fr-FR","potentialAction":[{"@type":"ReadAction","target":["https:\/\/all-car-news.com\/fr\/identifiant-volkswagen-la-polo-est-proposee-a-partir-de-25-000-euros-mais-voulez-vous-cette-version-de-base\/"]}]},{"@type":"BreadcrumbList","@id":"https:\/\/all-car-news.com\/fr\/identifiant-volkswagen-la-polo-est-proposee-a-partir-de-25-000-euros-mais-voulez-vous-cette-version-de-base\/#breadcrumb","itemListElement":[{"@type":"ListItem","position":1,"name":"Home","item":"https:\/\/all-car-news.com\/fr\/"},{"@type":"ListItem","position":2,"name":"Identifiant Volkswagen. La Polo est propos\u00e9e \u00e0 partir de 25 000 euros, mais voulez-vous cette version de base ?"}]},{"@type":"WebSite","@id":"https:\/\/all-car-news.com\/fr\/#website","url":"https:\/\/all-car-news.com\/fr\/","name":"All cars news","description":"","publisher":{"@id":"https:\/\/all-car-news.com\/fr\/#organization"},"potentialAction":[{"@type":"SearchAction","target":{"@type":"EntryPoint","urlTemplate":"https:\/\/all-car-news.com\/fr\/?s={search_term_string}"},"query-input":"required name=search_term_string"}],"inLanguage":"fr-FR"},{"@type":"Organization","@id":"https:\/\/all-car-news.com\/fr\/#organization","name":"All cars news","url":"https:\/\/all-car-news.com\/fr\/","logo":{"@type":"ImageObject","inLanguage":"fr-FR","@id":"https:\/\/all-car-news.com\/fr\/#\/schema\/logo\/image\/","url":"https:\/\/all-car-news.com\/wp-content\/uploads\/2022\/02\/CMYK-AllCarNews_LANDSCAPE_300px-1.png","contentUrl":"https:\/\/all-car-news.com\/wp-content\/uploads\/2022\/02\/CMYK-AllCarNews_LANDSCAPE_300px-1.png","width":300,"height":100,"caption":"All cars news"},"image":{"@id":"https:\/\/all-car-news.com\/fr\/#\/schema\/logo\/image\/"}}]}},"_links":{"self":[{"href":"https:\/\/all-car-news.com\/fr\/wp-json\/wp\/v2\/posts\/162675","targetHints":{"allow":["GET"]}}],"collection":[{"href":"https:\/\/all-car-news.com\/fr\/wp-json\/wp\/v2\/posts"}],"about":[{"href":"https:\/\/all-car-news.com\/fr\/wp-json\/wp\/v2\/types\/post"}],"replies":[{"embeddable":true,"href":"https:\/\/all-car-news.com\/fr\/wp-json\/wp\/v2\/comments?post=162675"}],"version-history":[{"count":0,"href":"https:\/\/all-car-news.com\/fr\/wp-json\/wp\/v2\/posts\/162675\/revisions"}],"wp:featuredmedia":[{"embeddable":true,"href":"https:\/\/all-car-news.com\/fr\/wp-json\/wp\/v2\/media\/162641"}],"wp:attachment":[{"href":"https:\/\/all-car-news.com\/fr\/wp-json\/wp\/v2\/media?parent=162675"}],"wp:term":[{"taxonomy":"category","embeddable":true,"href":"https:\/\/all-car-news.com\/fr\/wp-json\/wp\/v2\/categories?post=162675"},{"taxonomy":"post_tag","embeddable":true,"href":"https:\/\/all-car-news.com\/fr\/wp-json\/wp\/v2\/tags?post=162675"}],"curies":[{"name":"wp","href":"https:\/\/api.w.org\/{rel}","templated":true}]}}