{"id":161902,"date":"2026-03-20T15:07:17","date_gmt":"2026-03-20T15:07:17","guid":{"rendered":"https:\/\/all-car-news.com\/reperee-une-opel-rekord-2-0-s-de-1981\/"},"modified":"2026-03-20T15:07:17","modified_gmt":"2026-03-20T15:07:17","slug":"reperee-une-opel-rekord-2-0-s-de-1981","status":"publish","type":"post","link":"https:\/\/all-car-news.com\/fr\/reperee-une-opel-rekord-2-0-s-de-1981\/","title":{"rendered":"Rep\u00e9r\u00e9e : une Opel Rekord 2.0 S de 1981"},"content":{"rendered":"<h2 class=\"wp-block-heading\"><strong>Le sp\u00e9cimen tachet\u00e9<\/strong><\/h2>\n<p>Dans le centre de Hoorn, nous avons rep\u00e9r\u00e9 cette Opel Rekord 2.0 S n\u00e9erlandaise originale de 1981. En soi, le RDW a peu de d\u00e9tails \u00e0 communiquer, mais l&rsquo;histoire du propri\u00e9taire est int\u00e9ressante. En 1983, par exemple, la voiture a \u00e9t\u00e9 confi\u00e9e \u00e0 un deuxi\u00e8me propri\u00e9taire, qui l&rsquo;a conduite jusqu&rsquo;en 2004. Le propri\u00e9taire suivant l&rsquo;a \u00e9galement conduite pendant longtemps : pas moins de 2021. Ensuite, les propri\u00e9taires se sont succ\u00e9d\u00e9 assez rapidement, qu&rsquo;il s&rsquo;agisse de particuliers ou d&rsquo;entreprises. Le propri\u00e9taire actuel poss\u00e8de la Vauxhall depuis mars de l&rsquo;ann\u00e9e derni\u00e8re.     <\/p>\n<figure class=\"wp-block-image size-large\"><img loading=\"lazy\" decoding=\"async\" width=\"1280\" height=\"720\" src=\"https:\/\/autorai.nl\/wp-content\/uploads\/2026\/03\/AutoRAI-Gespot-Opel-Rekord-2.0-S-1-1280x720.jpg\" alt=\"\" class=\"wp-image-217909\"><\/figure>\n<h2 class=\"wp-block-heading\"><strong>L&rsquo;Opel Rekord comme mod\u00e8le de r\u00e9f\u00e9rence<\/strong><\/h2>\n<p>L&rsquo;Opel Rekord \u00e9tait le pr\u00e9d\u00e9cesseur de l&rsquo;Opel Omega. Si l&rsquo;on \u00e9tend cette ligne \u00e0 la gamme Opel plus r\u00e9cente, la Rekord se serait \u00e0 nouveau class\u00e9e au-dessus de l&rsquo;Insignia. Cela n&rsquo;en faisait pas pour autant le mod\u00e8le le plus performant, puisque la Senator \u00e9tait toujours au-dessus. Oui, Opel a d\u00e9j\u00e0 jou\u00e9 dans le segment sup\u00e9rieur&#8230; L&rsquo;exemple que nous avons rep\u00e9r\u00e9 est une Rekord de la derni\u00e8re g\u00e9n\u00e9ration de mod\u00e8les, qui a \u00e9t\u00e9 livr\u00e9e de 1977 \u00e0 1986.   <\/p>\n<figure class=\"wp-block-image size-large\"><img loading=\"lazy\" decoding=\"async\" width=\"1280\" height=\"720\" src=\"https:\/\/autorai.nl\/wp-content\/uploads\/2026\/03\/AutoRAI-Gespot-Opel-Rekord-2.0-S-2-1280x720.jpg\" alt=\"\" class=\"wp-image-217910\"><\/figure>\n<h2 class=\"wp-block-heading\"><strong>Le 2.0 S<\/strong><\/h2>\n<p>Nous avons d\u00e9j\u00e0 parl\u00e9 de l&rsquo;Opel Rekord dans cette section, lorsque nous en avons <a href=\"https:\/\/autorai.nl\/gespot-een-opel-rekord\/\" target=\"_blank\" rel=\"noreferrer noopener\">vu une<\/a> passer devant la r\u00e9daction en 2024. Par cons\u00e9quent, nous nous concentrons maintenant sur la version sp\u00e9cifique. Le 2.0 S que nous avons vu est pratiquement le milieu de la gamme. Dans l&rsquo;offre n\u00e9erlandaise, la plupart des versions \u00e9taient propuls\u00e9es par ce quatre cylindres de 2,0 litres, avec un autre quatre cylindres de 1,9 litre en dessous et un quatre cylindres diesel de 2,3 litres \u00e0 c\u00f4t\u00e9.   <\/p>\n<figure class=\"wp-block-image size-large\"><img loading=\"lazy\" decoding=\"async\" width=\"1280\" height=\"720\" src=\"https:\/\/autorai.nl\/wp-content\/uploads\/2026\/03\/AutoRAI-Gespot-Opel-Rekord-2.0-S-3-1280x720.jpg\" alt=\"\" class=\"wp-image-217911\"><\/figure>\n<p>Le moteur \u00e0 essence de 2,0 litres \u00e9tait disponible en trois variantes de puissance. Une version de base de 66 kW (90 ch), la 2.0 S de 74 kW (100 ch) et la 2.0 E de 81 kW (110 ch). Cette derni\u00e8re version se distinguait en outre par l&rsquo;injection de carburant \u00e0 la place des carburateurs. Les roues avant \u00e9taient entra\u00een\u00e9es par une bo\u00eete de vitesses manuelle \u00e0 quatre rapports.   <\/p>\n<p>Le \u00ab\u00a0S\u00a0\u00bb dans la d\u00e9signation du type indique donc uniquement la variante de moteur la plus puissante. Le fait qu&rsquo;il n&rsquo;y ait pas d&rsquo;autre ajout (comme De Luxe, Sport, De Luxe Sport ou Berlina) indique qu&rsquo;\u00e0 part le moteur, le premier propri\u00e9taire a opt\u00e9 pour le mod\u00e8le de base. Celle qui a \u00e9t\u00e9 aper\u00e7ue est encore belle et simple. Cependant, elle a un jour re\u00e7u le capot d&rsquo;une version diesel. Comme le moteur diesel \u00e9tait l\u00e9g\u00e8rement plus haut, le capot a \u00e9t\u00e9 dot\u00e9 d&rsquo;une \u00ab\u00a0bosse\u00a0\u00bb, que l&rsquo;exemplaire essence rep\u00e9r\u00e9 poss\u00e8de \u00e9galement.    <\/p>\n<p>Bonus : une Pontiac Firebird de 1994 figure \u00e0 l&rsquo;arri\u00e8re-plan de la photo ci-dessous.<\/p>\n<figure class=\"wp-block-image size-large\"><img loading=\"lazy\" decoding=\"async\" width=\"1280\" height=\"720\" src=\"https:\/\/autorai.nl\/wp-content\/uploads\/2026\/03\/AutoRAI-Gespot-Opel-Rekord-2.0-S-4-1280x720.jpg\" alt=\"\" class=\"wp-image-217912\"><\/figure>\n","protected":false},"excerpt":{"rendered":"M\u00eame les voitures les plus courantes finissent par devenir rares un jour. Par exemple, \u00e0 quand remonte la derni\u00e8re fois\u2026","protected":false},"author":0,"featured_media":161896,"comment_status":"","ping_status":"open","sticky":false,"template":"","format":"standard","meta":{"footnotes":""},"categories":[213,177,127],"tags":[],"class_list":["post-161902","post","type-post","status-publish","format-standard","has-post-thumbnail","hentry","category-classiques","category-fun-fr","category-nouvelles-de-voiture"],"acf":[],"yoast_head":"<!-- This site is optimized with the Yoast SEO plugin v21.2 - https:\/\/yoast.com\/wordpress\/plugins\/seo\/ -->\n<title>Rep\u00e9r\u00e9e : une Opel Rekord 2.0 S de 1981 - All cars news<\/title>\n<meta name=\"robots\" content=\"index, follow, max-snippet:-1, max-image-preview:large, max-video-preview:-1\" \/>\n<link rel=\"canonical\" href=\"https:\/\/all-car-news.com\/fr\/reperee-une-opel-rekord-2-0-s-de-1981\/\" \/>\n<meta property=\"og:locale\" content=\"fr_FR\" \/>\n<meta property=\"og:type\" content=\"article\" \/>\n<meta property=\"og:title\" content=\"Rep\u00e9r\u00e9e : une Opel Rekord 2.0 S de 1981 - All cars news\" \/>\n<meta property=\"og:description\" content=\"M\u00eame les voitures les plus courantes finissent par devenir rares un jour. Par exemple, \u00e0 quand remonte la derni\u00e8re fois que vous avez vu une Opel Rekord ? Dans notre section Spotted, nous en avons une fois de plus mis une sous les projecteurs.\" \/>\n<meta property=\"og:url\" content=\"https:\/\/all-car-news.com\/fr\/reperee-une-opel-rekord-2-0-s-de-1981\/\" \/>\n<meta property=\"og:site_name\" content=\"All cars news\" \/>\n<meta property=\"article:published_time\" content=\"2026-03-20T15:07:17+00:00\" \/>\n<meta property=\"og:image\" content=\"https:\/\/autorai.nl\/wp-content\/uploads\/2026\/03\/AutoRAI-Gespot-Opel-Rekord-2.0-S-1-1280x720.jpg\" \/>\n<meta name=\"twitter:card\" content=\"summary_large_image\" \/>\n<meta name=\"twitter:label1\" content=\"Dur\u00e9e de lecture estim\u00e9e\" \/>\n\t<meta name=\"twitter:data1\" content=\"2 minutes\" \/>\n<script type=\"application\/ld+json\" class=\"yoast-schema-graph\">{\"@context\":\"https:\/\/schema.org\",\"@graph\":[{\"@type\":\"Article\",\"@id\":\"https:\/\/all-car-news.com\/fr\/reperee-une-opel-rekord-2-0-s-de-1981\/#article\",\"isPartOf\":{\"@id\":\"https:\/\/all-car-news.com\/fr\/reperee-une-opel-rekord-2-0-s-de-1981\/\"},\"author\":{\"name\":\"\",\"@id\":\"\"},\"headline\":\"Rep\u00e9r\u00e9e : une Opel Rekord 2.0 S de 1981\",\"datePublished\":\"2026-03-20T15:07:17+00:00\",\"dateModified\":\"2026-03-20T15:07:17+00:00\",\"mainEntityOfPage\":{\"@id\":\"https:\/\/all-car-news.com\/fr\/reperee-une-opel-rekord-2-0-s-de-1981\/\"},\"wordCount\":461,\"publisher\":{\"@id\":\"https:\/\/all-car-news.com\/fr\/#organization\"},\"articleSection\":[\"Classiques\",\"Fun\",\"nouvelles de voiture\"],\"inLanguage\":\"fr-FR\"},{\"@type\":\"WebPage\",\"@id\":\"https:\/\/all-car-news.com\/fr\/reperee-une-opel-rekord-2-0-s-de-1981\/\",\"url\":\"https:\/\/all-car-news.com\/fr\/reperee-une-opel-rekord-2-0-s-de-1981\/\",\"name\":\"Rep\u00e9r\u00e9e : une Opel Rekord 2.0 S de 1981 - All cars news\",\"isPartOf\":{\"@id\":\"https:\/\/all-car-news.com\/fr\/#website\"},\"datePublished\":\"2026-03-20T15:07:17+00:00\",\"dateModified\":\"2026-03-20T15:07:17+00:00\",\"breadcrumb\":{\"@id\":\"https:\/\/all-car-news.com\/fr\/reperee-une-opel-rekord-2-0-s-de-1981\/#breadcrumb\"},\"inLanguage\":\"fr-FR\",\"potentialAction\":[{\"@type\":\"ReadAction\",\"target\":[\"https:\/\/all-car-news.com\/fr\/reperee-une-opel-rekord-2-0-s-de-1981\/\"]}]},{\"@type\":\"BreadcrumbList\",\"@id\":\"https:\/\/all-car-news.com\/fr\/reperee-une-opel-rekord-2-0-s-de-1981\/#breadcrumb\",\"itemListElement\":[{\"@type\":\"ListItem\",\"position\":1,\"name\":\"Home\",\"item\":\"https:\/\/all-car-news.com\/fr\/\"},{\"@type\":\"ListItem\",\"position\":2,\"name\":\"Rep\u00e9r\u00e9e : une Opel Rekord 2.0 S de 1981\"}]},{\"@type\":\"WebSite\",\"@id\":\"https:\/\/all-car-news.com\/fr\/#website\",\"url\":\"https:\/\/all-car-news.com\/fr\/\",\"name\":\"All cars news\",\"description\":\"\",\"publisher\":{\"@id\":\"https:\/\/all-car-news.com\/fr\/#organization\"},\"potentialAction\":[{\"@type\":\"SearchAction\",\"target\":{\"@type\":\"EntryPoint\",\"urlTemplate\":\"https:\/\/all-car-news.com\/fr\/?s={search_term_string}\"},\"query-input\":\"required name=search_term_string\"}],\"inLanguage\":\"fr-FR\"},{\"@type\":\"Organization\",\"@id\":\"https:\/\/all-car-news.com\/fr\/#organization\",\"name\":\"All cars news\",\"url\":\"https:\/\/all-car-news.com\/fr\/\",\"logo\":{\"@type\":\"ImageObject\",\"inLanguage\":\"fr-FR\",\"@id\":\"https:\/\/all-car-news.com\/fr\/#\/schema\/logo\/image\/\",\"url\":\"https:\/\/all-car-news.com\/wp-content\/uploads\/2022\/02\/CMYK-AllCarNews_LANDSCAPE_300px-1.png\",\"contentUrl\":\"https:\/\/all-car-news.com\/wp-content\/uploads\/2022\/02\/CMYK-AllCarNews_LANDSCAPE_300px-1.png\",\"width\":300,\"height\":100,\"caption\":\"All cars news\"},\"image\":{\"@id\":\"https:\/\/all-car-news.com\/fr\/#\/schema\/logo\/image\/\"}}]}<\/script>\n<!-- \/ Yoast SEO plugin. -->","yoast_head_json":{"title":"Rep\u00e9r\u00e9e : une Opel Rekord 2.0 S de 1981 - All cars news","robots":{"index":"index","follow":"follow","max-snippet":"max-snippet:-1","max-image-preview":"max-image-preview:large","max-video-preview":"max-video-preview:-1"},"canonical":"https:\/\/all-car-news.com\/fr\/reperee-une-opel-rekord-2-0-s-de-1981\/","og_locale":"fr_FR","og_type":"article","og_title":"Rep\u00e9r\u00e9e : une Opel Rekord 2.0 S de 1981 - All cars news","og_description":"M\u00eame les voitures les plus courantes finissent par devenir rares un jour. Par exemple, \u00e0 quand remonte la derni\u00e8re fois que vous avez vu une Opel Rekord ? Dans notre section Spotted, nous en avons une fois de plus mis une sous les projecteurs.","og_url":"https:\/\/all-car-news.com\/fr\/reperee-une-opel-rekord-2-0-s-de-1981\/","og_site_name":"All cars news","article_published_time":"2026-03-20T15:07:17+00:00","og_image":[{"url":"https:\/\/autorai.nl\/wp-content\/uploads\/2026\/03\/AutoRAI-Gespot-Opel-Rekord-2.0-S-1-1280x720.jpg"}],"twitter_card":"summary_large_image","twitter_misc":{"Dur\u00e9e de lecture estim\u00e9e":"2 minutes"},"schema":{"@context":"https:\/\/schema.org","@graph":[{"@type":"Article","@id":"https:\/\/all-car-news.com\/fr\/reperee-une-opel-rekord-2-0-s-de-1981\/#article","isPartOf":{"@id":"https:\/\/all-car-news.com\/fr\/reperee-une-opel-rekord-2-0-s-de-1981\/"},"author":{"name":"","@id":""},"headline":"Rep\u00e9r\u00e9e : une Opel Rekord 2.0 S de 1981","datePublished":"2026-03-20T15:07:17+00:00","dateModified":"2026-03-20T15:07:17+00:00","mainEntityOfPage":{"@id":"https:\/\/all-car-news.com\/fr\/reperee-une-opel-rekord-2-0-s-de-1981\/"},"wordCount":461,"publisher":{"@id":"https:\/\/all-car-news.com\/fr\/#organization"},"articleSection":["Classiques","Fun","nouvelles de voiture"],"inLanguage":"fr-FR"},{"@type":"WebPage","@id":"https:\/\/all-car-news.com\/fr\/reperee-une-opel-rekord-2-0-s-de-1981\/","url":"https:\/\/all-car-news.com\/fr\/reperee-une-opel-rekord-2-0-s-de-1981\/","name":"Rep\u00e9r\u00e9e : une Opel Rekord 2.0 S de 1981 - All cars news","isPartOf":{"@id":"https:\/\/all-car-news.com\/fr\/#website"},"datePublished":"2026-03-20T15:07:17+00:00","dateModified":"2026-03-20T15:07:17+00:00","breadcrumb":{"@id":"https:\/\/all-car-news.com\/fr\/reperee-une-opel-rekord-2-0-s-de-1981\/#breadcrumb"},"inLanguage":"fr-FR","potentialAction":[{"@type":"ReadAction","target":["https:\/\/all-car-news.com\/fr\/reperee-une-opel-rekord-2-0-s-de-1981\/"]}]},{"@type":"BreadcrumbList","@id":"https:\/\/all-car-news.com\/fr\/reperee-une-opel-rekord-2-0-s-de-1981\/#breadcrumb","itemListElement":[{"@type":"ListItem","position":1,"name":"Home","item":"https:\/\/all-car-news.com\/fr\/"},{"@type":"ListItem","position":2,"name":"Rep\u00e9r\u00e9e : une Opel Rekord 2.0 S de 1981"}]},{"@type":"WebSite","@id":"https:\/\/all-car-news.com\/fr\/#website","url":"https:\/\/all-car-news.com\/fr\/","name":"All cars news","description":"","publisher":{"@id":"https:\/\/all-car-news.com\/fr\/#organization"},"potentialAction":[{"@type":"SearchAction","target":{"@type":"EntryPoint","urlTemplate":"https:\/\/all-car-news.com\/fr\/?s={search_term_string}"},"query-input":"required name=search_term_string"}],"inLanguage":"fr-FR"},{"@type":"Organization","@id":"https:\/\/all-car-news.com\/fr\/#organization","name":"All cars news","url":"https:\/\/all-car-news.com\/fr\/","logo":{"@type":"ImageObject","inLanguage":"fr-FR","@id":"https:\/\/all-car-news.com\/fr\/#\/schema\/logo\/image\/","url":"https:\/\/all-car-news.com\/wp-content\/uploads\/2022\/02\/CMYK-AllCarNews_LANDSCAPE_300px-1.png","contentUrl":"https:\/\/all-car-news.com\/wp-content\/uploads\/2022\/02\/CMYK-AllCarNews_LANDSCAPE_300px-1.png","width":300,"height":100,"caption":"All cars news"},"image":{"@id":"https:\/\/all-car-news.com\/fr\/#\/schema\/logo\/image\/"}}]}},"_links":{"self":[{"href":"https:\/\/all-car-news.com\/fr\/wp-json\/wp\/v2\/posts\/161902","targetHints":{"allow":["GET"]}}],"collection":[{"href":"https:\/\/all-car-news.com\/fr\/wp-json\/wp\/v2\/posts"}],"about":[{"href":"https:\/\/all-car-news.com\/fr\/wp-json\/wp\/v2\/types\/post"}],"replies":[{"embeddable":true,"href":"https:\/\/all-car-news.com\/fr\/wp-json\/wp\/v2\/comments?post=161902"}],"version-history":[{"count":0,"href":"https:\/\/all-car-news.com\/fr\/wp-json\/wp\/v2\/posts\/161902\/revisions"}],"wp:featuredmedia":[{"embeddable":true,"href":"https:\/\/all-car-news.com\/fr\/wp-json\/wp\/v2\/media\/161896"}],"wp:attachment":[{"href":"https:\/\/all-car-news.com\/fr\/wp-json\/wp\/v2\/media?parent=161902"}],"wp:term":[{"taxonomy":"category","embeddable":true,"href":"https:\/\/all-car-news.com\/fr\/wp-json\/wp\/v2\/categories?post=161902"},{"taxonomy":"post_tag","embeddable":true,"href":"https:\/\/all-car-news.com\/fr\/wp-json\/wp\/v2\/tags?post=161902"}],"curies":[{"name":"wp","href":"https:\/\/api.w.org\/{rel}","templated":true}]}}