{"id":160725,"date":"2026-01-10T11:43:11","date_gmt":"2026-01-10T11:43:11","guid":{"rendered":"https:\/\/all-car-news.com\/rallye-dakar-etat-des-lieux-des-concurrents-neerlandais-dans-le-desert\/"},"modified":"2026-01-10T11:43:11","modified_gmt":"2026-01-10T11:43:11","slug":"rallye-dakar-etat-des-lieux-des-concurrents-neerlandais-dans-le-desert","status":"publish","type":"post","link":"https:\/\/all-car-news.com\/fr\/rallye-dakar-etat-des-lieux-des-concurrents-neerlandais-dans-le-desert\/","title":{"rendered":"Rallye Dakar : \u00e9tat des lieux des concurrents n\u00e9erlandais dans le d\u00e9sert"},"content":{"rendered":"<p>Cette ann\u00e9e encore, les N\u00e9erlandais participent au rallye le plus difficile du monde. En Arabie Saoudite, les participants sont confront\u00e9s \u00e0 une chaleur extr\u00eame, \u00e0 de longues \u00e9tapes et \u00e0 des marges d&rsquo;erreur minimes pendant des jours. Pour les constructeurs, les pilotes priv\u00e9s et les \u00e9quipes, le Dakar reste le rallye ultime en mati\u00e8re d&rsquo;endurance pour l&rsquo;homme et la machine. A l&rsquo;occasion de cette journ\u00e9e de repos, nous faisons le point sur leur situation au classement.   <\/p>\n<h2 class=\"wp-block-heading\"><strong>Participants n\u00e9erlandais au Dakar &#8211; Voitures<\/strong><\/h2>\n<p>Dans la cat\u00e9gorie des voitures, plusieurs noms n\u00e9erlandais sont au d\u00e9part. Certains roulent dans la classe sup\u00e9rieure avec une \u00e9quipe d&rsquo;usine, d&rsquo;autres en tant que duos priv\u00e9s qui s&rsquo;appuient principalement sur l&rsquo;exp\u00e9rience et la pers\u00e9v\u00e9rance, comme les fr\u00e8res Coronel. Voici les noms les plus connus parmi les voitures et leur position actuelle :  <\/p>\n<ul class=\"wp-block-list\">\n<li>38 &#8211; MITCHEL VAN DEN BRINK, BART VAN HEUN, JARNO VAN DE POL &#8211; EUROL RALLYSPORT<\/li>\n<li>41 &#8211; PUCK KLAASSEN, AUGUSTO SANZ &#8211; KTM X-BOW POWERED BY G RALLY TEAM<\/li>\n<li>49 &#8211; VAIDOTAS ZALA, PAULO FIUZA, MAX VAN GROL &#8211; N\u00f8RDIS TEAM DE ROOY FPT<\/li>\n<li>53 &#8211; KEES KOOLEN, JURGEN VAN DEN GOORBERGH &#8211; G RALLY TEAM<\/li>\n<li>62 &#8211; RICHARD DE GROOT, MARTIJN VAN ROOIJ, JAN HULSEBOSCH &#8211; FIREMEN RALLY TEAM<\/li>\n<li>67 &#8211; KAY HUZINK, ROB BUURSEN, GERRIT SCHONEVELD &#8211; KUIPERS JONGBLOED HYBRID<\/li>\n<li>68 &#8211; PAUL SPIERINGS, JAN PIETER VAN DER STELT &#8211; REBELLION &#8211; SPIERINGS<\/li>\n<li>76 &#8211; RICHARD ACZEL, WOUTER ROSEGAAR &#8211; SOUTH RACING CAN-AM<\/li>\n<li>80 &#8211; JANUS VAN KASTEREN, MARCEL SNIJDERS &#8211; SHIVER Offroad<\/li>\n<li>83 &#8211; MICHIEL BECX, WOUTER DE GRAAFF &#8211; SHIVER Offroad<\/li>\n<li>91 &#8211; LEX PETERS, MARK SALOMONS &#8211; G RALLY TEAM<\/li>\n<li>94 &#8211; MARTIN VAN DEN BRINK, PETER WILLEMSEN, RIJK MOUW &#8211; EUROL RALLYSPORT<\/li>\n<li>104 &#8211; BEN DE GROOT, AD HOFMANS, GOVERT BOOGAARD &#8211; DE GROOT SPORT<\/li>\n<li>108 &#8211; PIM KLAASSEN, MARK LAAN &#8211; DKR \/ DaklaPack Rallysport<\/li>\n<li>109 &#8211; ROGER GROUWELS, RUDOLF MEIJER &#8211; SHIVER Offroad<\/li>\n<li>115 &#8211; TIM CORONEL, TOM CORONEL &#8211; TEAM Coronel<\/li>\n<li>125 &#8211; DICK VAN CULENBORG, MARK KLINKHAMER &#8211; REBELLION &#8211; SPIERINGS<\/li>\n<\/ul>\n<h2 class=\"wp-block-heading\"><strong>Participants n\u00e9erlandais Dakar &#8211; Camions<\/strong><\/h2>\n<p>Ces gros bras, qui p\u00e8sent parfois plus de 10 tonnes, sautent les dunes comme si de rien n&rsquo;\u00e9tait. Les Pays-Bas ont une riche histoire sur le Dakar dans cette cat\u00e9gorie, avec des noms comme Jan et Gerard de Rooy et Hans Stacey, et il y a encore une fois une contribution n\u00e9erlandaise cette ann\u00e9e. Voici le classement interm\u00e9diaire :  <\/p>\n<ul class=\"wp-block-list\">\n<li>1 &#8211; MITCHEL VAN DEN BRINK, BART VAN HEUN, JARNO VAN DE POL &#8211; EUROL RALLYSPORT<\/li>\n<li>4 &#8211; VAIDOTAS ZALA, PAULO FIUZA, MAX VAN GROL &#8211; N\u00f8RDIS TEAM DE ROOY FPT<\/li>\n<li>5 &#8211; RICHARD DE GROOT, MARTIJN VAN ROOIJ, JAN HULSEBOSCH &#8211; FIREMEN RALLY TEAM<\/li>\n<li>6 &#8211; KAY HUZINK, ROB BUURSEN, GERRIT SCHONEVELD &#8211; KUIPERS JONGBLOED HYBRID  <\/li>\n<li>9 &#8211; MARTIN VAN DEN BRINK, PETER WILLEMSEN, RIJK MOUW &#8211; EUROL RALLYSPORT  <\/li>\n<li>10 &#8211; BEN DE GROOT, AD HOFMANS, GOVERT BOOGAARD &#8211; DE GROOT SPORT  <\/li>\n<li>13 &#8211; EGBERT WINGENS, MARIJE WINGENS &#8211; VAN ETTEKOVEN, MARIJN BEEKMANS &#8211; DDW RALLY TEAM<\/li>\n<li>14 &#8211; MARNIX LION, MARCO SIEMONS, BERT VAN DONKELAAR &#8211; LION<\/li>\n<\/ul>\n<h2 class=\"wp-block-heading\"><strong>Le Dakar reste une affaire n\u00e9erlandaise<\/strong><\/h2>\n<p>Bien que le Rallye Dakar se d\u00e9roule litt\u00e9ralement \u00e0 des milliers de kilom\u00e8tres des Pays-Bas, la participation n\u00e9erlandaise reste remarquablement \u00e9lev\u00e9e. Qu&rsquo;il s&rsquo;agisse de routiniers chevronn\u00e9s ou de d\u00e9butants qui poursuivent leur r\u00eave, les compatriotes prouvent chaque ann\u00e9e que les rallyes dans le d\u00e9sert ne sont pas r\u00e9serv\u00e9s aux pilotes des pays sablonneux. Le Dakar peut \u00eatre suivi jusqu&rsquo;au 17 janvier via <a href=\"https:\/\/www.dakar.com\/en\/\" target=\"_blank\" rel=\"noreferrer noopener\">ce site web<\/a>.  <\/p>\n<p><em>Photo d&rsquo;en-t\u00eate par <a href=\"https:\/\/coronelrallyteam.nl\/\" target=\"_blank\" rel=\"noreferrer noopener\">Coronel Rally Team<\/a><\/em><\/p>\n","protected":false},"excerpt":{"rendered":"Cette ann\u00e9e encore, les N\u00e9erlandais participent au rallye le plus difficile du monde. En Arabie Saoudite, les participants sont confront\u00e9s\u2026","protected":false},"author":0,"featured_media":160703,"comment_status":"","ping_status":"open","sticky":false,"template":"","format":"standard","meta":{"footnotes":""},"categories":[127],"tags":[],"class_list":["post-160725","post","type-post","status-publish","format-standard","has-post-thumbnail","hentry","category-nouvelles-de-voiture"],"acf":[],"yoast_head":"<!-- This site is optimized with the Yoast SEO plugin v21.2 - https:\/\/yoast.com\/wordpress\/plugins\/seo\/ -->\n<title>Rallye Dakar : \u00e9tat des lieux des concurrents n\u00e9erlandais dans le d\u00e9sert - All cars news<\/title>\n<meta name=\"robots\" content=\"index, follow, max-snippet:-1, max-image-preview:large, max-video-preview:-1\" \/>\n<link rel=\"canonical\" href=\"https:\/\/all-car-news.com\/fr\/rallye-dakar-etat-des-lieux-des-concurrents-neerlandais-dans-le-desert\/\" \/>\n<meta property=\"og:locale\" content=\"fr_FR\" \/>\n<meta property=\"og:type\" content=\"article\" \/>\n<meta property=\"og:title\" content=\"Rallye Dakar : \u00e9tat des lieux des concurrents n\u00e9erlandais dans le d\u00e9sert - All cars news\" \/>\n<meta property=\"og:description\" content=\"Cette ann\u00e9e encore, les N\u00e9erlandais participent au rallye le plus difficile du monde. En Arabie Saoudite, les participants sont confront\u00e9s \u00e0 une chaleur extr\u00eame, \u00e0 de longues \u00e9tapes et \u00e0 des marges d&#039;erreur minimes pendant des jours. Pour les constructeurs, les pilotes priv\u00e9s et les \u00e9quipes, le Dakar reste le rallye ultime en mati\u00e8re d&#039;endurance pour l&#039;homme et la machine. Pendant [...]\" \/>\n<meta property=\"og:url\" content=\"https:\/\/all-car-news.com\/fr\/rallye-dakar-etat-des-lieux-des-concurrents-neerlandais-dans-le-desert\/\" \/>\n<meta property=\"og:site_name\" content=\"All cars news\" \/>\n<meta property=\"article:published_time\" content=\"2026-01-10T11:43:11+00:00\" \/>\n<meta name=\"twitter:card\" content=\"summary_large_image\" \/>\n<meta name=\"twitter:label1\" content=\"Dur\u00e9e de lecture estim\u00e9e\" \/>\n\t<meta name=\"twitter:data1\" content=\"3 minutes\" \/>\n<script type=\"application\/ld+json\" class=\"yoast-schema-graph\">{\"@context\":\"https:\/\/schema.org\",\"@graph\":[{\"@type\":\"Article\",\"@id\":\"https:\/\/all-car-news.com\/fr\/rallye-dakar-etat-des-lieux-des-concurrents-neerlandais-dans-le-desert\/#article\",\"isPartOf\":{\"@id\":\"https:\/\/all-car-news.com\/fr\/rallye-dakar-etat-des-lieux-des-concurrents-neerlandais-dans-le-desert\/\"},\"author\":{\"name\":\"\",\"@id\":\"\"},\"headline\":\"Rallye Dakar : \u00e9tat des lieux des concurrents n\u00e9erlandais dans le d\u00e9sert\",\"datePublished\":\"2026-01-10T11:43:11+00:00\",\"dateModified\":\"2026-01-10T11:43:11+00:00\",\"mainEntityOfPage\":{\"@id\":\"https:\/\/all-car-news.com\/fr\/rallye-dakar-etat-des-lieux-des-concurrents-neerlandais-dans-le-desert\/\"},\"wordCount\":606,\"publisher\":{\"@id\":\"https:\/\/all-car-news.com\/fr\/#organization\"},\"articleSection\":[\"nouvelles de voiture\"],\"inLanguage\":\"fr-FR\"},{\"@type\":\"WebPage\",\"@id\":\"https:\/\/all-car-news.com\/fr\/rallye-dakar-etat-des-lieux-des-concurrents-neerlandais-dans-le-desert\/\",\"url\":\"https:\/\/all-car-news.com\/fr\/rallye-dakar-etat-des-lieux-des-concurrents-neerlandais-dans-le-desert\/\",\"name\":\"Rallye Dakar : \u00e9tat des lieux des concurrents n\u00e9erlandais dans le d\u00e9sert - All cars news\",\"isPartOf\":{\"@id\":\"https:\/\/all-car-news.com\/fr\/#website\"},\"datePublished\":\"2026-01-10T11:43:11+00:00\",\"dateModified\":\"2026-01-10T11:43:11+00:00\",\"breadcrumb\":{\"@id\":\"https:\/\/all-car-news.com\/fr\/rallye-dakar-etat-des-lieux-des-concurrents-neerlandais-dans-le-desert\/#breadcrumb\"},\"inLanguage\":\"fr-FR\",\"potentialAction\":[{\"@type\":\"ReadAction\",\"target\":[\"https:\/\/all-car-news.com\/fr\/rallye-dakar-etat-des-lieux-des-concurrents-neerlandais-dans-le-desert\/\"]}]},{\"@type\":\"BreadcrumbList\",\"@id\":\"https:\/\/all-car-news.com\/fr\/rallye-dakar-etat-des-lieux-des-concurrents-neerlandais-dans-le-desert\/#breadcrumb\",\"itemListElement\":[{\"@type\":\"ListItem\",\"position\":1,\"name\":\"Home\",\"item\":\"https:\/\/all-car-news.com\/fr\/\"},{\"@type\":\"ListItem\",\"position\":2,\"name\":\"Rallye Dakar : \u00e9tat des lieux des concurrents n\u00e9erlandais dans le d\u00e9sert\"}]},{\"@type\":\"WebSite\",\"@id\":\"https:\/\/all-car-news.com\/fr\/#website\",\"url\":\"https:\/\/all-car-news.com\/fr\/\",\"name\":\"All cars news\",\"description\":\"\",\"publisher\":{\"@id\":\"https:\/\/all-car-news.com\/fr\/#organization\"},\"potentialAction\":[{\"@type\":\"SearchAction\",\"target\":{\"@type\":\"EntryPoint\",\"urlTemplate\":\"https:\/\/all-car-news.com\/fr\/?s={search_term_string}\"},\"query-input\":\"required name=search_term_string\"}],\"inLanguage\":\"fr-FR\"},{\"@type\":\"Organization\",\"@id\":\"https:\/\/all-car-news.com\/fr\/#organization\",\"name\":\"All cars news\",\"url\":\"https:\/\/all-car-news.com\/fr\/\",\"logo\":{\"@type\":\"ImageObject\",\"inLanguage\":\"fr-FR\",\"@id\":\"https:\/\/all-car-news.com\/fr\/#\/schema\/logo\/image\/\",\"url\":\"https:\/\/all-car-news.com\/wp-content\/uploads\/2022\/02\/CMYK-AllCarNews_LANDSCAPE_300px-1.png\",\"contentUrl\":\"https:\/\/all-car-news.com\/wp-content\/uploads\/2022\/02\/CMYK-AllCarNews_LANDSCAPE_300px-1.png\",\"width\":300,\"height\":100,\"caption\":\"All cars news\"},\"image\":{\"@id\":\"https:\/\/all-car-news.com\/fr\/#\/schema\/logo\/image\/\"}}]}<\/script>\n<!-- \/ Yoast SEO plugin. -->","yoast_head_json":{"title":"Rallye Dakar : \u00e9tat des lieux des concurrents n\u00e9erlandais dans le d\u00e9sert - All cars news","robots":{"index":"index","follow":"follow","max-snippet":"max-snippet:-1","max-image-preview":"max-image-preview:large","max-video-preview":"max-video-preview:-1"},"canonical":"https:\/\/all-car-news.com\/fr\/rallye-dakar-etat-des-lieux-des-concurrents-neerlandais-dans-le-desert\/","og_locale":"fr_FR","og_type":"article","og_title":"Rallye Dakar : \u00e9tat des lieux des concurrents n\u00e9erlandais dans le d\u00e9sert - All cars news","og_description":"Cette ann\u00e9e encore, les N\u00e9erlandais participent au rallye le plus difficile du monde. En Arabie Saoudite, les participants sont confront\u00e9s \u00e0 une chaleur extr\u00eame, \u00e0 de longues \u00e9tapes et \u00e0 des marges d'erreur minimes pendant des jours. Pour les constructeurs, les pilotes priv\u00e9s et les \u00e9quipes, le Dakar reste le rallye ultime en mati\u00e8re d'endurance pour l'homme et la machine. Pendant [...]","og_url":"https:\/\/all-car-news.com\/fr\/rallye-dakar-etat-des-lieux-des-concurrents-neerlandais-dans-le-desert\/","og_site_name":"All cars news","article_published_time":"2026-01-10T11:43:11+00:00","twitter_card":"summary_large_image","twitter_misc":{"Dur\u00e9e de lecture estim\u00e9e":"3 minutes"},"schema":{"@context":"https:\/\/schema.org","@graph":[{"@type":"Article","@id":"https:\/\/all-car-news.com\/fr\/rallye-dakar-etat-des-lieux-des-concurrents-neerlandais-dans-le-desert\/#article","isPartOf":{"@id":"https:\/\/all-car-news.com\/fr\/rallye-dakar-etat-des-lieux-des-concurrents-neerlandais-dans-le-desert\/"},"author":{"name":"","@id":""},"headline":"Rallye Dakar : \u00e9tat des lieux des concurrents n\u00e9erlandais dans le d\u00e9sert","datePublished":"2026-01-10T11:43:11+00:00","dateModified":"2026-01-10T11:43:11+00:00","mainEntityOfPage":{"@id":"https:\/\/all-car-news.com\/fr\/rallye-dakar-etat-des-lieux-des-concurrents-neerlandais-dans-le-desert\/"},"wordCount":606,"publisher":{"@id":"https:\/\/all-car-news.com\/fr\/#organization"},"articleSection":["nouvelles de voiture"],"inLanguage":"fr-FR"},{"@type":"WebPage","@id":"https:\/\/all-car-news.com\/fr\/rallye-dakar-etat-des-lieux-des-concurrents-neerlandais-dans-le-desert\/","url":"https:\/\/all-car-news.com\/fr\/rallye-dakar-etat-des-lieux-des-concurrents-neerlandais-dans-le-desert\/","name":"Rallye Dakar : \u00e9tat des lieux des concurrents n\u00e9erlandais dans le d\u00e9sert - All cars news","isPartOf":{"@id":"https:\/\/all-car-news.com\/fr\/#website"},"datePublished":"2026-01-10T11:43:11+00:00","dateModified":"2026-01-10T11:43:11+00:00","breadcrumb":{"@id":"https:\/\/all-car-news.com\/fr\/rallye-dakar-etat-des-lieux-des-concurrents-neerlandais-dans-le-desert\/#breadcrumb"},"inLanguage":"fr-FR","potentialAction":[{"@type":"ReadAction","target":["https:\/\/all-car-news.com\/fr\/rallye-dakar-etat-des-lieux-des-concurrents-neerlandais-dans-le-desert\/"]}]},{"@type":"BreadcrumbList","@id":"https:\/\/all-car-news.com\/fr\/rallye-dakar-etat-des-lieux-des-concurrents-neerlandais-dans-le-desert\/#breadcrumb","itemListElement":[{"@type":"ListItem","position":1,"name":"Home","item":"https:\/\/all-car-news.com\/fr\/"},{"@type":"ListItem","position":2,"name":"Rallye Dakar : \u00e9tat des lieux des concurrents n\u00e9erlandais dans le d\u00e9sert"}]},{"@type":"WebSite","@id":"https:\/\/all-car-news.com\/fr\/#website","url":"https:\/\/all-car-news.com\/fr\/","name":"All cars news","description":"","publisher":{"@id":"https:\/\/all-car-news.com\/fr\/#organization"},"potentialAction":[{"@type":"SearchAction","target":{"@type":"EntryPoint","urlTemplate":"https:\/\/all-car-news.com\/fr\/?s={search_term_string}"},"query-input":"required name=search_term_string"}],"inLanguage":"fr-FR"},{"@type":"Organization","@id":"https:\/\/all-car-news.com\/fr\/#organization","name":"All cars news","url":"https:\/\/all-car-news.com\/fr\/","logo":{"@type":"ImageObject","inLanguage":"fr-FR","@id":"https:\/\/all-car-news.com\/fr\/#\/schema\/logo\/image\/","url":"https:\/\/all-car-news.com\/wp-content\/uploads\/2022\/02\/CMYK-AllCarNews_LANDSCAPE_300px-1.png","contentUrl":"https:\/\/all-car-news.com\/wp-content\/uploads\/2022\/02\/CMYK-AllCarNews_LANDSCAPE_300px-1.png","width":300,"height":100,"caption":"All cars news"},"image":{"@id":"https:\/\/all-car-news.com\/fr\/#\/schema\/logo\/image\/"}}]}},"_links":{"self":[{"href":"https:\/\/all-car-news.com\/fr\/wp-json\/wp\/v2\/posts\/160725","targetHints":{"allow":["GET"]}}],"collection":[{"href":"https:\/\/all-car-news.com\/fr\/wp-json\/wp\/v2\/posts"}],"about":[{"href":"https:\/\/all-car-news.com\/fr\/wp-json\/wp\/v2\/types\/post"}],"replies":[{"embeddable":true,"href":"https:\/\/all-car-news.com\/fr\/wp-json\/wp\/v2\/comments?post=160725"}],"version-history":[{"count":0,"href":"https:\/\/all-car-news.com\/fr\/wp-json\/wp\/v2\/posts\/160725\/revisions"}],"wp:featuredmedia":[{"embeddable":true,"href":"https:\/\/all-car-news.com\/fr\/wp-json\/wp\/v2\/media\/160703"}],"wp:attachment":[{"href":"https:\/\/all-car-news.com\/fr\/wp-json\/wp\/v2\/media?parent=160725"}],"wp:term":[{"taxonomy":"category","embeddable":true,"href":"https:\/\/all-car-news.com\/fr\/wp-json\/wp\/v2\/categories?post=160725"},{"taxonomy":"post_tag","embeddable":true,"href":"https:\/\/all-car-news.com\/fr\/wp-json\/wp\/v2\/tags?post=160725"}],"curies":[{"name":"wp","href":"https:\/\/api.w.org\/{rel}","templated":true}]}}