{"id":160644,"date":"2026-01-06T16:10:21","date_gmt":"2026-01-06T16:10:21","guid":{"rendered":"https:\/\/all-car-news.com\/verge-ts-pro-avec-une-portee-de-600-km\/"},"modified":"2026-01-06T16:10:21","modified_gmt":"2026-01-06T16:10:21","slug":"verge-ts-pro-avec-une-portee-de-600-km","status":"publish","type":"post","link":"https:\/\/all-car-news.com\/fr\/verge-ts-pro-avec-une-portee-de-600-km\/","title":{"rendered":"Verge TS Pro avec une port\u00e9e de 600 km"},"content":{"rendered":"<p>Le nouveau Verge TS Pro pr\u00e9sente de nombreuses mises \u00e0 jour qui portent les caract\u00e9ristiques techniques et l&rsquo;exp\u00e9rience utilisateur du v\u00e9lo \u00e0 un niveau totalement nouveau. Le point fort du nouveau mod\u00e8le est l&rsquo;application de la nouvelle g\u00e9n\u00e9ration du c\u00e9l\u00e8bre moteur sans moyeu de Verge : le moteur Donut 2.0. Ce moteur offre des performances sans pr\u00e9c\u00e9dent avec un poids r\u00e9duit de 50 %.  <\/p>\n<p><img decoding=\"async\" loading=\"lazy\" width=\"1140\" height=\"641\" class=\"alignnone size-medium wp-image-29162\" src=\"https:\/\/motorrai.nl\/wp-content\/uploads\/2026\/01\/2262886-1140x641.webp\" alt=\"\"><\/p>\n<h2>Moteur \u00e9lectrique sans moyeu de Verge<\/h2>\n<p>La Verge TS Pro est le mod\u00e8le le plus populaire du fabricant finlandais de motos \u00e9lectriques Verge Motorcycles, dont la production en s\u00e9rie d\u00e9butera en 2023. La mise \u00e0 jour de la Verge TS Pro souligne la forte expertise technique de l&rsquo;entreprise. Cette moto est d\u00e9sormais \u00e9quip\u00e9e d&rsquo;un moteur Donut sans moyeu plus l\u00e9ger et d&rsquo;une nouvelle batterie \u00e0 l&rsquo;\u00e9tat solide.  <\/p>\n<h2>140 ch et 1 000 Nm !<\/h2>\n<p>Au c\u0153ur du Verge TS Pro redessin\u00e9 se trouve le moteur Donut Engine 2.0, brevet\u00e9 et distinctif, qui a \u00e9t\u00e9 radicalement redessin\u00e9. Ce moteur d\u00e9livre la m\u00eame puissance impressionnante de 140 ch et un couple de 1 000 Nm. Mais il est 50 % plus l\u00e9ger. La moto est ainsi plus l\u00e9g\u00e8re dans son ensemble (poids total de 230 kg) et am\u00e9liore consid\u00e9rablement l&rsquo;efficacit\u00e9, la stabilit\u00e9 et le contr\u00f4le. Le sprint de 0 \u00e0 100 km\/h est effectu\u00e9 en seulement 3,5 secondes.    <\/p>\n<p><img decoding=\"async\" loading=\"lazy\" width=\"1100\" height=\"619\" class=\"alignnone size-full wp-image-26684\" src=\"https:\/\/motorrai.nl\/wp-content\/uploads\/2023\/01\/Verge-TS-10.jpg\" alt=\"\"><\/p>\n<h2>Verge charge \u00e0 la vitesse de l&rsquo;\u00e9clair<\/h2>\n<p>Avec une batterie \u00e0 l&rsquo;\u00e9tat solide am\u00e9lior\u00e9e et puissante de 20,2 kWh ou 33 kWh, la Verge TS Pro \u00e9tablit une nouvelle norme pour les motos \u00e9lectriques. Cette batterie offre une autonomie allant jusqu&rsquo;\u00e0 350 km ou jusqu&rsquo;\u00e0 600 km. Elle peut \u00eatre recharg\u00e9e \u00e0 80 % en dix minutes gr\u00e2ce \u00e0 la charge rapide. Une technologie de contr\u00f4le avanc\u00e9e garantit non seulement une charge plus efficace, mais aussi une meilleure gestion thermique et \u00e9nerg\u00e9tique. La moto prend en charge la recharge CCS en Europe.    <\/p>\n<h2>Grands \u00e9crans<\/h2>\n<p>Le Verge TS Pro redessin\u00e9 pr\u00e9sente des \u00e9crans plus grands et plus clairs, qui informent mieux le cycliste sur l&rsquo;\u00e9tat du v\u00e9lo, l&rsquo;environnement et les alertes. L&rsquo;interface utilisateur est plus intuitive et affiche un plus grand nombre de donn\u00e9es de conduite. La connectivit\u00e9 am\u00e9lior\u00e9e et la technologie Bluetooth int\u00e9gr\u00e9e font \u00e9galement partie de la derni\u00e8re version de l&rsquo;IHM Verge TS Pro.  <\/p>\n<p><img decoding=\"async\" loading=\"lazy\" width=\"1100\" height=\"619\" class=\"alignnone size-full wp-image-26683\" src=\"https:\/\/motorrai.nl\/wp-content\/uploads\/2023\/01\/Verge-TS-9.jpg\" alt=\"\"><\/p>\n<h2>Mises \u00e0 jour du logiciel<\/h2>\n<p>La plateforme Starmatter d\u00e9velopp\u00e9e par Verge combine des mises \u00e0 jour logicielles, la technologie des capteurs, l&rsquo;intelligence artificielle et une interface utilisateur avanc\u00e9e. Elle permet des mises \u00e0 jour automatiques OTA (over-the-air), ce qui permet aux utilisateurs de Verge de b\u00e9n\u00e9ficier de nouvelles fonctionnalit\u00e9s et d&rsquo;am\u00e9liorations de performance sans effort. <\/p>\n<h2>Fonctions de mise \u00e0 niveau<\/h2>\n<p>Le mat\u00e9riel interne modernis\u00e9 de la moto permet d&rsquo;activer de nouvelles fonctionnalit\u00e9s sans modifications physiques, ce qui permet \u00e0 la moto d&rsquo;\u00eatre \u00e0 l&rsquo;\u00e9preuve du temps et d&rsquo;\u00eatre actualis\u00e9e tout au long de son cycle de vie. La plateforme Starmatter est con\u00e7ue pour une utilisation mobile et de bureau. <\/p>\n<p><img decoding=\"async\" loading=\"lazy\" width=\"760\" height=\"1140\" class=\"alignnone size-medium wp-image-29163\" src=\"https:\/\/motorrai.nl\/wp-content\/uploads\/2026\/01\/Verge-TS-Pro-at-CES23_2-1-760x1140.jpg\" alt=\"\"><\/p>\n<h2>Commentaires des clients<\/h2>\n<p>Au cours des derni\u00e8res ann\u00e9es, Verge a recueilli des commentaires et des id\u00e9es \u00e0 partir de nombreux essais effectu\u00e9s par des clients. Sur cette base, la suspension et l&rsquo;amortissement du v\u00e9lo ont \u00e9t\u00e9 revus. Les sensations de conduite et la maniabilit\u00e9 ont \u00e9t\u00e9 am\u00e9lior\u00e9es et l&rsquo;angle de la selle a \u00e9t\u00e9 ajust\u00e9 \u00e0 25 degr\u00e9s, ce qui permet d&rsquo;obtenir une position de conduite plus confortable et plus ergonomique.  <\/p>\n<h2>Puis-je acheter le Verge TS Pro ?<\/h2>\n<p>La moto Verge n&rsquo;est pas encore disponible chez un concessionnaire aux Pays-Bas, mais vous pouvez la d\u00e9couvrir sur son site web et il existe des concessionnaires \u00e0 Oberhausen et Hambourg o\u00f9 vous pouvez \u00e9galement l&rsquo;essayer. Le lien vers le site web : www.vergemotorcycles.com\/gl_en\/ts-pro\/. <\/p>\n<p>&nbsp;<\/p>\n<p>&nbsp;<\/p>\n","protected":false},"excerpt":{"rendered":"Le nouveau Verge TS Pro pr\u00e9sente de nombreuses mises \u00e0 jour qui portent les caract\u00e9ristiques techniques et l'exp\u00e9rience utilisateur du\u2026","protected":false},"author":0,"featured_media":160628,"comment_status":"","ping_status":"open","sticky":false,"template":"","format":"standard","meta":{"footnotes":""},"categories":[127],"tags":[],"class_list":["post-160644","post","type-post","status-publish","format-standard","has-post-thumbnail","hentry","category-nouvelles-de-voiture"],"acf":[],"yoast_head":"<!-- This site is optimized with the Yoast SEO plugin v21.2 - https:\/\/yoast.com\/wordpress\/plugins\/seo\/ -->\n<title>Verge TS Pro avec une port\u00e9e de 600 km - All cars news<\/title>\n<meta name=\"robots\" content=\"index, follow, max-snippet:-1, max-image-preview:large, max-video-preview:-1\" \/>\n<link rel=\"canonical\" href=\"https:\/\/all-car-news.com\/fr\/verge-ts-pro-avec-une-portee-de-600-km\/\" \/>\n<meta property=\"og:locale\" content=\"fr_FR\" \/>\n<meta property=\"og:type\" content=\"article\" \/>\n<meta property=\"og:title\" content=\"Verge TS Pro avec une port\u00e9e de 600 km - All cars news\" \/>\n<meta property=\"og:description\" content=\"Le nouveau Verge TS Pro pr\u00e9sente de nombreuses mises \u00e0 jour qui portent les caract\u00e9ristiques techniques et l&#039;exp\u00e9rience utilisateur du v\u00e9lo \u00e0 un niveau totalement nouveau. Le point fort du nouveau mod\u00e8le est l&#039;application de la nouvelle g\u00e9n\u00e9ration du c\u00e9l\u00e8bre moteur sans moyeu de Verge : le moteur Donut 2.0. Ce moteur offre des performances sans pr\u00e9c\u00e9dent avec 50 % de [...]\" \/>\n<meta property=\"og:url\" content=\"https:\/\/all-car-news.com\/fr\/verge-ts-pro-avec-une-portee-de-600-km\/\" \/>\n<meta property=\"og:site_name\" content=\"All cars news\" \/>\n<meta property=\"article:published_time\" content=\"2026-01-06T16:10:21+00:00\" \/>\n<meta property=\"og:image\" content=\"https:\/\/motorrai.nl\/wp-content\/uploads\/2026\/01\/2262886-1140x641.webp\" \/>\n<meta name=\"twitter:card\" content=\"summary_large_image\" \/>\n<meta name=\"twitter:label1\" content=\"Dur\u00e9e de lecture estim\u00e9e\" \/>\n\t<meta name=\"twitter:data1\" content=\"3 minutes\" \/>\n<script type=\"application\/ld+json\" class=\"yoast-schema-graph\">{\"@context\":\"https:\/\/schema.org\",\"@graph\":[{\"@type\":\"Article\",\"@id\":\"https:\/\/all-car-news.com\/fr\/verge-ts-pro-avec-une-portee-de-600-km\/#article\",\"isPartOf\":{\"@id\":\"https:\/\/all-car-news.com\/fr\/verge-ts-pro-avec-une-portee-de-600-km\/\"},\"author\":{\"name\":\"\",\"@id\":\"\"},\"headline\":\"Verge TS Pro avec une port\u00e9e de 600 km\",\"datePublished\":\"2026-01-06T16:10:21+00:00\",\"dateModified\":\"2026-01-06T16:10:21+00:00\",\"mainEntityOfPage\":{\"@id\":\"https:\/\/all-car-news.com\/fr\/verge-ts-pro-avec-une-portee-de-600-km\/\"},\"wordCount\":645,\"publisher\":{\"@id\":\"https:\/\/all-car-news.com\/fr\/#organization\"},\"articleSection\":[\"nouvelles de voiture\"],\"inLanguage\":\"fr-FR\"},{\"@type\":\"WebPage\",\"@id\":\"https:\/\/all-car-news.com\/fr\/verge-ts-pro-avec-une-portee-de-600-km\/\",\"url\":\"https:\/\/all-car-news.com\/fr\/verge-ts-pro-avec-une-portee-de-600-km\/\",\"name\":\"Verge TS Pro avec une port\u00e9e de 600 km - All cars news\",\"isPartOf\":{\"@id\":\"https:\/\/all-car-news.com\/fr\/#website\"},\"datePublished\":\"2026-01-06T16:10:21+00:00\",\"dateModified\":\"2026-01-06T16:10:21+00:00\",\"breadcrumb\":{\"@id\":\"https:\/\/all-car-news.com\/fr\/verge-ts-pro-avec-une-portee-de-600-km\/#breadcrumb\"},\"inLanguage\":\"fr-FR\",\"potentialAction\":[{\"@type\":\"ReadAction\",\"target\":[\"https:\/\/all-car-news.com\/fr\/verge-ts-pro-avec-une-portee-de-600-km\/\"]}]},{\"@type\":\"BreadcrumbList\",\"@id\":\"https:\/\/all-car-news.com\/fr\/verge-ts-pro-avec-une-portee-de-600-km\/#breadcrumb\",\"itemListElement\":[{\"@type\":\"ListItem\",\"position\":1,\"name\":\"Home\",\"item\":\"https:\/\/all-car-news.com\/fr\/\"},{\"@type\":\"ListItem\",\"position\":2,\"name\":\"Verge TS Pro avec une port\u00e9e de 600 km\"}]},{\"@type\":\"WebSite\",\"@id\":\"https:\/\/all-car-news.com\/fr\/#website\",\"url\":\"https:\/\/all-car-news.com\/fr\/\",\"name\":\"All cars news\",\"description\":\"\",\"publisher\":{\"@id\":\"https:\/\/all-car-news.com\/fr\/#organization\"},\"potentialAction\":[{\"@type\":\"SearchAction\",\"target\":{\"@type\":\"EntryPoint\",\"urlTemplate\":\"https:\/\/all-car-news.com\/fr\/?s={search_term_string}\"},\"query-input\":\"required name=search_term_string\"}],\"inLanguage\":\"fr-FR\"},{\"@type\":\"Organization\",\"@id\":\"https:\/\/all-car-news.com\/fr\/#organization\",\"name\":\"All cars news\",\"url\":\"https:\/\/all-car-news.com\/fr\/\",\"logo\":{\"@type\":\"ImageObject\",\"inLanguage\":\"fr-FR\",\"@id\":\"https:\/\/all-car-news.com\/fr\/#\/schema\/logo\/image\/\",\"url\":\"https:\/\/all-car-news.com\/wp-content\/uploads\/2022\/02\/CMYK-AllCarNews_LANDSCAPE_300px-1.png\",\"contentUrl\":\"https:\/\/all-car-news.com\/wp-content\/uploads\/2022\/02\/CMYK-AllCarNews_LANDSCAPE_300px-1.png\",\"width\":300,\"height\":100,\"caption\":\"All cars news\"},\"image\":{\"@id\":\"https:\/\/all-car-news.com\/fr\/#\/schema\/logo\/image\/\"}}]}<\/script>\n<!-- \/ Yoast SEO plugin. -->","yoast_head_json":{"title":"Verge TS Pro avec une port\u00e9e de 600 km - All cars news","robots":{"index":"index","follow":"follow","max-snippet":"max-snippet:-1","max-image-preview":"max-image-preview:large","max-video-preview":"max-video-preview:-1"},"canonical":"https:\/\/all-car-news.com\/fr\/verge-ts-pro-avec-une-portee-de-600-km\/","og_locale":"fr_FR","og_type":"article","og_title":"Verge TS Pro avec une port\u00e9e de 600 km - All cars news","og_description":"Le nouveau Verge TS Pro pr\u00e9sente de nombreuses mises \u00e0 jour qui portent les caract\u00e9ristiques techniques et l'exp\u00e9rience utilisateur du v\u00e9lo \u00e0 un niveau totalement nouveau. Le point fort du nouveau mod\u00e8le est l'application de la nouvelle g\u00e9n\u00e9ration du c\u00e9l\u00e8bre moteur sans moyeu de Verge : le moteur Donut 2.0. Ce moteur offre des performances sans pr\u00e9c\u00e9dent avec 50 % de [...]","og_url":"https:\/\/all-car-news.com\/fr\/verge-ts-pro-avec-une-portee-de-600-km\/","og_site_name":"All cars news","article_published_time":"2026-01-06T16:10:21+00:00","og_image":[{"url":"https:\/\/motorrai.nl\/wp-content\/uploads\/2026\/01\/2262886-1140x641.webp"}],"twitter_card":"summary_large_image","twitter_misc":{"Dur\u00e9e de lecture estim\u00e9e":"3 minutes"},"schema":{"@context":"https:\/\/schema.org","@graph":[{"@type":"Article","@id":"https:\/\/all-car-news.com\/fr\/verge-ts-pro-avec-une-portee-de-600-km\/#article","isPartOf":{"@id":"https:\/\/all-car-news.com\/fr\/verge-ts-pro-avec-une-portee-de-600-km\/"},"author":{"name":"","@id":""},"headline":"Verge TS Pro avec une port\u00e9e de 600 km","datePublished":"2026-01-06T16:10:21+00:00","dateModified":"2026-01-06T16:10:21+00:00","mainEntityOfPage":{"@id":"https:\/\/all-car-news.com\/fr\/verge-ts-pro-avec-une-portee-de-600-km\/"},"wordCount":645,"publisher":{"@id":"https:\/\/all-car-news.com\/fr\/#organization"},"articleSection":["nouvelles de voiture"],"inLanguage":"fr-FR"},{"@type":"WebPage","@id":"https:\/\/all-car-news.com\/fr\/verge-ts-pro-avec-une-portee-de-600-km\/","url":"https:\/\/all-car-news.com\/fr\/verge-ts-pro-avec-une-portee-de-600-km\/","name":"Verge TS Pro avec une port\u00e9e de 600 km - All cars news","isPartOf":{"@id":"https:\/\/all-car-news.com\/fr\/#website"},"datePublished":"2026-01-06T16:10:21+00:00","dateModified":"2026-01-06T16:10:21+00:00","breadcrumb":{"@id":"https:\/\/all-car-news.com\/fr\/verge-ts-pro-avec-une-portee-de-600-km\/#breadcrumb"},"inLanguage":"fr-FR","potentialAction":[{"@type":"ReadAction","target":["https:\/\/all-car-news.com\/fr\/verge-ts-pro-avec-une-portee-de-600-km\/"]}]},{"@type":"BreadcrumbList","@id":"https:\/\/all-car-news.com\/fr\/verge-ts-pro-avec-une-portee-de-600-km\/#breadcrumb","itemListElement":[{"@type":"ListItem","position":1,"name":"Home","item":"https:\/\/all-car-news.com\/fr\/"},{"@type":"ListItem","position":2,"name":"Verge TS Pro avec une port\u00e9e de 600 km"}]},{"@type":"WebSite","@id":"https:\/\/all-car-news.com\/fr\/#website","url":"https:\/\/all-car-news.com\/fr\/","name":"All cars news","description":"","publisher":{"@id":"https:\/\/all-car-news.com\/fr\/#organization"},"potentialAction":[{"@type":"SearchAction","target":{"@type":"EntryPoint","urlTemplate":"https:\/\/all-car-news.com\/fr\/?s={search_term_string}"},"query-input":"required name=search_term_string"}],"inLanguage":"fr-FR"},{"@type":"Organization","@id":"https:\/\/all-car-news.com\/fr\/#organization","name":"All cars news","url":"https:\/\/all-car-news.com\/fr\/","logo":{"@type":"ImageObject","inLanguage":"fr-FR","@id":"https:\/\/all-car-news.com\/fr\/#\/schema\/logo\/image\/","url":"https:\/\/all-car-news.com\/wp-content\/uploads\/2022\/02\/CMYK-AllCarNews_LANDSCAPE_300px-1.png","contentUrl":"https:\/\/all-car-news.com\/wp-content\/uploads\/2022\/02\/CMYK-AllCarNews_LANDSCAPE_300px-1.png","width":300,"height":100,"caption":"All cars news"},"image":{"@id":"https:\/\/all-car-news.com\/fr\/#\/schema\/logo\/image\/"}}]}},"_links":{"self":[{"href":"https:\/\/all-car-news.com\/fr\/wp-json\/wp\/v2\/posts\/160644","targetHints":{"allow":["GET"]}}],"collection":[{"href":"https:\/\/all-car-news.com\/fr\/wp-json\/wp\/v2\/posts"}],"about":[{"href":"https:\/\/all-car-news.com\/fr\/wp-json\/wp\/v2\/types\/post"}],"replies":[{"embeddable":true,"href":"https:\/\/all-car-news.com\/fr\/wp-json\/wp\/v2\/comments?post=160644"}],"version-history":[{"count":0,"href":"https:\/\/all-car-news.com\/fr\/wp-json\/wp\/v2\/posts\/160644\/revisions"}],"wp:featuredmedia":[{"embeddable":true,"href":"https:\/\/all-car-news.com\/fr\/wp-json\/wp\/v2\/media\/160628"}],"wp:attachment":[{"href":"https:\/\/all-car-news.com\/fr\/wp-json\/wp\/v2\/media?parent=160644"}],"wp:term":[{"taxonomy":"category","embeddable":true,"href":"https:\/\/all-car-news.com\/fr\/wp-json\/wp\/v2\/categories?post=160644"},{"taxonomy":"post_tag","embeddable":true,"href":"https:\/\/all-car-news.com\/fr\/wp-json\/wp\/v2\/tags?post=160644"}],"curies":[{"name":"wp","href":"https:\/\/api.w.org\/{rel}","templated":true}]}}