{"id":159894,"date":"2025-11-26T09:15:00","date_gmt":"2025-11-26T09:15:00","guid":{"rendered":"https:\/\/all-car-news.com\/mise-a-jour-de-la-honda-civic-voyez-vous-les-differences\/"},"modified":"2025-11-26T09:15:00","modified_gmt":"2025-11-26T09:15:00","slug":"mise-a-jour-de-la-honda-civic-voyez-vous-les-differences","status":"publish","type":"post","link":"https:\/\/all-car-news.com\/fr\/mise-a-jour-de-la-honda-civic-voyez-vous-les-differences\/","title":{"rendered":"Mise \u00e0 jour de la Honda Civic : voyez-vous les diff\u00e9rences ?"},"content":{"rendered":"<h2 class=\"wp-block-heading\">Design ext\u00e9rieur affin\u00e9 pour la Honda Civic<\/h2>\n<p>La Honda Civic e:HEV re\u00e7oit une calandre sup\u00e9rieure et inf\u00e9rieure modifi\u00e9e avec des accents noirs brillants. Le pare-chocs avant a \u00e9t\u00e9 redessin\u00e9 et comporte un spoiler couleur carrosserie. De nouvelles jantes en alliage bicolores de 18 pouces &#8211; grises pour la version Advance et noires pour la version Sport &#8211; viennent renforcer le look modifi\u00e9. Les garnitures de porte sont d\u00e9sormais en noir brillant.   <\/p>\n<p>Les antibrouillards avant disparaissent du design. Gr\u00e2ce \u00e0 l&rsquo;am\u00e9lioration de la technologie des phares \u00e0 LED, le rendement lumineux est maintenu. Honda introduit \u00e9galement une nouvelle couleur, Seabed Blue, en remplacement du Premium Crystal Blue. Elle vient s&rsquo;ajouter aux couleurs existantes telles que Platinum White Pearl, Crystal Black Pearl, Sonic Grey Pearl et Premium Crystal Red Metallic. Les couleurs d&rsquo;accentuation optionnelles Berlina Black, Nordic Silver et Patina Bronze compl\u00e8tent l&rsquo;offre.    <\/p>\n<figure class=\"wp-block-image size-large\"><img loading=\"lazy\" decoding=\"async\" width=\"1280\" height=\"960\" src=\"https:\/\/autorai.nl\/wp-content\/uploads\/2025\/11\/honda-civic-hybrid-update-2026-foto4-1280x960.jpg\" alt=\"Honda Civic 2026\" class=\"wp-image-213574\"><\/figure>\n<h2 class=\"wp-block-heading\">Int\u00e9rieur mis \u00e0 jour<\/h2>\n<p>Toutes les versions sont dot\u00e9es d&rsquo;une garniture int\u00e9rieure noire et de nouvelles garnitures int\u00e9rieures, compl\u00e9t\u00e9es par des d\u00e9tails chrom\u00e9s mats autour des bouches d&rsquo;a\u00e9ration. La version Advance est d\u00e9sormais \u00e9quip\u00e9e d&rsquo;un \u00e9clairage int\u00e9rieur et du plancher, tandis que la version Sport re\u00e7oit un volant chauffant. Le combin\u00e9 d&rsquo;instruments num\u00e9rique de 10,2 pouces offre des affichages plus lumineux. Les versions Elegance sont d\u00e9sormais \u00e9quip\u00e9es d&rsquo;un syst\u00e8me de recharge sans fil sur la console centrale, accessible au conducteur et au passager.   <\/p>\n<figure class=\"wp-block-image size-large\"><img loading=\"lazy\" decoding=\"async\" width=\"1280\" height=\"960\" src=\"https:\/\/autorai.nl\/wp-content\/uploads\/2025\/11\/honda-civic-hybrid-update-2026-foto7-1280x960.jpg\" alt=\"Int\u00e9rieur Honda Civic 2026\" class=\"wp-image-213577\"><\/figure>\n<h2 class=\"wp-block-heading\">Le groupe motopropulseur hybride est maintenu<\/h2>\n<p>Honda maintient le syst\u00e8me e:HEV actuel avec deux moteurs. Le groupe motopropulseur reste ax\u00e9 sur une r\u00e9ponse directe \u00e0 la conduite et sur l&rsquo;efficacit\u00e9 \u00e9nerg\u00e9tique. Le passage de 0 \u00e0 100 km\/h se fait en 7,8 secondes, l&rsquo;autonomie avec un plein est de 840 km et Honda annonce une consommation moyenne de 4,7 l\/100 km.  <\/p>\n<h2 class=\"wp-block-heading\">Un \u00e9quipement de s\u00e9curit\u00e9 complet<\/h2>\n<p>Chaque Civic e:HEV est \u00e9quip\u00e9e du syst\u00e8me Honda Sensing, qui comprend l&rsquo;alerte de collision avant. Ce syst\u00e8me d\u00e9tecte les v\u00e9hicules qui pr\u00e9c\u00e8dent et \u00e9met des avertissements visuels, sonores et tactiles lorsque la distance devient trop courte. Une cam\u00e9ra grand angle haute d\u00e9finition reconna\u00eet les lignes de la route, les accotements, les motos, les cyclistes et les pi\u00e9tons dans des conditions de luminosit\u00e9 et d&rsquo;obscurit\u00e9. Le processeur mis \u00e0 jour augmente la vitesse et la pr\u00e9cision de la d\u00e9tection des objets. Les mod\u00e8les Elegance b\u00e9n\u00e9ficient d\u00e9sormais de l&rsquo;assombrissement automatique du r\u00e9troviseur int\u00e9rieur, une fonction d\u00e9j\u00e0 disponible sur les mod\u00e8les Sport et Advance.    <\/p>\n<h2 class=\"wp-block-heading\">Lancement sur le march\u00e9<\/h2>\n<p>La Honda Civic e:HEV remani\u00e9e sera disponible dans les concessions europ\u00e9ennes \u00e0 partir de septembre 2025.<\/p>\n<\/p>\n<h2 class=\"wp-block-heading\">La Honda Civic Hybrid 2023 se dirige \u00e0 merveille ! &#8211; REVUE &#8211; AutoRAI TV<\/h2>\n<\/p>\n<figure class=\"wp-block-embed is-type-video is-provider-youtube wp-block-embed-youtube wp-embed-aspect-16-9 wp-has-aspect-ratio\">\n<div class=\"wp-block-embed__wrapper\">\n<\/div>\n<\/figure>\n","protected":false},"excerpt":{"rendered":"Design ext\u00e9rieur affin\u00e9 pour la Honda Civic La Honda Civic e:HEV re\u00e7oit une calandre sup\u00e9rieure et inf\u00e9rieure modifi\u00e9e avec des\u2026","protected":false},"author":0,"featured_media":159877,"comment_status":"","ping_status":"open","sticky":false,"template":"","format":"standard","meta":{"footnotes":""},"categories":[127],"tags":[],"class_list":["post-159894","post","type-post","status-publish","format-standard","has-post-thumbnail","hentry","category-nouvelles-de-voiture"],"acf":[],"yoast_head":"<!-- This site is optimized with the Yoast SEO plugin v21.2 - https:\/\/yoast.com\/wordpress\/plugins\/seo\/ -->\n<title>Mise \u00e0 jour de la Honda Civic : voyez-vous les diff\u00e9rences ? - All cars news<\/title>\n<meta name=\"robots\" content=\"index, follow, max-snippet:-1, max-image-preview:large, max-video-preview:-1\" \/>\n<link rel=\"canonical\" href=\"https:\/\/all-car-news.com\/fr\/mise-a-jour-de-la-honda-civic-voyez-vous-les-differences\/\" \/>\n<meta property=\"og:locale\" content=\"fr_FR\" \/>\n<meta property=\"og:type\" content=\"article\" \/>\n<meta property=\"og:title\" content=\"Mise \u00e0 jour de la Honda Civic : voyez-vous les diff\u00e9rences ? - All cars news\" \/>\n<meta property=\"og:description\" content=\"Design ext\u00e9rieur affin\u00e9 pour la Honda Civic La Honda Civic e:HEV re\u00e7oit une calandre sup\u00e9rieure et inf\u00e9rieure modifi\u00e9e avec des accents noirs brillants. Le pare-chocs avant a \u00e9t\u00e9 redessin\u00e9 et comporte un spoiler couleur carrosserie. De nouvelles jantes en alliage bicolores de 18 pouces - grises pour la version Advance et noires pour la version Sport - viennent renforcer le look modifi\u00e9. Les garnitures de porte sont d\u00e9sormais [...]\" \/>\n<meta property=\"og:url\" content=\"https:\/\/all-car-news.com\/fr\/mise-a-jour-de-la-honda-civic-voyez-vous-les-differences\/\" \/>\n<meta property=\"og:site_name\" content=\"All cars news\" \/>\n<meta property=\"article:published_time\" content=\"2025-11-26T09:15:00+00:00\" \/>\n<meta property=\"og:image\" content=\"https:\/\/autorai.nl\/wp-content\/uploads\/2025\/11\/honda-civic-hybrid-update-2026-foto4-1280x960.jpg\" \/>\n<meta name=\"twitter:card\" content=\"summary_large_image\" \/>\n<meta name=\"twitter:label1\" content=\"Dur\u00e9e de lecture estim\u00e9e\" \/>\n\t<meta name=\"twitter:data1\" content=\"2 minutes\" \/>\n<script type=\"application\/ld+json\" class=\"yoast-schema-graph\">{\"@context\":\"https:\/\/schema.org\",\"@graph\":[{\"@type\":\"Article\",\"@id\":\"https:\/\/all-car-news.com\/fr\/mise-a-jour-de-la-honda-civic-voyez-vous-les-differences\/#article\",\"isPartOf\":{\"@id\":\"https:\/\/all-car-news.com\/fr\/mise-a-jour-de-la-honda-civic-voyez-vous-les-differences\/\"},\"author\":{\"name\":\"\",\"@id\":\"\"},\"headline\":\"Mise \u00e0 jour de la Honda Civic : voyez-vous les diff\u00e9rences ?\",\"datePublished\":\"2025-11-26T09:15:00+00:00\",\"dateModified\":\"2025-11-26T09:15:00+00:00\",\"mainEntityOfPage\":{\"@id\":\"https:\/\/all-car-news.com\/fr\/mise-a-jour-de-la-honda-civic-voyez-vous-les-differences\/\"},\"wordCount\":476,\"publisher\":{\"@id\":\"https:\/\/all-car-news.com\/fr\/#organization\"},\"articleSection\":[\"nouvelles de voiture\"],\"inLanguage\":\"fr-FR\"},{\"@type\":\"WebPage\",\"@id\":\"https:\/\/all-car-news.com\/fr\/mise-a-jour-de-la-honda-civic-voyez-vous-les-differences\/\",\"url\":\"https:\/\/all-car-news.com\/fr\/mise-a-jour-de-la-honda-civic-voyez-vous-les-differences\/\",\"name\":\"Mise \u00e0 jour de la Honda Civic : voyez-vous les diff\u00e9rences ? - All cars news\",\"isPartOf\":{\"@id\":\"https:\/\/all-car-news.com\/fr\/#website\"},\"datePublished\":\"2025-11-26T09:15:00+00:00\",\"dateModified\":\"2025-11-26T09:15:00+00:00\",\"breadcrumb\":{\"@id\":\"https:\/\/all-car-news.com\/fr\/mise-a-jour-de-la-honda-civic-voyez-vous-les-differences\/#breadcrumb\"},\"inLanguage\":\"fr-FR\",\"potentialAction\":[{\"@type\":\"ReadAction\",\"target\":[\"https:\/\/all-car-news.com\/fr\/mise-a-jour-de-la-honda-civic-voyez-vous-les-differences\/\"]}]},{\"@type\":\"BreadcrumbList\",\"@id\":\"https:\/\/all-car-news.com\/fr\/mise-a-jour-de-la-honda-civic-voyez-vous-les-differences\/#breadcrumb\",\"itemListElement\":[{\"@type\":\"ListItem\",\"position\":1,\"name\":\"Home\",\"item\":\"https:\/\/all-car-news.com\/fr\/\"},{\"@type\":\"ListItem\",\"position\":2,\"name\":\"Mise \u00e0 jour de la Honda Civic : voyez-vous les diff\u00e9rences ?\"}]},{\"@type\":\"WebSite\",\"@id\":\"https:\/\/all-car-news.com\/fr\/#website\",\"url\":\"https:\/\/all-car-news.com\/fr\/\",\"name\":\"All cars news\",\"description\":\"\",\"publisher\":{\"@id\":\"https:\/\/all-car-news.com\/fr\/#organization\"},\"potentialAction\":[{\"@type\":\"SearchAction\",\"target\":{\"@type\":\"EntryPoint\",\"urlTemplate\":\"https:\/\/all-car-news.com\/fr\/?s={search_term_string}\"},\"query-input\":\"required name=search_term_string\"}],\"inLanguage\":\"fr-FR\"},{\"@type\":\"Organization\",\"@id\":\"https:\/\/all-car-news.com\/fr\/#organization\",\"name\":\"All cars news\",\"url\":\"https:\/\/all-car-news.com\/fr\/\",\"logo\":{\"@type\":\"ImageObject\",\"inLanguage\":\"fr-FR\",\"@id\":\"https:\/\/all-car-news.com\/fr\/#\/schema\/logo\/image\/\",\"url\":\"https:\/\/all-car-news.com\/wp-content\/uploads\/2022\/02\/CMYK-AllCarNews_LANDSCAPE_300px-1.png\",\"contentUrl\":\"https:\/\/all-car-news.com\/wp-content\/uploads\/2022\/02\/CMYK-AllCarNews_LANDSCAPE_300px-1.png\",\"width\":300,\"height\":100,\"caption\":\"All cars news\"},\"image\":{\"@id\":\"https:\/\/all-car-news.com\/fr\/#\/schema\/logo\/image\/\"}}]}<\/script>\n<!-- \/ Yoast SEO plugin. -->","yoast_head_json":{"title":"Mise \u00e0 jour de la Honda Civic : voyez-vous les diff\u00e9rences ? - All cars news","robots":{"index":"index","follow":"follow","max-snippet":"max-snippet:-1","max-image-preview":"max-image-preview:large","max-video-preview":"max-video-preview:-1"},"canonical":"https:\/\/all-car-news.com\/fr\/mise-a-jour-de-la-honda-civic-voyez-vous-les-differences\/","og_locale":"fr_FR","og_type":"article","og_title":"Mise \u00e0 jour de la Honda Civic : voyez-vous les diff\u00e9rences ? - All cars news","og_description":"Design ext\u00e9rieur affin\u00e9 pour la Honda Civic La Honda Civic e:HEV re\u00e7oit une calandre sup\u00e9rieure et inf\u00e9rieure modifi\u00e9e avec des accents noirs brillants. Le pare-chocs avant a \u00e9t\u00e9 redessin\u00e9 et comporte un spoiler couleur carrosserie. De nouvelles jantes en alliage bicolores de 18 pouces - grises pour la version Advance et noires pour la version Sport - viennent renforcer le look modifi\u00e9. Les garnitures de porte sont d\u00e9sormais [...]","og_url":"https:\/\/all-car-news.com\/fr\/mise-a-jour-de-la-honda-civic-voyez-vous-les-differences\/","og_site_name":"All cars news","article_published_time":"2025-11-26T09:15:00+00:00","og_image":[{"url":"https:\/\/autorai.nl\/wp-content\/uploads\/2025\/11\/honda-civic-hybrid-update-2026-foto4-1280x960.jpg"}],"twitter_card":"summary_large_image","twitter_misc":{"Dur\u00e9e de lecture estim\u00e9e":"2 minutes"},"schema":{"@context":"https:\/\/schema.org","@graph":[{"@type":"Article","@id":"https:\/\/all-car-news.com\/fr\/mise-a-jour-de-la-honda-civic-voyez-vous-les-differences\/#article","isPartOf":{"@id":"https:\/\/all-car-news.com\/fr\/mise-a-jour-de-la-honda-civic-voyez-vous-les-differences\/"},"author":{"name":"","@id":""},"headline":"Mise \u00e0 jour de la Honda Civic : voyez-vous les diff\u00e9rences ?","datePublished":"2025-11-26T09:15:00+00:00","dateModified":"2025-11-26T09:15:00+00:00","mainEntityOfPage":{"@id":"https:\/\/all-car-news.com\/fr\/mise-a-jour-de-la-honda-civic-voyez-vous-les-differences\/"},"wordCount":476,"publisher":{"@id":"https:\/\/all-car-news.com\/fr\/#organization"},"articleSection":["nouvelles de voiture"],"inLanguage":"fr-FR"},{"@type":"WebPage","@id":"https:\/\/all-car-news.com\/fr\/mise-a-jour-de-la-honda-civic-voyez-vous-les-differences\/","url":"https:\/\/all-car-news.com\/fr\/mise-a-jour-de-la-honda-civic-voyez-vous-les-differences\/","name":"Mise \u00e0 jour de la Honda Civic : voyez-vous les diff\u00e9rences ? - All cars news","isPartOf":{"@id":"https:\/\/all-car-news.com\/fr\/#website"},"datePublished":"2025-11-26T09:15:00+00:00","dateModified":"2025-11-26T09:15:00+00:00","breadcrumb":{"@id":"https:\/\/all-car-news.com\/fr\/mise-a-jour-de-la-honda-civic-voyez-vous-les-differences\/#breadcrumb"},"inLanguage":"fr-FR","potentialAction":[{"@type":"ReadAction","target":["https:\/\/all-car-news.com\/fr\/mise-a-jour-de-la-honda-civic-voyez-vous-les-differences\/"]}]},{"@type":"BreadcrumbList","@id":"https:\/\/all-car-news.com\/fr\/mise-a-jour-de-la-honda-civic-voyez-vous-les-differences\/#breadcrumb","itemListElement":[{"@type":"ListItem","position":1,"name":"Home","item":"https:\/\/all-car-news.com\/fr\/"},{"@type":"ListItem","position":2,"name":"Mise \u00e0 jour de la Honda Civic : voyez-vous les diff\u00e9rences ?"}]},{"@type":"WebSite","@id":"https:\/\/all-car-news.com\/fr\/#website","url":"https:\/\/all-car-news.com\/fr\/","name":"All cars news","description":"","publisher":{"@id":"https:\/\/all-car-news.com\/fr\/#organization"},"potentialAction":[{"@type":"SearchAction","target":{"@type":"EntryPoint","urlTemplate":"https:\/\/all-car-news.com\/fr\/?s={search_term_string}"},"query-input":"required name=search_term_string"}],"inLanguage":"fr-FR"},{"@type":"Organization","@id":"https:\/\/all-car-news.com\/fr\/#organization","name":"All cars news","url":"https:\/\/all-car-news.com\/fr\/","logo":{"@type":"ImageObject","inLanguage":"fr-FR","@id":"https:\/\/all-car-news.com\/fr\/#\/schema\/logo\/image\/","url":"https:\/\/all-car-news.com\/wp-content\/uploads\/2022\/02\/CMYK-AllCarNews_LANDSCAPE_300px-1.png","contentUrl":"https:\/\/all-car-news.com\/wp-content\/uploads\/2022\/02\/CMYK-AllCarNews_LANDSCAPE_300px-1.png","width":300,"height":100,"caption":"All cars news"},"image":{"@id":"https:\/\/all-car-news.com\/fr\/#\/schema\/logo\/image\/"}}]}},"_links":{"self":[{"href":"https:\/\/all-car-news.com\/fr\/wp-json\/wp\/v2\/posts\/159894","targetHints":{"allow":["GET"]}}],"collection":[{"href":"https:\/\/all-car-news.com\/fr\/wp-json\/wp\/v2\/posts"}],"about":[{"href":"https:\/\/all-car-news.com\/fr\/wp-json\/wp\/v2\/types\/post"}],"replies":[{"embeddable":true,"href":"https:\/\/all-car-news.com\/fr\/wp-json\/wp\/v2\/comments?post=159894"}],"version-history":[{"count":0,"href":"https:\/\/all-car-news.com\/fr\/wp-json\/wp\/v2\/posts\/159894\/revisions"}],"wp:featuredmedia":[{"embeddable":true,"href":"https:\/\/all-car-news.com\/fr\/wp-json\/wp\/v2\/media\/159877"}],"wp:attachment":[{"href":"https:\/\/all-car-news.com\/fr\/wp-json\/wp\/v2\/media?parent=159894"}],"wp:term":[{"taxonomy":"category","embeddable":true,"href":"https:\/\/all-car-news.com\/fr\/wp-json\/wp\/v2\/categories?post=159894"},{"taxonomy":"post_tag","embeddable":true,"href":"https:\/\/all-car-news.com\/fr\/wp-json\/wp\/v2\/tags?post=159894"}],"curies":[{"name":"wp","href":"https:\/\/api.w.org\/{rel}","templated":true}]}}