{"id":159865,"date":"2025-11-25T10:14:28","date_gmt":"2025-11-25T10:14:28","guid":{"rendered":"https:\/\/all-car-news.com\/ce-land-rover-defender-est-dote-dun-mode-vol-quen-est-il\/"},"modified":"2025-11-25T10:14:28","modified_gmt":"2025-11-25T10:14:28","slug":"ce-land-rover-defender-est-dote-dun-mode-vol-quen-est-il","status":"publish","type":"post","link":"https:\/\/all-car-news.com\/fr\/ce-land-rover-defender-est-dote-dun-mode-vol-quen-est-il\/","title":{"rendered":"Ce Land Rover Defender est dot\u00e9 d&rsquo;un \u00ab\u00a0mode vol\u00a0\u00bb : qu&rsquo;en est-il ?"},"content":{"rendered":"<h2 class=\"wp-block-heading\">Environ 5 000 km d&rsquo;avance<\/h2>\n<p>Trois \u00e9quipes participeront \u00e0 cette aventure \u00e9pique de deux semaines avec le Land Rover Defender Dakar D7X-R, avec plus de 80 heures de comp\u00e9tition et environ 5 000 km d&rsquo;\u00e9tapes sp\u00e9ciales. St\u00e9phane Peterhansel et Mika Metge, l\u00e9gendes du Dakar, Rokas Baciu\u0161ka et Oriol Vidal, et Sara Price et Sean Berriman seront soutenus par une \u00e9quipe exp\u00e9riment\u00e9e de m\u00e9caniciens et d&rsquo;ing\u00e9nieurs, dirig\u00e9e par le Team Principal Ian James. <\/p>\n<p>Le D7X-R est construit selon les nouvelles r\u00e8gles de la FIA pour la cat\u00e9gorie Stock, qui d\u00e9terminent les pi\u00e8ces qui restent inchang\u00e9es et celles qui peuvent \u00eatre modifi\u00e9es. Il partage sa robuste architecture D7x, sa transmission, son groupe motopropulseur et son V8 biturbo de 4,4 litres avec le Defender Octa, le mod\u00e8le de s\u00e9rie le plus rapide et le plus performant jamais construit. Le moteur fonctionne avec un carburant renouvelable avanc\u00e9, conform\u00e9ment aux r\u00e9glementations de la FIA.  <\/p>\n<h2 class=\"wp-block-heading\">Une livr\u00e9e accrocheuse<\/h2>\n<p>La voiture appara\u00eet au d\u00e9part dans une livr\u00e9e saisissante inspir\u00e9e par les teintes et les textures du d\u00e9sert. Le nouveau design \u00ab\u00a0Geopalette\u00a0\u00bb combine des tons de sable, de pierre et de terre avec une touche d&rsquo;Aqua &#8211; inspir\u00e9e par l&rsquo;eau rare du d\u00e9sert &#8211; qui apporte contraste et luminosit\u00e9. Bien que les r\u00e8gles de la FIA pour la cat\u00e9gorie Stock limitent les modifications au Defender Octa, le D7X-R a \u00e9t\u00e9 modifi\u00e9 par Defender Rally pour r\u00e9pondre aux exigences extr\u00eames du Dakar et du W2RC.  <\/p>\n<figure class=\"wp-block-image size-full\"><img loading=\"lazy\" decoding=\"async\" width=\"2560\" height=\"1440\" src=\"https:\/\/autorai.nl\/wp-content\/uploads\/2025\/11\/land-rover-defender-dakar-d7x-r-foto7-scaled.jpg\" alt=\"Land Rover Defender Dakar D7XR\" class=\"wp-image-213684\"><\/figure>\n<h2 class=\"wp-block-heading\">R\u00e9servoir de 550 litres<\/h2>\n<p>Le D7X-R reprend la carrosserie du Defender 110, mais il est \u00e9quip\u00e9 d&rsquo;un r\u00e9servoir de carburant de 550 litres \u00e0 l&rsquo;arri\u00e8re et d&rsquo;un arceau de s\u00e9curit\u00e9 sp\u00e9cifique \u00e0 la comp\u00e9tition. Pour se frayer un chemin dans le d\u00e9sert, la voiture est \u00e9quip\u00e9e de pneus de 35 pouces, d&rsquo;une voie plus large de 60 mm et d&rsquo;une hauteur de caisse accrue pour une meilleure garde au sol. Les modifications apport\u00e9es \u00e0 la carrosserie augmentent les angles d&rsquo;approche et de sortie, tandis que les passages de roues \u00e9largis, les portes modifi\u00e9es et les seuils renforc\u00e9s permettent une meilleure protection contre les chocs.  <\/p>\n<p>La suspension conserve la g\u00e9om\u00e9trie du Defender Octa, mais elle est renforc\u00e9e par un syst\u00e8me d&rsquo;amortissement avec des ressorts \u00e0 l&rsquo;avant et des doubles amortisseurs \u00e0 l&rsquo;arri\u00e8re, d\u00e9velopp\u00e9 en collaboration avec Bilstein, le partenaire officiel en mati\u00e8re d&rsquo;amortisseurs. Le syst\u00e8me a fait l&rsquo;objet de nombreux tests et a \u00e9t\u00e9 adapt\u00e9 au poids suppl\u00e9mentaire du grand r\u00e9servoir de carburant. <\/p>\n<figure class=\"wp-block-image size-full\"><img loading=\"lazy\" decoding=\"async\" width=\"2560\" height=\"1707\" src=\"https:\/\/autorai.nl\/wp-content\/uploads\/2025\/11\/land-rover-defender-dakar-d7x-r-foto9-scaled.jpg\" alt=\"Land Rover Defender Dakar D7XR\" class=\"wp-image-213686\"><\/figure>\n<h2 class=\"wp-block-heading\">Moteur V8<\/h2>\n<p>Le moteur V8 de l&rsquo;Octa reste inchang\u00e9, bien qu&rsquo;un restricteur d&rsquo;admission d&rsquo;air limite la puissance conform\u00e9ment aux r\u00e8gles de la FIA. Les r\u00e8gles de la FIA pour la cat\u00e9gorie Stock limitent la puissance sur la base d&rsquo;un ratio de chevaux par kg. La puissance finale r\u00e9glement\u00e9e du D7X-R &#8211; qui sera inf\u00e9rieure aux 467 kW (635 ch) de la version de production de l&rsquo;Octa &#8211; sera d\u00e9termin\u00e9e en fonction de la publication des documents d&rsquo;homologation de la FIA le 1er janvier 2026.  <\/p>\n<p>Le syst\u00e8me de refroidissement a \u00e9t\u00e9 modifi\u00e9 pour les conditions du d\u00e9sert, avec des prises d&rsquo;air avant plus grandes, un capot modifi\u00e9 et un filtre contre le sable. Des unit\u00e9s d&rsquo;\u00e9clairage suppl\u00e9mentaires et des prises d&rsquo;air int\u00e9rieures ont \u00e9t\u00e9 plac\u00e9es sur le toit. La bo\u00eete de vitesses automatique \u00e0 huit rapports est dot\u00e9e d&rsquo;une transmission finale modifi\u00e9e, optimis\u00e9e pour la traction \u00e0 basse vitesse. Un nouveau syst\u00e8me de freinage de type rallye, avec disques ventil\u00e9s et \u00e9triers \u00e0 six pistons \u00e0 l&rsquo;avant et \u00e0 quatre pistons \u00e0 l&rsquo;arri\u00e8re, fournit une puissance de freinage suppl\u00e9mentaire.   <\/p>\n<h2 class=\"wp-block-heading\">Mode vol<\/h2>\n<p>L&rsquo;\u00e9lectronique est contr\u00f4l\u00e9e par une seule unit\u00e9 de commande pour le sport automobile, avec des calibrages internes pour une utilisation en rallye. Le \u00ab\u00a0Flight Mode\u00a0\u00bb est unique en son genre : il ajuste automatiquement la r\u00e9partition du couple lors des sauts pour prot\u00e9ger la cha\u00eene cin\u00e9matique et atterrir en douceur. L&rsquo;int\u00e9rieur comprend un syst\u00e8me de navigation homologu\u00e9 par la FIA, un affichage t\u00eate haute et un tableau de bord sport automobile. Les si\u00e8ges avec ceintures \u00e0 six points d&rsquo;ancrage et leur disposition sont personnalis\u00e9s pour chaque conducteur afin d&rsquo;assurer un confort maximal lors des longues \u00e9tapes.   <\/p>\n<p>Mark Cameron, directeur g\u00e9n\u00e9ral de Defender, d\u00e9clare : \u00ab\u00a0Le Defender Dakar D7X-R est le Defender le plus robuste jamais construit. Il partage la m\u00eame architecture et la m\u00eame silhouette que le Defender OCTA, mais il a \u00e9t\u00e9 d\u00e9velopp\u00e9 pour affronter l&rsquo;ultime aventure tout-terrain en comp\u00e9tition. Le Dakar met tout \u00e0 l&rsquo;\u00e9preuve. Participer \u00e0 un rallye raid de cette envergure d\u00e9montre de mani\u00e8re authentique ce dont le Defender est capable, m\u00eame dans les conditions les plus extr\u00eames et les plus difficiles au monde.\u00a0\u00bb<\/p>\n","protected":false},"excerpt":{"rendered":"Environ 5 000 km \u00e0 parcourir Trois \u00e9quipes participeront \u00e0 cette aventure \u00e9pique de deux semaines avec le Land Rover\u2026","protected":false},"author":0,"featured_media":159853,"comment_status":"","ping_status":"open","sticky":false,"template":"","format":"standard","meta":{"footnotes":""},"categories":[127],"tags":[],"class_list":["post-159865","post","type-post","status-publish","format-standard","has-post-thumbnail","hentry","category-nouvelles-de-voiture"],"acf":[],"yoast_head":"<!-- This site is optimized with the Yoast SEO plugin v21.2 - https:\/\/yoast.com\/wordpress\/plugins\/seo\/ -->\n<title>Ce Land Rover Defender est dot\u00e9 d&#039;un &quot;mode vol&quot; : qu&#039;en est-il ? - All cars news<\/title>\n<meta name=\"robots\" content=\"index, follow, max-snippet:-1, max-image-preview:large, max-video-preview:-1\" \/>\n<link rel=\"canonical\" href=\"https:\/\/all-car-news.com\/fr\/ce-land-rover-defender-est-dote-dun-mode-vol-quen-est-il\/\" \/>\n<meta property=\"og:locale\" content=\"fr_FR\" \/>\n<meta property=\"og:type\" content=\"article\" \/>\n<meta property=\"og:title\" content=\"Ce Land Rover Defender est dot\u00e9 d&#039;un &quot;mode vol&quot; : qu&#039;en est-il ? - All cars news\" \/>\n<meta property=\"og:description\" content=\"Environ 5 000 km \u00e0 parcourir Trois \u00e9quipes participeront \u00e0 cette aventure \u00e9pique de deux semaines avec le Land Rover Defender Dakar D7X-R, avec plus de 80 heures de comp\u00e9tition et environ 5 000 km d&#039;\u00e9tapes sp\u00e9ciales. St\u00e9phane Peterhansel et Mika Metge, l\u00e9gende du Dakar, Rokas Baciu\u0161ka et Oriol Vidal, et Sara Price et Sean Berriman seront [...]\" \/>\n<meta property=\"og:url\" content=\"https:\/\/all-car-news.com\/fr\/ce-land-rover-defender-est-dote-dun-mode-vol-quen-est-il\/\" \/>\n<meta property=\"og:site_name\" content=\"All cars news\" \/>\n<meta property=\"article:published_time\" content=\"2025-11-25T10:14:28+00:00\" \/>\n<meta property=\"og:image\" content=\"https:\/\/autorai.nl\/wp-content\/uploads\/2025\/11\/land-rover-defender-dakar-d7x-r-foto7-scaled.jpg\" \/>\n<meta name=\"twitter:card\" content=\"summary_large_image\" \/>\n<meta name=\"twitter:label1\" content=\"Dur\u00e9e de lecture estim\u00e9e\" \/>\n\t<meta name=\"twitter:data1\" content=\"4 minutes\" \/>\n<script type=\"application\/ld+json\" class=\"yoast-schema-graph\">{\"@context\":\"https:\/\/schema.org\",\"@graph\":[{\"@type\":\"Article\",\"@id\":\"https:\/\/all-car-news.com\/fr\/ce-land-rover-defender-est-dote-dun-mode-vol-quen-est-il\/#article\",\"isPartOf\":{\"@id\":\"https:\/\/all-car-news.com\/fr\/ce-land-rover-defender-est-dote-dun-mode-vol-quen-est-il\/\"},\"author\":{\"name\":\"\",\"@id\":\"\"},\"headline\":\"Ce Land Rover Defender est dot\u00e9 d&rsquo;un \u00ab\u00a0mode vol\u00a0\u00bb : qu&rsquo;en est-il ?\",\"datePublished\":\"2025-11-25T10:14:28+00:00\",\"dateModified\":\"2025-11-25T10:14:28+00:00\",\"mainEntityOfPage\":{\"@id\":\"https:\/\/all-car-news.com\/fr\/ce-land-rover-defender-est-dote-dun-mode-vol-quen-est-il\/\"},\"wordCount\":846,\"publisher\":{\"@id\":\"https:\/\/all-car-news.com\/fr\/#organization\"},\"articleSection\":[\"nouvelles de voiture\"],\"inLanguage\":\"fr-FR\"},{\"@type\":\"WebPage\",\"@id\":\"https:\/\/all-car-news.com\/fr\/ce-land-rover-defender-est-dote-dun-mode-vol-quen-est-il\/\",\"url\":\"https:\/\/all-car-news.com\/fr\/ce-land-rover-defender-est-dote-dun-mode-vol-quen-est-il\/\",\"name\":\"Ce Land Rover Defender est dot\u00e9 d'un \\\"mode vol\\\" : qu'en est-il ? - All cars news\",\"isPartOf\":{\"@id\":\"https:\/\/all-car-news.com\/fr\/#website\"},\"datePublished\":\"2025-11-25T10:14:28+00:00\",\"dateModified\":\"2025-11-25T10:14:28+00:00\",\"breadcrumb\":{\"@id\":\"https:\/\/all-car-news.com\/fr\/ce-land-rover-defender-est-dote-dun-mode-vol-quen-est-il\/#breadcrumb\"},\"inLanguage\":\"fr-FR\",\"potentialAction\":[{\"@type\":\"ReadAction\",\"target\":[\"https:\/\/all-car-news.com\/fr\/ce-land-rover-defender-est-dote-dun-mode-vol-quen-est-il\/\"]}]},{\"@type\":\"BreadcrumbList\",\"@id\":\"https:\/\/all-car-news.com\/fr\/ce-land-rover-defender-est-dote-dun-mode-vol-quen-est-il\/#breadcrumb\",\"itemListElement\":[{\"@type\":\"ListItem\",\"position\":1,\"name\":\"Home\",\"item\":\"https:\/\/all-car-news.com\/fr\/\"},{\"@type\":\"ListItem\",\"position\":2,\"name\":\"Ce Land Rover Defender est dot\u00e9 d&rsquo;un \u00ab\u00a0mode vol\u00a0\u00bb : qu&rsquo;en est-il ?\"}]},{\"@type\":\"WebSite\",\"@id\":\"https:\/\/all-car-news.com\/fr\/#website\",\"url\":\"https:\/\/all-car-news.com\/fr\/\",\"name\":\"All cars news\",\"description\":\"\",\"publisher\":{\"@id\":\"https:\/\/all-car-news.com\/fr\/#organization\"},\"potentialAction\":[{\"@type\":\"SearchAction\",\"target\":{\"@type\":\"EntryPoint\",\"urlTemplate\":\"https:\/\/all-car-news.com\/fr\/?s={search_term_string}\"},\"query-input\":\"required name=search_term_string\"}],\"inLanguage\":\"fr-FR\"},{\"@type\":\"Organization\",\"@id\":\"https:\/\/all-car-news.com\/fr\/#organization\",\"name\":\"All cars news\",\"url\":\"https:\/\/all-car-news.com\/fr\/\",\"logo\":{\"@type\":\"ImageObject\",\"inLanguage\":\"fr-FR\",\"@id\":\"https:\/\/all-car-news.com\/fr\/#\/schema\/logo\/image\/\",\"url\":\"https:\/\/all-car-news.com\/wp-content\/uploads\/2022\/02\/CMYK-AllCarNews_LANDSCAPE_300px-1.png\",\"contentUrl\":\"https:\/\/all-car-news.com\/wp-content\/uploads\/2022\/02\/CMYK-AllCarNews_LANDSCAPE_300px-1.png\",\"width\":300,\"height\":100,\"caption\":\"All cars news\"},\"image\":{\"@id\":\"https:\/\/all-car-news.com\/fr\/#\/schema\/logo\/image\/\"}}]}<\/script>\n<!-- \/ Yoast SEO plugin. -->","yoast_head_json":{"title":"Ce Land Rover Defender est dot\u00e9 d'un \"mode vol\" : qu'en est-il ? - All cars news","robots":{"index":"index","follow":"follow","max-snippet":"max-snippet:-1","max-image-preview":"max-image-preview:large","max-video-preview":"max-video-preview:-1"},"canonical":"https:\/\/all-car-news.com\/fr\/ce-land-rover-defender-est-dote-dun-mode-vol-quen-est-il\/","og_locale":"fr_FR","og_type":"article","og_title":"Ce Land Rover Defender est dot\u00e9 d'un \"mode vol\" : qu'en est-il ? - All cars news","og_description":"Environ 5 000 km \u00e0 parcourir Trois \u00e9quipes participeront \u00e0 cette aventure \u00e9pique de deux semaines avec le Land Rover Defender Dakar D7X-R, avec plus de 80 heures de comp\u00e9tition et environ 5 000 km d'\u00e9tapes sp\u00e9ciales. St\u00e9phane Peterhansel et Mika Metge, l\u00e9gende du Dakar, Rokas Baciu\u0161ka et Oriol Vidal, et Sara Price et Sean Berriman seront [...]","og_url":"https:\/\/all-car-news.com\/fr\/ce-land-rover-defender-est-dote-dun-mode-vol-quen-est-il\/","og_site_name":"All cars news","article_published_time":"2025-11-25T10:14:28+00:00","og_image":[{"url":"https:\/\/autorai.nl\/wp-content\/uploads\/2025\/11\/land-rover-defender-dakar-d7x-r-foto7-scaled.jpg"}],"twitter_card":"summary_large_image","twitter_misc":{"Dur\u00e9e de lecture estim\u00e9e":"4 minutes"},"schema":{"@context":"https:\/\/schema.org","@graph":[{"@type":"Article","@id":"https:\/\/all-car-news.com\/fr\/ce-land-rover-defender-est-dote-dun-mode-vol-quen-est-il\/#article","isPartOf":{"@id":"https:\/\/all-car-news.com\/fr\/ce-land-rover-defender-est-dote-dun-mode-vol-quen-est-il\/"},"author":{"name":"","@id":""},"headline":"Ce Land Rover Defender est dot\u00e9 d&rsquo;un \u00ab\u00a0mode vol\u00a0\u00bb : qu&rsquo;en est-il ?","datePublished":"2025-11-25T10:14:28+00:00","dateModified":"2025-11-25T10:14:28+00:00","mainEntityOfPage":{"@id":"https:\/\/all-car-news.com\/fr\/ce-land-rover-defender-est-dote-dun-mode-vol-quen-est-il\/"},"wordCount":846,"publisher":{"@id":"https:\/\/all-car-news.com\/fr\/#organization"},"articleSection":["nouvelles de voiture"],"inLanguage":"fr-FR"},{"@type":"WebPage","@id":"https:\/\/all-car-news.com\/fr\/ce-land-rover-defender-est-dote-dun-mode-vol-quen-est-il\/","url":"https:\/\/all-car-news.com\/fr\/ce-land-rover-defender-est-dote-dun-mode-vol-quen-est-il\/","name":"Ce Land Rover Defender est dot\u00e9 d'un \"mode vol\" : qu'en est-il ? - All cars news","isPartOf":{"@id":"https:\/\/all-car-news.com\/fr\/#website"},"datePublished":"2025-11-25T10:14:28+00:00","dateModified":"2025-11-25T10:14:28+00:00","breadcrumb":{"@id":"https:\/\/all-car-news.com\/fr\/ce-land-rover-defender-est-dote-dun-mode-vol-quen-est-il\/#breadcrumb"},"inLanguage":"fr-FR","potentialAction":[{"@type":"ReadAction","target":["https:\/\/all-car-news.com\/fr\/ce-land-rover-defender-est-dote-dun-mode-vol-quen-est-il\/"]}]},{"@type":"BreadcrumbList","@id":"https:\/\/all-car-news.com\/fr\/ce-land-rover-defender-est-dote-dun-mode-vol-quen-est-il\/#breadcrumb","itemListElement":[{"@type":"ListItem","position":1,"name":"Home","item":"https:\/\/all-car-news.com\/fr\/"},{"@type":"ListItem","position":2,"name":"Ce Land Rover Defender est dot\u00e9 d&rsquo;un \u00ab\u00a0mode vol\u00a0\u00bb : qu&rsquo;en est-il ?"}]},{"@type":"WebSite","@id":"https:\/\/all-car-news.com\/fr\/#website","url":"https:\/\/all-car-news.com\/fr\/","name":"All cars news","description":"","publisher":{"@id":"https:\/\/all-car-news.com\/fr\/#organization"},"potentialAction":[{"@type":"SearchAction","target":{"@type":"EntryPoint","urlTemplate":"https:\/\/all-car-news.com\/fr\/?s={search_term_string}"},"query-input":"required name=search_term_string"}],"inLanguage":"fr-FR"},{"@type":"Organization","@id":"https:\/\/all-car-news.com\/fr\/#organization","name":"All cars news","url":"https:\/\/all-car-news.com\/fr\/","logo":{"@type":"ImageObject","inLanguage":"fr-FR","@id":"https:\/\/all-car-news.com\/fr\/#\/schema\/logo\/image\/","url":"https:\/\/all-car-news.com\/wp-content\/uploads\/2022\/02\/CMYK-AllCarNews_LANDSCAPE_300px-1.png","contentUrl":"https:\/\/all-car-news.com\/wp-content\/uploads\/2022\/02\/CMYK-AllCarNews_LANDSCAPE_300px-1.png","width":300,"height":100,"caption":"All cars news"},"image":{"@id":"https:\/\/all-car-news.com\/fr\/#\/schema\/logo\/image\/"}}]}},"_links":{"self":[{"href":"https:\/\/all-car-news.com\/fr\/wp-json\/wp\/v2\/posts\/159865","targetHints":{"allow":["GET"]}}],"collection":[{"href":"https:\/\/all-car-news.com\/fr\/wp-json\/wp\/v2\/posts"}],"about":[{"href":"https:\/\/all-car-news.com\/fr\/wp-json\/wp\/v2\/types\/post"}],"replies":[{"embeddable":true,"href":"https:\/\/all-car-news.com\/fr\/wp-json\/wp\/v2\/comments?post=159865"}],"version-history":[{"count":0,"href":"https:\/\/all-car-news.com\/fr\/wp-json\/wp\/v2\/posts\/159865\/revisions"}],"wp:featuredmedia":[{"embeddable":true,"href":"https:\/\/all-car-news.com\/fr\/wp-json\/wp\/v2\/media\/159853"}],"wp:attachment":[{"href":"https:\/\/all-car-news.com\/fr\/wp-json\/wp\/v2\/media?parent=159865"}],"wp:term":[{"taxonomy":"category","embeddable":true,"href":"https:\/\/all-car-news.com\/fr\/wp-json\/wp\/v2\/categories?post=159865"},{"taxonomy":"post_tag","embeddable":true,"href":"https:\/\/all-car-news.com\/fr\/wp-json\/wp\/v2\/tags?post=159865"}],"curies":[{"name":"wp","href":"https:\/\/api.w.org\/{rel}","templated":true}]}}