{"id":159648,"date":"2025-11-17T16:09:10","date_gmt":"2025-11-17T16:09:10","guid":{"rendered":"https:\/\/all-car-news.com\/une-solide-amelioration-technique-pour-le-hyundai-santa-fe-hybride-rechargeable\/"},"modified":"2025-11-17T16:09:10","modified_gmt":"2025-11-17T16:09:10","slug":"une-solide-amelioration-technique-pour-le-hyundai-santa-fe-hybride-rechargeable","status":"publish","type":"post","link":"https:\/\/all-car-news.com\/fr\/une-solide-amelioration-technique-pour-le-hyundai-santa-fe-hybride-rechargeable\/","title":{"rendered":"Une solide am\u00e9lioration technique pour le Hyundai Santa Fe hybride rechargeable"},"content":{"rendered":"<h2 class=\"wp-block-heading\">Hyundai Santa Fe hybride rechargeable MY26 : plus de puissance<\/h2>\n<p>Le principal changement pour le Hyundai Santa Fe Plug-in Hybrid MY26 concerne l&rsquo;augmentation de la puissance du groupe motopropulseur. La puissance combin\u00e9e de la version MY26 est de 288 ch, soit une augmentation de 36 ch par rapport \u00e0 la version MY25. Le couple maximal est \u00e9galement en hausse : il passe de 367 Nm \u00e0 380 Nm. Le moteur \u00e0 combustion interne lui-m\u00eame produit d\u00e9sormais 180 ch au lieu de 158 ch.   <\/p>\n<p>Cette am\u00e9lioration se traduit directement par de meilleures performances ainsi que par un poids de remorquage nettement plus \u00e9lev\u00e9. Le Santa Fe Plug-in Hybrid MY26 peut tracter jusqu&rsquo;\u00e0 1 700 kg frein\u00e9s. C&rsquo;est 690 kg de plus que son pr\u00e9d\u00e9cesseur. Le SUV est donc id\u00e9al pour tracter une remorque, une caravane ou un attelage de chevaux, par exemple.   <\/p>\n<p><strong>MY25<\/strong><\/p>\n<ul class=\"wp-block-list\">\n<li>Groupe motopropulseur : 1.6T-GDI PHEV, 6AT, 4WD<\/li>\n<li>Puissance : 252 ch (158 ch ICE)<\/li>\n<li>Couple : 367 Nm<\/li>\n<li>\u00c9missions de CO\u2082 (moyenne) : 38 g\/km<\/li>\n<li>Poids remorqu\u00e9 frein\u00e9 : 1 010 kg<\/li>\n<\/ul>\n<p><strong>MY26<\/strong><\/p>\n<ul class=\"wp-block-list\">\n<li>Groupe motopropulseur : 1.6T-GDI PHEV, 6AT, 4WD<\/li>\n<li>Puissance : 288 ch (180 ch ICE)<\/li>\n<li>Couple : 380 Nm<\/li>\n<li>\u00c9missions de CO\u2082 (moyenne) : 90 g\/km<\/li>\n<li>Poids de remorquage frein\u00e9 : 1 700 kg<\/li>\n<\/ul>\n<figure class=\"wp-block-image size-content\"><img loading=\"lazy\" decoding=\"async\" width=\"1140\" height=\"760\" src=\"https:\/\/autorai.nl\/wp-content\/uploads\/2025\/11\/hyundai-santa-fe-1123-52-1140x760.jpg\" alt=\"Hyundai Santa Fe hybride rechargeable\" class=\"wp-image-213148\"><\/figure>\n<h2 class=\"wp-block-heading\">Nouveaux noms de versions, \u00e9quipements reconnaissables<\/h2>\n<p>Afin d&rsquo;aligner les niveaux d&rsquo;\u00e9quipement du Santa Fe Plug-in Hybrid MY26 sur le reste de la gamme, ses noms sont modifi\u00e9s. La version Comfort Smart s&rsquo;appellera d\u00e9sormais Comfort Plus. La variante Premium Plus s&rsquo;appelle d\u00e9sormais Premium Pro. Ces changements ne concernent que l&rsquo;appellation, l&rsquo;\u00e9quipement des mod\u00e8les reste inchang\u00e9.   <\/p>\n<p>Des changements mineurs ont \u00e9galement \u00e9t\u00e9 apport\u00e9s \u00e0 l&rsquo;\u00e9quipement de s\u00e9rie. Par exemple, le crochet de si\u00e8ge arri\u00e8re et le marteau de s\u00e9curit\u00e9 dans la bo\u00eete \u00e0 gants du Santa Fe Plug-in Hybrid MY26 sont supprim\u00e9s. D&rsquo;autres caract\u00e9ristiques de confort et de s\u00e9curit\u00e9 restent disponibles comme auparavant.  <\/p>\n<h2 class=\"wp-block-heading\">Jusqu&rsquo;\u00e0 54 kilom\u00e8tres en conduite enti\u00e8rement \u00e9lectrique<\/h2>\n<p>Le syst\u00e8me hybride rechargeable (PHEV) associe un moteur \u00e0 essence Smartstream T-GDI de 1,6 litre \u00e0 un moteur \u00e9lectrique et \u00e0 une batterie lithium-ion polym\u00e8re de 13,8 kWh. Cela permet \u00e0 ce SUV de rouler \u00e0 l&rsquo;\u00e9lectricit\u00e9 lorsque la batterie est charg\u00e9e, et de passer au moteur \u00e0 essence lorsque la batterie est vide. Le MY26 est dot\u00e9 d&rsquo;une transmission int\u00e9grale et peut parcourir jusqu&rsquo;\u00e0 54 kilom\u00e8tres en mode \u00e9lectrique.  <\/p>\n<h2 class=\"wp-block-heading\">Espace pouvant accueillir jusqu&rsquo;\u00e0 sept personnes<\/h2>\n<p>Le Hyundai Santa Fe Plug-in Hybrid MY26 peut accueillir jusqu&rsquo;\u00e0 sept personnes. Dans la version six places, les luxueux si\u00e8ges ind\u00e9pendants \u00e0 r\u00e9glage \u00e9lectrique avec accoudoirs de la deuxi\u00e8me rang\u00e9e de si\u00e8ges offrent un grand confort aux passagers arri\u00e8re. En plus d&rsquo;accueillir jusqu&rsquo;\u00e0 sept passagers, le v\u00e9hicule peut \u00e9galement contenir 621 litres de bagages. Lorsque les dossiers des deuxi\u00e8me et troisi\u00e8me rang\u00e9es de si\u00e8ges sont rabattus, ce volume peut atteindre 1 942 litres. Le Santa Fe est donc tr\u00e8s spacieux.    <\/p>\n<h2 class=\"wp-block-heading\">Hyundai a des couilles ! &#8211; HYUNDAI SANTA FE (2024) &#8211; EXAMEN &#8211; AutoRAI TV <\/h2>\n<\/p>\n<figure class=\"wp-block-embed is-type-video is-provider-youtube wp-block-embed-youtube wp-embed-aspect-16-9 wp-has-aspect-ratio\">\n<div class=\"wp-block-embed__wrapper\">\n<\/div>\n<\/figure>\n","protected":false},"excerpt":{"rendered":"Hyundai Santa Fe Plug-in Hybrid MY26 : plus de puissance Le principal changement pour le Hyundai Santa Fe Plug-in Hybrid\u2026","protected":false},"author":0,"featured_media":0,"comment_status":"","ping_status":"open","sticky":false,"template":"","format":"standard","meta":{"footnotes":""},"categories":[127],"tags":[],"class_list":["post-159648","post","type-post","status-publish","format-standard","hentry","category-nouvelles-de-voiture"],"acf":[],"yoast_head":"<!-- This site is optimized with the Yoast SEO plugin v21.2 - https:\/\/yoast.com\/wordpress\/plugins\/seo\/ -->\n<title>Une solide am\u00e9lioration technique pour le Hyundai Santa Fe hybride rechargeable - All cars news<\/title>\n<meta name=\"robots\" content=\"index, follow, max-snippet:-1, max-image-preview:large, max-video-preview:-1\" \/>\n<link rel=\"canonical\" href=\"https:\/\/all-car-news.com\/fr\/une-solide-amelioration-technique-pour-le-hyundai-santa-fe-hybride-rechargeable\/\" \/>\n<meta property=\"og:locale\" content=\"fr_FR\" \/>\n<meta property=\"og:type\" content=\"article\" \/>\n<meta property=\"og:title\" content=\"Une solide am\u00e9lioration technique pour le Hyundai Santa Fe hybride rechargeable - All cars news\" \/>\n<meta property=\"og:description\" content=\"Hyundai Santa Fe Plug-in Hybrid MY26 : plus de puissance Le principal changement pour le Hyundai Santa Fe Plug-in Hybrid MY26 concerne l&#039;augmentation de la puissance du syst\u00e8me du groupe motopropulseur. La puissance combin\u00e9e de la version MY26 est de 288 ch, soit une augmentation de 36 ch par rapport \u00e0 la version MY25. Le couple maximal augmente \u00e9galement : il passe de 367 Nm \u00e0 380 Nm.  \u2020\" \/>\n<meta property=\"og:url\" content=\"https:\/\/all-car-news.com\/fr\/une-solide-amelioration-technique-pour-le-hyundai-santa-fe-hybride-rechargeable\/\" \/>\n<meta property=\"og:site_name\" content=\"All cars news\" \/>\n<meta property=\"article:published_time\" content=\"2025-11-17T16:09:10+00:00\" \/>\n<meta property=\"og:image\" content=\"https:\/\/autorai.nl\/wp-content\/uploads\/2025\/11\/hyundai-santa-fe-1123-52-1140x760.jpg\" \/>\n<meta name=\"twitter:card\" content=\"summary_large_image\" \/>\n<meta name=\"twitter:label1\" content=\"Dur\u00e9e de lecture estim\u00e9e\" \/>\n\t<meta name=\"twitter:data1\" content=\"2 minutes\" \/>\n<script type=\"application\/ld+json\" class=\"yoast-schema-graph\">{\"@context\":\"https:\/\/schema.org\",\"@graph\":[{\"@type\":\"Article\",\"@id\":\"https:\/\/all-car-news.com\/fr\/une-solide-amelioration-technique-pour-le-hyundai-santa-fe-hybride-rechargeable\/#article\",\"isPartOf\":{\"@id\":\"https:\/\/all-car-news.com\/fr\/une-solide-amelioration-technique-pour-le-hyundai-santa-fe-hybride-rechargeable\/\"},\"author\":{\"name\":\"\",\"@id\":\"\"},\"headline\":\"Une solide am\u00e9lioration technique pour le Hyundai Santa Fe hybride rechargeable\",\"datePublished\":\"2025-11-17T16:09:10+00:00\",\"dateModified\":\"2025-11-17T16:09:10+00:00\",\"mainEntityOfPage\":{\"@id\":\"https:\/\/all-car-news.com\/fr\/une-solide-amelioration-technique-pour-le-hyundai-santa-fe-hybride-rechargeable\/\"},\"wordCount\":492,\"publisher\":{\"@id\":\"https:\/\/all-car-news.com\/fr\/#organization\"},\"articleSection\":[\"nouvelles de voiture\"],\"inLanguage\":\"fr-FR\"},{\"@type\":\"WebPage\",\"@id\":\"https:\/\/all-car-news.com\/fr\/une-solide-amelioration-technique-pour-le-hyundai-santa-fe-hybride-rechargeable\/\",\"url\":\"https:\/\/all-car-news.com\/fr\/une-solide-amelioration-technique-pour-le-hyundai-santa-fe-hybride-rechargeable\/\",\"name\":\"Une solide am\u00e9lioration technique pour le Hyundai Santa Fe hybride rechargeable - All cars news\",\"isPartOf\":{\"@id\":\"https:\/\/all-car-news.com\/fr\/#website\"},\"datePublished\":\"2025-11-17T16:09:10+00:00\",\"dateModified\":\"2025-11-17T16:09:10+00:00\",\"breadcrumb\":{\"@id\":\"https:\/\/all-car-news.com\/fr\/une-solide-amelioration-technique-pour-le-hyundai-santa-fe-hybride-rechargeable\/#breadcrumb\"},\"inLanguage\":\"fr-FR\",\"potentialAction\":[{\"@type\":\"ReadAction\",\"target\":[\"https:\/\/all-car-news.com\/fr\/une-solide-amelioration-technique-pour-le-hyundai-santa-fe-hybride-rechargeable\/\"]}]},{\"@type\":\"BreadcrumbList\",\"@id\":\"https:\/\/all-car-news.com\/fr\/une-solide-amelioration-technique-pour-le-hyundai-santa-fe-hybride-rechargeable\/#breadcrumb\",\"itemListElement\":[{\"@type\":\"ListItem\",\"position\":1,\"name\":\"Home\",\"item\":\"https:\/\/all-car-news.com\/fr\/\"},{\"@type\":\"ListItem\",\"position\":2,\"name\":\"Une solide am\u00e9lioration technique pour le Hyundai Santa Fe hybride rechargeable\"}]},{\"@type\":\"WebSite\",\"@id\":\"https:\/\/all-car-news.com\/fr\/#website\",\"url\":\"https:\/\/all-car-news.com\/fr\/\",\"name\":\"All cars news\",\"description\":\"\",\"publisher\":{\"@id\":\"https:\/\/all-car-news.com\/fr\/#organization\"},\"potentialAction\":[{\"@type\":\"SearchAction\",\"target\":{\"@type\":\"EntryPoint\",\"urlTemplate\":\"https:\/\/all-car-news.com\/fr\/?s={search_term_string}\"},\"query-input\":\"required name=search_term_string\"}],\"inLanguage\":\"fr-FR\"},{\"@type\":\"Organization\",\"@id\":\"https:\/\/all-car-news.com\/fr\/#organization\",\"name\":\"All cars news\",\"url\":\"https:\/\/all-car-news.com\/fr\/\",\"logo\":{\"@type\":\"ImageObject\",\"inLanguage\":\"fr-FR\",\"@id\":\"https:\/\/all-car-news.com\/fr\/#\/schema\/logo\/image\/\",\"url\":\"https:\/\/all-car-news.com\/wp-content\/uploads\/2022\/02\/CMYK-AllCarNews_LANDSCAPE_300px-1.png\",\"contentUrl\":\"https:\/\/all-car-news.com\/wp-content\/uploads\/2022\/02\/CMYK-AllCarNews_LANDSCAPE_300px-1.png\",\"width\":300,\"height\":100,\"caption\":\"All cars news\"},\"image\":{\"@id\":\"https:\/\/all-car-news.com\/fr\/#\/schema\/logo\/image\/\"}}]}<\/script>\n<!-- \/ Yoast SEO plugin. -->","yoast_head_json":{"title":"Une solide am\u00e9lioration technique pour le Hyundai Santa Fe hybride rechargeable - All cars news","robots":{"index":"index","follow":"follow","max-snippet":"max-snippet:-1","max-image-preview":"max-image-preview:large","max-video-preview":"max-video-preview:-1"},"canonical":"https:\/\/all-car-news.com\/fr\/une-solide-amelioration-technique-pour-le-hyundai-santa-fe-hybride-rechargeable\/","og_locale":"fr_FR","og_type":"article","og_title":"Une solide am\u00e9lioration technique pour le Hyundai Santa Fe hybride rechargeable - All cars news","og_description":"Hyundai Santa Fe Plug-in Hybrid MY26 : plus de puissance Le principal changement pour le Hyundai Santa Fe Plug-in Hybrid MY26 concerne l'augmentation de la puissance du syst\u00e8me du groupe motopropulseur. La puissance combin\u00e9e de la version MY26 est de 288 ch, soit une augmentation de 36 ch par rapport \u00e0 la version MY25. Le couple maximal augmente \u00e9galement : il passe de 367 Nm \u00e0 380 Nm.  \u2020","og_url":"https:\/\/all-car-news.com\/fr\/une-solide-amelioration-technique-pour-le-hyundai-santa-fe-hybride-rechargeable\/","og_site_name":"All cars news","article_published_time":"2025-11-17T16:09:10+00:00","og_image":[{"url":"https:\/\/autorai.nl\/wp-content\/uploads\/2025\/11\/hyundai-santa-fe-1123-52-1140x760.jpg"}],"twitter_card":"summary_large_image","twitter_misc":{"Dur\u00e9e de lecture estim\u00e9e":"2 minutes"},"schema":{"@context":"https:\/\/schema.org","@graph":[{"@type":"Article","@id":"https:\/\/all-car-news.com\/fr\/une-solide-amelioration-technique-pour-le-hyundai-santa-fe-hybride-rechargeable\/#article","isPartOf":{"@id":"https:\/\/all-car-news.com\/fr\/une-solide-amelioration-technique-pour-le-hyundai-santa-fe-hybride-rechargeable\/"},"author":{"name":"","@id":""},"headline":"Une solide am\u00e9lioration technique pour le Hyundai Santa Fe hybride rechargeable","datePublished":"2025-11-17T16:09:10+00:00","dateModified":"2025-11-17T16:09:10+00:00","mainEntityOfPage":{"@id":"https:\/\/all-car-news.com\/fr\/une-solide-amelioration-technique-pour-le-hyundai-santa-fe-hybride-rechargeable\/"},"wordCount":492,"publisher":{"@id":"https:\/\/all-car-news.com\/fr\/#organization"},"articleSection":["nouvelles de voiture"],"inLanguage":"fr-FR"},{"@type":"WebPage","@id":"https:\/\/all-car-news.com\/fr\/une-solide-amelioration-technique-pour-le-hyundai-santa-fe-hybride-rechargeable\/","url":"https:\/\/all-car-news.com\/fr\/une-solide-amelioration-technique-pour-le-hyundai-santa-fe-hybride-rechargeable\/","name":"Une solide am\u00e9lioration technique pour le Hyundai Santa Fe hybride rechargeable - All cars news","isPartOf":{"@id":"https:\/\/all-car-news.com\/fr\/#website"},"datePublished":"2025-11-17T16:09:10+00:00","dateModified":"2025-11-17T16:09:10+00:00","breadcrumb":{"@id":"https:\/\/all-car-news.com\/fr\/une-solide-amelioration-technique-pour-le-hyundai-santa-fe-hybride-rechargeable\/#breadcrumb"},"inLanguage":"fr-FR","potentialAction":[{"@type":"ReadAction","target":["https:\/\/all-car-news.com\/fr\/une-solide-amelioration-technique-pour-le-hyundai-santa-fe-hybride-rechargeable\/"]}]},{"@type":"BreadcrumbList","@id":"https:\/\/all-car-news.com\/fr\/une-solide-amelioration-technique-pour-le-hyundai-santa-fe-hybride-rechargeable\/#breadcrumb","itemListElement":[{"@type":"ListItem","position":1,"name":"Home","item":"https:\/\/all-car-news.com\/fr\/"},{"@type":"ListItem","position":2,"name":"Une solide am\u00e9lioration technique pour le Hyundai Santa Fe hybride rechargeable"}]},{"@type":"WebSite","@id":"https:\/\/all-car-news.com\/fr\/#website","url":"https:\/\/all-car-news.com\/fr\/","name":"All cars news","description":"","publisher":{"@id":"https:\/\/all-car-news.com\/fr\/#organization"},"potentialAction":[{"@type":"SearchAction","target":{"@type":"EntryPoint","urlTemplate":"https:\/\/all-car-news.com\/fr\/?s={search_term_string}"},"query-input":"required name=search_term_string"}],"inLanguage":"fr-FR"},{"@type":"Organization","@id":"https:\/\/all-car-news.com\/fr\/#organization","name":"All cars news","url":"https:\/\/all-car-news.com\/fr\/","logo":{"@type":"ImageObject","inLanguage":"fr-FR","@id":"https:\/\/all-car-news.com\/fr\/#\/schema\/logo\/image\/","url":"https:\/\/all-car-news.com\/wp-content\/uploads\/2022\/02\/CMYK-AllCarNews_LANDSCAPE_300px-1.png","contentUrl":"https:\/\/all-car-news.com\/wp-content\/uploads\/2022\/02\/CMYK-AllCarNews_LANDSCAPE_300px-1.png","width":300,"height":100,"caption":"All cars news"},"image":{"@id":"https:\/\/all-car-news.com\/fr\/#\/schema\/logo\/image\/"}}]}},"_links":{"self":[{"href":"https:\/\/all-car-news.com\/fr\/wp-json\/wp\/v2\/posts\/159648","targetHints":{"allow":["GET"]}}],"collection":[{"href":"https:\/\/all-car-news.com\/fr\/wp-json\/wp\/v2\/posts"}],"about":[{"href":"https:\/\/all-car-news.com\/fr\/wp-json\/wp\/v2\/types\/post"}],"replies":[{"embeddable":true,"href":"https:\/\/all-car-news.com\/fr\/wp-json\/wp\/v2\/comments?post=159648"}],"version-history":[{"count":0,"href":"https:\/\/all-car-news.com\/fr\/wp-json\/wp\/v2\/posts\/159648\/revisions"}],"wp:attachment":[{"href":"https:\/\/all-car-news.com\/fr\/wp-json\/wp\/v2\/media?parent=159648"}],"wp:term":[{"taxonomy":"category","embeddable":true,"href":"https:\/\/all-car-news.com\/fr\/wp-json\/wp\/v2\/categories?post=159648"},{"taxonomy":"post_tag","embeddable":true,"href":"https:\/\/all-car-news.com\/fr\/wp-json\/wp\/v2\/tags?post=159648"}],"curies":[{"name":"wp","href":"https:\/\/api.w.org\/{rel}","templated":true}]}}