{"id":159486,"date":"2025-11-07T16:10:50","date_gmt":"2025-11-07T16:10:50","guid":{"rendered":"https:\/\/all-car-news.com\/bmw-f-450-gs-vous-lavez-pour-8-600-euros\/"},"modified":"2025-11-07T16:10:50","modified_gmt":"2025-11-07T16:10:50","slug":"bmw-f-450-gs-vous-lavez-pour-8-600-euros","status":"publish","type":"post","link":"https:\/\/all-car-news.com\/fr\/bmw-f-450-gs-vous-lavez-pour-8-600-euros\/","title":{"rendered":"BMW F 450 GS vous l&rsquo;avez pour 8 600 euros !"},"content":{"rendered":"<p data-start=\"733\" data-end=\"1131\">La nouvelle BMW F 450 GS marque la prochaine \u00e9tape de la l\u00e9gendaire famille GS de BMW Motorrad. Cette moto A2 enti\u00e8rement nouvellement d\u00e9velopp\u00e9e combine le design embl\u00e9matique de la GS avec une technologie moderne, des performances puissantes et une polyvalence surprenante. Aux Pays-Bas, le lancement sur le march\u00e9 est pr\u00e9vu pour le deuxi\u00e8me trimestre 2026, avec un prix de d\u00e9tail recommand\u00e9 pour le consommateur \u00e0 partir de 8 600 \u20ac.  <\/p>\n<p data-start=\"733\" data-end=\"1131\"><img decoding=\"async\" loading=\"lazy\" width=\"1140\" height=\"760\" class=\"alignnone size-medium wp-image-29057\" src=\"https:\/\/motorrai.nl\/wp-content\/uploads\/2025\/11\/image002-1140x760.jpg\" alt=\"\"><\/p>\n<h2 data-start=\"1133\" data-end=\"1166\">Compact, puissant et \u00e9conomique<\/h2>\n<p data-start=\"1167\" data-end=\"1625\">La BMW F 450 GS est con\u00e7ue pour les motards \u00e0 la recherche d&rsquo;une moto d&rsquo;aventure accessible, l\u00e9g\u00e8re mais \u00e0 part enti\u00e8re. Le nouveau moteur bicylindre en ligne d\u00e9livre 48 ch (35 kW) et 43 Nm de couple, ce qui est parfait pour la classe de permis A2. Avec une cylindr\u00e9e de 420 cm3 et une consommation de seulement 3,8 litres aux 100 km, cette BMW n&rsquo;est pas seulement puissante, elle est aussi \u00e9conomique. Gr\u00e2ce au r\u00e9servoir de 14 litres, l&rsquo;autonomie d\u00e9passe les 350 kilom\u00e8tres.   <\/p>\n<p data-start=\"1627\" data-end=\"1880\">Le moteur est enti\u00e8rement nouveau et r\u00e9pond aux normes d&rsquo;\u00e9missions EU5+. Le vilebrequin avec des tourillons d\u00e9cal\u00e9s de 135 degr\u00e9s assure un fonctionnement vif et r\u00e9gulier et un son caract\u00e9ristique &#8211; exactement ce que vous attendez d&rsquo;une BMW GS d&rsquo;origine. <\/p>\n<p data-start=\"1627\" data-end=\"1880\">\n<h2 data-start=\"1882\" data-end=\"1940\">Embrayage Easy Ride<\/h2>\n<p data-start=\"1941\" data-end=\"2203\">L&rsquo;une des plus grandes innovations de la nouvelle F 450 GS est l&#8217;embrayage BMW Easy Ride (ERC). Cet embrayage intelligent fonctionne de mani\u00e8re centrifuge et permet de rouler sans embrayage manuel. Id\u00e9al pour la conduite en ville, le tourisme ou les aventures tout-terrain.  <\/p>\n<p data-start=\"1941\" data-end=\"2203\"><img decoding=\"async\" loading=\"lazy\" width=\"1140\" height=\"760\" class=\"alignnone size-medium wp-image-29058\" src=\"https:\/\/motorrai.nl\/wp-content\/uploads\/2025\/11\/image003-1140x760.jpg\" alt=\"\"><\/p>\n<p data-start=\"2205\" data-end=\"2480\">L&#8217;embrayage Easy Ride est de s\u00e9rie sur la F 450 GS Trophy et constitue une premi\u00e8re dans ce segment. Associ\u00e9 \u00e0 l&rsquo;assistant de changement de vitesse Pro, vous pouvez \u00e9galement changer de vitesse sans levier d&#8217;embrayage. N\u00e9anmoins, le levier reste pr\u00e9sent dans les situations o\u00f9 un contr\u00f4le suppl\u00e9mentaire est souhait\u00e9.  <\/p>\n<h2 data-start=\"2482\" data-end=\"2543\">Un contr\u00f4le pur sur tous les terrains<\/h2>\n<p data-start=\"2544\" data-end=\"2917\">La BMW F 450 GS propose de s\u00e9rie trois modes de conduite &#8211; <em data-start=\"2595\" data-end=\"2601\">Rain<\/em>, <em data-start=\"2603\" data-end=\"2609\">Road<\/em> et <em data-start=\"2613\" data-end=\"2621\">Enduro<\/em> &#8211; et des syst\u00e8mes de s\u00e9curit\u00e9 avanc\u00e9s tels que l&rsquo;ABS Pro, le contr\u00f4le dynamique du freinage (DBC), le contr\u00f4le dynamique de la traction (DTC) et la r\u00e9gulation du glissement du moteur (MSR). Pour les amateurs de conduite tout-terrain, il existe un <em data-start=\"2836\" data-end=\"2848\">mode<\/em> suppl\u00e9mentaire, <em data-start=\"2836\" data-end=\"2848\">Enduro Pro<\/em>, qui permet de d\u00e9sactiver l&rsquo;ABS au niveau de la roue arri\u00e8re. <\/p>\n<p data-start=\"2544\" data-end=\"2917\"><img decoding=\"async\" loading=\"lazy\" width=\"1140\" height=\"760\" class=\"alignnone size-medium wp-image-28251\" src=\"https:\/\/motorrai.nl\/wp-content\/uploads\/2024\/11\/image001-1-1140x760.jpg\" alt=\"\"><\/p>\n<p data-start=\"2919\" data-end=\"3162\">Le cadre tubulaire de conception enti\u00e8rement nouvelle offre une rigidit\u00e9 et une stabilit\u00e9 maximales, tandis que l&#8217;empattement court garantit une maniabilit\u00e9 enjou\u00e9e. La suspension KYB \u00e0 amortissement r\u00e9glable allie confort et pr\u00e9cision, sur le bitume comme en tout-terrain. <\/p>\n<h2 data-start=\"3164\" data-end=\"3208\">ADN GS reconnaissable<\/h2>\n<p data-start=\"3209\" data-end=\"3531\">Le design de la F 450 GS compl\u00e8te parfaitement les mod\u00e8les GS plus grands. Le phare \u00e0 LED avec feux de jour X, la ligne de vol caract\u00e9ristique et les proportions compactes la rendent imm\u00e9diatement reconnaissable. L&rsquo;ergonomie est typique de la GS : guidon large, taille \u00e9troite et position assise confortable, aussi bien en position debout qu&rsquo;assise.  <\/p>\n<p data-start=\"3209\" data-end=\"3531\"><img decoding=\"async\" loading=\"lazy\" width=\"1140\" height=\"760\" class=\"alignnone size-medium wp-image-28254\" src=\"https:\/\/motorrai.nl\/wp-content\/uploads\/2024\/11\/image004-1-1140x760.jpg\" alt=\"\"><\/p>\n<p data-start=\"3533\" data-end=\"3807\">L&rsquo;\u00e9cran TFT de 6,5 pouces de s\u00e9rie offre une connectivit\u00e9 pour le t\u00e9l\u00e9phone, la musique et la navigation. La connectivit\u00e9 USB-C, l&rsquo;\u00e9clairage LED sur tout le pourtour et une vaste gamme d&rsquo;accessoires &#8211; des sacoches aux supports de protection &#8211; compl\u00e8tent cette moto d&rsquo;aventure BMW. <\/p>\n<div class=\"galery shuffle galery-29054\">\n<figure>\n\t\t\t<a href=\"https:\/\/motorrai.nl\/wp-content\/uploads\/2025\/11\/image002.jpg\" data-fancybox=\"galery-29054\" title=\"\"><br \/>\n\t\t\t\t<img decoding=\"async\" src=\"https:\/\/motorrai.nl\/wp-content\/uploads\/2025\/11\/image002-640x480.jpg\" alt=\"\"><i class=\"fa fa-search-plus\" aria-hidden=\"true\"><\/i><br \/>\n\t\t\t<\/a><br \/>\n\t\t<\/figure>\n<figure>\n\t\t\t<a href=\"https:\/\/motorrai.nl\/wp-content\/uploads\/2025\/11\/image004.jpg\" data-fancybox=\"galery-29054\" title=\"\"><br \/>\n\t\t\t\t<img decoding=\"async\" src=\"https:\/\/motorrai.nl\/wp-content\/uploads\/2025\/11\/image004-360x270.jpg\" alt=\"\"><i class=\"fa fa-search-plus\" aria-hidden=\"true\"><\/i><br \/>\n\t\t\t<\/a><br \/>\n\t\t<\/figure>\n<figure>\n\t\t\t<a href=\"https:\/\/motorrai.nl\/wp-content\/uploads\/2025\/11\/image005.jpg\" data-fancybox=\"galery-29054\" title=\"\"><br \/>\n\t\t\t\t<img decoding=\"async\" src=\"https:\/\/motorrai.nl\/wp-content\/uploads\/2025\/11\/image005-360x270.jpg\" alt=\"\"><i class=\"fa fa-search-plus\" aria-hidden=\"true\"><\/i><br \/>\n\t\t\t<\/a><br \/>\n\t\t<\/figure>\n<div class=\"clear\"><\/div>\n<\/div>\n<h2 data-start=\"3809\" data-end=\"3853\">Trois versions<\/h2>\n<p data-start=\"3854\" data-end=\"3912\">La nouvelle <strong data-start=\"3864\" data-end=\"3880\">BMW F 450 GS<\/strong> se d\u00e9cline en trois variantes :<\/p>\n<ul data-start=\"3914\" data-end=\"4328\">\n<li data-start=\"3914\" data-end=\"4048\">\n<p data-start=\"3916\" data-end=\"4048\"><strong data-start=\"3916\" data-end=\"3938\">F 450 GS Exclusive<\/strong> &#8211; <em data-start=\"3941\" data-end=\"3955\">Cosmic Black<\/em>, avec Riding Modes Pro, Shift Assistant Pro et pare-brise transparent. <strong data-start=\"4021\" data-end=\"4045\">Prix \u00e0 partir de 8 600 euros<\/strong>.<\/p>\n<\/li>\n<li data-start=\"4049\" data-end=\"4157\">\n<p data-start=\"4051\" data-end=\"4157\"><strong data-start=\"4051\" data-end=\"4069\">F 450 GS Sport<\/strong> &#8211; <em data-start=\"4072\" data-end=\"4084\">Racing Red<\/em>, avec suspension sport et fourche avant r\u00e9glable KYB. <strong data-start=\"4130\" data-end=\"4154\">Prix \u00e0 partir de 8 750 euros<\/strong>.<\/p>\n<\/li>\n<li data-start=\"4158\" data-end=\"4328\">\n<p data-start=\"4160\" data-end=\"4328\"><strong data-start=\"4160\" data-end=\"4179\">F 450 GS Trophy<\/strong> &#8211; <em data-start=\"4182\" data-end=\"4204\">Racing Blue Metallic<\/em>, avec protection moteur en aluminium, pare-brise rallye et l&rsquo;innovant <strong data-start=\"4273\" data-end=\"4299\">embrayage Easy Ride (ERC)<\/strong>. <strong data-start=\"4301\" data-end=\"4325\">Prix \u00e0 partir de 8 950 \u20ac<\/strong>.<\/p>\n<\/li>\n<\/ul>\n","protected":false},"excerpt":{"rendered":"La nouvelle BMW F 450 GS marque la prochaine \u00e9tape de la l\u00e9gendaire famille GS de BMW Motorrad. Cette moto\u2026","protected":false},"author":0,"featured_media":159478,"comment_status":"","ping_status":"open","sticky":false,"template":"","format":"standard","meta":{"footnotes":""},"categories":[127],"tags":[],"class_list":["post-159486","post","type-post","status-publish","format-standard","has-post-thumbnail","hentry","category-nouvelles-de-voiture"],"acf":[],"yoast_head":"<!-- This site is optimized with the Yoast SEO plugin v21.2 - https:\/\/yoast.com\/wordpress\/plugins\/seo\/ -->\n<title>BMW F 450 GS vous l&#039;avez pour 8 600 euros ! - All cars news<\/title>\n<meta name=\"robots\" content=\"index, follow, max-snippet:-1, max-image-preview:large, max-video-preview:-1\" \/>\n<link rel=\"canonical\" href=\"https:\/\/all-car-news.com\/fr\/bmw-f-450-gs-vous-lavez-pour-8-600-euros\/\" \/>\n<meta property=\"og:locale\" content=\"fr_FR\" \/>\n<meta property=\"og:type\" content=\"article\" \/>\n<meta property=\"og:title\" content=\"BMW F 450 GS vous l&#039;avez pour 8 600 euros ! - All cars news\" \/>\n<meta property=\"og:description\" content=\"La nouvelle BMW F 450 GS marque la prochaine \u00e9tape de la l\u00e9gendaire famille GS de BMW Motorrad. Cette moto A2 enti\u00e8rement nouvelle combine le design embl\u00e9matique de la GS avec une technologie moderne, des performances puissantes et une polyvalence surprenante. Aux Pays-Bas, le lancement sur le march\u00e9 est pr\u00e9vu pour le deuxi\u00e8me trimestre 2026, avec un prix recommand\u00e9 au consommateur \u00e0 partir de 8 600 \u20ac. Compacte, puissante [...]\" \/>\n<meta property=\"og:url\" content=\"https:\/\/all-car-news.com\/fr\/bmw-f-450-gs-vous-lavez-pour-8-600-euros\/\" \/>\n<meta property=\"og:site_name\" content=\"All cars news\" \/>\n<meta property=\"article:published_time\" content=\"2025-11-07T16:10:50+00:00\" \/>\n<meta property=\"og:image\" content=\"https:\/\/motorrai.nl\/wp-content\/uploads\/2025\/11\/image002-1140x760.jpg\" \/>\n<meta name=\"twitter:card\" content=\"summary_large_image\" \/>\n<meta name=\"twitter:label1\" content=\"Dur\u00e9e de lecture estim\u00e9e\" \/>\n\t<meta name=\"twitter:data1\" content=\"3 minutes\" \/>\n<script type=\"application\/ld+json\" class=\"yoast-schema-graph\">{\"@context\":\"https:\/\/schema.org\",\"@graph\":[{\"@type\":\"Article\",\"@id\":\"https:\/\/all-car-news.com\/fr\/bmw-f-450-gs-vous-lavez-pour-8-600-euros\/#article\",\"isPartOf\":{\"@id\":\"https:\/\/all-car-news.com\/fr\/bmw-f-450-gs-vous-lavez-pour-8-600-euros\/\"},\"author\":{\"name\":\"\",\"@id\":\"\"},\"headline\":\"BMW F 450 GS vous l&rsquo;avez pour 8 600 euros !\",\"datePublished\":\"2025-11-07T16:10:50+00:00\",\"dateModified\":\"2025-11-07T16:10:50+00:00\",\"mainEntityOfPage\":{\"@id\":\"https:\/\/all-car-news.com\/fr\/bmw-f-450-gs-vous-lavez-pour-8-600-euros\/\"},\"wordCount\":633,\"publisher\":{\"@id\":\"https:\/\/all-car-news.com\/fr\/#organization\"},\"articleSection\":[\"nouvelles de voiture\"],\"inLanguage\":\"fr-FR\"},{\"@type\":\"WebPage\",\"@id\":\"https:\/\/all-car-news.com\/fr\/bmw-f-450-gs-vous-lavez-pour-8-600-euros\/\",\"url\":\"https:\/\/all-car-news.com\/fr\/bmw-f-450-gs-vous-lavez-pour-8-600-euros\/\",\"name\":\"BMW F 450 GS vous l'avez pour 8 600 euros ! - All cars news\",\"isPartOf\":{\"@id\":\"https:\/\/all-car-news.com\/fr\/#website\"},\"datePublished\":\"2025-11-07T16:10:50+00:00\",\"dateModified\":\"2025-11-07T16:10:50+00:00\",\"breadcrumb\":{\"@id\":\"https:\/\/all-car-news.com\/fr\/bmw-f-450-gs-vous-lavez-pour-8-600-euros\/#breadcrumb\"},\"inLanguage\":\"fr-FR\",\"potentialAction\":[{\"@type\":\"ReadAction\",\"target\":[\"https:\/\/all-car-news.com\/fr\/bmw-f-450-gs-vous-lavez-pour-8-600-euros\/\"]}]},{\"@type\":\"BreadcrumbList\",\"@id\":\"https:\/\/all-car-news.com\/fr\/bmw-f-450-gs-vous-lavez-pour-8-600-euros\/#breadcrumb\",\"itemListElement\":[{\"@type\":\"ListItem\",\"position\":1,\"name\":\"Home\",\"item\":\"https:\/\/all-car-news.com\/fr\/\"},{\"@type\":\"ListItem\",\"position\":2,\"name\":\"BMW F 450 GS vous l&rsquo;avez pour 8 600 euros !\"}]},{\"@type\":\"WebSite\",\"@id\":\"https:\/\/all-car-news.com\/fr\/#website\",\"url\":\"https:\/\/all-car-news.com\/fr\/\",\"name\":\"All cars news\",\"description\":\"\",\"publisher\":{\"@id\":\"https:\/\/all-car-news.com\/fr\/#organization\"},\"potentialAction\":[{\"@type\":\"SearchAction\",\"target\":{\"@type\":\"EntryPoint\",\"urlTemplate\":\"https:\/\/all-car-news.com\/fr\/?s={search_term_string}\"},\"query-input\":\"required name=search_term_string\"}],\"inLanguage\":\"fr-FR\"},{\"@type\":\"Organization\",\"@id\":\"https:\/\/all-car-news.com\/fr\/#organization\",\"name\":\"All cars news\",\"url\":\"https:\/\/all-car-news.com\/fr\/\",\"logo\":{\"@type\":\"ImageObject\",\"inLanguage\":\"fr-FR\",\"@id\":\"https:\/\/all-car-news.com\/fr\/#\/schema\/logo\/image\/\",\"url\":\"https:\/\/all-car-news.com\/wp-content\/uploads\/2022\/02\/CMYK-AllCarNews_LANDSCAPE_300px-1.png\",\"contentUrl\":\"https:\/\/all-car-news.com\/wp-content\/uploads\/2022\/02\/CMYK-AllCarNews_LANDSCAPE_300px-1.png\",\"width\":300,\"height\":100,\"caption\":\"All cars news\"},\"image\":{\"@id\":\"https:\/\/all-car-news.com\/fr\/#\/schema\/logo\/image\/\"}}]}<\/script>\n<!-- \/ Yoast SEO plugin. -->","yoast_head_json":{"title":"BMW F 450 GS vous l'avez pour 8 600 euros ! - All cars news","robots":{"index":"index","follow":"follow","max-snippet":"max-snippet:-1","max-image-preview":"max-image-preview:large","max-video-preview":"max-video-preview:-1"},"canonical":"https:\/\/all-car-news.com\/fr\/bmw-f-450-gs-vous-lavez-pour-8-600-euros\/","og_locale":"fr_FR","og_type":"article","og_title":"BMW F 450 GS vous l'avez pour 8 600 euros ! - All cars news","og_description":"La nouvelle BMW F 450 GS marque la prochaine \u00e9tape de la l\u00e9gendaire famille GS de BMW Motorrad. Cette moto A2 enti\u00e8rement nouvelle combine le design embl\u00e9matique de la GS avec une technologie moderne, des performances puissantes et une polyvalence surprenante. Aux Pays-Bas, le lancement sur le march\u00e9 est pr\u00e9vu pour le deuxi\u00e8me trimestre 2026, avec un prix recommand\u00e9 au consommateur \u00e0 partir de 8 600 \u20ac. Compacte, puissante [...]","og_url":"https:\/\/all-car-news.com\/fr\/bmw-f-450-gs-vous-lavez-pour-8-600-euros\/","og_site_name":"All cars news","article_published_time":"2025-11-07T16:10:50+00:00","og_image":[{"url":"https:\/\/motorrai.nl\/wp-content\/uploads\/2025\/11\/image002-1140x760.jpg"}],"twitter_card":"summary_large_image","twitter_misc":{"Dur\u00e9e de lecture estim\u00e9e":"3 minutes"},"schema":{"@context":"https:\/\/schema.org","@graph":[{"@type":"Article","@id":"https:\/\/all-car-news.com\/fr\/bmw-f-450-gs-vous-lavez-pour-8-600-euros\/#article","isPartOf":{"@id":"https:\/\/all-car-news.com\/fr\/bmw-f-450-gs-vous-lavez-pour-8-600-euros\/"},"author":{"name":"","@id":""},"headline":"BMW F 450 GS vous l&rsquo;avez pour 8 600 euros !","datePublished":"2025-11-07T16:10:50+00:00","dateModified":"2025-11-07T16:10:50+00:00","mainEntityOfPage":{"@id":"https:\/\/all-car-news.com\/fr\/bmw-f-450-gs-vous-lavez-pour-8-600-euros\/"},"wordCount":633,"publisher":{"@id":"https:\/\/all-car-news.com\/fr\/#organization"},"articleSection":["nouvelles de voiture"],"inLanguage":"fr-FR"},{"@type":"WebPage","@id":"https:\/\/all-car-news.com\/fr\/bmw-f-450-gs-vous-lavez-pour-8-600-euros\/","url":"https:\/\/all-car-news.com\/fr\/bmw-f-450-gs-vous-lavez-pour-8-600-euros\/","name":"BMW F 450 GS vous l'avez pour 8 600 euros ! - All cars news","isPartOf":{"@id":"https:\/\/all-car-news.com\/fr\/#website"},"datePublished":"2025-11-07T16:10:50+00:00","dateModified":"2025-11-07T16:10:50+00:00","breadcrumb":{"@id":"https:\/\/all-car-news.com\/fr\/bmw-f-450-gs-vous-lavez-pour-8-600-euros\/#breadcrumb"},"inLanguage":"fr-FR","potentialAction":[{"@type":"ReadAction","target":["https:\/\/all-car-news.com\/fr\/bmw-f-450-gs-vous-lavez-pour-8-600-euros\/"]}]},{"@type":"BreadcrumbList","@id":"https:\/\/all-car-news.com\/fr\/bmw-f-450-gs-vous-lavez-pour-8-600-euros\/#breadcrumb","itemListElement":[{"@type":"ListItem","position":1,"name":"Home","item":"https:\/\/all-car-news.com\/fr\/"},{"@type":"ListItem","position":2,"name":"BMW F 450 GS vous l&rsquo;avez pour 8 600 euros !"}]},{"@type":"WebSite","@id":"https:\/\/all-car-news.com\/fr\/#website","url":"https:\/\/all-car-news.com\/fr\/","name":"All cars news","description":"","publisher":{"@id":"https:\/\/all-car-news.com\/fr\/#organization"},"potentialAction":[{"@type":"SearchAction","target":{"@type":"EntryPoint","urlTemplate":"https:\/\/all-car-news.com\/fr\/?s={search_term_string}"},"query-input":"required name=search_term_string"}],"inLanguage":"fr-FR"},{"@type":"Organization","@id":"https:\/\/all-car-news.com\/fr\/#organization","name":"All cars news","url":"https:\/\/all-car-news.com\/fr\/","logo":{"@type":"ImageObject","inLanguage":"fr-FR","@id":"https:\/\/all-car-news.com\/fr\/#\/schema\/logo\/image\/","url":"https:\/\/all-car-news.com\/wp-content\/uploads\/2022\/02\/CMYK-AllCarNews_LANDSCAPE_300px-1.png","contentUrl":"https:\/\/all-car-news.com\/wp-content\/uploads\/2022\/02\/CMYK-AllCarNews_LANDSCAPE_300px-1.png","width":300,"height":100,"caption":"All cars news"},"image":{"@id":"https:\/\/all-car-news.com\/fr\/#\/schema\/logo\/image\/"}}]}},"_links":{"self":[{"href":"https:\/\/all-car-news.com\/fr\/wp-json\/wp\/v2\/posts\/159486","targetHints":{"allow":["GET"]}}],"collection":[{"href":"https:\/\/all-car-news.com\/fr\/wp-json\/wp\/v2\/posts"}],"about":[{"href":"https:\/\/all-car-news.com\/fr\/wp-json\/wp\/v2\/types\/post"}],"replies":[{"embeddable":true,"href":"https:\/\/all-car-news.com\/fr\/wp-json\/wp\/v2\/comments?post=159486"}],"version-history":[{"count":0,"href":"https:\/\/all-car-news.com\/fr\/wp-json\/wp\/v2\/posts\/159486\/revisions"}],"wp:featuredmedia":[{"embeddable":true,"href":"https:\/\/all-car-news.com\/fr\/wp-json\/wp\/v2\/media\/159478"}],"wp:attachment":[{"href":"https:\/\/all-car-news.com\/fr\/wp-json\/wp\/v2\/media?parent=159486"}],"wp:term":[{"taxonomy":"category","embeddable":true,"href":"https:\/\/all-car-news.com\/fr\/wp-json\/wp\/v2\/categories?post=159486"},{"taxonomy":"post_tag","embeddable":true,"href":"https:\/\/all-car-news.com\/fr\/wp-json\/wp\/v2\/tags?post=159486"}],"curies":[{"name":"wp","href":"https:\/\/api.w.org\/{rel}","templated":true}]}}