{"id":159380,"date":"2025-11-05T11:36:54","date_gmt":"2025-11-05T11:36:54","guid":{"rendered":"https:\/\/all-car-news.com\/voici-comment-selon-cbs-les-neerlandais-font-trois-millions-de-tours-de-la-terre\/"},"modified":"2025-11-05T11:36:54","modified_gmt":"2025-11-05T11:36:54","slug":"voici-comment-selon-cbs-les-neerlandais-font-trois-millions-de-tours-de-la-terre","status":"publish","type":"post","link":"https:\/\/all-car-news.com\/fr\/voici-comment-selon-cbs-les-neerlandais-font-trois-millions-de-tours-de-la-terre\/","title":{"rendered":"Voici comment : Selon CBS, les N\u00e9erlandais font trois millions de tours de la terre."},"content":{"rendered":"<h2 class=\"wp-block-heading\">Ancien niveau<\/h2>\n<p>Pendant les ann\u00e9es Corona, le trafic automobile a fortement diminu\u00e9. Tout le monde a certainement en t\u00eate les images de routes d\u00e9sert\u00e9es. En 2020, le nombre de kilom\u00e8tres parcourus a chut\u00e9 de pr\u00e8s de 18 %. Depuis lors, la situation s&rsquo;est progressivement r\u00e9tablie et nous avons m\u00eame d\u00e9pass\u00e9 le niveau ant\u00e9rieur. Pour la premi\u00e8re fois depuis la pand\u00e9mie de corona, les voitures n\u00e9erlandaises ont parcouru collectivement plus de kilom\u00e8tres qu&rsquo;en 2019, selon les nouveaux chiffres de Statistics Netherlands.    <\/p>\n<h2 class=\"wp-block-heading\">122 milliards de kilom\u00e8tres<\/h2>\n<p>En 2024, nous avons tous parcouru pr\u00e8s de 122 milliards de kilom\u00e8tres. Cela repr\u00e9sente trois millions de tours de la terre. C&rsquo;est aussi une augmentation de plus de 2 % par rapport \u00e0 l&rsquo;ann\u00e9e pr\u00e9c\u00e9dente. C&rsquo;est 726 millions de kilom\u00e8tres de plus qu&rsquo;avant Corona. En moyenne par voiture, nous roulons en fait moins, selon <g id=\"gid_0\">CBS<\/g>, mais cette diff\u00e9rence est plus que compens\u00e9e par le fait qu&rsquo;il y a tout simplement plus de voitures. En 2019, les Pays-Bas comptaient 9,3 millions de voitures particuli\u00e8res, contre 9,9 millions aujourd&rsquo;hui.     <\/p>\n<h2 class=\"wp-block-heading\"><strong>Plus de femmes au volant<\/strong><\/h2>\n<p>Il est int\u00e9ressant de noter que ce sont surtout les femmes qui ont parcouru le plus de kilom\u00e8tres. Les voitures au nom de femmes ont parcouru 5,4 % de kilom\u00e8tres de plus qu&rsquo;en 2019, tandis que les hommes en ont parcouru un peu moins. Les jeunes femmes de moins de 40 ans et de plus de 60 ans, en particulier, sont plus susceptibles d&rsquo;\u00eatre dans la voiture.  <\/p>\n<h2 class=\"wp-block-heading\"><strong>Les m\u00e9nages ais\u00e9s sont ceux qui conduisent le plus<\/strong><\/h2>\n<p>Il n&rsquo;est pas surprenant de constater que ce sont les m\u00e9nages \u00e0 revenus \u00e9lev\u00e9s qui parcourent le plus de kilom\u00e8tres. En fait, les personnes \u00e0 faible revenu sont plus susceptibles d&rsquo;utiliser les transports publics. Le groupe aux revenus les plus \u00e9lev\u00e9s repr\u00e9sente plus de 31 % de tous les kilom\u00e8tres parcourus en voiture, tandis que le groupe aux revenus les plus faibles en repr\u00e9sente moins de 9 %.  <\/p>\n<p>Lisez aussi : <a href=\"https:\/\/autorai.nl\/deze-briljante-nieuwe-polestar-functie-zou-in-elke-auto-moeten-zitten\/\" target=\"_blank\" rel=\"noreferrer noopener\">Cette nouvelle fonction g\u00e9niale de Polestar devrait \u00eatre pr\u00e9sente dans toutes les voitures.<\/a><\/p>\n<figure class=\"wp-block-embed is-type-wp-embed is-provider-autorai-nl wp-block-embed-autorai-nl\">\n<div class=\"wp-block-embed__wrapper\">\n<blockquote class=\"wp-embedded-content\" data-secret=\"a43gHdABdd\"><p><a href=\"https:\/\/autorai.nl\/deze-briljante-nieuwe-polestar-functie-zou-in-elke-auto-moeten-zitten\/\">Cette nouvelle fonction brillante de Polestar devrait \u00eatre pr\u00e9sente dans toutes les voitures.<\/a><\/p><\/blockquote>\n<\/div>\n<\/figure>\n","protected":false},"excerpt":{"rendered":"Ancien niveau Pendant les ann\u00e9es Corona, le trafic automobile a fortement diminu\u00e9. Tout le monde se souvient certainement des images\u2026","protected":false},"author":0,"featured_media":159371,"comment_status":"","ping_status":"open","sticky":false,"template":"","format":"standard","meta":{"footnotes":""},"categories":[127],"tags":[],"class_list":["post-159380","post","type-post","status-publish","format-standard","has-post-thumbnail","hentry","category-nouvelles-de-voiture"],"acf":[],"yoast_head":"<!-- This site is optimized with the Yoast SEO plugin v21.2 - https:\/\/yoast.com\/wordpress\/plugins\/seo\/ -->\n<title>Voici comment : Selon CBS, les N\u00e9erlandais font trois millions de tours de la terre. - All cars news<\/title>\n<meta name=\"robots\" content=\"index, follow, max-snippet:-1, max-image-preview:large, max-video-preview:-1\" \/>\n<link rel=\"canonical\" href=\"https:\/\/all-car-news.com\/fr\/voici-comment-selon-cbs-les-neerlandais-font-trois-millions-de-tours-de-la-terre\/\" \/>\n<meta property=\"og:locale\" content=\"fr_FR\" \/>\n<meta property=\"og:type\" content=\"article\" \/>\n<meta property=\"og:title\" content=\"Voici comment : Selon CBS, les N\u00e9erlandais font trois millions de tours de la terre. - All cars news\" \/>\n<meta property=\"og:description\" content=\"Ancien niveau Pendant les ann\u00e9es Corona, le trafic automobile a fortement diminu\u00e9. Tout le monde se souvient certainement des images de routes d\u00e9sertes. En 2020, le nombre de kilom\u00e8tres parcourus a chut\u00e9 de pr\u00e8s de 18 %. Depuis lors, la situation s&#039;est progressivement r\u00e9tablie et nous avons m\u00eame d\u00e9pass\u00e9 l&#039;ancien niveau. Pour la premi\u00e8re fois depuis la pand\u00e9mie de corona, les voitures n\u00e9erlandaises ont [...]\" \/>\n<meta property=\"og:url\" content=\"https:\/\/all-car-news.com\/fr\/voici-comment-selon-cbs-les-neerlandais-font-trois-millions-de-tours-de-la-terre\/\" \/>\n<meta property=\"og:site_name\" content=\"All cars news\" \/>\n<meta property=\"article:published_time\" content=\"2025-11-05T11:36:54+00:00\" \/>\n<meta name=\"twitter:card\" content=\"summary_large_image\" \/>\n<meta name=\"twitter:label1\" content=\"Dur\u00e9e de lecture estim\u00e9e\" \/>\n\t<meta name=\"twitter:data1\" content=\"2 minutes\" \/>\n<script type=\"application\/ld+json\" class=\"yoast-schema-graph\">{\"@context\":\"https:\/\/schema.org\",\"@graph\":[{\"@type\":\"Article\",\"@id\":\"https:\/\/all-car-news.com\/fr\/voici-comment-selon-cbs-les-neerlandais-font-trois-millions-de-tours-de-la-terre\/#article\",\"isPartOf\":{\"@id\":\"https:\/\/all-car-news.com\/fr\/voici-comment-selon-cbs-les-neerlandais-font-trois-millions-de-tours-de-la-terre\/\"},\"author\":{\"name\":\"\",\"@id\":\"\"},\"headline\":\"Voici comment : Selon CBS, les N\u00e9erlandais font trois millions de tours de la terre.\",\"datePublished\":\"2025-11-05T11:36:54+00:00\",\"dateModified\":\"2025-11-05T11:36:54+00:00\",\"mainEntityOfPage\":{\"@id\":\"https:\/\/all-car-news.com\/fr\/voici-comment-selon-cbs-les-neerlandais-font-trois-millions-de-tours-de-la-terre\/\"},\"wordCount\":379,\"publisher\":{\"@id\":\"https:\/\/all-car-news.com\/fr\/#organization\"},\"articleSection\":[\"nouvelles de voiture\"],\"inLanguage\":\"fr-FR\"},{\"@type\":\"WebPage\",\"@id\":\"https:\/\/all-car-news.com\/fr\/voici-comment-selon-cbs-les-neerlandais-font-trois-millions-de-tours-de-la-terre\/\",\"url\":\"https:\/\/all-car-news.com\/fr\/voici-comment-selon-cbs-les-neerlandais-font-trois-millions-de-tours-de-la-terre\/\",\"name\":\"Voici comment : Selon CBS, les N\u00e9erlandais font trois millions de tours de la terre. - All cars news\",\"isPartOf\":{\"@id\":\"https:\/\/all-car-news.com\/fr\/#website\"},\"datePublished\":\"2025-11-05T11:36:54+00:00\",\"dateModified\":\"2025-11-05T11:36:54+00:00\",\"breadcrumb\":{\"@id\":\"https:\/\/all-car-news.com\/fr\/voici-comment-selon-cbs-les-neerlandais-font-trois-millions-de-tours-de-la-terre\/#breadcrumb\"},\"inLanguage\":\"fr-FR\",\"potentialAction\":[{\"@type\":\"ReadAction\",\"target\":[\"https:\/\/all-car-news.com\/fr\/voici-comment-selon-cbs-les-neerlandais-font-trois-millions-de-tours-de-la-terre\/\"]}]},{\"@type\":\"BreadcrumbList\",\"@id\":\"https:\/\/all-car-news.com\/fr\/voici-comment-selon-cbs-les-neerlandais-font-trois-millions-de-tours-de-la-terre\/#breadcrumb\",\"itemListElement\":[{\"@type\":\"ListItem\",\"position\":1,\"name\":\"Home\",\"item\":\"https:\/\/all-car-news.com\/fr\/\"},{\"@type\":\"ListItem\",\"position\":2,\"name\":\"Voici comment : Selon CBS, les N\u00e9erlandais font trois millions de tours de la terre.\"}]},{\"@type\":\"WebSite\",\"@id\":\"https:\/\/all-car-news.com\/fr\/#website\",\"url\":\"https:\/\/all-car-news.com\/fr\/\",\"name\":\"All cars news\",\"description\":\"\",\"publisher\":{\"@id\":\"https:\/\/all-car-news.com\/fr\/#organization\"},\"potentialAction\":[{\"@type\":\"SearchAction\",\"target\":{\"@type\":\"EntryPoint\",\"urlTemplate\":\"https:\/\/all-car-news.com\/fr\/?s={search_term_string}\"},\"query-input\":\"required name=search_term_string\"}],\"inLanguage\":\"fr-FR\"},{\"@type\":\"Organization\",\"@id\":\"https:\/\/all-car-news.com\/fr\/#organization\",\"name\":\"All cars news\",\"url\":\"https:\/\/all-car-news.com\/fr\/\",\"logo\":{\"@type\":\"ImageObject\",\"inLanguage\":\"fr-FR\",\"@id\":\"https:\/\/all-car-news.com\/fr\/#\/schema\/logo\/image\/\",\"url\":\"https:\/\/all-car-news.com\/wp-content\/uploads\/2022\/02\/CMYK-AllCarNews_LANDSCAPE_300px-1.png\",\"contentUrl\":\"https:\/\/all-car-news.com\/wp-content\/uploads\/2022\/02\/CMYK-AllCarNews_LANDSCAPE_300px-1.png\",\"width\":300,\"height\":100,\"caption\":\"All cars news\"},\"image\":{\"@id\":\"https:\/\/all-car-news.com\/fr\/#\/schema\/logo\/image\/\"}}]}<\/script>\n<!-- \/ Yoast SEO plugin. -->","yoast_head_json":{"title":"Voici comment : Selon CBS, les N\u00e9erlandais font trois millions de tours de la terre. - All cars news","robots":{"index":"index","follow":"follow","max-snippet":"max-snippet:-1","max-image-preview":"max-image-preview:large","max-video-preview":"max-video-preview:-1"},"canonical":"https:\/\/all-car-news.com\/fr\/voici-comment-selon-cbs-les-neerlandais-font-trois-millions-de-tours-de-la-terre\/","og_locale":"fr_FR","og_type":"article","og_title":"Voici comment : Selon CBS, les N\u00e9erlandais font trois millions de tours de la terre. - All cars news","og_description":"Ancien niveau Pendant les ann\u00e9es Corona, le trafic automobile a fortement diminu\u00e9. Tout le monde se souvient certainement des images de routes d\u00e9sertes. En 2020, le nombre de kilom\u00e8tres parcourus a chut\u00e9 de pr\u00e8s de 18 %. Depuis lors, la situation s'est progressivement r\u00e9tablie et nous avons m\u00eame d\u00e9pass\u00e9 l'ancien niveau. Pour la premi\u00e8re fois depuis la pand\u00e9mie de corona, les voitures n\u00e9erlandaises ont [...]","og_url":"https:\/\/all-car-news.com\/fr\/voici-comment-selon-cbs-les-neerlandais-font-trois-millions-de-tours-de-la-terre\/","og_site_name":"All cars news","article_published_time":"2025-11-05T11:36:54+00:00","twitter_card":"summary_large_image","twitter_misc":{"Dur\u00e9e de lecture estim\u00e9e":"2 minutes"},"schema":{"@context":"https:\/\/schema.org","@graph":[{"@type":"Article","@id":"https:\/\/all-car-news.com\/fr\/voici-comment-selon-cbs-les-neerlandais-font-trois-millions-de-tours-de-la-terre\/#article","isPartOf":{"@id":"https:\/\/all-car-news.com\/fr\/voici-comment-selon-cbs-les-neerlandais-font-trois-millions-de-tours-de-la-terre\/"},"author":{"name":"","@id":""},"headline":"Voici comment : Selon CBS, les N\u00e9erlandais font trois millions de tours de la terre.","datePublished":"2025-11-05T11:36:54+00:00","dateModified":"2025-11-05T11:36:54+00:00","mainEntityOfPage":{"@id":"https:\/\/all-car-news.com\/fr\/voici-comment-selon-cbs-les-neerlandais-font-trois-millions-de-tours-de-la-terre\/"},"wordCount":379,"publisher":{"@id":"https:\/\/all-car-news.com\/fr\/#organization"},"articleSection":["nouvelles de voiture"],"inLanguage":"fr-FR"},{"@type":"WebPage","@id":"https:\/\/all-car-news.com\/fr\/voici-comment-selon-cbs-les-neerlandais-font-trois-millions-de-tours-de-la-terre\/","url":"https:\/\/all-car-news.com\/fr\/voici-comment-selon-cbs-les-neerlandais-font-trois-millions-de-tours-de-la-terre\/","name":"Voici comment : Selon CBS, les N\u00e9erlandais font trois millions de tours de la terre. - All cars news","isPartOf":{"@id":"https:\/\/all-car-news.com\/fr\/#website"},"datePublished":"2025-11-05T11:36:54+00:00","dateModified":"2025-11-05T11:36:54+00:00","breadcrumb":{"@id":"https:\/\/all-car-news.com\/fr\/voici-comment-selon-cbs-les-neerlandais-font-trois-millions-de-tours-de-la-terre\/#breadcrumb"},"inLanguage":"fr-FR","potentialAction":[{"@type":"ReadAction","target":["https:\/\/all-car-news.com\/fr\/voici-comment-selon-cbs-les-neerlandais-font-trois-millions-de-tours-de-la-terre\/"]}]},{"@type":"BreadcrumbList","@id":"https:\/\/all-car-news.com\/fr\/voici-comment-selon-cbs-les-neerlandais-font-trois-millions-de-tours-de-la-terre\/#breadcrumb","itemListElement":[{"@type":"ListItem","position":1,"name":"Home","item":"https:\/\/all-car-news.com\/fr\/"},{"@type":"ListItem","position":2,"name":"Voici comment : Selon CBS, les N\u00e9erlandais font trois millions de tours de la terre."}]},{"@type":"WebSite","@id":"https:\/\/all-car-news.com\/fr\/#website","url":"https:\/\/all-car-news.com\/fr\/","name":"All cars news","description":"","publisher":{"@id":"https:\/\/all-car-news.com\/fr\/#organization"},"potentialAction":[{"@type":"SearchAction","target":{"@type":"EntryPoint","urlTemplate":"https:\/\/all-car-news.com\/fr\/?s={search_term_string}"},"query-input":"required name=search_term_string"}],"inLanguage":"fr-FR"},{"@type":"Organization","@id":"https:\/\/all-car-news.com\/fr\/#organization","name":"All cars news","url":"https:\/\/all-car-news.com\/fr\/","logo":{"@type":"ImageObject","inLanguage":"fr-FR","@id":"https:\/\/all-car-news.com\/fr\/#\/schema\/logo\/image\/","url":"https:\/\/all-car-news.com\/wp-content\/uploads\/2022\/02\/CMYK-AllCarNews_LANDSCAPE_300px-1.png","contentUrl":"https:\/\/all-car-news.com\/wp-content\/uploads\/2022\/02\/CMYK-AllCarNews_LANDSCAPE_300px-1.png","width":300,"height":100,"caption":"All cars news"},"image":{"@id":"https:\/\/all-car-news.com\/fr\/#\/schema\/logo\/image\/"}}]}},"_links":{"self":[{"href":"https:\/\/all-car-news.com\/fr\/wp-json\/wp\/v2\/posts\/159380","targetHints":{"allow":["GET"]}}],"collection":[{"href":"https:\/\/all-car-news.com\/fr\/wp-json\/wp\/v2\/posts"}],"about":[{"href":"https:\/\/all-car-news.com\/fr\/wp-json\/wp\/v2\/types\/post"}],"replies":[{"embeddable":true,"href":"https:\/\/all-car-news.com\/fr\/wp-json\/wp\/v2\/comments?post=159380"}],"version-history":[{"count":0,"href":"https:\/\/all-car-news.com\/fr\/wp-json\/wp\/v2\/posts\/159380\/revisions"}],"wp:featuredmedia":[{"embeddable":true,"href":"https:\/\/all-car-news.com\/fr\/wp-json\/wp\/v2\/media\/159371"}],"wp:attachment":[{"href":"https:\/\/all-car-news.com\/fr\/wp-json\/wp\/v2\/media?parent=159380"}],"wp:term":[{"taxonomy":"category","embeddable":true,"href":"https:\/\/all-car-news.com\/fr\/wp-json\/wp\/v2\/categories?post=159380"},{"taxonomy":"post_tag","embeddable":true,"href":"https:\/\/all-car-news.com\/fr\/wp-json\/wp\/v2\/tags?post=159380"}],"curies":[{"name":"wp","href":"https:\/\/api.w.org\/{rel}","templated":true}]}}