{"id":156667,"date":"2025-07-29T10:02:59","date_gmt":"2025-07-29T10:02:59","guid":{"rendered":"https:\/\/all-car-news.com\/nouvelle-mazda-6e-aux-pays-bas-pour-la-premiere-fois\/"},"modified":"2025-07-29T10:02:59","modified_gmt":"2025-07-29T10:02:59","slug":"nouvelle-mazda-6e-aux-pays-bas-pour-la-premiere-fois","status":"publish","type":"post","link":"https:\/\/all-car-news.com\/fr\/nouvelle-mazda-6e-aux-pays-bas-pour-la-premiere-fois\/","title":{"rendered":"Nouvelle Mazda 6e aux Pays-Bas pour la premi\u00e8re fois !"},"content":{"rendered":"<h2>Successeur \u00e9lectrique de la Mazda 6<\/h2>\n<p>\u00c0 la fin de l&rsquo;\u00e9t\u00e9 2025, la Mazda 6e, successeur \u00e9lectrique de la Mazda 6 vieillissante, arrivera aux Pays-Bas. Bien que d&rsquo;apparence ind\u00e9niablement Mazda &#8211; avec des phares distinctifs, une carrosserie \u00e9tir\u00e9e d&rsquo;environ 4,92 m\u00e8tres et de subtiles signatures lumineuses Mazda &#8211; la voiture est essentiellement le fruit d&rsquo;une \u00e9troite collaboration avec le constructeur automobile chinois Changan. <\/p>\n<h2>D\u00e9veloppement et lancement sur le march\u00e9 de la Mazda 6e<\/h2>\n<p>La Mazda 6e est bas\u00e9e sur la plateforme de la Mazda EZ-6 introduite en Chine et d\u00e9velopp\u00e9e en collaboration avec Changan. Elle est disponible en Chine depuis 2024, mais le march\u00e9 europ\u00e9en ne la recevra qu&rsquo;en 2025, avec uniquement la version \u00e0 batterie \u00e9lectrique (BEV). <\/p>\n<figure class=\"wp-block-image size-content\"><img decoding=\"async\" loading=\"lazy\" width=\"1140\" height=\"855\" src=\"https:\/\/autorai.nl\/wp-content\/uploads\/2025\/07\/mazda6e-voor-het-eerst-in-nederland-foto5-1140x855.jpg\" alt=\"Chargement de la Mazda6e\" class=\"wp-image-205179\"><\/figure>\n<h2>Aspect et praticit\u00e9<\/h2>\n<p>La carrosserie est un liftback \u00e0 cinq portes &#8211; ce n&rsquo;est pas une berline traditionnelle, mais elle offre un espace pratique \u00e0 l&rsquo;arri\u00e8re, avec un coffre de 330 litres et une malle de 72 litres de volume suppl\u00e9mentaire. Malgr\u00e9 la garde au toit relativement limit\u00e9e \u00e0 l&rsquo;arri\u00e8re en raison de la ligne de toit inclin\u00e9e, la voiture offre une capacit\u00e9 de remorquage allant jusqu&rsquo;\u00e0 1 500 kg. <\/p>\n<h2>Int\u00e9rieur et fonctionnement<\/h2>\n<p>\u00c0 l&rsquo;int\u00e9rieur, la Mazda 6e pr\u00e9sente un m\u00e9lange de finitions luxueuses avec du cuir Nappa et du daim (dans la finition Takumi Plus) et une quantit\u00e9 impressionnante d&rsquo;\u00e9l\u00e9ments num\u00e9riques. L\u00e0 o\u00f9 Mazda utilisait traditionnellement des boutons physiques, ceux-ci ont \u00e9t\u00e9 largement remplac\u00e9s par des commandes via un grand \u00e9cran tactile central de 14,6 pouces. <\/p>\n<figure class=\"wp-block-image size-content\"><img decoding=\"async\" loading=\"lazy\" width=\"1140\" height=\"855\" src=\"https:\/\/autorai.nl\/wp-content\/uploads\/2025\/07\/mazda6e-voor-het-eerst-in-nederland-foto6-1140x855.jpg\" alt=\"\" class=\"wp-image-205183\"><\/figure>\n<h2>Technologie et autonomie Mazda 6e<\/h2>\n<p><strong>La Mazda 6e est disponible avec deux options de batterie :<\/strong><\/p>\n<p><strong>De s\u00e9rie (68,8 kWh LFP) :<\/strong> traction arri\u00e8re, 190 kW (258 ch), 320 Nm, autonomie WLTP d&rsquo;environ 479 km. Charge rapide jusqu&rsquo;\u00e0 165 kW : de 10 % \u00e0 80 % en 24 minutes environ. <\/p>\n<p><strong>Longue autonomie (80 kWh NMC) : <\/strong>180 kW (245 ch), m\u00eame couple et m\u00eame conduite, autonomie WLTP d&rsquo;environ 552 km. La vitesse de charge est cependant limit\u00e9e \u00e0 environ 90 kW, et il faut environ 47 minutes pour passer de 10 % \u00e0 80 %. <\/p>\n<h2>Exp\u00e9rience de conduite<\/h2>\n<p>La direction de la Mazda 6 est l\u00e9g\u00e8re et agr\u00e9able, en partie gr\u00e2ce \u00e0 la traction arri\u00e8re et \u00e0 une r\u00e9partition des masses proche de 50\/50. Mais la suspension semble rigide et le retour d&rsquo;information de la route est limit\u00e9. Les irr\u00e9gularit\u00e9s sont clairement transmises, ce qui nuit au confort. Les acc\u00e9l\u00e9rations sont douces, surtout dans la version de base, mais les palettes de direction pour ajuster la r\u00e9g\u00e9n\u00e9ration sont absentes, ce qui r\u00e9duit le lien entre le conducteur et le v\u00e9hicule. Pour <a href=\"https:\/\/autorai.nl\/mazda-6e-2025-review\/\">en savoir plus, lisez notre essai de la Mazda 6.<\/a>   <\/p>\n<figure class=\"wp-block-image size-content\"><img decoding=\"async\" loading=\"lazy\" width=\"1140\" height=\"855\" src=\"https:\/\/autorai.nl\/wp-content\/uploads\/2025\/07\/mazda6e-voor-het-eerst-in-nederland-foto3-1140x855.jpg\" alt=\"Mazda6e en diff\u00e9rentes couleurs\" class=\"wp-image-205177\"><\/figure>\n<h2>Prix de la Mazda 6e<\/h2>\n<p>La version de base Takumi avec une batterie de 68,8 kWh est propos\u00e9e \u00e0 partir de 44 990 euros, la Takumi Plus, plus luxueuse, \u00e0 46 940 euros. Pour la variante Long Range, vous payez environ 1 600 euros de plus, ce qui donne des prix compris entre 46 590 euros et 48 540 euros, selon la version. La voiture est richement \u00e9quip\u00e9e de s\u00e9rie, avec notamment le chauffage des si\u00e8ges, le syst\u00e8me CarPlay\/Android Auto sans fil, l&rsquo;affichage t\u00eate haute et un syst\u00e8me audio Sony avec 14 haut-parleurs.  <\/p>\n<figure class=\"wp-block-image size-content\"><img decoding=\"async\" loading=\"lazy\" width=\"1140\" height=\"855\" src=\"https:\/\/autorai.nl\/wp-content\/uploads\/2025\/07\/mazda6e-voor-het-eerst-in-nederland-foto4-1140x855.jpg\" alt=\"\" class=\"wp-image-205178\"><\/figure>\n<h2>Affichez vos couleurs<\/h2>\n<p>De quelle couleur la prendriez-vous ? Le rouge typique de Mazda, ou plut\u00f4t une couleur plus discr\u00e8te comme le gris fonc\u00e9, le blanc ou le bleu fonc\u00e9 ? Nous sommes plut\u00f4t fans de la couleur ext\u00e9rieure blanche. Ah oui, il y avait aussi un prototype de la nouvelle Mazda 6e, avec des pare-chocs z\u00e9br\u00e9s.   <\/p>\n<figure class=\"wp-block-image size-content\"><img decoding=\"async\" loading=\"lazy\" width=\"1140\" height=\"855\" src=\"https:\/\/autorai.nl\/wp-content\/uploads\/2025\/07\/mazda6e-voor-het-eerst-in-nederland-foto7-1140x855.jpg\" alt=\"\" class=\"wp-image-205184\"><\/figure>\n","protected":false},"excerpt":{"rendered":"Successeur \u00e9lectrique de la Mazda 6 \u00c0 la fin de l'\u00e9t\u00e9 2025, la Mazda 6e, successeur \u00e9lectrique de la Mazda\u2026","protected":false},"author":0,"featured_media":156664,"comment_status":"","ping_status":"open","sticky":false,"template":"","format":"standard","meta":{"footnotes":""},"categories":[127],"tags":[],"class_list":["post-156667","post","type-post","status-publish","format-standard","has-post-thumbnail","hentry","category-nouvelles-de-voiture"],"acf":[],"yoast_head":"<!-- This site is optimized with the Yoast SEO plugin v21.2 - https:\/\/yoast.com\/wordpress\/plugins\/seo\/ -->\n<title>Nouvelle Mazda 6e aux Pays-Bas pour la premi\u00e8re fois ! - All cars news<\/title>\n<meta name=\"robots\" content=\"index, follow, max-snippet:-1, max-image-preview:large, max-video-preview:-1\" \/>\n<link rel=\"canonical\" href=\"https:\/\/all-car-news.com\/fr\/nouvelle-mazda-6e-aux-pays-bas-pour-la-premiere-fois\/\" \/>\n<meta property=\"og:locale\" content=\"fr_FR\" \/>\n<meta property=\"og:type\" content=\"article\" \/>\n<meta property=\"og:title\" content=\"Nouvelle Mazda 6e aux Pays-Bas pour la premi\u00e8re fois ! - All cars news\" \/>\n<meta property=\"og:description\" content=\"Successeur \u00e9lectrique de la Mazda 6 \u00c0 la fin de l&#039;\u00e9t\u00e9 2025, la Mazda 6e, successeur \u00e9lectrique de la Mazda 6 vieillissante, arrivera aux Pays-Bas. Bien que la voiture ait une apparence typiquement Mazda - avec des phares distinctifs, une carrosserie \u00e9tir\u00e9e d&#039;environ 4,92 m\u00e8tres et de subtiles signatures lumineuses Mazda - elle est essentiellement le fruit d&#039;une \u00e9troite collaboration [...]\" \/>\n<meta property=\"og:url\" content=\"https:\/\/all-car-news.com\/fr\/nouvelle-mazda-6e-aux-pays-bas-pour-la-premiere-fois\/\" \/>\n<meta property=\"og:site_name\" content=\"All cars news\" \/>\n<meta property=\"article:published_time\" content=\"2025-07-29T10:02:59+00:00\" \/>\n<meta property=\"og:image\" content=\"https:\/\/autorai.nl\/wp-content\/uploads\/2025\/07\/mazda6e-voor-het-eerst-in-nederland-foto5-1140x855.jpg\" \/>\n<meta name=\"twitter:card\" content=\"summary_large_image\" \/>\n<meta name=\"twitter:label1\" content=\"Dur\u00e9e de lecture estim\u00e9e\" \/>\n\t<meta name=\"twitter:data1\" content=\"3 minutes\" \/>\n<script type=\"application\/ld+json\" class=\"yoast-schema-graph\">{\"@context\":\"https:\/\/schema.org\",\"@graph\":[{\"@type\":\"Article\",\"@id\":\"https:\/\/all-car-news.com\/fr\/nouvelle-mazda-6e-aux-pays-bas-pour-la-premiere-fois\/#article\",\"isPartOf\":{\"@id\":\"https:\/\/all-car-news.com\/fr\/nouvelle-mazda-6e-aux-pays-bas-pour-la-premiere-fois\/\"},\"author\":{\"name\":\"\",\"@id\":\"\"},\"headline\":\"Nouvelle Mazda 6e aux Pays-Bas pour la premi\u00e8re fois !\",\"datePublished\":\"2025-07-29T10:02:59+00:00\",\"dateModified\":\"2025-07-29T10:02:59+00:00\",\"mainEntityOfPage\":{\"@id\":\"https:\/\/all-car-news.com\/fr\/nouvelle-mazda-6e-aux-pays-bas-pour-la-premiere-fois\/\"},\"wordCount\":588,\"publisher\":{\"@id\":\"https:\/\/all-car-news.com\/fr\/#organization\"},\"articleSection\":[\"nouvelles de voiture\"],\"inLanguage\":\"fr-FR\"},{\"@type\":\"WebPage\",\"@id\":\"https:\/\/all-car-news.com\/fr\/nouvelle-mazda-6e-aux-pays-bas-pour-la-premiere-fois\/\",\"url\":\"https:\/\/all-car-news.com\/fr\/nouvelle-mazda-6e-aux-pays-bas-pour-la-premiere-fois\/\",\"name\":\"Nouvelle Mazda 6e aux Pays-Bas pour la premi\u00e8re fois ! - All cars news\",\"isPartOf\":{\"@id\":\"https:\/\/all-car-news.com\/fr\/#website\"},\"datePublished\":\"2025-07-29T10:02:59+00:00\",\"dateModified\":\"2025-07-29T10:02:59+00:00\",\"breadcrumb\":{\"@id\":\"https:\/\/all-car-news.com\/fr\/nouvelle-mazda-6e-aux-pays-bas-pour-la-premiere-fois\/#breadcrumb\"},\"inLanguage\":\"fr-FR\",\"potentialAction\":[{\"@type\":\"ReadAction\",\"target\":[\"https:\/\/all-car-news.com\/fr\/nouvelle-mazda-6e-aux-pays-bas-pour-la-premiere-fois\/\"]}]},{\"@type\":\"BreadcrumbList\",\"@id\":\"https:\/\/all-car-news.com\/fr\/nouvelle-mazda-6e-aux-pays-bas-pour-la-premiere-fois\/#breadcrumb\",\"itemListElement\":[{\"@type\":\"ListItem\",\"position\":1,\"name\":\"Home\",\"item\":\"https:\/\/all-car-news.com\/fr\/\"},{\"@type\":\"ListItem\",\"position\":2,\"name\":\"Nouvelle Mazda 6e aux Pays-Bas pour la premi\u00e8re fois !\"}]},{\"@type\":\"WebSite\",\"@id\":\"https:\/\/all-car-news.com\/fr\/#website\",\"url\":\"https:\/\/all-car-news.com\/fr\/\",\"name\":\"All cars news\",\"description\":\"\",\"publisher\":{\"@id\":\"https:\/\/all-car-news.com\/fr\/#organization\"},\"potentialAction\":[{\"@type\":\"SearchAction\",\"target\":{\"@type\":\"EntryPoint\",\"urlTemplate\":\"https:\/\/all-car-news.com\/fr\/?s={search_term_string}\"},\"query-input\":\"required name=search_term_string\"}],\"inLanguage\":\"fr-FR\"},{\"@type\":\"Organization\",\"@id\":\"https:\/\/all-car-news.com\/fr\/#organization\",\"name\":\"All cars news\",\"url\":\"https:\/\/all-car-news.com\/fr\/\",\"logo\":{\"@type\":\"ImageObject\",\"inLanguage\":\"fr-FR\",\"@id\":\"https:\/\/all-car-news.com\/fr\/#\/schema\/logo\/image\/\",\"url\":\"https:\/\/all-car-news.com\/wp-content\/uploads\/2022\/02\/CMYK-AllCarNews_LANDSCAPE_300px-1.png\",\"contentUrl\":\"https:\/\/all-car-news.com\/wp-content\/uploads\/2022\/02\/CMYK-AllCarNews_LANDSCAPE_300px-1.png\",\"width\":300,\"height\":100,\"caption\":\"All cars news\"},\"image\":{\"@id\":\"https:\/\/all-car-news.com\/fr\/#\/schema\/logo\/image\/\"}}]}<\/script>\n<!-- \/ Yoast SEO plugin. -->","yoast_head_json":{"title":"Nouvelle Mazda 6e aux Pays-Bas pour la premi\u00e8re fois ! - All cars news","robots":{"index":"index","follow":"follow","max-snippet":"max-snippet:-1","max-image-preview":"max-image-preview:large","max-video-preview":"max-video-preview:-1"},"canonical":"https:\/\/all-car-news.com\/fr\/nouvelle-mazda-6e-aux-pays-bas-pour-la-premiere-fois\/","og_locale":"fr_FR","og_type":"article","og_title":"Nouvelle Mazda 6e aux Pays-Bas pour la premi\u00e8re fois ! - All cars news","og_description":"Successeur \u00e9lectrique de la Mazda 6 \u00c0 la fin de l'\u00e9t\u00e9 2025, la Mazda 6e, successeur \u00e9lectrique de la Mazda 6 vieillissante, arrivera aux Pays-Bas. Bien que la voiture ait une apparence typiquement Mazda - avec des phares distinctifs, une carrosserie \u00e9tir\u00e9e d'environ 4,92 m\u00e8tres et de subtiles signatures lumineuses Mazda - elle est essentiellement le fruit d'une \u00e9troite collaboration [...]","og_url":"https:\/\/all-car-news.com\/fr\/nouvelle-mazda-6e-aux-pays-bas-pour-la-premiere-fois\/","og_site_name":"All cars news","article_published_time":"2025-07-29T10:02:59+00:00","og_image":[{"url":"https:\/\/autorai.nl\/wp-content\/uploads\/2025\/07\/mazda6e-voor-het-eerst-in-nederland-foto5-1140x855.jpg"}],"twitter_card":"summary_large_image","twitter_misc":{"Dur\u00e9e de lecture estim\u00e9e":"3 minutes"},"schema":{"@context":"https:\/\/schema.org","@graph":[{"@type":"Article","@id":"https:\/\/all-car-news.com\/fr\/nouvelle-mazda-6e-aux-pays-bas-pour-la-premiere-fois\/#article","isPartOf":{"@id":"https:\/\/all-car-news.com\/fr\/nouvelle-mazda-6e-aux-pays-bas-pour-la-premiere-fois\/"},"author":{"name":"","@id":""},"headline":"Nouvelle Mazda 6e aux Pays-Bas pour la premi\u00e8re fois !","datePublished":"2025-07-29T10:02:59+00:00","dateModified":"2025-07-29T10:02:59+00:00","mainEntityOfPage":{"@id":"https:\/\/all-car-news.com\/fr\/nouvelle-mazda-6e-aux-pays-bas-pour-la-premiere-fois\/"},"wordCount":588,"publisher":{"@id":"https:\/\/all-car-news.com\/fr\/#organization"},"articleSection":["nouvelles de voiture"],"inLanguage":"fr-FR"},{"@type":"WebPage","@id":"https:\/\/all-car-news.com\/fr\/nouvelle-mazda-6e-aux-pays-bas-pour-la-premiere-fois\/","url":"https:\/\/all-car-news.com\/fr\/nouvelle-mazda-6e-aux-pays-bas-pour-la-premiere-fois\/","name":"Nouvelle Mazda 6e aux Pays-Bas pour la premi\u00e8re fois ! - All cars news","isPartOf":{"@id":"https:\/\/all-car-news.com\/fr\/#website"},"datePublished":"2025-07-29T10:02:59+00:00","dateModified":"2025-07-29T10:02:59+00:00","breadcrumb":{"@id":"https:\/\/all-car-news.com\/fr\/nouvelle-mazda-6e-aux-pays-bas-pour-la-premiere-fois\/#breadcrumb"},"inLanguage":"fr-FR","potentialAction":[{"@type":"ReadAction","target":["https:\/\/all-car-news.com\/fr\/nouvelle-mazda-6e-aux-pays-bas-pour-la-premiere-fois\/"]}]},{"@type":"BreadcrumbList","@id":"https:\/\/all-car-news.com\/fr\/nouvelle-mazda-6e-aux-pays-bas-pour-la-premiere-fois\/#breadcrumb","itemListElement":[{"@type":"ListItem","position":1,"name":"Home","item":"https:\/\/all-car-news.com\/fr\/"},{"@type":"ListItem","position":2,"name":"Nouvelle Mazda 6e aux Pays-Bas pour la premi\u00e8re fois !"}]},{"@type":"WebSite","@id":"https:\/\/all-car-news.com\/fr\/#website","url":"https:\/\/all-car-news.com\/fr\/","name":"All cars news","description":"","publisher":{"@id":"https:\/\/all-car-news.com\/fr\/#organization"},"potentialAction":[{"@type":"SearchAction","target":{"@type":"EntryPoint","urlTemplate":"https:\/\/all-car-news.com\/fr\/?s={search_term_string}"},"query-input":"required name=search_term_string"}],"inLanguage":"fr-FR"},{"@type":"Organization","@id":"https:\/\/all-car-news.com\/fr\/#organization","name":"All cars news","url":"https:\/\/all-car-news.com\/fr\/","logo":{"@type":"ImageObject","inLanguage":"fr-FR","@id":"https:\/\/all-car-news.com\/fr\/#\/schema\/logo\/image\/","url":"https:\/\/all-car-news.com\/wp-content\/uploads\/2022\/02\/CMYK-AllCarNews_LANDSCAPE_300px-1.png","contentUrl":"https:\/\/all-car-news.com\/wp-content\/uploads\/2022\/02\/CMYK-AllCarNews_LANDSCAPE_300px-1.png","width":300,"height":100,"caption":"All cars news"},"image":{"@id":"https:\/\/all-car-news.com\/fr\/#\/schema\/logo\/image\/"}}]}},"_links":{"self":[{"href":"https:\/\/all-car-news.com\/fr\/wp-json\/wp\/v2\/posts\/156667","targetHints":{"allow":["GET"]}}],"collection":[{"href":"https:\/\/all-car-news.com\/fr\/wp-json\/wp\/v2\/posts"}],"about":[{"href":"https:\/\/all-car-news.com\/fr\/wp-json\/wp\/v2\/types\/post"}],"replies":[{"embeddable":true,"href":"https:\/\/all-car-news.com\/fr\/wp-json\/wp\/v2\/comments?post=156667"}],"version-history":[{"count":0,"href":"https:\/\/all-car-news.com\/fr\/wp-json\/wp\/v2\/posts\/156667\/revisions"}],"wp:featuredmedia":[{"embeddable":true,"href":"https:\/\/all-car-news.com\/fr\/wp-json\/wp\/v2\/media\/156664"}],"wp:attachment":[{"href":"https:\/\/all-car-news.com\/fr\/wp-json\/wp\/v2\/media?parent=156667"}],"wp:term":[{"taxonomy":"category","embeddable":true,"href":"https:\/\/all-car-news.com\/fr\/wp-json\/wp\/v2\/categories?post=156667"},{"taxonomy":"post_tag","embeddable":true,"href":"https:\/\/all-car-news.com\/fr\/wp-json\/wp\/v2\/tags?post=156667"}],"curies":[{"name":"wp","href":"https:\/\/api.w.org\/{rel}","templated":true}]}}