{"id":156652,"date":"2025-07-28T11:11:16","date_gmt":"2025-07-28T11:11:16","guid":{"rendered":"https:\/\/all-car-news.com\/cette-nouvelle-fonctionnalite-de-mercedes-ne-plaira-pas-a-tout-le-monde\/"},"modified":"2025-07-28T11:11:16","modified_gmt":"2025-07-28T11:11:16","slug":"cette-nouvelle-fonctionnalite-de-mercedes-ne-plaira-pas-a-tout-le-monde","status":"publish","type":"post","link":"https:\/\/all-car-news.com\/fr\/cette-nouvelle-fonctionnalite-de-mercedes-ne-plaira-pas-a-tout-le-monde\/","title":{"rendered":"Cette nouvelle fonctionnalit\u00e9 de Mercedes ne plaira pas \u00e0 tout le monde"},"content":{"rendered":"<h2><strong>La voiture comme troisi\u00e8me lieu de travail  &nbsp;<\/strong><\/h2>\n<p>Mercedes-Benz \u00e9largit son \u00e9cosyst\u00e8me num\u00e9rique : \u00e0 partir de cet \u00e9t\u00e9, les nouveaux mod\u00e8les seront \u00e9quip\u00e9s d&rsquo;une int\u00e9gration am\u00e9lior\u00e9e de Microsoft Teams. Mercedes parle d&rsquo;un \u00ab\u00a0nouveau standard de productivit\u00e9 en d\u00e9placement\u00a0\u00bb. Certes, cela semble impressionnant : dans la nouvelle <a href=\"https:\/\/youtube.com\/shorts\/xHivRssBmlQ?si=v43ENCR4AG9KlYvp\" target=\"_blank\" rel=\"noreferrer noopener\">CLA<\/a>, vous pourrez bient\u00f4t vous connecter \u00e0 Microsoft Teams, utiliser l&rsquo;appareil photo int\u00e9gr\u00e9 et vous pr\u00e9senter \u00e0 une r\u00e9union en ligne tout en conduisant vers votre prochain rendez-vous. Enfin, pas vraiment vous montrer, car pour \u00e9viter les distractions, le syst\u00e8me \u00e9teint automatiquement l&rsquo;affichage de l&rsquo;image d\u00e8s que vous commencez \u00e0 conduire. Vous \u00eates donc l\u00e0, mais sans diapositives, sans partage d&rsquo;\u00e9cran et sans apport visuel. Car heureusement, la s\u00e9curit\u00e9 prime encore sur la productivit\u00e9.     <\/p>\n<h2><strong>MB.OS<\/strong><\/h2>\n<p>L&rsquo;int\u00e9gration de Microsoft Teams fait partie d&rsquo;une collaboration plus large entre Mercedes-Benz et Microsoft. En effet, les Allemands sont en train de transformer leur syst\u00e8me d&rsquo;exploitation MB.OS en une sorte d&rsquo;ordinateur portable de conduite. Non seulement Teams, mais aussi Microsoft Intune seront int\u00e9gr\u00e9s &#8211; un outil de gestion qui permet aux entreprises de contr\u00f4ler les appareils et les applications de mani\u00e8re centralis\u00e9e. Ainsi, votre employeur pourra bient\u00f4t contr\u00f4ler les applications que vous pouvez utiliser dans la voiture, les donn\u00e9es auxquelles vous pouvez ou ne pouvez pas acc\u00e9der et l&rsquo;acc\u00e8s \u00e0 certaines fonctions.   <\/p>\n<h2><strong><strong>\u00c0 qui cela s&rsquo;adresse-t-il ?<\/strong><\/strong><\/h2>\n<p>Comme si les choses n&rsquo;\u00e9taient pas assez folles : Mercedes veut \u00e9galement mettre Microsoft 365 Copilot dans votre voiture : un assistant IA qui r\u00e9sume vos courriels, pr\u00e9pare des r\u00e9unions et recherche des donn\u00e9es sur les clients. Cela vous semble pratique ? Ou terrifiant ? Car avouez-le : vous attendiez vraiment un autre endroit pour vous d\u00e9barrasser de votre bo\u00eete de r\u00e9ception ?    Probablement pas. L&rsquo;id\u00e9e de se r\u00e9unir dans les embouteillages ressemble bient\u00f4t \u00e0 un cauchemar pour beaucoup. Mais pour le directeur avide de r\u00e9unions, qui a une soif insatiable d&rsquo;efficacit\u00e9 &#8211; m\u00eame dans un tunnel sans autonomie &#8211; c&rsquo;est peut-\u00eatre le summum du luxe&#8230;.. <\/p>\n<p>Lire aussi : <a href=\"https:\/\/autorai.nl\/mercedes-cla-shooting-brake-station-2025\/\" target=\"_blank\" rel=\"noreferrer noopener\">Cette nouvelle Mercedes est le break qui se recharge le plus rapidement et qui a la plus grande autonomie<\/a>.<\/p>\n<figure class=\"wp-block-embed is-type-wp-embed is-provider-autorai-nl wp-block-embed-autorai-nl\">\n<div class=\"wp-block-embed__wrapper\">\n<blockquote class=\"wp-embedded-content\" data-secret=\"stklEEk3Ya\"><p><a href=\"https:\/\/autorai.nl\/mercedes-cla-shooting-brake-station-2025\/\">Cette nouvelle Mercedes est le break qui se recharge le plus rapidement et qui dispose de la plus grande autonomie.<\/a><\/p><\/blockquote>\n<\/div>\n<\/figure>\n","protected":false},"excerpt":{"rendered":"La voiture comme troisi\u00e8me lieu de travail Mercedes-Benz \u00e9largit son \u00e9cosyst\u00e8me num\u00e9rique : \u00e0 partir de cet \u00e9t\u00e9, les nouveaux\u2026","protected":false},"author":0,"featured_media":156636,"comment_status":"","ping_status":"open","sticky":false,"template":"","format":"standard","meta":{"footnotes":""},"categories":[127],"tags":[],"class_list":["post-156652","post","type-post","status-publish","format-standard","has-post-thumbnail","hentry","category-nouvelles-de-voiture"],"acf":[],"yoast_head":"<!-- This site is optimized with the Yoast SEO plugin v21.2 - https:\/\/yoast.com\/wordpress\/plugins\/seo\/ -->\n<title>Cette nouvelle fonctionnalit\u00e9 de Mercedes ne plaira pas \u00e0 tout le monde - All cars news<\/title>\n<meta name=\"robots\" content=\"index, follow, max-snippet:-1, max-image-preview:large, max-video-preview:-1\" \/>\n<link rel=\"canonical\" href=\"https:\/\/all-car-news.com\/fr\/cette-nouvelle-fonctionnalite-de-mercedes-ne-plaira-pas-a-tout-le-monde\/\" \/>\n<meta property=\"og:locale\" content=\"fr_FR\" \/>\n<meta property=\"og:type\" content=\"article\" \/>\n<meta property=\"og:title\" content=\"Cette nouvelle fonctionnalit\u00e9 de Mercedes ne plaira pas \u00e0 tout le monde - All cars news\" \/>\n<meta property=\"og:description\" content=\"La voiture comme troisi\u00e8me lieu de travail Mercedes-Benz \u00e9largit son \u00e9cosyst\u00e8me num\u00e9rique : \u00e0 partir de cet \u00e9t\u00e9, les nouveaux mod\u00e8les seront \u00e9quip\u00e9s d&#039;une int\u00e9gration am\u00e9lior\u00e9e de Microsoft Teams. Mercedes l&#039;appelle elle-m\u00eame &quot;une nouvelle norme de productivit\u00e9 en d\u00e9placement&quot;. Certes, cela semble impressionnant : dans la nouvelle CLA, vous pourrez bient\u00f4t vous connecter \u00e0 Microsoft Teams, utiliser l&#039;appareil photo int\u00e9gr\u00e9 [...]\" \/>\n<meta property=\"og:url\" content=\"https:\/\/all-car-news.com\/fr\/cette-nouvelle-fonctionnalite-de-mercedes-ne-plaira-pas-a-tout-le-monde\/\" \/>\n<meta property=\"og:site_name\" content=\"All cars news\" \/>\n<meta property=\"article:published_time\" content=\"2025-07-28T11:11:16+00:00\" \/>\n<meta name=\"twitter:card\" content=\"summary_large_image\" \/>\n<meta name=\"twitter:label1\" content=\"Dur\u00e9e de lecture estim\u00e9e\" \/>\n\t<meta name=\"twitter:data1\" content=\"2 minutes\" \/>\n<script type=\"application\/ld+json\" class=\"yoast-schema-graph\">{\"@context\":\"https:\/\/schema.org\",\"@graph\":[{\"@type\":\"Article\",\"@id\":\"https:\/\/all-car-news.com\/fr\/cette-nouvelle-fonctionnalite-de-mercedes-ne-plaira-pas-a-tout-le-monde\/#article\",\"isPartOf\":{\"@id\":\"https:\/\/all-car-news.com\/fr\/cette-nouvelle-fonctionnalite-de-mercedes-ne-plaira-pas-a-tout-le-monde\/\"},\"author\":{\"name\":\"\",\"@id\":\"\"},\"headline\":\"Cette nouvelle fonctionnalit\u00e9 de Mercedes ne plaira pas \u00e0 tout le monde\",\"datePublished\":\"2025-07-28T11:11:16+00:00\",\"dateModified\":\"2025-07-28T11:11:16+00:00\",\"mainEntityOfPage\":{\"@id\":\"https:\/\/all-car-news.com\/fr\/cette-nouvelle-fonctionnalite-de-mercedes-ne-plaira-pas-a-tout-le-monde\/\"},\"wordCount\":405,\"publisher\":{\"@id\":\"https:\/\/all-car-news.com\/fr\/#organization\"},\"articleSection\":[\"nouvelles de voiture\"],\"inLanguage\":\"fr-FR\"},{\"@type\":\"WebPage\",\"@id\":\"https:\/\/all-car-news.com\/fr\/cette-nouvelle-fonctionnalite-de-mercedes-ne-plaira-pas-a-tout-le-monde\/\",\"url\":\"https:\/\/all-car-news.com\/fr\/cette-nouvelle-fonctionnalite-de-mercedes-ne-plaira-pas-a-tout-le-monde\/\",\"name\":\"Cette nouvelle fonctionnalit\u00e9 de Mercedes ne plaira pas \u00e0 tout le monde - All cars news\",\"isPartOf\":{\"@id\":\"https:\/\/all-car-news.com\/fr\/#website\"},\"datePublished\":\"2025-07-28T11:11:16+00:00\",\"dateModified\":\"2025-07-28T11:11:16+00:00\",\"breadcrumb\":{\"@id\":\"https:\/\/all-car-news.com\/fr\/cette-nouvelle-fonctionnalite-de-mercedes-ne-plaira-pas-a-tout-le-monde\/#breadcrumb\"},\"inLanguage\":\"fr-FR\",\"potentialAction\":[{\"@type\":\"ReadAction\",\"target\":[\"https:\/\/all-car-news.com\/fr\/cette-nouvelle-fonctionnalite-de-mercedes-ne-plaira-pas-a-tout-le-monde\/\"]}]},{\"@type\":\"BreadcrumbList\",\"@id\":\"https:\/\/all-car-news.com\/fr\/cette-nouvelle-fonctionnalite-de-mercedes-ne-plaira-pas-a-tout-le-monde\/#breadcrumb\",\"itemListElement\":[{\"@type\":\"ListItem\",\"position\":1,\"name\":\"Home\",\"item\":\"https:\/\/all-car-news.com\/fr\/\"},{\"@type\":\"ListItem\",\"position\":2,\"name\":\"Cette nouvelle fonctionnalit\u00e9 de Mercedes ne plaira pas \u00e0 tout le monde\"}]},{\"@type\":\"WebSite\",\"@id\":\"https:\/\/all-car-news.com\/fr\/#website\",\"url\":\"https:\/\/all-car-news.com\/fr\/\",\"name\":\"All cars news\",\"description\":\"\",\"publisher\":{\"@id\":\"https:\/\/all-car-news.com\/fr\/#organization\"},\"potentialAction\":[{\"@type\":\"SearchAction\",\"target\":{\"@type\":\"EntryPoint\",\"urlTemplate\":\"https:\/\/all-car-news.com\/fr\/?s={search_term_string}\"},\"query-input\":\"required name=search_term_string\"}],\"inLanguage\":\"fr-FR\"},{\"@type\":\"Organization\",\"@id\":\"https:\/\/all-car-news.com\/fr\/#organization\",\"name\":\"All cars news\",\"url\":\"https:\/\/all-car-news.com\/fr\/\",\"logo\":{\"@type\":\"ImageObject\",\"inLanguage\":\"fr-FR\",\"@id\":\"https:\/\/all-car-news.com\/fr\/#\/schema\/logo\/image\/\",\"url\":\"https:\/\/all-car-news.com\/wp-content\/uploads\/2022\/02\/CMYK-AllCarNews_LANDSCAPE_300px-1.png\",\"contentUrl\":\"https:\/\/all-car-news.com\/wp-content\/uploads\/2022\/02\/CMYK-AllCarNews_LANDSCAPE_300px-1.png\",\"width\":300,\"height\":100,\"caption\":\"All cars news\"},\"image\":{\"@id\":\"https:\/\/all-car-news.com\/fr\/#\/schema\/logo\/image\/\"}}]}<\/script>\n<!-- \/ Yoast SEO plugin. -->","yoast_head_json":{"title":"Cette nouvelle fonctionnalit\u00e9 de Mercedes ne plaira pas \u00e0 tout le monde - All cars news","robots":{"index":"index","follow":"follow","max-snippet":"max-snippet:-1","max-image-preview":"max-image-preview:large","max-video-preview":"max-video-preview:-1"},"canonical":"https:\/\/all-car-news.com\/fr\/cette-nouvelle-fonctionnalite-de-mercedes-ne-plaira-pas-a-tout-le-monde\/","og_locale":"fr_FR","og_type":"article","og_title":"Cette nouvelle fonctionnalit\u00e9 de Mercedes ne plaira pas \u00e0 tout le monde - All cars news","og_description":"La voiture comme troisi\u00e8me lieu de travail Mercedes-Benz \u00e9largit son \u00e9cosyst\u00e8me num\u00e9rique : \u00e0 partir de cet \u00e9t\u00e9, les nouveaux mod\u00e8les seront \u00e9quip\u00e9s d'une int\u00e9gration am\u00e9lior\u00e9e de Microsoft Teams. Mercedes l'appelle elle-m\u00eame \"une nouvelle norme de productivit\u00e9 en d\u00e9placement\". Certes, cela semble impressionnant : dans la nouvelle CLA, vous pourrez bient\u00f4t vous connecter \u00e0 Microsoft Teams, utiliser l'appareil photo int\u00e9gr\u00e9 [...]","og_url":"https:\/\/all-car-news.com\/fr\/cette-nouvelle-fonctionnalite-de-mercedes-ne-plaira-pas-a-tout-le-monde\/","og_site_name":"All cars news","article_published_time":"2025-07-28T11:11:16+00:00","twitter_card":"summary_large_image","twitter_misc":{"Dur\u00e9e de lecture estim\u00e9e":"2 minutes"},"schema":{"@context":"https:\/\/schema.org","@graph":[{"@type":"Article","@id":"https:\/\/all-car-news.com\/fr\/cette-nouvelle-fonctionnalite-de-mercedes-ne-plaira-pas-a-tout-le-monde\/#article","isPartOf":{"@id":"https:\/\/all-car-news.com\/fr\/cette-nouvelle-fonctionnalite-de-mercedes-ne-plaira-pas-a-tout-le-monde\/"},"author":{"name":"","@id":""},"headline":"Cette nouvelle fonctionnalit\u00e9 de Mercedes ne plaira pas \u00e0 tout le monde","datePublished":"2025-07-28T11:11:16+00:00","dateModified":"2025-07-28T11:11:16+00:00","mainEntityOfPage":{"@id":"https:\/\/all-car-news.com\/fr\/cette-nouvelle-fonctionnalite-de-mercedes-ne-plaira-pas-a-tout-le-monde\/"},"wordCount":405,"publisher":{"@id":"https:\/\/all-car-news.com\/fr\/#organization"},"articleSection":["nouvelles de voiture"],"inLanguage":"fr-FR"},{"@type":"WebPage","@id":"https:\/\/all-car-news.com\/fr\/cette-nouvelle-fonctionnalite-de-mercedes-ne-plaira-pas-a-tout-le-monde\/","url":"https:\/\/all-car-news.com\/fr\/cette-nouvelle-fonctionnalite-de-mercedes-ne-plaira-pas-a-tout-le-monde\/","name":"Cette nouvelle fonctionnalit\u00e9 de Mercedes ne plaira pas \u00e0 tout le monde - All cars news","isPartOf":{"@id":"https:\/\/all-car-news.com\/fr\/#website"},"datePublished":"2025-07-28T11:11:16+00:00","dateModified":"2025-07-28T11:11:16+00:00","breadcrumb":{"@id":"https:\/\/all-car-news.com\/fr\/cette-nouvelle-fonctionnalite-de-mercedes-ne-plaira-pas-a-tout-le-monde\/#breadcrumb"},"inLanguage":"fr-FR","potentialAction":[{"@type":"ReadAction","target":["https:\/\/all-car-news.com\/fr\/cette-nouvelle-fonctionnalite-de-mercedes-ne-plaira-pas-a-tout-le-monde\/"]}]},{"@type":"BreadcrumbList","@id":"https:\/\/all-car-news.com\/fr\/cette-nouvelle-fonctionnalite-de-mercedes-ne-plaira-pas-a-tout-le-monde\/#breadcrumb","itemListElement":[{"@type":"ListItem","position":1,"name":"Home","item":"https:\/\/all-car-news.com\/fr\/"},{"@type":"ListItem","position":2,"name":"Cette nouvelle fonctionnalit\u00e9 de Mercedes ne plaira pas \u00e0 tout le monde"}]},{"@type":"WebSite","@id":"https:\/\/all-car-news.com\/fr\/#website","url":"https:\/\/all-car-news.com\/fr\/","name":"All cars news","description":"","publisher":{"@id":"https:\/\/all-car-news.com\/fr\/#organization"},"potentialAction":[{"@type":"SearchAction","target":{"@type":"EntryPoint","urlTemplate":"https:\/\/all-car-news.com\/fr\/?s={search_term_string}"},"query-input":"required name=search_term_string"}],"inLanguage":"fr-FR"},{"@type":"Organization","@id":"https:\/\/all-car-news.com\/fr\/#organization","name":"All cars news","url":"https:\/\/all-car-news.com\/fr\/","logo":{"@type":"ImageObject","inLanguage":"fr-FR","@id":"https:\/\/all-car-news.com\/fr\/#\/schema\/logo\/image\/","url":"https:\/\/all-car-news.com\/wp-content\/uploads\/2022\/02\/CMYK-AllCarNews_LANDSCAPE_300px-1.png","contentUrl":"https:\/\/all-car-news.com\/wp-content\/uploads\/2022\/02\/CMYK-AllCarNews_LANDSCAPE_300px-1.png","width":300,"height":100,"caption":"All cars news"},"image":{"@id":"https:\/\/all-car-news.com\/fr\/#\/schema\/logo\/image\/"}}]}},"_links":{"self":[{"href":"https:\/\/all-car-news.com\/fr\/wp-json\/wp\/v2\/posts\/156652","targetHints":{"allow":["GET"]}}],"collection":[{"href":"https:\/\/all-car-news.com\/fr\/wp-json\/wp\/v2\/posts"}],"about":[{"href":"https:\/\/all-car-news.com\/fr\/wp-json\/wp\/v2\/types\/post"}],"replies":[{"embeddable":true,"href":"https:\/\/all-car-news.com\/fr\/wp-json\/wp\/v2\/comments?post=156652"}],"version-history":[{"count":0,"href":"https:\/\/all-car-news.com\/fr\/wp-json\/wp\/v2\/posts\/156652\/revisions"}],"wp:featuredmedia":[{"embeddable":true,"href":"https:\/\/all-car-news.com\/fr\/wp-json\/wp\/v2\/media\/156636"}],"wp:attachment":[{"href":"https:\/\/all-car-news.com\/fr\/wp-json\/wp\/v2\/media?parent=156652"}],"wp:term":[{"taxonomy":"category","embeddable":true,"href":"https:\/\/all-car-news.com\/fr\/wp-json\/wp\/v2\/categories?post=156652"},{"taxonomy":"post_tag","embeddable":true,"href":"https:\/\/all-car-news.com\/fr\/wp-json\/wp\/v2\/tags?post=156652"}],"curies":[{"name":"wp","href":"https:\/\/api.w.org\/{rel}","templated":true}]}}