{"id":154326,"date":"2025-04-17T12:10:25","date_gmt":"2025-04-17T12:10:25","guid":{"rendered":"https:\/\/all-car-news.com\/volvo-s90-une-berline-daffaires-profondement-remaniee\/"},"modified":"2025-04-17T12:10:25","modified_gmt":"2025-04-17T12:10:25","slug":"volvo-s90-une-berline-daffaires-profondement-remaniee","status":"publish","type":"post","link":"https:\/\/all-car-news.com\/fr\/volvo-s90-une-berline-daffaires-profondement-remaniee\/","title":{"rendered":"Volvo S90 : une berline d&rsquo;affaires profond\u00e9ment remani\u00e9e"},"content":{"rendered":"<h2>Design Volvo S90 : plus \u00e9pur\u00e9 et scandinave<\/h2>\n<p>La nouvelle Volvo S90 pr\u00e9sente une silhouette \u00e9l\u00e9gante et profil\u00e9e. L&rsquo;avant et l&rsquo;arri\u00e8re ont \u00e9t\u00e9 redessin\u00e9s, avec une nouvelle calandre et des phares Matrix LED dans le style familier du \u00ab\u00a0marteau de Thor\u00a0\u00bb. Les feux arri\u00e8re s&rsquo;int\u00e8grent bien \u00e0 l&rsquo;ensemble. Le capot, le pare-chocs avant et les ailes ont \u00e9galement \u00e9t\u00e9 redessin\u00e9s. Volvo propose deux nouvelles couleurs de peinture m\u00e9tallis\u00e9e : Aurora Silver et Mulberry Red. De nouvelles jantes en alliage aux textures contrast\u00e9es devraient encore renforcer le caract\u00e8re de la voiture.     <\/p>\n<h3>Int\u00e9rieur Volvo S90 : plus de confort et d&rsquo;innovation num\u00e9rique<\/h3>\n<p>\u00c0 l&rsquo;int\u00e9rieur, des mat\u00e9riaux de haute qualit\u00e9 et une meilleure insonorisation ont \u00e9t\u00e9 choisis. La S90 est \u00e9quip\u00e9e de s\u00e9rie d&rsquo;une suspension adaptative pour un confort de conduite accru. Sur le plan technologique, Volvo pr\u00e9sente un nouvel \u00e9cran d&rsquo;infodivertissement autonome de 11,2 pouces. L&rsquo;interface utilisateur qui l&rsquo;accompagne est plus rapide et plus intuitive qu&rsquo;auparavant. Des mises \u00e0 jour logicielles en temps r\u00e9el permettent de maintenir le syst\u00e8me \u00e0 niveau.    <\/p>\n<figure class=\"wp-block-image size-content\"><img decoding=\"async\" loading=\"lazy\" width=\"1140\" height=\"855\" src=\"https:\/\/autorai.nl\/wp-content\/uploads\/2025\/04\/volvo-s90-nieuw-2025-foto8-1140x855.jpg\" alt=\"Volvo S90\" class=\"wp-image-197597\"><figcaption>L&rsquo;ext\u00e9rieur de la Volvo S90 r\u00e9nov\u00e9<\/figcaption><\/figure>\n<h3>Groupes motopropulseurs : hybride rechargeable et mild-hybrid<\/h3>\n<p>La nouvelle S90 est disponible en version hybride rechargeable. Selon le cycle d&rsquo;essai WLTP, cette version peut parcourir 80 kilom\u00e8tres en mode enti\u00e8rement \u00e9lectrique. Pour de nombreux utilisateurs, cela signifie qu&rsquo;il est possible d&rsquo;effectuer des trajets quotidiens sans \u00e9missions locales. Par ailleurs, certains mod\u00e8les de segments inf\u00e9rieurs peuvent parcourir jusqu&rsquo;\u00e0 100 kilom\u00e8tres avec une charge compl\u00e8te d&rsquo;\u00e9lectricit\u00e9. Dans le cas de cette S90, cela signifie 80 kilom\u00e8tres en th\u00e9orie. En pratique, comptez sur 60 kilom\u00e8tres. Volvo affirme que pr\u00e8s de la moiti\u00e9 des distances parcourues par les mod\u00e8les hybrides rechargeables r\u00e9cents sont enti\u00e8rement \u00e9lectriques.      <\/p>\n<p>Il existe \u00e9galement une version mild-hybrid dot\u00e9e d&rsquo;un moteur quatre cylindres turbo essence et d&rsquo;une traction avant. Ce groupe motopropulseur devrait \u00eatre efficace et fournir une puissance suffisante. On ne sait pas encore si ce groupe motopropulseur sera \u00e9galement commercialis\u00e9 en Europe.  <\/p>\n<h2>S\u00e9curit\u00e9 : dans la tradition Volvo<\/h2>\n<p>La S90 est dot\u00e9e d&rsquo;une cage de s\u00e9curit\u00e9 solide et de syst\u00e8mes de s\u00e9curit\u00e9 active avanc\u00e9s. Le syst\u00e8me d&rsquo;aide \u00e0 la conduite Pilot Assist assiste le conducteur sur les autoroutes et les routes provinciales. Le syst\u00e8me ajuste automatiquement la vitesse, freine jusqu&rsquo;\u00e0 l&rsquo;arr\u00eat si n\u00e9cessaire et aide au maintien de la trajectoire par de l\u00e9g\u00e8res corrections de la direction.  <\/p>\n<h3>Important en Asie<\/h3>\n<p>Selon Erik Severinson, Chief Product and Strategy Officer chez Volvo Cars, la S90 reste un mod\u00e8le important sur les march\u00e9s asiatiques. Avec la nouvelle ES90 enti\u00e8rement \u00e9lectrique, elle compl\u00e9tera la gamme des berlines Volvo. La S90 ne sera pas commercialis\u00e9e aux Pays-Bas.  <\/p>\n<div class=\"galery shuffle galery-0\">\n<figure>\n\t\t\t\t\t<span style=\"cursor: pointer\" data-src=\"https:\/\/autorai.nl\/wp-content\/uploads\/2025\/04\/volvo-s90-nieuw-2025-foto13-1600x1200.jpg\" data-fancybox=\"galery-0\" title=\"L'ext\u00e9rieur de la Volvo S90 r\u00e9nov\u00e9\"><br \/>\n\t\t\t\t\t\t\t<img decoding=\"async\" width=\"640\" height=\"480\" src=\"https:\/\/autorai.nl\/wp-content\/uploads\/2025\/04\/volvo-s90-nieuw-2025-foto13-640x480.jpg\" class=\"attachment-medium size-medium\" alt=\"\" loading=\"lazy\"><i class=\"fa fa-search-plus\" aria-hidden=\"true\"><\/i><br \/>\n\t\t\t\t\t\t<\/span><br \/>\n\t\t\t\t\t<\/figure>\n<figure>\n\t\t\t\t\t<span style=\"cursor: pointer\" data-src=\"https:\/\/autorai.nl\/wp-content\/uploads\/2025\/04\/volvo-s90-nieuw-2025-foto12-1600x1200.jpg\" data-fancybox=\"galery-0\" title=\"L'ext\u00e9rieur de la Volvo S90 r\u00e9nov\u00e9\"><br \/>\n\t\t\t\t\t\t\t<img decoding=\"async\" width=\"360\" height=\"270\" src=\"https:\/\/autorai.nl\/wp-content\/uploads\/2025\/04\/volvo-s90-nieuw-2025-foto12-360x270.jpg\" class=\"attachment-small size-small\" alt=\"\" loading=\"lazy\"><i class=\"fa fa-search-plus\" aria-hidden=\"true\"><\/i><br \/>\n\t\t\t\t\t\t<\/span><br \/>\n\t\t\t\t\t<\/figure>\n<figure>\n\t\t\t\t\t<span style=\"cursor: pointer\" data-src=\"https:\/\/autorai.nl\/wp-content\/uploads\/2025\/04\/volvo-s90-nieuw-2025-foto11-1600x1200.jpg\" data-fancybox=\"galery-0\" title=\"L'ext\u00e9rieur de la Volvo S90 r\u00e9nov\u00e9\"><br \/>\n\t\t\t\t\t\t\t<img decoding=\"async\" width=\"360\" height=\"270\" src=\"https:\/\/autorai.nl\/wp-content\/uploads\/2025\/04\/volvo-s90-nieuw-2025-foto11-360x270.jpg\" class=\"attachment-small size-small\" alt=\"\" loading=\"lazy\"><i class=\"fa fa-search-plus\" aria-hidden=\"true\"><\/i><br \/>\n\t\t\t\t\t\t<\/span><br \/>\n\t\t\t\t\t<\/figure>\n<figure>\n\t\t\t\t\t<span style=\"cursor: pointer\" data-src=\"https:\/\/autorai.nl\/wp-content\/uploads\/2025\/04\/volvo-s90-nieuw-2025-foto10-1600x1200.jpg\" data-fancybox=\"galery-0\" title=\"L'ext\u00e9rieur de la Volvo S90 r\u00e9nov\u00e9\"><br \/>\n\t\t\t\t\t\t\t<img decoding=\"async\" width=\"640\" height=\"480\" src=\"https:\/\/autorai.nl\/wp-content\/uploads\/2025\/04\/volvo-s90-nieuw-2025-foto10-640x480.jpg\" class=\"attachment-medium size-medium\" alt=\"\" loading=\"lazy\"><i class=\"fa fa-search-plus\" aria-hidden=\"true\"><\/i><br \/>\n\t\t\t\t\t\t<\/span><br \/>\n\t\t\t\t\t<\/figure>\n<figure>\n\t\t\t\t\t<span style=\"cursor: pointer\" data-src=\"https:\/\/autorai.nl\/wp-content\/uploads\/2025\/04\/volvo-s90-nieuw-2025-foto9-1600x1200.jpg\" data-fancybox=\"galery-0\" title=\"L'ext\u00e9rieur de la Volvo S90 renouvel\u00e9\"><br \/>\n\t\t\t\t\t\t\t<img decoding=\"async\" width=\"360\" height=\"270\" src=\"https:\/\/autorai.nl\/wp-content\/uploads\/2025\/04\/volvo-s90-nieuw-2025-foto9-360x270.jpg\" class=\"attachment-small size-small\" alt=\"\" loading=\"lazy\"><i class=\"fa fa-search-plus\" aria-hidden=\"true\"><\/i><br \/>\n\t\t\t\t\t\t<\/span><br \/>\n\t\t\t\t\t<\/figure>\n<figure>\n\t\t\t\t\t<span style=\"cursor: pointer\" data-src=\"https:\/\/autorai.nl\/wp-content\/uploads\/2025\/04\/volvo-s90-nieuw-2025-foto7-1600x1200.jpg\" data-fancybox=\"galery-0\" title=\"L'ext\u00e9rieur de la Volvo S90 r\u00e9nov\u00e9\"><br \/>\n\t\t\t\t\t\t\t<img decoding=\"async\" width=\"360\" height=\"270\" src=\"https:\/\/autorai.nl\/wp-content\/uploads\/2025\/04\/volvo-s90-nieuw-2025-foto7-360x270.jpg\" class=\"attachment-small size-small\" alt=\"\" loading=\"lazy\"><i class=\"fa fa-search-plus\" aria-hidden=\"true\"><\/i><br \/>\n\t\t\t\t\t\t<\/span><br \/>\n\t\t\t\t\t<\/figure>\n<figure>\n\t\t\t\t\t<span style=\"cursor: pointer\" data-src=\"https:\/\/autorai.nl\/wp-content\/uploads\/2025\/04\/volvo-s90-nieuw-2025-foto6-1600x1200.jpg\" data-fancybox=\"galery-0\" title=\"L'ext\u00e9rieur de la Volvo S90 r\u00e9nov\u00e9\"><br \/>\n\t\t\t\t\t\t\t<img decoding=\"async\" width=\"640\" height=\"480\" src=\"https:\/\/autorai.nl\/wp-content\/uploads\/2025\/04\/volvo-s90-nieuw-2025-foto6-640x480.jpg\" class=\"attachment-medium size-medium\" alt=\"Volvo S90, version am\u00e9lior\u00e9e\" loading=\"lazy\"><i class=\"fa fa-search-plus\" aria-hidden=\"true\"><\/i><br \/>\n\t\t\t\t\t\t<\/span><br \/>\n\t\t\t\t\t<\/figure>\n<figure>\n\t\t\t\t\t<span style=\"cursor: pointer\" data-src=\"https:\/\/autorai.nl\/wp-content\/uploads\/2025\/04\/volvo-s90-nieuw-2025-foto5-1600x1200.jpg\" data-fancybox=\"galery-0\" title=\"L'ext\u00e9rieur de la Volvo S90 renouvel\u00e9\"><br \/>\n\t\t\t\t\t\t\t<img decoding=\"async\" width=\"360\" height=\"270\" src=\"https:\/\/autorai.nl\/wp-content\/uploads\/2025\/04\/volvo-s90-nieuw-2025-foto5-360x270.jpg\" class=\"attachment-small size-small\" alt=\"\" loading=\"lazy\"><i class=\"fa fa-search-plus\" aria-hidden=\"true\"><\/i><br \/>\n\t\t\t\t\t\t<\/span><br \/>\n\t\t\t\t\t<\/figure>\n<figure>\n\t\t\t\t\t<span style=\"cursor: pointer\" data-src=\"https:\/\/autorai.nl\/wp-content\/uploads\/2025\/04\/volvo-s90-nieuw-2025-foto4-1600x1200.jpg\" data-fancybox=\"galery-0\" title=\"L'ext\u00e9rieur de la Volvo S90 renouvel\u00e9\"><br \/>\n\t\t\t\t\t\t\t<img decoding=\"async\" width=\"360\" height=\"270\" src=\"https:\/\/autorai.nl\/wp-content\/uploads\/2025\/04\/volvo-s90-nieuw-2025-foto4-360x270.jpg\" class=\"attachment-small size-small\" alt=\"\" loading=\"lazy\"><i class=\"fa fa-search-plus\" aria-hidden=\"true\"><\/i><br \/>\n\t\t\t\t\t\t<\/span><br \/>\n\t\t\t\t\t<\/figure>\n<figure>\n\t\t\t\t\t<span style=\"cursor: pointer\" data-src=\"https:\/\/autorai.nl\/wp-content\/uploads\/2025\/04\/volvo-s90-nieuw-2025-foto3-1600x1200.jpg\" data-fancybox=\"galery-0\" title=\"L'ext\u00e9rieur de la Volvo S90 renouvel\u00e9\"><br \/>\n\t\t\t\t\t\t\t<img decoding=\"async\" width=\"640\" height=\"480\" src=\"https:\/\/autorai.nl\/wp-content\/uploads\/2025\/04\/volvo-s90-nieuw-2025-foto3-640x480.jpg\" class=\"attachment-medium size-medium\" alt=\"\" loading=\"lazy\"><i class=\"fa fa-search-plus\" aria-hidden=\"true\"><\/i><br \/>\n\t\t\t\t\t\t<\/span><br \/>\n\t\t\t\t\t<\/figure>\n<figure>\n\t\t\t\t\t<span style=\"cursor: pointer\" data-src=\"https:\/\/autorai.nl\/wp-content\/uploads\/2025\/04\/volvo-s90-nieuw-2025-foto2-1600x1200.jpg\" data-fancybox=\"galery-0\" title=\"L'ext\u00e9rieur de la Volvo S90 renouvel\u00e9\"><br \/>\n\t\t\t\t\t\t\t<img decoding=\"async\" width=\"360\" height=\"270\" src=\"https:\/\/autorai.nl\/wp-content\/uploads\/2025\/04\/volvo-s90-nieuw-2025-foto2-360x270.jpg\" class=\"attachment-small size-small\" alt=\"\" loading=\"lazy\"><i class=\"fa fa-search-plus\" aria-hidden=\"true\"><\/i><br \/>\n\t\t\t\t\t\t<\/span><br \/>\n\t\t\t\t\t<\/figure>\n<figure>\n\t\t\t\t\t<span style=\"cursor: pointer\" data-src=\"https:\/\/autorai.nl\/wp-content\/uploads\/2025\/04\/volvo-s90-nieuw-2025-foto1-1600x1200.jpg\" data-fancybox=\"galery-0\" title=\"L'ext\u00e9rieur de la Volvo S90 renouvel\u00e9\"><br \/>\n\t\t\t\t\t\t\t<img decoding=\"async\" width=\"360\" height=\"270\" src=\"https:\/\/autorai.nl\/wp-content\/uploads\/2025\/04\/volvo-s90-nieuw-2025-foto1-360x270.jpg\" class=\"attachment-small size-small\" alt=\"\" loading=\"lazy\"><i class=\"fa fa-search-plus\" aria-hidden=\"true\"><\/i><br \/>\n\t\t\t\t\t\t<\/span><br \/>\n\t\t\t\t\t<\/figure>\n<div class=\"clear\"><\/div>\n<\/div>\n","protected":false},"excerpt":{"rendered":"Design Volvo S90 : plus \u00e9pur\u00e9 et scandinave La nouvelle Volvo S90 pr\u00e9sente un ext\u00e9rieur \u00e9pur\u00e9. L'avant et l'arri\u00e8re ont\u2026","protected":false},"author":0,"featured_media":154302,"comment_status":"","ping_status":"open","sticky":false,"template":"","format":"standard","meta":{"footnotes":""},"categories":[127],"tags":[],"class_list":["post-154326","post","type-post","status-publish","format-standard","has-post-thumbnail","hentry","category-nouvelles-de-voiture"],"acf":[],"yoast_head":"<!-- This site is optimized with the Yoast SEO plugin v21.2 - https:\/\/yoast.com\/wordpress\/plugins\/seo\/ -->\n<title>Volvo S90 : une berline d&#039;affaires profond\u00e9ment remani\u00e9e - All cars news<\/title>\n<meta name=\"robots\" content=\"index, follow, max-snippet:-1, max-image-preview:large, max-video-preview:-1\" \/>\n<link rel=\"canonical\" href=\"https:\/\/all-car-news.com\/fr\/volvo-s90-une-berline-daffaires-profondement-remaniee\/\" \/>\n<meta property=\"og:locale\" content=\"fr_FR\" \/>\n<meta property=\"og:type\" content=\"article\" \/>\n<meta property=\"og:title\" content=\"Volvo S90 : une berline d&#039;affaires profond\u00e9ment remani\u00e9e - All cars news\" \/>\n<meta property=\"og:description\" content=\"Design Volvo S90 : plus \u00e9pur\u00e9 et scandinave La nouvelle Volvo S90 pr\u00e9sente un ext\u00e9rieur \u00e9pur\u00e9. L&#039;avant et l&#039;arri\u00e8re ont \u00e9t\u00e9 redessin\u00e9s, avec une nouvelle calandre et des phares Matrix LED dans le style familier du &quot;marteau de Thor&quot;. Les feux arri\u00e8re s&#039;int\u00e8grent bien \u00e0 l&#039;ensemble. Le capot, le pare-chocs avant et les ailes ont \u00e9galement \u00e9t\u00e9 redessin\u00e9s. Volvo propose deux [...]\" \/>\n<meta property=\"og:url\" content=\"https:\/\/all-car-news.com\/fr\/volvo-s90-une-berline-daffaires-profondement-remaniee\/\" \/>\n<meta property=\"og:site_name\" content=\"All cars news\" \/>\n<meta property=\"article:published_time\" content=\"2025-04-17T12:10:25+00:00\" \/>\n<meta property=\"og:image\" content=\"https:\/\/autorai.nl\/wp-content\/uploads\/2025\/04\/volvo-s90-nieuw-2025-foto8-1140x855.jpg\" \/>\n<meta name=\"twitter:card\" content=\"summary_large_image\" \/>\n<meta name=\"twitter:label1\" content=\"Dur\u00e9e de lecture estim\u00e9e\" \/>\n\t<meta name=\"twitter:data1\" content=\"2 minutes\" \/>\n<script type=\"application\/ld+json\" class=\"yoast-schema-graph\">{\"@context\":\"https:\/\/schema.org\",\"@graph\":[{\"@type\":\"Article\",\"@id\":\"https:\/\/all-car-news.com\/fr\/volvo-s90-une-berline-daffaires-profondement-remaniee\/#article\",\"isPartOf\":{\"@id\":\"https:\/\/all-car-news.com\/fr\/volvo-s90-une-berline-daffaires-profondement-remaniee\/\"},\"author\":{\"name\":\"\",\"@id\":\"\"},\"headline\":\"Volvo S90 : une berline d&rsquo;affaires profond\u00e9ment remani\u00e9e\",\"datePublished\":\"2025-04-17T12:10:25+00:00\",\"dateModified\":\"2025-04-17T12:10:25+00:00\",\"mainEntityOfPage\":{\"@id\":\"https:\/\/all-car-news.com\/fr\/volvo-s90-une-berline-daffaires-profondement-remaniee\/\"},\"wordCount\":477,\"publisher\":{\"@id\":\"https:\/\/all-car-news.com\/fr\/#organization\"},\"articleSection\":[\"nouvelles de voiture\"],\"inLanguage\":\"fr-FR\"},{\"@type\":\"WebPage\",\"@id\":\"https:\/\/all-car-news.com\/fr\/volvo-s90-une-berline-daffaires-profondement-remaniee\/\",\"url\":\"https:\/\/all-car-news.com\/fr\/volvo-s90-une-berline-daffaires-profondement-remaniee\/\",\"name\":\"Volvo S90 : une berline d'affaires profond\u00e9ment remani\u00e9e - All cars news\",\"isPartOf\":{\"@id\":\"https:\/\/all-car-news.com\/fr\/#website\"},\"datePublished\":\"2025-04-17T12:10:25+00:00\",\"dateModified\":\"2025-04-17T12:10:25+00:00\",\"breadcrumb\":{\"@id\":\"https:\/\/all-car-news.com\/fr\/volvo-s90-une-berline-daffaires-profondement-remaniee\/#breadcrumb\"},\"inLanguage\":\"fr-FR\",\"potentialAction\":[{\"@type\":\"ReadAction\",\"target\":[\"https:\/\/all-car-news.com\/fr\/volvo-s90-une-berline-daffaires-profondement-remaniee\/\"]}]},{\"@type\":\"BreadcrumbList\",\"@id\":\"https:\/\/all-car-news.com\/fr\/volvo-s90-une-berline-daffaires-profondement-remaniee\/#breadcrumb\",\"itemListElement\":[{\"@type\":\"ListItem\",\"position\":1,\"name\":\"Home\",\"item\":\"https:\/\/all-car-news.com\/fr\/\"},{\"@type\":\"ListItem\",\"position\":2,\"name\":\"Volvo S90 : une berline d&rsquo;affaires profond\u00e9ment remani\u00e9e\"}]},{\"@type\":\"WebSite\",\"@id\":\"https:\/\/all-car-news.com\/fr\/#website\",\"url\":\"https:\/\/all-car-news.com\/fr\/\",\"name\":\"All cars news\",\"description\":\"\",\"publisher\":{\"@id\":\"https:\/\/all-car-news.com\/fr\/#organization\"},\"potentialAction\":[{\"@type\":\"SearchAction\",\"target\":{\"@type\":\"EntryPoint\",\"urlTemplate\":\"https:\/\/all-car-news.com\/fr\/?s={search_term_string}\"},\"query-input\":\"required name=search_term_string\"}],\"inLanguage\":\"fr-FR\"},{\"@type\":\"Organization\",\"@id\":\"https:\/\/all-car-news.com\/fr\/#organization\",\"name\":\"All cars news\",\"url\":\"https:\/\/all-car-news.com\/fr\/\",\"logo\":{\"@type\":\"ImageObject\",\"inLanguage\":\"fr-FR\",\"@id\":\"https:\/\/all-car-news.com\/fr\/#\/schema\/logo\/image\/\",\"url\":\"https:\/\/all-car-news.com\/wp-content\/uploads\/2022\/02\/CMYK-AllCarNews_LANDSCAPE_300px-1.png\",\"contentUrl\":\"https:\/\/all-car-news.com\/wp-content\/uploads\/2022\/02\/CMYK-AllCarNews_LANDSCAPE_300px-1.png\",\"width\":300,\"height\":100,\"caption\":\"All cars news\"},\"image\":{\"@id\":\"https:\/\/all-car-news.com\/fr\/#\/schema\/logo\/image\/\"}}]}<\/script>\n<!-- \/ Yoast SEO plugin. -->","yoast_head_json":{"title":"Volvo S90 : une berline d'affaires profond\u00e9ment remani\u00e9e - All cars news","robots":{"index":"index","follow":"follow","max-snippet":"max-snippet:-1","max-image-preview":"max-image-preview:large","max-video-preview":"max-video-preview:-1"},"canonical":"https:\/\/all-car-news.com\/fr\/volvo-s90-une-berline-daffaires-profondement-remaniee\/","og_locale":"fr_FR","og_type":"article","og_title":"Volvo S90 : une berline d'affaires profond\u00e9ment remani\u00e9e - All cars news","og_description":"Design Volvo S90 : plus \u00e9pur\u00e9 et scandinave La nouvelle Volvo S90 pr\u00e9sente un ext\u00e9rieur \u00e9pur\u00e9. L'avant et l'arri\u00e8re ont \u00e9t\u00e9 redessin\u00e9s, avec une nouvelle calandre et des phares Matrix LED dans le style familier du \"marteau de Thor\". Les feux arri\u00e8re s'int\u00e8grent bien \u00e0 l'ensemble. Le capot, le pare-chocs avant et les ailes ont \u00e9galement \u00e9t\u00e9 redessin\u00e9s. Volvo propose deux [...]","og_url":"https:\/\/all-car-news.com\/fr\/volvo-s90-une-berline-daffaires-profondement-remaniee\/","og_site_name":"All cars news","article_published_time":"2025-04-17T12:10:25+00:00","og_image":[{"url":"https:\/\/autorai.nl\/wp-content\/uploads\/2025\/04\/volvo-s90-nieuw-2025-foto8-1140x855.jpg"}],"twitter_card":"summary_large_image","twitter_misc":{"Dur\u00e9e de lecture estim\u00e9e":"2 minutes"},"schema":{"@context":"https:\/\/schema.org","@graph":[{"@type":"Article","@id":"https:\/\/all-car-news.com\/fr\/volvo-s90-une-berline-daffaires-profondement-remaniee\/#article","isPartOf":{"@id":"https:\/\/all-car-news.com\/fr\/volvo-s90-une-berline-daffaires-profondement-remaniee\/"},"author":{"name":"","@id":""},"headline":"Volvo S90 : une berline d&rsquo;affaires profond\u00e9ment remani\u00e9e","datePublished":"2025-04-17T12:10:25+00:00","dateModified":"2025-04-17T12:10:25+00:00","mainEntityOfPage":{"@id":"https:\/\/all-car-news.com\/fr\/volvo-s90-une-berline-daffaires-profondement-remaniee\/"},"wordCount":477,"publisher":{"@id":"https:\/\/all-car-news.com\/fr\/#organization"},"articleSection":["nouvelles de voiture"],"inLanguage":"fr-FR"},{"@type":"WebPage","@id":"https:\/\/all-car-news.com\/fr\/volvo-s90-une-berline-daffaires-profondement-remaniee\/","url":"https:\/\/all-car-news.com\/fr\/volvo-s90-une-berline-daffaires-profondement-remaniee\/","name":"Volvo S90 : une berline d'affaires profond\u00e9ment remani\u00e9e - All cars news","isPartOf":{"@id":"https:\/\/all-car-news.com\/fr\/#website"},"datePublished":"2025-04-17T12:10:25+00:00","dateModified":"2025-04-17T12:10:25+00:00","breadcrumb":{"@id":"https:\/\/all-car-news.com\/fr\/volvo-s90-une-berline-daffaires-profondement-remaniee\/#breadcrumb"},"inLanguage":"fr-FR","potentialAction":[{"@type":"ReadAction","target":["https:\/\/all-car-news.com\/fr\/volvo-s90-une-berline-daffaires-profondement-remaniee\/"]}]},{"@type":"BreadcrumbList","@id":"https:\/\/all-car-news.com\/fr\/volvo-s90-une-berline-daffaires-profondement-remaniee\/#breadcrumb","itemListElement":[{"@type":"ListItem","position":1,"name":"Home","item":"https:\/\/all-car-news.com\/fr\/"},{"@type":"ListItem","position":2,"name":"Volvo S90 : une berline d&rsquo;affaires profond\u00e9ment remani\u00e9e"}]},{"@type":"WebSite","@id":"https:\/\/all-car-news.com\/fr\/#website","url":"https:\/\/all-car-news.com\/fr\/","name":"All cars news","description":"","publisher":{"@id":"https:\/\/all-car-news.com\/fr\/#organization"},"potentialAction":[{"@type":"SearchAction","target":{"@type":"EntryPoint","urlTemplate":"https:\/\/all-car-news.com\/fr\/?s={search_term_string}"},"query-input":"required name=search_term_string"}],"inLanguage":"fr-FR"},{"@type":"Organization","@id":"https:\/\/all-car-news.com\/fr\/#organization","name":"All cars news","url":"https:\/\/all-car-news.com\/fr\/","logo":{"@type":"ImageObject","inLanguage":"fr-FR","@id":"https:\/\/all-car-news.com\/fr\/#\/schema\/logo\/image\/","url":"https:\/\/all-car-news.com\/wp-content\/uploads\/2022\/02\/CMYK-AllCarNews_LANDSCAPE_300px-1.png","contentUrl":"https:\/\/all-car-news.com\/wp-content\/uploads\/2022\/02\/CMYK-AllCarNews_LANDSCAPE_300px-1.png","width":300,"height":100,"caption":"All cars news"},"image":{"@id":"https:\/\/all-car-news.com\/fr\/#\/schema\/logo\/image\/"}}]}},"_links":{"self":[{"href":"https:\/\/all-car-news.com\/fr\/wp-json\/wp\/v2\/posts\/154326","targetHints":{"allow":["GET"]}}],"collection":[{"href":"https:\/\/all-car-news.com\/fr\/wp-json\/wp\/v2\/posts"}],"about":[{"href":"https:\/\/all-car-news.com\/fr\/wp-json\/wp\/v2\/types\/post"}],"replies":[{"embeddable":true,"href":"https:\/\/all-car-news.com\/fr\/wp-json\/wp\/v2\/comments?post=154326"}],"version-history":[{"count":0,"href":"https:\/\/all-car-news.com\/fr\/wp-json\/wp\/v2\/posts\/154326\/revisions"}],"wp:featuredmedia":[{"embeddable":true,"href":"https:\/\/all-car-news.com\/fr\/wp-json\/wp\/v2\/media\/154302"}],"wp:attachment":[{"href":"https:\/\/all-car-news.com\/fr\/wp-json\/wp\/v2\/media?parent=154326"}],"wp:term":[{"taxonomy":"category","embeddable":true,"href":"https:\/\/all-car-news.com\/fr\/wp-json\/wp\/v2\/categories?post=154326"},{"taxonomy":"post_tag","embeddable":true,"href":"https:\/\/all-car-news.com\/fr\/wp-json\/wp\/v2\/tags?post=154326"}],"curies":[{"name":"wp","href":"https:\/\/api.w.org\/{rel}","templated":true}]}}