{"id":153695,"date":"2025-03-26T09:06:00","date_gmt":"2025-03-26T09:06:00","guid":{"rendered":"https:\/\/all-car-news.com\/plusieurs-bmw-art-cars-arriveront-aux-pays-bas-cet-ete\/"},"modified":"2025-03-26T09:06:00","modified_gmt":"2025-03-26T09:06:00","slug":"plusieurs-bmw-art-cars-arriveront-aux-pays-bas-cet-ete","status":"publish","type":"post","link":"https:\/\/all-car-news.com\/fr\/plusieurs-bmw-art-cars-arriveront-aux-pays-bas-cet-ete\/","title":{"rendered":"Plusieurs BMW Art Cars arriveront aux Pays-Bas cet \u00e9t\u00e9"},"content":{"rendered":"<h2>Vingt voitures d&rsquo;art BMW<\/h2>\n<p>Depuis 50 ans, la s\u00e9rie des BMW Art Cars offre aux artistes fascin\u00e9s par l&rsquo;automobile un terrain de jeu id\u00e9al pour l&rsquo;art et le design, la technologie et l&rsquo;innovation, le sport automobile et l&rsquo;ing\u00e9nierie. Vingt BMW Art Cars ont d\u00e9j\u00e0 \u00e9t\u00e9 r\u00e9alis\u00e9es au cours des derni\u00e8res d\u00e9cennies. Il s&rsquo;agit des voitures suivantes :  <\/p>\n<p><strong>Voitures d&rsquo;art BMW<\/strong><\/p>\n<ol>\n<li>Alexander Calder \/ BMW 3.0 CSL \/ 1975<\/li>\n<li>Frank Stella \/ BMW 3.0 CSL \/ 1976<\/li>\n<li>Roy Lichtenstein \/ BMW 320 Group 5 \/ 1977<\/li>\n<li>Andy Warhol \/ BMW M1 Group 4 \/ 1979<\/li>\n<li>Ernst Fuchs \/ BMW 635 CSi \/ 1982<\/li>\n<li>Robert Rauschenberg \/ BMW 635 CSi \/ 1986<\/li>\n<li>Michael Jagamara Nelson \/ BMW M3 Groupe A \/ 1989<\/li>\n<li>Ken Done \/ BMW M3 Groupe A \/ 1989<\/li>\n<li>Matazo Kayama \/ BMW 535i \/ 1990<\/li>\n<li>C\u00e9sar Manrique \/ BMW 730i \/ 1990<\/li>\n<li>A.R. Penck \/ BMW Z1 \/ 1991<\/li>\n<li>Esther Mahlangu \/ BMW 525i \/ 1991<\/li>\n<li>Sandro Chia \/ BMW M3 GTR \/ 1992<\/li>\n<li>David Hockney \/ BMW 850 CSi \/ 1995<\/li>\n<li>Jenny Holzer \/ BMW V12 LMR \/ 1999<\/li>\n<li>Olafur Eliasson \/ BMW H\u2082R \/ 2007<\/li>\n<li>Jeff Koons \/ BMW M3 GT2 \/ 2010<\/li>\n<li>Cao Fei \/ BMW M6 GT3 \/ 2016<\/li>\n<li>John Baldessari \/ BMW M6 GTLM \/ 2016<\/li>\n<li>Julie Mehretu \/ BMW M Hybrid V8 \/ 2024<\/li>\n<\/ol>\n<div class=\"galery shuffle galery-0\">\n<figure>\n\t\t\t\t\t<span style=\"cursor: pointer\" data-src=\"https:\/\/autorai.nl\/wp-content\/uploads\/2025\/03\/P90589835_highRes_bmw-art-car-collecti-1600x1066.jpg\" data-fancybox=\"galery-0\" title=\"\"><br \/>\n\t\t\t\t\t\t\t<img decoding=\"async\" width=\"640\" height=\"480\" src=\"https:\/\/autorai.nl\/wp-content\/uploads\/2025\/03\/P90589835_highRes_bmw-art-car-collecti-640x480.jpg\" class=\"attachment-medium size-medium\" alt=\"\" loading=\"lazy\"><i class=\"fa fa-search-plus\" aria-hidden=\"true\"><\/i><br \/>\n\t\t\t\t\t\t<\/span><br \/>\n\t\t\t\t\t<\/figure>\n<figure>\n\t\t\t\t\t<span style=\"cursor: pointer\" data-src=\"https:\/\/autorai.nl\/wp-content\/uploads\/2025\/03\/P90589833_highRes_bmw-art-car-collecti-1600x1067.jpg\" data-fancybox=\"galery-0\" title=\"\"><br \/>\n\t\t\t\t\t\t\t<img decoding=\"async\" width=\"360\" height=\"270\" src=\"https:\/\/autorai.nl\/wp-content\/uploads\/2025\/03\/P90589833_highRes_bmw-art-car-collecti-360x270.jpg\" class=\"attachment-small size-small\" alt=\"\" loading=\"lazy\"><i class=\"fa fa-search-plus\" aria-hidden=\"true\"><\/i><br \/>\n\t\t\t\t\t\t<\/span><br \/>\n\t\t\t\t\t<\/figure>\n<figure>\n\t\t\t\t\t<span style=\"cursor: pointer\" data-src=\"https:\/\/autorai.nl\/wp-content\/uploads\/2025\/03\/P90589832_highRes_bmw-art-car-collecti-1600x1067.jpg\" data-fancybox=\"galery-0\" title=\"\"><br \/>\n\t\t\t\t\t\t\t<img decoding=\"async\" width=\"360\" height=\"270\" src=\"https:\/\/autorai.nl\/wp-content\/uploads\/2025\/03\/P90589832_highRes_bmw-art-car-collecti-360x270.jpg\" class=\"attachment-small size-small\" alt=\"\" loading=\"lazy\"><i class=\"fa fa-search-plus\" aria-hidden=\"true\"><\/i><br \/>\n\t\t\t\t\t\t<\/span><br \/>\n\t\t\t\t\t<\/figure>\n<div class=\"clear\"><\/div>\n<\/div>\n<h2>50 ans de collection de voitures d&rsquo;art BMW<\/h2>\n<p>\u00ab\u00a0Cette ann\u00e9e, la BMW Art Car Collection c\u00e9l\u00e8bre pas moins de 50 ans de libert\u00e9 artistique et de design visionnaire. Les 20 v\u00e9hicules sont devenus des ic\u00f4nes internationales et racontent des histoires sur la soci\u00e9t\u00e9, la technologie et la performance\u00a0\u00bb, d\u00e9clare Ilka Horstmeier, membre du conseil d&rsquo;administration pour les ressources humaines et l&rsquo;immobilier chez BMW Group. Pour marquer le 50e anniversaire des BMW Art Cars, toutes les voitures feront le tour du monde dans le cadre du BMW Art Car World Tour. <\/p>\n<h2>BMW Art Car World Tour<\/h2>\n<p>Le BMW Art Car World Tour d\u00e9marre en Europe et en Asie. Les 20 et 21 mars, les BMW Art Cars de Roy Lichtenstein, Andy Warhol, Robert Rauschenberg, David Hockney et Jeff Koons seront expos\u00e9es au Mus\u00e9e des arts appliqu\u00e9s et \u00e0 la foire d&rsquo;art SPARK \u00e0 Vienne dans le cadre de l&rsquo;\u00e9v\u00e9nement \u00ab\u00a0(R)Evolution of Art\u00a0\u00bb organis\u00e9 par BMW Group Niederlassung Wien. La derni\u00e8re et 20e BMW Art Car &#8211; la BMW M Hybrid V8 de la c\u00e9l\u00e8bre peintre am\u00e9ricaine Julie Mehretu &#8211; fera le tour de l&rsquo;Asie et sera expos\u00e9e \u00e0 Art Basel \u00e0 Hong Kong du 28 au 30 mars.  <\/p>\n<p>Le BMW Art Car World Tour se rend \u00e9galement aux Pays-Bas. \u00ab\u00a0Pas moins de huit Art Cars viendront au mus\u00e9e Louwman cet \u00e9t\u00e9, dont la M3 GT2, la 850 CSI et la M1 Procar\u00a0\u00bb, explique Sjoerd van Bilsen, conservateur du mus\u00e9e Louwman. Cette exposition se tiendra du 4 juillet au 31 ao\u00fbt.  <\/p>\n<p><strong>Quelles sont les voitures qui arrivent aux Pays-Bas ? La liste est la suivante : <\/strong><\/p>\n<p>#1 Alexander Calder &#8211; BMW 3.0 CSL &#8211; 1975<\/p>\n<p>#2 Frank Stella &#8211; BMW 3.0 CSL &#8211; 1976<\/p>\n<p>#3 Roy Lichtenstein &#8211; BMW 320 Group 5 &#8211; 1977<\/p>\n<p>#4 Andy Warhol &#8211; BMW M1 Group 4 &#8211; 1979<\/p>\n<p>#10 C\u00e9sar Manrique &#8211; BMW 730i &#8211; 1990<\/p>\n<p>#12 Esther Mahlangu &#8211; BMW 525i &#8211; 1991<\/p>\n<p>#14 David Hockney &#8211; BMW 850 CSi &#8211; 1995<\/p>\n<p>#17 Jeff Koons &#8211; BMW M3 GT2 &#8211; 2010<\/p>\n<\/p>\n<h2>Plus d&rsquo;expositions en 2025 et 2026<\/h2>\n<p>Le mus\u00e9e Louwman a encore plus de choses en r\u00e9serve pour 2025 et 2026, confirme M. Van Bilsen. \u00ab\u00a0Un coup de chapeau, plus tard dans l&rsquo;ann\u00e9e &#8211; vers novembre &#8211; il y aura une mini-exposition de voitures de sport, suivie d&rsquo;une exposition d&rsquo;hiver de la mi-d\u00e9cembre \u00e0 la fin janvier. Pensez sport automobile. Aux alentours de la Pentec\u00f4te 2026, nous c\u00e9l\u00e9brerons l&rsquo;anniversaire d&rsquo;un gran turismo sp\u00e9cial. Ces d\u00e9tails restent pour l&rsquo;instant confidentiels\u00a0\u00bb, conclut M. Van Bilsen. <\/p>\n<div class=\"galery galery-1\">\n<figure>\n\t\t\t\t\t<span style=\"cursor: pointer\" data-src=\"https:\/\/autorai.nl\/wp-content\/uploads\/2025\/03\/P90591046_highRes_bmw-art-car-1-by-ale-1600x1181.jpg\" data-fancybox=\"galery-1\" title=\"\"><br \/>\n\t\t\t\t\t\t\t<img decoding=\"async\" width=\"360\" height=\"270\" src=\"https:\/\/autorai.nl\/wp-content\/uploads\/2025\/03\/P90591046_highRes_bmw-art-car-1-by-ale-360x270.jpg\" class=\"attachment-small size-small\" alt=\"\" loading=\"lazy\"><i class=\"fa fa-search-plus\" aria-hidden=\"true\"><\/i><br \/>\n\t\t\t\t\t\t<\/span><br \/>\n\t\t\t\t\t<\/figure>\n<figure>\n\t\t\t\t\t<span style=\"cursor: pointer\" data-src=\"https:\/\/autorai.nl\/wp-content\/uploads\/2025\/03\/P90591047_highRes_bmw-art-car-2-by-fra-1600x1182.jpg\" data-fancybox=\"galery-1\" title=\"54-55-UF2123_4\"><br \/>\n\t\t\t\t\t\t\t<img decoding=\"async\" width=\"360\" height=\"270\" src=\"https:\/\/autorai.nl\/wp-content\/uploads\/2025\/03\/P90591047_highRes_bmw-art-car-2-by-fra-360x270.jpg\" class=\"attachment-small size-small\" alt=\"\" loading=\"lazy\"><i class=\"fa fa-search-plus\" aria-hidden=\"true\"><\/i><br \/>\n\t\t\t\t\t\t<\/span><br \/>\n\t\t\t\t\t<\/figure>\n<figure>\n\t\t\t\t\t<span style=\"cursor: pointer\" data-src=\"https:\/\/autorai.nl\/wp-content\/uploads\/2025\/03\/P90591053_highRes_bmw-art-car-3-by-roy-1600x1061.jpg\" data-fancybox=\"galery-1\" title=\"\"><br \/>\n\t\t\t\t\t\t\t<img decoding=\"async\" width=\"360\" height=\"270\" src=\"https:\/\/autorai.nl\/wp-content\/uploads\/2025\/03\/P90591053_highRes_bmw-art-car-3-by-roy-360x270.jpg\" class=\"attachment-small size-small\" alt=\"\" loading=\"lazy\"><i class=\"fa fa-search-plus\" aria-hidden=\"true\"><\/i><br \/>\n\t\t\t\t\t\t<\/span><br \/>\n\t\t\t\t\t<\/figure>\n<figure>\n\t\t\t\t\t<span style=\"cursor: pointer\" data-src=\"https:\/\/autorai.nl\/wp-content\/uploads\/2025\/03\/P90591054_highRes_bmw-art-car-4-by-and-1600x1183.jpg\" data-fancybox=\"galery-1\" title=\"\"><br \/>\n\t\t\t\t\t\t\t<img decoding=\"async\" width=\"360\" height=\"270\" src=\"https:\/\/autorai.nl\/wp-content\/uploads\/2025\/03\/P90591054_highRes_bmw-art-car-4-by-and-360x270.jpg\" class=\"attachment-small size-small\" alt=\"\" loading=\"lazy\"><i class=\"fa fa-search-plus\" aria-hidden=\"true\"><\/i><br \/>\n\t\t\t\t\t\t<\/span><br \/>\n\t\t\t\t\t<\/figure>\n<figure>\n\t\t\t\t\t<span style=\"cursor: pointer\" data-src=\"https:\/\/autorai.nl\/wp-content\/uploads\/2025\/03\/P90591036_highRes_bmw-art-car-10-by-ce-1600x1185.jpg\" data-fancybox=\"galery-1\" title=\"\"><br \/>\n\t\t\t\t\t\t\t<img decoding=\"async\" width=\"360\" height=\"270\" src=\"https:\/\/autorai.nl\/wp-content\/uploads\/2025\/03\/P90591036_highRes_bmw-art-car-10-by-ce-360x270.jpg\" class=\"attachment-small size-small\" alt=\"\" loading=\"lazy\"><i class=\"fa fa-search-plus\" aria-hidden=\"true\"><\/i><br \/>\n\t\t\t\t\t\t<\/span><br \/>\n\t\t\t\t\t<\/figure>\n<figure>\n\t\t\t\t\t<span style=\"cursor: pointer\" data-src=\"https:\/\/autorai.nl\/wp-content\/uploads\/2025\/03\/P90591063_highRes_bmw-art-car-12-by-es-1600x1200.jpg\" data-fancybox=\"galery-1\" title=\"\"><br \/>\n\t\t\t\t\t\t\t<img decoding=\"async\" width=\"360\" height=\"270\" src=\"https:\/\/autorai.nl\/wp-content\/uploads\/2025\/03\/P90591063_highRes_bmw-art-car-12-by-es-360x270.jpg\" class=\"attachment-small size-small\" alt=\"\" loading=\"lazy\"><i class=\"fa fa-search-plus\" aria-hidden=\"true\"><\/i><br \/>\n\t\t\t\t\t\t<\/span><br \/>\n\t\t\t\t\t<\/figure>\n<figure>\n\t\t\t\t\t<span style=\"cursor: pointer\" data-src=\"https:\/\/autorai.nl\/wp-content\/uploads\/2025\/03\/P90591040_highRes_bmw-art-car-14-by-da-1600x1181.jpg\" data-fancybox=\"galery-1\" title=\"\"><br \/>\n\t\t\t\t\t\t\t<img decoding=\"async\" width=\"360\" height=\"270\" src=\"https:\/\/autorai.nl\/wp-content\/uploads\/2025\/03\/P90591040_highRes_bmw-art-car-14-by-da-360x270.jpg\" class=\"attachment-small size-small\" alt=\"\" loading=\"lazy\"><i class=\"fa fa-search-plus\" aria-hidden=\"true\"><\/i><br \/>\n\t\t\t\t\t\t<\/span><br \/>\n\t\t\t\t\t<\/figure>\n<figure>\n\t\t\t\t\t<span style=\"cursor: pointer\" data-src=\"https:\/\/autorai.nl\/wp-content\/uploads\/2025\/03\/P90591043_highRes_bmw-art-car-17-by-je-1600x1067.jpg\" data-fancybox=\"galery-1\" title=\"Jeff Koons signe la 17e BMW Art Car (05\/2010)\"><br \/>\n\t\t\t\t\t\t\t<img decoding=\"async\" width=\"360\" height=\"270\" src=\"https:\/\/autorai.nl\/wp-content\/uploads\/2025\/03\/P90591043_highRes_bmw-art-car-17-by-je-360x270.jpg\" class=\"attachment-small size-small\" alt=\"\" loading=\"lazy\"><i class=\"fa fa-search-plus\" aria-hidden=\"true\"><\/i><br \/>\n\t\t\t\t\t\t<\/span><br \/>\n\t\t\t\t\t<\/figure>\n<div class=\"clear\"><\/div>\n<\/div>\n","protected":false},"excerpt":{"rendered":"Vingt BMW Art Cars Au cours des 50 derni\u00e8res ann\u00e9es, la s\u00e9rie des BMW Art Cars a offert aux artistes\u2026","protected":false},"author":0,"featured_media":153684,"comment_status":"","ping_status":"open","sticky":false,"template":"","format":"standard","meta":{"footnotes":""},"categories":[213,131,127],"tags":[],"class_list":["post-153695","post","type-post","status-publish","format-standard","has-post-thumbnail","hentry","category-classiques","category-fond","category-nouvelles-de-voiture"],"acf":[],"yoast_head":"<!-- This site is optimized with the Yoast SEO plugin v21.2 - https:\/\/yoast.com\/wordpress\/plugins\/seo\/ -->\n<title>Plusieurs BMW Art Cars arriveront aux Pays-Bas cet \u00e9t\u00e9 - All cars news<\/title>\n<meta name=\"robots\" content=\"index, follow, max-snippet:-1, max-image-preview:large, max-video-preview:-1\" \/>\n<link rel=\"canonical\" href=\"https:\/\/all-car-news.com\/fr\/plusieurs-bmw-art-cars-arriveront-aux-pays-bas-cet-ete\/\" \/>\n<meta property=\"og:locale\" content=\"fr_FR\" \/>\n<meta property=\"og:type\" content=\"article\" \/>\n<meta property=\"og:title\" content=\"Plusieurs BMW Art Cars arriveront aux Pays-Bas cet \u00e9t\u00e9 - All cars news\" \/>\n<meta property=\"og:description\" content=\"Vingt BMW Art Cars Au cours des 50 derni\u00e8res ann\u00e9es, la s\u00e9rie des BMW Art Cars a offert aux artistes fascin\u00e9s par l&#039;automobile un terrain de jeu id\u00e9al pour l&#039;art et le design, la technologie et l&#039;innovation, le sport automobile et l&#039;ing\u00e9nierie. Vingt BMW Art Cars ont d\u00e9j\u00e0 \u00e9t\u00e9 r\u00e9alis\u00e9es au cours des derni\u00e8res d\u00e9cennies. Il s&#039;agit des voitures suivantes : BMW Art Cars Alexander Calder [...]\" \/>\n<meta property=\"og:url\" content=\"https:\/\/all-car-news.com\/fr\/plusieurs-bmw-art-cars-arriveront-aux-pays-bas-cet-ete\/\" \/>\n<meta property=\"og:site_name\" content=\"All cars news\" \/>\n<meta property=\"article:published_time\" content=\"2025-03-26T09:06:00+00:00\" \/>\n<meta property=\"og:image\" content=\"https:\/\/autorai.nl\/wp-content\/uploads\/2025\/03\/P90589835_highRes_bmw-art-car-collecti-640x480.jpg\" \/>\n<meta name=\"twitter:card\" content=\"summary_large_image\" \/>\n<meta name=\"twitter:label1\" content=\"Dur\u00e9e de lecture estim\u00e9e\" \/>\n\t<meta name=\"twitter:data1\" content=\"3 minutes\" \/>\n<script type=\"application\/ld+json\" class=\"yoast-schema-graph\">{\"@context\":\"https:\/\/schema.org\",\"@graph\":[{\"@type\":\"Article\",\"@id\":\"https:\/\/all-car-news.com\/fr\/plusieurs-bmw-art-cars-arriveront-aux-pays-bas-cet-ete\/#article\",\"isPartOf\":{\"@id\":\"https:\/\/all-car-news.com\/fr\/plusieurs-bmw-art-cars-arriveront-aux-pays-bas-cet-ete\/\"},\"author\":{\"name\":\"\",\"@id\":\"\"},\"headline\":\"Plusieurs BMW Art Cars arriveront aux Pays-Bas cet \u00e9t\u00e9\",\"datePublished\":\"2025-03-26T09:06:00+00:00\",\"dateModified\":\"2025-03-26T09:06:00+00:00\",\"mainEntityOfPage\":{\"@id\":\"https:\/\/all-car-news.com\/fr\/plusieurs-bmw-art-cars-arriveront-aux-pays-bas-cet-ete\/\"},\"wordCount\":578,\"publisher\":{\"@id\":\"https:\/\/all-car-news.com\/fr\/#organization\"},\"articleSection\":[\"Classiques\",\"Fond\",\"nouvelles de voiture\"],\"inLanguage\":\"fr-FR\"},{\"@type\":\"WebPage\",\"@id\":\"https:\/\/all-car-news.com\/fr\/plusieurs-bmw-art-cars-arriveront-aux-pays-bas-cet-ete\/\",\"url\":\"https:\/\/all-car-news.com\/fr\/plusieurs-bmw-art-cars-arriveront-aux-pays-bas-cet-ete\/\",\"name\":\"Plusieurs BMW Art Cars arriveront aux Pays-Bas cet \u00e9t\u00e9 - All cars news\",\"isPartOf\":{\"@id\":\"https:\/\/all-car-news.com\/fr\/#website\"},\"datePublished\":\"2025-03-26T09:06:00+00:00\",\"dateModified\":\"2025-03-26T09:06:00+00:00\",\"breadcrumb\":{\"@id\":\"https:\/\/all-car-news.com\/fr\/plusieurs-bmw-art-cars-arriveront-aux-pays-bas-cet-ete\/#breadcrumb\"},\"inLanguage\":\"fr-FR\",\"potentialAction\":[{\"@type\":\"ReadAction\",\"target\":[\"https:\/\/all-car-news.com\/fr\/plusieurs-bmw-art-cars-arriveront-aux-pays-bas-cet-ete\/\"]}]},{\"@type\":\"BreadcrumbList\",\"@id\":\"https:\/\/all-car-news.com\/fr\/plusieurs-bmw-art-cars-arriveront-aux-pays-bas-cet-ete\/#breadcrumb\",\"itemListElement\":[{\"@type\":\"ListItem\",\"position\":1,\"name\":\"Home\",\"item\":\"https:\/\/all-car-news.com\/fr\/\"},{\"@type\":\"ListItem\",\"position\":2,\"name\":\"Plusieurs BMW Art Cars arriveront aux Pays-Bas cet \u00e9t\u00e9\"}]},{\"@type\":\"WebSite\",\"@id\":\"https:\/\/all-car-news.com\/fr\/#website\",\"url\":\"https:\/\/all-car-news.com\/fr\/\",\"name\":\"All cars news\",\"description\":\"\",\"publisher\":{\"@id\":\"https:\/\/all-car-news.com\/fr\/#organization\"},\"potentialAction\":[{\"@type\":\"SearchAction\",\"target\":{\"@type\":\"EntryPoint\",\"urlTemplate\":\"https:\/\/all-car-news.com\/fr\/?s={search_term_string}\"},\"query-input\":\"required name=search_term_string\"}],\"inLanguage\":\"fr-FR\"},{\"@type\":\"Organization\",\"@id\":\"https:\/\/all-car-news.com\/fr\/#organization\",\"name\":\"All cars news\",\"url\":\"https:\/\/all-car-news.com\/fr\/\",\"logo\":{\"@type\":\"ImageObject\",\"inLanguage\":\"fr-FR\",\"@id\":\"https:\/\/all-car-news.com\/fr\/#\/schema\/logo\/image\/\",\"url\":\"https:\/\/all-car-news.com\/wp-content\/uploads\/2022\/02\/CMYK-AllCarNews_LANDSCAPE_300px-1.png\",\"contentUrl\":\"https:\/\/all-car-news.com\/wp-content\/uploads\/2022\/02\/CMYK-AllCarNews_LANDSCAPE_300px-1.png\",\"width\":300,\"height\":100,\"caption\":\"All cars news\"},\"image\":{\"@id\":\"https:\/\/all-car-news.com\/fr\/#\/schema\/logo\/image\/\"}}]}<\/script>\n<!-- \/ Yoast SEO plugin. -->","yoast_head_json":{"title":"Plusieurs BMW Art Cars arriveront aux Pays-Bas cet \u00e9t\u00e9 - All cars news","robots":{"index":"index","follow":"follow","max-snippet":"max-snippet:-1","max-image-preview":"max-image-preview:large","max-video-preview":"max-video-preview:-1"},"canonical":"https:\/\/all-car-news.com\/fr\/plusieurs-bmw-art-cars-arriveront-aux-pays-bas-cet-ete\/","og_locale":"fr_FR","og_type":"article","og_title":"Plusieurs BMW Art Cars arriveront aux Pays-Bas cet \u00e9t\u00e9 - All cars news","og_description":"Vingt BMW Art Cars Au cours des 50 derni\u00e8res ann\u00e9es, la s\u00e9rie des BMW Art Cars a offert aux artistes fascin\u00e9s par l'automobile un terrain de jeu id\u00e9al pour l'art et le design, la technologie et l'innovation, le sport automobile et l'ing\u00e9nierie. Vingt BMW Art Cars ont d\u00e9j\u00e0 \u00e9t\u00e9 r\u00e9alis\u00e9es au cours des derni\u00e8res d\u00e9cennies. Il s'agit des voitures suivantes : BMW Art Cars Alexander Calder [...]","og_url":"https:\/\/all-car-news.com\/fr\/plusieurs-bmw-art-cars-arriveront-aux-pays-bas-cet-ete\/","og_site_name":"All cars news","article_published_time":"2025-03-26T09:06:00+00:00","og_image":[{"url":"https:\/\/autorai.nl\/wp-content\/uploads\/2025\/03\/P90589835_highRes_bmw-art-car-collecti-640x480.jpg"}],"twitter_card":"summary_large_image","twitter_misc":{"Dur\u00e9e de lecture estim\u00e9e":"3 minutes"},"schema":{"@context":"https:\/\/schema.org","@graph":[{"@type":"Article","@id":"https:\/\/all-car-news.com\/fr\/plusieurs-bmw-art-cars-arriveront-aux-pays-bas-cet-ete\/#article","isPartOf":{"@id":"https:\/\/all-car-news.com\/fr\/plusieurs-bmw-art-cars-arriveront-aux-pays-bas-cet-ete\/"},"author":{"name":"","@id":""},"headline":"Plusieurs BMW Art Cars arriveront aux Pays-Bas cet \u00e9t\u00e9","datePublished":"2025-03-26T09:06:00+00:00","dateModified":"2025-03-26T09:06:00+00:00","mainEntityOfPage":{"@id":"https:\/\/all-car-news.com\/fr\/plusieurs-bmw-art-cars-arriveront-aux-pays-bas-cet-ete\/"},"wordCount":578,"publisher":{"@id":"https:\/\/all-car-news.com\/fr\/#organization"},"articleSection":["Classiques","Fond","nouvelles de voiture"],"inLanguage":"fr-FR"},{"@type":"WebPage","@id":"https:\/\/all-car-news.com\/fr\/plusieurs-bmw-art-cars-arriveront-aux-pays-bas-cet-ete\/","url":"https:\/\/all-car-news.com\/fr\/plusieurs-bmw-art-cars-arriveront-aux-pays-bas-cet-ete\/","name":"Plusieurs BMW Art Cars arriveront aux Pays-Bas cet \u00e9t\u00e9 - All cars news","isPartOf":{"@id":"https:\/\/all-car-news.com\/fr\/#website"},"datePublished":"2025-03-26T09:06:00+00:00","dateModified":"2025-03-26T09:06:00+00:00","breadcrumb":{"@id":"https:\/\/all-car-news.com\/fr\/plusieurs-bmw-art-cars-arriveront-aux-pays-bas-cet-ete\/#breadcrumb"},"inLanguage":"fr-FR","potentialAction":[{"@type":"ReadAction","target":["https:\/\/all-car-news.com\/fr\/plusieurs-bmw-art-cars-arriveront-aux-pays-bas-cet-ete\/"]}]},{"@type":"BreadcrumbList","@id":"https:\/\/all-car-news.com\/fr\/plusieurs-bmw-art-cars-arriveront-aux-pays-bas-cet-ete\/#breadcrumb","itemListElement":[{"@type":"ListItem","position":1,"name":"Home","item":"https:\/\/all-car-news.com\/fr\/"},{"@type":"ListItem","position":2,"name":"Plusieurs BMW Art Cars arriveront aux Pays-Bas cet \u00e9t\u00e9"}]},{"@type":"WebSite","@id":"https:\/\/all-car-news.com\/fr\/#website","url":"https:\/\/all-car-news.com\/fr\/","name":"All cars news","description":"","publisher":{"@id":"https:\/\/all-car-news.com\/fr\/#organization"},"potentialAction":[{"@type":"SearchAction","target":{"@type":"EntryPoint","urlTemplate":"https:\/\/all-car-news.com\/fr\/?s={search_term_string}"},"query-input":"required name=search_term_string"}],"inLanguage":"fr-FR"},{"@type":"Organization","@id":"https:\/\/all-car-news.com\/fr\/#organization","name":"All cars news","url":"https:\/\/all-car-news.com\/fr\/","logo":{"@type":"ImageObject","inLanguage":"fr-FR","@id":"https:\/\/all-car-news.com\/fr\/#\/schema\/logo\/image\/","url":"https:\/\/all-car-news.com\/wp-content\/uploads\/2022\/02\/CMYK-AllCarNews_LANDSCAPE_300px-1.png","contentUrl":"https:\/\/all-car-news.com\/wp-content\/uploads\/2022\/02\/CMYK-AllCarNews_LANDSCAPE_300px-1.png","width":300,"height":100,"caption":"All cars news"},"image":{"@id":"https:\/\/all-car-news.com\/fr\/#\/schema\/logo\/image\/"}}]}},"_links":{"self":[{"href":"https:\/\/all-car-news.com\/fr\/wp-json\/wp\/v2\/posts\/153695","targetHints":{"allow":["GET"]}}],"collection":[{"href":"https:\/\/all-car-news.com\/fr\/wp-json\/wp\/v2\/posts"}],"about":[{"href":"https:\/\/all-car-news.com\/fr\/wp-json\/wp\/v2\/types\/post"}],"replies":[{"embeddable":true,"href":"https:\/\/all-car-news.com\/fr\/wp-json\/wp\/v2\/comments?post=153695"}],"version-history":[{"count":0,"href":"https:\/\/all-car-news.com\/fr\/wp-json\/wp\/v2\/posts\/153695\/revisions"}],"wp:featuredmedia":[{"embeddable":true,"href":"https:\/\/all-car-news.com\/fr\/wp-json\/wp\/v2\/media\/153684"}],"wp:attachment":[{"href":"https:\/\/all-car-news.com\/fr\/wp-json\/wp\/v2\/media?parent=153695"}],"wp:term":[{"taxonomy":"category","embeddable":true,"href":"https:\/\/all-car-news.com\/fr\/wp-json\/wp\/v2\/categories?post=153695"},{"taxonomy":"post_tag","embeddable":true,"href":"https:\/\/all-car-news.com\/fr\/wp-json\/wp\/v2\/tags?post=153695"}],"curies":[{"name":"wp","href":"https:\/\/api.w.org\/{rel}","templated":true}]}}