{"id":153360,"date":"2025-03-14T09:32:21","date_gmt":"2025-03-14T09:32:21","guid":{"rendered":"https:\/\/all-car-news.com\/la-nouvelle-mercedes-benz-cla-se-recharge-plus-vite-que-vous-ne-finissez-une-tasse-de-cafe\/"},"modified":"2025-03-14T09:32:21","modified_gmt":"2025-03-14T09:32:21","slug":"la-nouvelle-mercedes-benz-cla-se-recharge-plus-vite-que-vous-ne-finissez-une-tasse-de-cafe","status":"publish","type":"post","link":"https:\/\/all-car-news.com\/fr\/la-nouvelle-mercedes-benz-cla-se-recharge-plus-vite-que-vous-ne-finissez-une-tasse-de-cafe\/","title":{"rendered":"La nouvelle Mercedes-Benz CLA se recharge plus vite que vous ne finissez une tasse de caf\u00e9."},"content":{"rendered":"<h2>\u00c9pur\u00e9 et plein d&rsquo;\u00e9toiles<\/h2>\n<p>Comme la CLA sera \u00e9galement commercialis\u00e9e en tant que v\u00e9hicule \u00e9lectrique, les concepteurs ont pass\u00e9 plus de temps dans la soufflerie. Le r\u00e9sultat? Un design a\u00e9rodynamique avec un coefficient de r\u00e9sistance \u00e0 l&rsquo;air de seulement 0,21. La version \u00e9lectrique est dot\u00e9e d&rsquo;une calandre ferm\u00e9e avec 142 \u00e9toiles Mercedes illumin\u00e9es. Les phares et les feux arri\u00e8re ont \u00e9galement une signature lumineuse en forme d&rsquo;\u00e9toile, ce qui rend la CLA imm\u00e9diatement reconnaissable, m\u00eame dans l&rsquo;obscurit\u00e9. Le CLA a l\u00e9g\u00e8rement grandi par rapport \u00e0 son pr\u00e9d\u00e9cesseur. L&#8217;empattement s&rsquo;est allong\u00e9 de quatre centim\u00e8tres et, au total, la CLA mesure six centim\u00e8tres de plus en longueur.    <\/p>\n<figure class=\"wp-block-image size-content\"><img decoding=\"async\" loading=\"lazy\" width=\"1140\" height=\"761\" src=\"https:\/\/autorai.nl\/wp-content\/uploads\/2025\/03\/25C0063_004-1140x761.jpg\" alt=\"\" class=\"wp-image-195572\"><figcaption> <\/figcaption><\/figure>\n<h2>Int\u00e9rieur : un cin\u00e9ma sur roues<\/h2>\n<p>\u00c0 l&rsquo;int\u00e9rieur, Mercedes reste fid\u00e8le au luxe, mais avec une bonne dose de technologie. L&rsquo;\u00e9cran MBUX Superscreen en option domine le tableau de bord, avec un \u00e9cran de 10,25 pouces pour le conducteur, un \u00e9cran d&rsquo;infodivertissement de 14 pouces au centre et un autre \u00e9cran de 14 pouces pour le copilote. Ce dernier peut ainsi regarder des films ou jouer sur la route.  <\/p>\n<p>En termes de mat\u00e9riaux, Mercedes propose une large palette, allant de l&rsquo;aluminium et du bois \u00e0 un m\u00e9lange durable de papier et de chanvre. Gr\u00e2ce \u00e0 l&#8217;empattement plus long, il y a un peu plus d&rsquo;espace pour les jambes \u00e0 l&rsquo;avant, tandis que le toit panoramique de s\u00e9rie rend l&rsquo;int\u00e9rieur plus spacieux et plus l\u00e9ger. Le coffre est l\u00e9g\u00e8rement r\u00e9duit, mais Mercedes compense en proposant un grand coffre (compartiment \u00e0 bagages avant) d&rsquo;une capacit\u00e9 d&rsquo;environ 100 litres.  <\/p>\n<figure class=\"wp-block-image size-content\"><img decoding=\"async\" loading=\"lazy\" width=\"1140\" height=\"760\" src=\"https:\/\/autorai.nl\/wp-content\/uploads\/2025\/03\/25C0063_020-1140x760.jpg\" alt=\"\" class=\"wp-image-195573\"><figcaption> <\/figcaption><\/figure>\n<figure class=\"wp-block-image size-content is-resized\"><img decoding=\"async\" loading=\"lazy\" src=\"https:\/\/autorai.nl\/wp-content\/uploads\/2025\/03\/25C0063_008-1140x760.jpg\" alt=\"\" class=\"wp-image-195574\" width=\"841\" height=\"560\"><figcaption> <\/figcaption><\/figure>\n<h2>\u00c9lectrique ou hybride : le choix est vaste<\/h2>\n<p>La nouvelle CLA sera d&rsquo;abord propos\u00e9e en version tout \u00e9lectrique. La CLA 250+ est \u00e9quip\u00e9e d&rsquo;un moteur \u00e9lectrique sur l&rsquo;essieu arri\u00e8re qui d\u00e9livre 197 kW (268 ch). Il utilise une bo\u00eete de vitesses \u00e0 deux rapports qui, selon Mercedes, vous permet d&rsquo;acc\u00e9l\u00e9rer en douceur tout en restant efficace \u00e0 vitesse \u00e9lev\u00e9e. Le sprint de 100 km\/h se fait en 6,6 secondes.   <\/p>\n<p>Pour ceux qui veulent encore plus de puissance, il y a la CLA 350 4Matic. Elle est \u00e9quip\u00e9e d&rsquo;un moteur \u00e9lectrique suppl\u00e9mentaire sur l&rsquo;essieu avant, ce qui porte la puissance totale \u00e0 256 kW (349 ch). Avec une transmission int\u00e9grale et un temps de 0 \u00e0 100 km\/h de 4,8 secondes, cette CLA est beaucoup plus \u00e9pic\u00e9e.  <\/p>\n<ul>\n<li>CLA 250+ &#8211; 197 kW (268 ch), propulsion arri\u00e8re<\/li>\n<li>CLA 350 4Matic &#8211; 256 kW (349 ch), transmission int\u00e9grale<\/li>\n<\/ul>\n<p>Les deux mod\u00e8les sont dot\u00e9s d&rsquo;une batterie de 85 kWh offrant une autonomie de 792 kilom\u00e8tres (WLTP). Gr\u00e2ce \u00e0 la technologie 800V et \u00e0 une capacit\u00e9 de charge de plus de 300 kW, vous pouvez recharger en 10 minutes pour parcourir jusqu&rsquo;\u00e0 325 kilom\u00e8tres, ce qui est unique dans ce segment. <\/p>\n<p>Une variante hybride avec un syst\u00e8me 48V suivra plus tard, vous permettant de parcourir de courtes distances en mode \u00e9lectrique, tandis qu&rsquo;un moteur \u00e0 essence apportera son soutien sur les trajets plus longs.<\/p>\n<figure class=\"wp-block-image size-content\"><img decoding=\"async\" loading=\"lazy\" width=\"1140\" height=\"760\" src=\"https:\/\/autorai.nl\/wp-content\/uploads\/2025\/03\/25C0063_005-1-1140x760.jpg\" alt=\"\" class=\"wp-image-195575\"><figcaption> <\/figcaption><\/figure>\n<h2>S\u00e9curit\u00e9  <\/h2>\n<p>En mati\u00e8re de s\u00e9curit\u00e9, Mercedes ne laisse rien au hasard. La CLA est \u00e9quip\u00e9e de s\u00e9rie du Distronic (r\u00e9gulateur de vitesse adaptatif en langage Mercedes) et, en option, du MB.Drive, qui vous permet m\u00eame de conduire les mains libres dans certaines situations. <\/p>\n<p>Une premi\u00e8re dans ce segment est l&rsquo;airbag central, qui offre une protection suppl\u00e9mentaire entre le conducteur et le passager en cas de choc lat\u00e9ral. En outre, la <a href=\"https:\/\/autorai.nl\/autozoeker\/mercedes-benz\/cla-klasse\/\" target=\"_blank\" rel=\"noreferrer noopener\">CLA<\/a> facilite les changements de voie : appuyez sur le clignotant et la voiture fait le reste. <\/p>\n<p>Les prix seront annonc\u00e9s par Mercedes-Benz \u00e0 une date ult\u00e9rieure.<\/p>\n<p>Voir aussi  <a href=\"https:\/\/youtu.be\/RmDku_RpRIQ?si=JMEBMlIbr2lkjqY7\" target=\"_blank\" rel=\"noreferrer noopener\">QUELLE BEAUT\u00c9 ! &#8211; Mercedes-Benz CLE 200 &#8211; REVUE &#8211; AutoRAI TV <\/a><\/p>\n<figure class=\"wp-block-embed is-type-video is-provider-youtube wp-block-embed-youtube wp-embed-aspect-16-9 wp-has-aspect-ratio\">\n<div class=\"wp-block-embed__wrapper\">\n<\/div>\n<\/figure>\n","protected":false},"excerpt":{"rendered":"Profil\u00e9 et plein d'\u00e9toiles \u00c9tant donn\u00e9 que la CLA sera \u00e9galement lanc\u00e9e en version EV, les concepteurs ont pass\u00e9 plus\u2026","protected":false},"author":0,"featured_media":153342,"comment_status":"","ping_status":"open","sticky":false,"template":"","format":"standard","meta":{"footnotes":""},"categories":[127],"tags":[],"class_list":["post-153360","post","type-post","status-publish","format-standard","has-post-thumbnail","hentry","category-nouvelles-de-voiture"],"acf":[],"yoast_head":"<!-- This site is optimized with the Yoast SEO plugin v21.2 - https:\/\/yoast.com\/wordpress\/plugins\/seo\/ -->\n<title>La nouvelle Mercedes-Benz CLA se recharge plus vite que vous ne finissez une tasse de caf\u00e9. - All cars news<\/title>\n<meta name=\"robots\" content=\"index, follow, max-snippet:-1, max-image-preview:large, max-video-preview:-1\" \/>\n<link rel=\"canonical\" href=\"https:\/\/all-car-news.com\/fr\/la-nouvelle-mercedes-benz-cla-se-recharge-plus-vite-que-vous-ne-finissez-une-tasse-de-cafe\/\" \/>\n<meta property=\"og:locale\" content=\"fr_FR\" \/>\n<meta property=\"og:type\" content=\"article\" \/>\n<meta property=\"og:title\" content=\"La nouvelle Mercedes-Benz CLA se recharge plus vite que vous ne finissez une tasse de caf\u00e9. - All cars news\" \/>\n<meta property=\"og:description\" content=\"Profil\u00e9 et plein d&#039;\u00e9toiles \u00c9tant donn\u00e9 que la CLA sera \u00e9galement lanc\u00e9e en version EV, les concepteurs ont pass\u00e9 plus de temps dans la soufflerie. Le r\u00e9sultat? Un design a\u00e9rodynamique avec un coefficient de r\u00e9sistance \u00e0 l&#039;air de seulement 0,21. La version \u00e9lectrique est dot\u00e9e d&#039;une calandre ferm\u00e9e avec 142 \u00e9toiles Mercedes illumin\u00e9es. Les phares et les feux arri\u00e8re ont \u00e9galement une signature lumineuse en forme d&#039;\u00e9toile, ce qui rend [...]\" \/>\n<meta property=\"og:url\" content=\"https:\/\/all-car-news.com\/fr\/la-nouvelle-mercedes-benz-cla-se-recharge-plus-vite-que-vous-ne-finissez-une-tasse-de-cafe\/\" \/>\n<meta property=\"og:site_name\" content=\"All cars news\" \/>\n<meta property=\"article:published_time\" content=\"2025-03-14T09:32:21+00:00\" \/>\n<meta property=\"og:image\" content=\"https:\/\/autorai.nl\/wp-content\/uploads\/2025\/03\/25C0063_004-1140x761.jpg\" \/>\n<meta name=\"twitter:card\" content=\"summary_large_image\" \/>\n<meta name=\"twitter:label1\" content=\"Dur\u00e9e de lecture estim\u00e9e\" \/>\n\t<meta name=\"twitter:data1\" content=\"3 minutes\" \/>\n<script type=\"application\/ld+json\" class=\"yoast-schema-graph\">{\"@context\":\"https:\/\/schema.org\",\"@graph\":[{\"@type\":\"Article\",\"@id\":\"https:\/\/all-car-news.com\/fr\/la-nouvelle-mercedes-benz-cla-se-recharge-plus-vite-que-vous-ne-finissez-une-tasse-de-cafe\/#article\",\"isPartOf\":{\"@id\":\"https:\/\/all-car-news.com\/fr\/la-nouvelle-mercedes-benz-cla-se-recharge-plus-vite-que-vous-ne-finissez-une-tasse-de-cafe\/\"},\"author\":{\"name\":\"\",\"@id\":\"\"},\"headline\":\"La nouvelle Mercedes-Benz CLA se recharge plus vite que vous ne finissez une tasse de caf\u00e9.\",\"datePublished\":\"2025-03-14T09:32:21+00:00\",\"dateModified\":\"2025-03-14T09:32:21+00:00\",\"mainEntityOfPage\":{\"@id\":\"https:\/\/all-car-news.com\/fr\/la-nouvelle-mercedes-benz-cla-se-recharge-plus-vite-que-vous-ne-finissez-une-tasse-de-cafe\/\"},\"wordCount\":627,\"publisher\":{\"@id\":\"https:\/\/all-car-news.com\/fr\/#organization\"},\"articleSection\":[\"nouvelles de voiture\"],\"inLanguage\":\"fr-FR\"},{\"@type\":\"WebPage\",\"@id\":\"https:\/\/all-car-news.com\/fr\/la-nouvelle-mercedes-benz-cla-se-recharge-plus-vite-que-vous-ne-finissez-une-tasse-de-cafe\/\",\"url\":\"https:\/\/all-car-news.com\/fr\/la-nouvelle-mercedes-benz-cla-se-recharge-plus-vite-que-vous-ne-finissez-une-tasse-de-cafe\/\",\"name\":\"La nouvelle Mercedes-Benz CLA se recharge plus vite que vous ne finissez une tasse de caf\u00e9. - All cars news\",\"isPartOf\":{\"@id\":\"https:\/\/all-car-news.com\/fr\/#website\"},\"datePublished\":\"2025-03-14T09:32:21+00:00\",\"dateModified\":\"2025-03-14T09:32:21+00:00\",\"breadcrumb\":{\"@id\":\"https:\/\/all-car-news.com\/fr\/la-nouvelle-mercedes-benz-cla-se-recharge-plus-vite-que-vous-ne-finissez-une-tasse-de-cafe\/#breadcrumb\"},\"inLanguage\":\"fr-FR\",\"potentialAction\":[{\"@type\":\"ReadAction\",\"target\":[\"https:\/\/all-car-news.com\/fr\/la-nouvelle-mercedes-benz-cla-se-recharge-plus-vite-que-vous-ne-finissez-une-tasse-de-cafe\/\"]}]},{\"@type\":\"BreadcrumbList\",\"@id\":\"https:\/\/all-car-news.com\/fr\/la-nouvelle-mercedes-benz-cla-se-recharge-plus-vite-que-vous-ne-finissez-une-tasse-de-cafe\/#breadcrumb\",\"itemListElement\":[{\"@type\":\"ListItem\",\"position\":1,\"name\":\"Home\",\"item\":\"https:\/\/all-car-news.com\/fr\/\"},{\"@type\":\"ListItem\",\"position\":2,\"name\":\"La nouvelle Mercedes-Benz CLA se recharge plus vite que vous ne finissez une tasse de caf\u00e9.\"}]},{\"@type\":\"WebSite\",\"@id\":\"https:\/\/all-car-news.com\/fr\/#website\",\"url\":\"https:\/\/all-car-news.com\/fr\/\",\"name\":\"All cars news\",\"description\":\"\",\"publisher\":{\"@id\":\"https:\/\/all-car-news.com\/fr\/#organization\"},\"potentialAction\":[{\"@type\":\"SearchAction\",\"target\":{\"@type\":\"EntryPoint\",\"urlTemplate\":\"https:\/\/all-car-news.com\/fr\/?s={search_term_string}\"},\"query-input\":\"required name=search_term_string\"}],\"inLanguage\":\"fr-FR\"},{\"@type\":\"Organization\",\"@id\":\"https:\/\/all-car-news.com\/fr\/#organization\",\"name\":\"All cars news\",\"url\":\"https:\/\/all-car-news.com\/fr\/\",\"logo\":{\"@type\":\"ImageObject\",\"inLanguage\":\"fr-FR\",\"@id\":\"https:\/\/all-car-news.com\/fr\/#\/schema\/logo\/image\/\",\"url\":\"https:\/\/all-car-news.com\/wp-content\/uploads\/2022\/02\/CMYK-AllCarNews_LANDSCAPE_300px-1.png\",\"contentUrl\":\"https:\/\/all-car-news.com\/wp-content\/uploads\/2022\/02\/CMYK-AllCarNews_LANDSCAPE_300px-1.png\",\"width\":300,\"height\":100,\"caption\":\"All cars news\"},\"image\":{\"@id\":\"https:\/\/all-car-news.com\/fr\/#\/schema\/logo\/image\/\"}}]}<\/script>\n<!-- \/ Yoast SEO plugin. -->","yoast_head_json":{"title":"La nouvelle Mercedes-Benz CLA se recharge plus vite que vous ne finissez une tasse de caf\u00e9. - All cars news","robots":{"index":"index","follow":"follow","max-snippet":"max-snippet:-1","max-image-preview":"max-image-preview:large","max-video-preview":"max-video-preview:-1"},"canonical":"https:\/\/all-car-news.com\/fr\/la-nouvelle-mercedes-benz-cla-se-recharge-plus-vite-que-vous-ne-finissez-une-tasse-de-cafe\/","og_locale":"fr_FR","og_type":"article","og_title":"La nouvelle Mercedes-Benz CLA se recharge plus vite que vous ne finissez une tasse de caf\u00e9. - All cars news","og_description":"Profil\u00e9 et plein d'\u00e9toiles \u00c9tant donn\u00e9 que la CLA sera \u00e9galement lanc\u00e9e en version EV, les concepteurs ont pass\u00e9 plus de temps dans la soufflerie. Le r\u00e9sultat? Un design a\u00e9rodynamique avec un coefficient de r\u00e9sistance \u00e0 l'air de seulement 0,21. La version \u00e9lectrique est dot\u00e9e d'une calandre ferm\u00e9e avec 142 \u00e9toiles Mercedes illumin\u00e9es. Les phares et les feux arri\u00e8re ont \u00e9galement une signature lumineuse en forme d'\u00e9toile, ce qui rend [...]","og_url":"https:\/\/all-car-news.com\/fr\/la-nouvelle-mercedes-benz-cla-se-recharge-plus-vite-que-vous-ne-finissez-une-tasse-de-cafe\/","og_site_name":"All cars news","article_published_time":"2025-03-14T09:32:21+00:00","og_image":[{"url":"https:\/\/autorai.nl\/wp-content\/uploads\/2025\/03\/25C0063_004-1140x761.jpg"}],"twitter_card":"summary_large_image","twitter_misc":{"Dur\u00e9e de lecture estim\u00e9e":"3 minutes"},"schema":{"@context":"https:\/\/schema.org","@graph":[{"@type":"Article","@id":"https:\/\/all-car-news.com\/fr\/la-nouvelle-mercedes-benz-cla-se-recharge-plus-vite-que-vous-ne-finissez-une-tasse-de-cafe\/#article","isPartOf":{"@id":"https:\/\/all-car-news.com\/fr\/la-nouvelle-mercedes-benz-cla-se-recharge-plus-vite-que-vous-ne-finissez-une-tasse-de-cafe\/"},"author":{"name":"","@id":""},"headline":"La nouvelle Mercedes-Benz CLA se recharge plus vite que vous ne finissez une tasse de caf\u00e9.","datePublished":"2025-03-14T09:32:21+00:00","dateModified":"2025-03-14T09:32:21+00:00","mainEntityOfPage":{"@id":"https:\/\/all-car-news.com\/fr\/la-nouvelle-mercedes-benz-cla-se-recharge-plus-vite-que-vous-ne-finissez-une-tasse-de-cafe\/"},"wordCount":627,"publisher":{"@id":"https:\/\/all-car-news.com\/fr\/#organization"},"articleSection":["nouvelles de voiture"],"inLanguage":"fr-FR"},{"@type":"WebPage","@id":"https:\/\/all-car-news.com\/fr\/la-nouvelle-mercedes-benz-cla-se-recharge-plus-vite-que-vous-ne-finissez-une-tasse-de-cafe\/","url":"https:\/\/all-car-news.com\/fr\/la-nouvelle-mercedes-benz-cla-se-recharge-plus-vite-que-vous-ne-finissez-une-tasse-de-cafe\/","name":"La nouvelle Mercedes-Benz CLA se recharge plus vite que vous ne finissez une tasse de caf\u00e9. - All cars news","isPartOf":{"@id":"https:\/\/all-car-news.com\/fr\/#website"},"datePublished":"2025-03-14T09:32:21+00:00","dateModified":"2025-03-14T09:32:21+00:00","breadcrumb":{"@id":"https:\/\/all-car-news.com\/fr\/la-nouvelle-mercedes-benz-cla-se-recharge-plus-vite-que-vous-ne-finissez-une-tasse-de-cafe\/#breadcrumb"},"inLanguage":"fr-FR","potentialAction":[{"@type":"ReadAction","target":["https:\/\/all-car-news.com\/fr\/la-nouvelle-mercedes-benz-cla-se-recharge-plus-vite-que-vous-ne-finissez-une-tasse-de-cafe\/"]}]},{"@type":"BreadcrumbList","@id":"https:\/\/all-car-news.com\/fr\/la-nouvelle-mercedes-benz-cla-se-recharge-plus-vite-que-vous-ne-finissez-une-tasse-de-cafe\/#breadcrumb","itemListElement":[{"@type":"ListItem","position":1,"name":"Home","item":"https:\/\/all-car-news.com\/fr\/"},{"@type":"ListItem","position":2,"name":"La nouvelle Mercedes-Benz CLA se recharge plus vite que vous ne finissez une tasse de caf\u00e9."}]},{"@type":"WebSite","@id":"https:\/\/all-car-news.com\/fr\/#website","url":"https:\/\/all-car-news.com\/fr\/","name":"All cars news","description":"","publisher":{"@id":"https:\/\/all-car-news.com\/fr\/#organization"},"potentialAction":[{"@type":"SearchAction","target":{"@type":"EntryPoint","urlTemplate":"https:\/\/all-car-news.com\/fr\/?s={search_term_string}"},"query-input":"required name=search_term_string"}],"inLanguage":"fr-FR"},{"@type":"Organization","@id":"https:\/\/all-car-news.com\/fr\/#organization","name":"All cars news","url":"https:\/\/all-car-news.com\/fr\/","logo":{"@type":"ImageObject","inLanguage":"fr-FR","@id":"https:\/\/all-car-news.com\/fr\/#\/schema\/logo\/image\/","url":"https:\/\/all-car-news.com\/wp-content\/uploads\/2022\/02\/CMYK-AllCarNews_LANDSCAPE_300px-1.png","contentUrl":"https:\/\/all-car-news.com\/wp-content\/uploads\/2022\/02\/CMYK-AllCarNews_LANDSCAPE_300px-1.png","width":300,"height":100,"caption":"All cars news"},"image":{"@id":"https:\/\/all-car-news.com\/fr\/#\/schema\/logo\/image\/"}}]}},"_links":{"self":[{"href":"https:\/\/all-car-news.com\/fr\/wp-json\/wp\/v2\/posts\/153360","targetHints":{"allow":["GET"]}}],"collection":[{"href":"https:\/\/all-car-news.com\/fr\/wp-json\/wp\/v2\/posts"}],"about":[{"href":"https:\/\/all-car-news.com\/fr\/wp-json\/wp\/v2\/types\/post"}],"replies":[{"embeddable":true,"href":"https:\/\/all-car-news.com\/fr\/wp-json\/wp\/v2\/comments?post=153360"}],"version-history":[{"count":0,"href":"https:\/\/all-car-news.com\/fr\/wp-json\/wp\/v2\/posts\/153360\/revisions"}],"wp:featuredmedia":[{"embeddable":true,"href":"https:\/\/all-car-news.com\/fr\/wp-json\/wp\/v2\/media\/153342"}],"wp:attachment":[{"href":"https:\/\/all-car-news.com\/fr\/wp-json\/wp\/v2\/media?parent=153360"}],"wp:term":[{"taxonomy":"category","embeddable":true,"href":"https:\/\/all-car-news.com\/fr\/wp-json\/wp\/v2\/categories?post=153360"},{"taxonomy":"post_tag","embeddable":true,"href":"https:\/\/all-car-news.com\/fr\/wp-json\/wp\/v2\/tags?post=153360"}],"curies":[{"name":"wp","href":"https:\/\/api.w.org\/{rel}","templated":true}]}}