{"id":153267,"date":"2025-03-11T10:15:31","date_gmt":"2025-03-11T10:15:31","guid":{"rendered":"https:\/\/all-car-news.com\/calendrier-officiel-de-la-formule-1-2025\/"},"modified":"2025-03-11T10:15:31","modified_gmt":"2025-03-11T10:15:31","slug":"calendrier-officiel-de-la-formule-1-2025","status":"publish","type":"post","link":"https:\/\/all-car-news.com\/fr\/calendrier-officiel-de-la-formule-1-2025\/","title":{"rendered":"Calendrier officiel de la Formule 1 2025"},"content":{"rendered":"<h2>Formule 1 2025  <\/h2>\n<p>La saison 2025 de Formule 1 promet d&rsquo;\u00eatre une nouvelle ann\u00e9e spectaculaire, avec un calendrier charg\u00e9 de 24 courses. Avec des circuits classiques comme Spa-Francorchamps et Monza et des circuits modernes comme Las Vegas et Miami, tous les fans de Formule 1 y trouveront leur compte.   <\/p>\n<p>Un changement notable dans le calendrier de la Formule 1 cette ann\u00e9e est que le Grand Prix d&rsquo;Australie ouvre la saison, au lieu de Bahre\u00efn. Bahre\u00efn est la quatri\u00e8me course cette ann\u00e9e, suivie de l&rsquo;Arabie Saoudite comme cinqui\u00e8me course. Autre fait notable, le Grand Prix de Las Vegas se d\u00e9roulera \u00e0 nouveau un samedi, comme en 2023 et 2024. La saison se termine relativement tard, le 7 d\u00e9cembre \u00e0 Abu Dhabi. Le Grand Prix des Pays-Bas, sur le circuit de Zandvoort, aura lieu le 31 ao\u00fbt. Aucune nouvelle course n&rsquo;a \u00e9t\u00e9 ajout\u00e9e cette saison de <a href=\"https:\/\/nl.wikipedia.org\/wiki\/Formule_1\" target=\"_blank\" rel=\"noreferrer noopener\">F1<\/a>.       <\/p>\n<h2>Australie  <\/h2>\n<p>La saison d\u00e9bute le 16 mars en Australie. Si vous voulez regarder les qualifications et la course en direct, vous devez vous lever t\u00f4t. Les qualifications commencent \u00e0 6h00 le samedi 15 mars et durent jusqu&rsquo;\u00e0 7h00. La course proprement dite commence d\u00e8s 05h00 le dimanche 16 mars et se termine vers 07h00.   <\/p>\n<h2>Calendrier de la Formule 1 2025<\/h2>\n<p><strong>16 mars : <\/strong>Australie, Albert Park<br \/><strong>23 mars<\/strong>: Chine, circuit international de Shanghai<br \/><strong>6 avril<\/strong>: Japon, circuit de Suzuka<br \/><strong>13 avril :<\/strong> Bahre\u00efn, circuit international de Bahre\u00efn<br \/><strong>20 avril :<\/strong> Arabie saoudite, Jeddah Street Circuit<br \/><strong>4 mai :<\/strong> Miami, autodrome international de Miami<br \/><strong>18 mai :<\/strong> Emilia-Romagna, Autodromo Enzo e Dino Ferrari<br \/><strong>25 mai :<\/strong> Monaco, Circuit de Monaco<br \/><strong>1er juin :<\/strong> Espagne, Circuit de Catalunya<br \/><strong>15 juin :<\/strong> Canada, Circuit Gilles Villeneuve<br \/><strong>29 juin :<\/strong> Autriche, Red Bull Ring<br \/><strong>6 juillet : <\/strong>Grande-Bretagne, Silverstone<br \/><strong>27 juillet : <\/strong>Belgique, Spa-Francorchamps<br \/><strong>3 ao\u00fbt :<\/strong> Hongrie, Hungaroring<br \/><strong>31 ao\u00fbt : <\/strong>Pays-Bas, circuit de Zandvoort<br \/><strong>7 septembre :<\/strong> Italie, Autodromo Nazionale Monza<br \/><strong>21 septembre :<\/strong> Azerba\u00efdjan, Baku City Circuit<br \/><strong>5 octobre :<\/strong> Singapour, Marina Bay Street Circuit<br \/><strong>19 octobre :<\/strong> \u00c9tats-Unis, Circuit des Am\u00e9riques<br \/><strong>26 octobre : <\/strong>Mexique, Autodromo Hermanos Rodriguez<br \/><strong>9 novembre<\/strong>: Br\u00e9sil, Interlagos<br \/><strong>23 novembre : <\/strong>Las Vegas, Las Vegas Street Circuit<br \/><strong>30 novembre :<\/strong> Qatar, circuit international de Losail<br \/><strong>7 d\u00e9cembre :<\/strong> Abu Dhabi, Yas Marina Circuit<\/p>\n<p>Lire aussi : <a href=\"https:\/\/autorai.nl\/het-wagenpark-van-verstappen-dit-zijn-de-autos-die-max-prive-rijdt\/\" target=\"_blank\" rel=\"noreferrer noopener\">Le parc automobile de Verstappen : voici les voitures que Max conduit \u00e0 titre priv\u00e9.<\/a><\/p>\n<figure class=\"wp-block-embed is-type-wp-embed is-provider-autorai-nl wp-block-embed-autorai-nl\">\n<div class=\"wp-block-embed__wrapper\">\n<blockquote class=\"wp-embedded-content\" data-secret=\"m0HCMBNN44\"><p><a href=\"https:\/\/autorai.nl\/het-wagenpark-van-verstappen-dit-zijn-de-autos-die-max-prive-rijdt\/\">La flotte de Verstappen&nbsp;: ce sont les voitures que Max conduit en priv\u00e9<\/a><\/p><\/blockquote>\n<\/div>\n<\/figure>\n","protected":false},"excerpt":{"rendered":"Formule 1 2025 La saison 2025 de Formule 1 promet d'\u00eatre une nouvelle ann\u00e9e spectaculaire, avec un calendrier charg\u00e9 de\u2026","protected":false},"author":0,"featured_media":153245,"comment_status":"","ping_status":"open","sticky":false,"template":"","format":"standard","meta":{"footnotes":""},"categories":[135,133],"tags":[],"class_list":["post-153267","post","type-post","status-publish","format-standard","has-post-thumbnail","hentry","category-formule-1-fr","category-sport-automobile"],"acf":[],"yoast_head":"<!-- This site is optimized with the Yoast SEO plugin v21.2 - https:\/\/yoast.com\/wordpress\/plugins\/seo\/ -->\n<title>Calendrier officiel de la Formule 1 2025 - All cars news<\/title>\n<meta name=\"robots\" content=\"index, follow, max-snippet:-1, max-image-preview:large, max-video-preview:-1\" \/>\n<link rel=\"canonical\" href=\"https:\/\/all-car-news.com\/fr\/calendrier-officiel-de-la-formule-1-2025\/\" \/>\n<meta property=\"og:locale\" content=\"fr_FR\" \/>\n<meta property=\"og:type\" content=\"article\" \/>\n<meta property=\"og:title\" content=\"Calendrier officiel de la Formule 1 2025 - All cars news\" \/>\n<meta property=\"og:description\" content=\"Formule 1 2025 La saison 2025 de Formule 1 promet d&#039;\u00eatre une nouvelle ann\u00e9e spectaculaire, avec un calendrier charg\u00e9 de 24 courses. Avec des circuits classiques comme Spa-Francorchamps et Monza et des circuits modernes comme Las Vegas et Miami, tous les fans de Formule 1 y trouveront leur compte. Un changement notable dans le calendrier de la Formule 1 cette ann\u00e9e est [...]\" \/>\n<meta property=\"og:url\" content=\"https:\/\/all-car-news.com\/fr\/calendrier-officiel-de-la-formule-1-2025\/\" \/>\n<meta property=\"og:site_name\" content=\"All cars news\" \/>\n<meta property=\"article:published_time\" content=\"2025-03-11T10:15:31+00:00\" \/>\n<meta name=\"twitter:card\" content=\"summary_large_image\" \/>\n<meta name=\"twitter:label1\" content=\"Dur\u00e9e de lecture estim\u00e9e\" \/>\n\t<meta name=\"twitter:data1\" content=\"2 minutes\" \/>\n<script type=\"application\/ld+json\" class=\"yoast-schema-graph\">{\"@context\":\"https:\/\/schema.org\",\"@graph\":[{\"@type\":\"Article\",\"@id\":\"https:\/\/all-car-news.com\/fr\/calendrier-officiel-de-la-formule-1-2025\/#article\",\"isPartOf\":{\"@id\":\"https:\/\/all-car-news.com\/fr\/calendrier-officiel-de-la-formule-1-2025\/\"},\"author\":{\"name\":\"\",\"@id\":\"\"},\"headline\":\"Calendrier officiel de la Formule 1 2025\",\"datePublished\":\"2025-03-11T10:15:31+00:00\",\"dateModified\":\"2025-03-11T10:15:31+00:00\",\"mainEntityOfPage\":{\"@id\":\"https:\/\/all-car-news.com\/fr\/calendrier-officiel-de-la-formule-1-2025\/\"},\"wordCount\":366,\"publisher\":{\"@id\":\"https:\/\/all-car-news.com\/fr\/#organization\"},\"articleSection\":[\"formule 1\",\"Sport automobile\"],\"inLanguage\":\"fr-FR\"},{\"@type\":\"WebPage\",\"@id\":\"https:\/\/all-car-news.com\/fr\/calendrier-officiel-de-la-formule-1-2025\/\",\"url\":\"https:\/\/all-car-news.com\/fr\/calendrier-officiel-de-la-formule-1-2025\/\",\"name\":\"Calendrier officiel de la Formule 1 2025 - All cars news\",\"isPartOf\":{\"@id\":\"https:\/\/all-car-news.com\/fr\/#website\"},\"datePublished\":\"2025-03-11T10:15:31+00:00\",\"dateModified\":\"2025-03-11T10:15:31+00:00\",\"breadcrumb\":{\"@id\":\"https:\/\/all-car-news.com\/fr\/calendrier-officiel-de-la-formule-1-2025\/#breadcrumb\"},\"inLanguage\":\"fr-FR\",\"potentialAction\":[{\"@type\":\"ReadAction\",\"target\":[\"https:\/\/all-car-news.com\/fr\/calendrier-officiel-de-la-formule-1-2025\/\"]}]},{\"@type\":\"BreadcrumbList\",\"@id\":\"https:\/\/all-car-news.com\/fr\/calendrier-officiel-de-la-formule-1-2025\/#breadcrumb\",\"itemListElement\":[{\"@type\":\"ListItem\",\"position\":1,\"name\":\"Home\",\"item\":\"https:\/\/all-car-news.com\/fr\/\"},{\"@type\":\"ListItem\",\"position\":2,\"name\":\"Calendrier officiel de la Formule 1 2025\"}]},{\"@type\":\"WebSite\",\"@id\":\"https:\/\/all-car-news.com\/fr\/#website\",\"url\":\"https:\/\/all-car-news.com\/fr\/\",\"name\":\"All cars news\",\"description\":\"\",\"publisher\":{\"@id\":\"https:\/\/all-car-news.com\/fr\/#organization\"},\"potentialAction\":[{\"@type\":\"SearchAction\",\"target\":{\"@type\":\"EntryPoint\",\"urlTemplate\":\"https:\/\/all-car-news.com\/fr\/?s={search_term_string}\"},\"query-input\":\"required name=search_term_string\"}],\"inLanguage\":\"fr-FR\"},{\"@type\":\"Organization\",\"@id\":\"https:\/\/all-car-news.com\/fr\/#organization\",\"name\":\"All cars news\",\"url\":\"https:\/\/all-car-news.com\/fr\/\",\"logo\":{\"@type\":\"ImageObject\",\"inLanguage\":\"fr-FR\",\"@id\":\"https:\/\/all-car-news.com\/fr\/#\/schema\/logo\/image\/\",\"url\":\"https:\/\/all-car-news.com\/wp-content\/uploads\/2022\/02\/CMYK-AllCarNews_LANDSCAPE_300px-1.png\",\"contentUrl\":\"https:\/\/all-car-news.com\/wp-content\/uploads\/2022\/02\/CMYK-AllCarNews_LANDSCAPE_300px-1.png\",\"width\":300,\"height\":100,\"caption\":\"All cars news\"},\"image\":{\"@id\":\"https:\/\/all-car-news.com\/fr\/#\/schema\/logo\/image\/\"}}]}<\/script>\n<!-- \/ Yoast SEO plugin. -->","yoast_head_json":{"title":"Calendrier officiel de la Formule 1 2025 - All cars news","robots":{"index":"index","follow":"follow","max-snippet":"max-snippet:-1","max-image-preview":"max-image-preview:large","max-video-preview":"max-video-preview:-1"},"canonical":"https:\/\/all-car-news.com\/fr\/calendrier-officiel-de-la-formule-1-2025\/","og_locale":"fr_FR","og_type":"article","og_title":"Calendrier officiel de la Formule 1 2025 - All cars news","og_description":"Formule 1 2025 La saison 2025 de Formule 1 promet d'\u00eatre une nouvelle ann\u00e9e spectaculaire, avec un calendrier charg\u00e9 de 24 courses. Avec des circuits classiques comme Spa-Francorchamps et Monza et des circuits modernes comme Las Vegas et Miami, tous les fans de Formule 1 y trouveront leur compte. Un changement notable dans le calendrier de la Formule 1 cette ann\u00e9e est [...]","og_url":"https:\/\/all-car-news.com\/fr\/calendrier-officiel-de-la-formule-1-2025\/","og_site_name":"All cars news","article_published_time":"2025-03-11T10:15:31+00:00","twitter_card":"summary_large_image","twitter_misc":{"Dur\u00e9e de lecture estim\u00e9e":"2 minutes"},"schema":{"@context":"https:\/\/schema.org","@graph":[{"@type":"Article","@id":"https:\/\/all-car-news.com\/fr\/calendrier-officiel-de-la-formule-1-2025\/#article","isPartOf":{"@id":"https:\/\/all-car-news.com\/fr\/calendrier-officiel-de-la-formule-1-2025\/"},"author":{"name":"","@id":""},"headline":"Calendrier officiel de la Formule 1 2025","datePublished":"2025-03-11T10:15:31+00:00","dateModified":"2025-03-11T10:15:31+00:00","mainEntityOfPage":{"@id":"https:\/\/all-car-news.com\/fr\/calendrier-officiel-de-la-formule-1-2025\/"},"wordCount":366,"publisher":{"@id":"https:\/\/all-car-news.com\/fr\/#organization"},"articleSection":["formule 1","Sport automobile"],"inLanguage":"fr-FR"},{"@type":"WebPage","@id":"https:\/\/all-car-news.com\/fr\/calendrier-officiel-de-la-formule-1-2025\/","url":"https:\/\/all-car-news.com\/fr\/calendrier-officiel-de-la-formule-1-2025\/","name":"Calendrier officiel de la Formule 1 2025 - All cars news","isPartOf":{"@id":"https:\/\/all-car-news.com\/fr\/#website"},"datePublished":"2025-03-11T10:15:31+00:00","dateModified":"2025-03-11T10:15:31+00:00","breadcrumb":{"@id":"https:\/\/all-car-news.com\/fr\/calendrier-officiel-de-la-formule-1-2025\/#breadcrumb"},"inLanguage":"fr-FR","potentialAction":[{"@type":"ReadAction","target":["https:\/\/all-car-news.com\/fr\/calendrier-officiel-de-la-formule-1-2025\/"]}]},{"@type":"BreadcrumbList","@id":"https:\/\/all-car-news.com\/fr\/calendrier-officiel-de-la-formule-1-2025\/#breadcrumb","itemListElement":[{"@type":"ListItem","position":1,"name":"Home","item":"https:\/\/all-car-news.com\/fr\/"},{"@type":"ListItem","position":2,"name":"Calendrier officiel de la Formule 1 2025"}]},{"@type":"WebSite","@id":"https:\/\/all-car-news.com\/fr\/#website","url":"https:\/\/all-car-news.com\/fr\/","name":"All cars news","description":"","publisher":{"@id":"https:\/\/all-car-news.com\/fr\/#organization"},"potentialAction":[{"@type":"SearchAction","target":{"@type":"EntryPoint","urlTemplate":"https:\/\/all-car-news.com\/fr\/?s={search_term_string}"},"query-input":"required name=search_term_string"}],"inLanguage":"fr-FR"},{"@type":"Organization","@id":"https:\/\/all-car-news.com\/fr\/#organization","name":"All cars news","url":"https:\/\/all-car-news.com\/fr\/","logo":{"@type":"ImageObject","inLanguage":"fr-FR","@id":"https:\/\/all-car-news.com\/fr\/#\/schema\/logo\/image\/","url":"https:\/\/all-car-news.com\/wp-content\/uploads\/2022\/02\/CMYK-AllCarNews_LANDSCAPE_300px-1.png","contentUrl":"https:\/\/all-car-news.com\/wp-content\/uploads\/2022\/02\/CMYK-AllCarNews_LANDSCAPE_300px-1.png","width":300,"height":100,"caption":"All cars news"},"image":{"@id":"https:\/\/all-car-news.com\/fr\/#\/schema\/logo\/image\/"}}]}},"_links":{"self":[{"href":"https:\/\/all-car-news.com\/fr\/wp-json\/wp\/v2\/posts\/153267","targetHints":{"allow":["GET"]}}],"collection":[{"href":"https:\/\/all-car-news.com\/fr\/wp-json\/wp\/v2\/posts"}],"about":[{"href":"https:\/\/all-car-news.com\/fr\/wp-json\/wp\/v2\/types\/post"}],"replies":[{"embeddable":true,"href":"https:\/\/all-car-news.com\/fr\/wp-json\/wp\/v2\/comments?post=153267"}],"version-history":[{"count":0,"href":"https:\/\/all-car-news.com\/fr\/wp-json\/wp\/v2\/posts\/153267\/revisions"}],"wp:featuredmedia":[{"embeddable":true,"href":"https:\/\/all-car-news.com\/fr\/wp-json\/wp\/v2\/media\/153245"}],"wp:attachment":[{"href":"https:\/\/all-car-news.com\/fr\/wp-json\/wp\/v2\/media?parent=153267"}],"wp:term":[{"taxonomy":"category","embeddable":true,"href":"https:\/\/all-car-news.com\/fr\/wp-json\/wp\/v2\/categories?post=153267"},{"taxonomy":"post_tag","embeddable":true,"href":"https:\/\/all-car-news.com\/fr\/wp-json\/wp\/v2\/tags?post=153267"}],"curies":[{"name":"wp","href":"https:\/\/api.w.org\/{rel}","templated":true}]}}