{"id":153214,"date":"2025-03-07T11:30:21","date_gmt":"2025-03-07T11:30:21","guid":{"rendered":"https:\/\/all-car-news.com\/les-droits-a-limportation-narretent-pas-les-voitures-chinoises\/"},"modified":"2025-03-07T11:30:21","modified_gmt":"2025-03-07T11:30:21","slug":"les-droits-a-limportation-narretent-pas-les-voitures-chinoises","status":"publish","type":"post","link":"https:\/\/all-car-news.com\/fr\/les-droits-a-limportation-narretent-pas-les-voitures-chinoises\/","title":{"rendered":"Les droits \u00e0 l&rsquo;importation n&rsquo;arr\u00eatent pas les voitures chinoises"},"content":{"rendered":"<h2>Part de march\u00e9<\/h2>\n<p>Selon une \u00e9tude de KPMG command\u00e9e par BOVAG, la part de march\u00e9 des voitures chinoises en Europe doublera, passant de 4 % en 2023 \u00e0 10 % en 2030. La progression sera encore plus rapide aux Pays-Bas, o\u00f9 le pourcentage pourrait m\u00eame atteindre pr\u00e8s de 19 %.   &nbsp;<\/p>\n<h2><strong>Une construction moins ch\u00e8re et plus intelligente<\/strong><\/h2>\n<p>Selon l&rsquo;\u00e9tude, le succ\u00e8s des marques chinoises en Europe est d\u00fb \u00e0 un avantage en termes de co\u00fbts, \u00e0 une grande flexibilit\u00e9 et \u00e0 une vision strat\u00e9gique du march\u00e9 europ\u00e9en. Gr\u00e2ce \u00e0 des processus de production efficaces et \u00e0 l&rsquo;acc\u00e8s \u00e0 des mati\u00e8res premi\u00e8res bon march\u00e9, les marques chinoises parviennent \u00e0 proposer des voitures \u00e9lectriques \u00e0 des prix comp\u00e9titifs. Cependant, pour att\u00e9nuer quelque peu la douleur caus\u00e9e par les droits d&rsquo;importation, elles envisagent de d\u00e9localiser une partie de leur production en Europe. Ainsi, de plus en plus de constructeurs automobiles chinois, tels que <a href=\"https:\/\/youtu.be\/Rz_k1vt8q7g?si=Uq7FFdGSMdbQ5AM9\">BYD<\/a>, ouvrent une usine dans l&rsquo;UE.     <\/p>\n<h2>Opportunit\u00e9s de croissance<\/h2>\n<p>De plus, selon KPMG, les Chinois savent exactement o\u00f9 se trouvent les opportunit\u00e9s de croissance. Alors qu&rsquo;auparavant ils visaient principalement des mod\u00e8les de luxe, ils se tournent d\u00e9sormais vers des voitures \u00e9lectriques abordables pr\u00e9sentant un rapport qualit\u00e9-prix attrayant. C&rsquo;est exactement ce que recherchent de nombreux acheteurs europ\u00e9ens.  <\/p>\n<h2><strong>De la commande en ligne \u00e0 la salle d&rsquo;exposition<\/strong><\/h2>\n<p>Les constructeurs automobiles chinois peuvent donc s&rsquo;adapter rapidement. Non seulement en ce qui concerne le produit, mais aussi la mani\u00e8re dont ils souhaitent le commercialiser. Dans un premier temps, ils ont essay\u00e9 de vendre leurs voitures principalement en ligne, mais aujourd&rsquo;hui, ils font de plus en plus appel \u00e0 des concessionnaires traditionnels.    &nbsp;<\/p>\n<h2>Il faut encore s&rsquo;y habituer<\/h2>\n<p>Pourtant, il reste encore quelques obstacles \u00e0 surmonter. Les soci\u00e9t\u00e9s de cr\u00e9dit-bail et les assureurs ne sont pas encore totalement convaincus, principalement en raison de l&rsquo;incertitude concernant la valeur r\u00e9siduelle et les co\u00fbts de r\u00e9paration. Les concessionnaires europ\u00e9ens doivent \u00e9galement s&rsquo;habituer au mode de fonctionnement chinois. Mais selon BOVAG, les concessionnaires qui font des affaires avec des marques chinoises peuvent ainsi compenser une partie de la perte de parts de march\u00e9 des constructeurs europ\u00e9ens.   <\/p>\n<p>Lire aussi : <a href=\"https:\/\/autorai.nl\/met-deze-vijf-autos-wordt-het-vaakst-schade-gereden\/\">Ces cinq voitures sont le plus souvent endommag\u00e9es<\/a><\/p>\n<figure class=\"wp-block-embed is-type-wp-embed is-provider-autorai-nl wp-block-embed-autorai-nl\">\n<div class=\"wp-block-embed__wrapper\">\n<blockquote class=\"wp-embedded-content\" data-secret=\"1BpcCs2c0O\"><p><a href=\"https:\/\/autorai.nl\/met-deze-vijf-autos-wordt-het-vaakst-schade-gereden\/\">Ces cinq voitures sont le plus souvent endommag\u00e9es<\/a><\/p><\/blockquote>\n<\/div>\n<\/figure>\n","protected":false},"excerpt":{"rendered":"Part de march\u00e9 Selon une \u00e9tude de KPMG command\u00e9e par BOVAG, la part de march\u00e9 des voitures chinoises en Europe\u2026","protected":false},"author":0,"featured_media":153208,"comment_status":"","ping_status":"open","sticky":false,"template":"","format":"standard","meta":{"footnotes":""},"categories":[127],"tags":[],"class_list":["post-153214","post","type-post","status-publish","format-standard","has-post-thumbnail","hentry","category-nouvelles-de-voiture"],"acf":[],"yoast_head":"<!-- This site is optimized with the Yoast SEO plugin v21.2 - https:\/\/yoast.com\/wordpress\/plugins\/seo\/ -->\n<title>Les droits \u00e0 l&#039;importation n&#039;arr\u00eatent pas les voitures chinoises - All cars news<\/title>\n<meta name=\"robots\" content=\"index, follow, max-snippet:-1, max-image-preview:large, max-video-preview:-1\" \/>\n<link rel=\"canonical\" href=\"https:\/\/all-car-news.com\/fr\/les-droits-a-limportation-narretent-pas-les-voitures-chinoises\/\" \/>\n<meta property=\"og:locale\" content=\"fr_FR\" \/>\n<meta property=\"og:type\" content=\"article\" \/>\n<meta property=\"og:title\" content=\"Les droits \u00e0 l&#039;importation n&#039;arr\u00eatent pas les voitures chinoises - All cars news\" \/>\n<meta property=\"og:description\" content=\"Part de march\u00e9 Selon une \u00e9tude de KPMG command\u00e9e par BOVAG, la part de march\u00e9 des voitures chinoises en Europe doublera, passant de 4 % en 2023 \u00e0 10 % en 2030. La progression sera encore plus rapide aux Pays-Bas, o\u00f9 le pourcentage pourrait m\u00eame atteindre pr\u00e8s de 19 %.  &nbsp; Une construction moins ch\u00e8re et plus intelligente Selon l&#039;\u00e9tude, [...]\" \/>\n<meta property=\"og:url\" content=\"https:\/\/all-car-news.com\/fr\/les-droits-a-limportation-narretent-pas-les-voitures-chinoises\/\" \/>\n<meta property=\"og:site_name\" content=\"All cars news\" \/>\n<meta property=\"article:published_time\" content=\"2025-03-07T11:30:21+00:00\" \/>\n<meta name=\"twitter:card\" content=\"summary_large_image\" \/>\n<meta name=\"twitter:label1\" content=\"Dur\u00e9e de lecture estim\u00e9e\" \/>\n\t<meta name=\"twitter:data1\" content=\"2 minutes\" \/>\n<script type=\"application\/ld+json\" class=\"yoast-schema-graph\">{\"@context\":\"https:\/\/schema.org\",\"@graph\":[{\"@type\":\"Article\",\"@id\":\"https:\/\/all-car-news.com\/fr\/les-droits-a-limportation-narretent-pas-les-voitures-chinoises\/#article\",\"isPartOf\":{\"@id\":\"https:\/\/all-car-news.com\/fr\/les-droits-a-limportation-narretent-pas-les-voitures-chinoises\/\"},\"author\":{\"name\":\"\",\"@id\":\"\"},\"headline\":\"Les droits \u00e0 l&rsquo;importation n&rsquo;arr\u00eatent pas les voitures chinoises\",\"datePublished\":\"2025-03-07T11:30:21+00:00\",\"dateModified\":\"2025-03-07T11:30:21+00:00\",\"mainEntityOfPage\":{\"@id\":\"https:\/\/all-car-news.com\/fr\/les-droits-a-limportation-narretent-pas-les-voitures-chinoises\/\"},\"wordCount\":390,\"publisher\":{\"@id\":\"https:\/\/all-car-news.com\/fr\/#organization\"},\"articleSection\":[\"nouvelles de voiture\"],\"inLanguage\":\"fr-FR\"},{\"@type\":\"WebPage\",\"@id\":\"https:\/\/all-car-news.com\/fr\/les-droits-a-limportation-narretent-pas-les-voitures-chinoises\/\",\"url\":\"https:\/\/all-car-news.com\/fr\/les-droits-a-limportation-narretent-pas-les-voitures-chinoises\/\",\"name\":\"Les droits \u00e0 l'importation n'arr\u00eatent pas les voitures chinoises - All cars news\",\"isPartOf\":{\"@id\":\"https:\/\/all-car-news.com\/fr\/#website\"},\"datePublished\":\"2025-03-07T11:30:21+00:00\",\"dateModified\":\"2025-03-07T11:30:21+00:00\",\"breadcrumb\":{\"@id\":\"https:\/\/all-car-news.com\/fr\/les-droits-a-limportation-narretent-pas-les-voitures-chinoises\/#breadcrumb\"},\"inLanguage\":\"fr-FR\",\"potentialAction\":[{\"@type\":\"ReadAction\",\"target\":[\"https:\/\/all-car-news.com\/fr\/les-droits-a-limportation-narretent-pas-les-voitures-chinoises\/\"]}]},{\"@type\":\"BreadcrumbList\",\"@id\":\"https:\/\/all-car-news.com\/fr\/les-droits-a-limportation-narretent-pas-les-voitures-chinoises\/#breadcrumb\",\"itemListElement\":[{\"@type\":\"ListItem\",\"position\":1,\"name\":\"Home\",\"item\":\"https:\/\/all-car-news.com\/fr\/\"},{\"@type\":\"ListItem\",\"position\":2,\"name\":\"Les droits \u00e0 l&rsquo;importation n&rsquo;arr\u00eatent pas les voitures chinoises\"}]},{\"@type\":\"WebSite\",\"@id\":\"https:\/\/all-car-news.com\/fr\/#website\",\"url\":\"https:\/\/all-car-news.com\/fr\/\",\"name\":\"All cars news\",\"description\":\"\",\"publisher\":{\"@id\":\"https:\/\/all-car-news.com\/fr\/#organization\"},\"potentialAction\":[{\"@type\":\"SearchAction\",\"target\":{\"@type\":\"EntryPoint\",\"urlTemplate\":\"https:\/\/all-car-news.com\/fr\/?s={search_term_string}\"},\"query-input\":\"required name=search_term_string\"}],\"inLanguage\":\"fr-FR\"},{\"@type\":\"Organization\",\"@id\":\"https:\/\/all-car-news.com\/fr\/#organization\",\"name\":\"All cars news\",\"url\":\"https:\/\/all-car-news.com\/fr\/\",\"logo\":{\"@type\":\"ImageObject\",\"inLanguage\":\"fr-FR\",\"@id\":\"https:\/\/all-car-news.com\/fr\/#\/schema\/logo\/image\/\",\"url\":\"https:\/\/all-car-news.com\/wp-content\/uploads\/2022\/02\/CMYK-AllCarNews_LANDSCAPE_300px-1.png\",\"contentUrl\":\"https:\/\/all-car-news.com\/wp-content\/uploads\/2022\/02\/CMYK-AllCarNews_LANDSCAPE_300px-1.png\",\"width\":300,\"height\":100,\"caption\":\"All cars news\"},\"image\":{\"@id\":\"https:\/\/all-car-news.com\/fr\/#\/schema\/logo\/image\/\"}}]}<\/script>\n<!-- \/ Yoast SEO plugin. -->","yoast_head_json":{"title":"Les droits \u00e0 l'importation n'arr\u00eatent pas les voitures chinoises - All cars news","robots":{"index":"index","follow":"follow","max-snippet":"max-snippet:-1","max-image-preview":"max-image-preview:large","max-video-preview":"max-video-preview:-1"},"canonical":"https:\/\/all-car-news.com\/fr\/les-droits-a-limportation-narretent-pas-les-voitures-chinoises\/","og_locale":"fr_FR","og_type":"article","og_title":"Les droits \u00e0 l'importation n'arr\u00eatent pas les voitures chinoises - All cars news","og_description":"Part de march\u00e9 Selon une \u00e9tude de KPMG command\u00e9e par BOVAG, la part de march\u00e9 des voitures chinoises en Europe doublera, passant de 4 % en 2023 \u00e0 10 % en 2030. La progression sera encore plus rapide aux Pays-Bas, o\u00f9 le pourcentage pourrait m\u00eame atteindre pr\u00e8s de 19 %.  &nbsp; Une construction moins ch\u00e8re et plus intelligente Selon l'\u00e9tude, [...]","og_url":"https:\/\/all-car-news.com\/fr\/les-droits-a-limportation-narretent-pas-les-voitures-chinoises\/","og_site_name":"All cars news","article_published_time":"2025-03-07T11:30:21+00:00","twitter_card":"summary_large_image","twitter_misc":{"Dur\u00e9e de lecture estim\u00e9e":"2 minutes"},"schema":{"@context":"https:\/\/schema.org","@graph":[{"@type":"Article","@id":"https:\/\/all-car-news.com\/fr\/les-droits-a-limportation-narretent-pas-les-voitures-chinoises\/#article","isPartOf":{"@id":"https:\/\/all-car-news.com\/fr\/les-droits-a-limportation-narretent-pas-les-voitures-chinoises\/"},"author":{"name":"","@id":""},"headline":"Les droits \u00e0 l&rsquo;importation n&rsquo;arr\u00eatent pas les voitures chinoises","datePublished":"2025-03-07T11:30:21+00:00","dateModified":"2025-03-07T11:30:21+00:00","mainEntityOfPage":{"@id":"https:\/\/all-car-news.com\/fr\/les-droits-a-limportation-narretent-pas-les-voitures-chinoises\/"},"wordCount":390,"publisher":{"@id":"https:\/\/all-car-news.com\/fr\/#organization"},"articleSection":["nouvelles de voiture"],"inLanguage":"fr-FR"},{"@type":"WebPage","@id":"https:\/\/all-car-news.com\/fr\/les-droits-a-limportation-narretent-pas-les-voitures-chinoises\/","url":"https:\/\/all-car-news.com\/fr\/les-droits-a-limportation-narretent-pas-les-voitures-chinoises\/","name":"Les droits \u00e0 l'importation n'arr\u00eatent pas les voitures chinoises - All cars news","isPartOf":{"@id":"https:\/\/all-car-news.com\/fr\/#website"},"datePublished":"2025-03-07T11:30:21+00:00","dateModified":"2025-03-07T11:30:21+00:00","breadcrumb":{"@id":"https:\/\/all-car-news.com\/fr\/les-droits-a-limportation-narretent-pas-les-voitures-chinoises\/#breadcrumb"},"inLanguage":"fr-FR","potentialAction":[{"@type":"ReadAction","target":["https:\/\/all-car-news.com\/fr\/les-droits-a-limportation-narretent-pas-les-voitures-chinoises\/"]}]},{"@type":"BreadcrumbList","@id":"https:\/\/all-car-news.com\/fr\/les-droits-a-limportation-narretent-pas-les-voitures-chinoises\/#breadcrumb","itemListElement":[{"@type":"ListItem","position":1,"name":"Home","item":"https:\/\/all-car-news.com\/fr\/"},{"@type":"ListItem","position":2,"name":"Les droits \u00e0 l&rsquo;importation n&rsquo;arr\u00eatent pas les voitures chinoises"}]},{"@type":"WebSite","@id":"https:\/\/all-car-news.com\/fr\/#website","url":"https:\/\/all-car-news.com\/fr\/","name":"All cars news","description":"","publisher":{"@id":"https:\/\/all-car-news.com\/fr\/#organization"},"potentialAction":[{"@type":"SearchAction","target":{"@type":"EntryPoint","urlTemplate":"https:\/\/all-car-news.com\/fr\/?s={search_term_string}"},"query-input":"required name=search_term_string"}],"inLanguage":"fr-FR"},{"@type":"Organization","@id":"https:\/\/all-car-news.com\/fr\/#organization","name":"All cars news","url":"https:\/\/all-car-news.com\/fr\/","logo":{"@type":"ImageObject","inLanguage":"fr-FR","@id":"https:\/\/all-car-news.com\/fr\/#\/schema\/logo\/image\/","url":"https:\/\/all-car-news.com\/wp-content\/uploads\/2022\/02\/CMYK-AllCarNews_LANDSCAPE_300px-1.png","contentUrl":"https:\/\/all-car-news.com\/wp-content\/uploads\/2022\/02\/CMYK-AllCarNews_LANDSCAPE_300px-1.png","width":300,"height":100,"caption":"All cars news"},"image":{"@id":"https:\/\/all-car-news.com\/fr\/#\/schema\/logo\/image\/"}}]}},"_links":{"self":[{"href":"https:\/\/all-car-news.com\/fr\/wp-json\/wp\/v2\/posts\/153214","targetHints":{"allow":["GET"]}}],"collection":[{"href":"https:\/\/all-car-news.com\/fr\/wp-json\/wp\/v2\/posts"}],"about":[{"href":"https:\/\/all-car-news.com\/fr\/wp-json\/wp\/v2\/types\/post"}],"replies":[{"embeddable":true,"href":"https:\/\/all-car-news.com\/fr\/wp-json\/wp\/v2\/comments?post=153214"}],"version-history":[{"count":0,"href":"https:\/\/all-car-news.com\/fr\/wp-json\/wp\/v2\/posts\/153214\/revisions"}],"wp:featuredmedia":[{"embeddable":true,"href":"https:\/\/all-car-news.com\/fr\/wp-json\/wp\/v2\/media\/153208"}],"wp:attachment":[{"href":"https:\/\/all-car-news.com\/fr\/wp-json\/wp\/v2\/media?parent=153214"}],"wp:term":[{"taxonomy":"category","embeddable":true,"href":"https:\/\/all-car-news.com\/fr\/wp-json\/wp\/v2\/categories?post=153214"},{"taxonomy":"post_tag","embeddable":true,"href":"https:\/\/all-car-news.com\/fr\/wp-json\/wp\/v2\/tags?post=153214"}],"curies":[{"name":"wp","href":"https:\/\/api.w.org\/{rel}","templated":true}]}}