{"id":153183,"date":"2025-03-06T10:17:24","date_gmt":"2025-03-06T10:17:24","guid":{"rendered":"https:\/\/all-car-news.com\/pourquoi-mercedes-benz-lance-t-elle-une-lumiere-turquoise\/"},"modified":"2025-03-06T10:17:24","modified_gmt":"2025-03-06T10:17:24","slug":"pourquoi-mercedes-benz-lance-t-elle-une-lumiere-turquoise","status":"publish","type":"post","link":"https:\/\/all-car-news.com\/fr\/pourquoi-mercedes-benz-lance-t-elle-une-lumiere-turquoise\/","title":{"rendered":"Pourquoi Mercedes-Benz lance-t-elle une lumi\u00e8re turquoise ?"},"content":{"rendered":"<h2>Conduite autonome<\/h2>\n<p>Vous allez bient\u00f4t voir passer une Mercedes-Benz aux feux turquoise ? Pas de panique, il ne s&rsquo;agit pas d&rsquo;une voiture de police infiltr\u00e9e. Comme beaucoup d&rsquo;autres marques automobiles, Mercedes-Benz travaille d&rsquo;arrache-pied sur la conduite autonome. Elle le fait bien, mais cela soul\u00e8ve aussi une question importante : comment savoir si une voiture est conduite par un humain ou par un ordinateur ? Pour la police en particulier, il est utile de le savoir. En effet, si quelqu&rsquo;un lit un livre au volant, la police doit pouvoir d\u00e9terminer rapidement s&rsquo;il s&rsquo;agit d&rsquo;un conducteur fou ou d&rsquo;une voiture en mode de conduite autonome.     <\/p>\n<figure class=\"wp-block-image size-content\"><img decoding=\"async\" loading=\"lazy\" width=\"1140\" height=\"773\" src=\"https:\/\/autorai.nl\/wp-content\/uploads\/2025\/03\/25c0061-002-1140x773.jpg\" alt=\"\" class=\"wp-image-195193\"><\/figure>\n<h2>Lumi\u00e8re turquoise  <\/h2>\n<p>La r\u00e9ponse ? Une lumi\u00e8re turquoise. Lorsqu&rsquo;elle est allum\u00e9e, cela signifie que la voiture se conduit toute seule. Pourquoi cette couleur turquoise ? Selon <a href=\"https:\/\/youtu.be\/VlKr6eS9F34?si=C894iGQnN6wltd-A\" target=\"_blank\" rel=\"noreferrer noopener\">Mercedes-Benz<\/a>, il se distingue bien et ne se confond pas avec le rouge, le vert ou l&rsquo;orange &#8211; les couleurs des feux de circulation. La lumi\u00e8re permet \u00e0 la police et aux autres conducteurs de voir d&rsquo;un coup d&rsquo;\u0153il que la voiture est aux commandes. Les essais avec le feu turquoise se poursuivront provisoirement jusqu&rsquo;en juillet 2028 et auront lieu non seulement en Allemagne, mais aussi dans les \u00c9tats am\u00e9ricains du Nevada et de la Californie.      <\/p>\n<figure class=\"wp-block-image size-content\"><img decoding=\"async\" loading=\"lazy\" width=\"1140\" height=\"760\" src=\"https:\/\/autorai.nl\/wp-content\/uploads\/2025\/03\/25c0061-003-1-1140x760.jpg\" alt=\"\" class=\"wp-image-195192\"><\/figure>\n<h2>L&rsquo;Allemagne montre la voie<\/h2>\n<p>L&rsquo;Allemagne est le premier pays europ\u00e9en \u00e0 autoriser les essais de cette technologie. Mercedes-Benz a \u00e9t\u00e9 le premier constructeur \u00e0 obtenir une homologation internationale pour la conduite autonome de niveau 3. \u00c0 ce niveau, la voiture peut faire tout le travail de direction elle-m\u00eame sur l&rsquo;autoroute et les conducteurs sont autoris\u00e9s \u00e0 litt\u00e9ralement retirer le volant de leurs mains. Avec le syst\u00e8me Drive Pilot de Mercedes-Benz, une voiture peut rouler de mani\u00e8re totalement autonome jusqu&rsquo;\u00e0 95 km\/h.     <\/p>\n<\/p>\n<h2>A lire aussi : <a href=\"https:\/\/autorai.nl\/bruut-las-vegas-breidt-politievloot-uit-met-cybertrucks\/\" target=\"_blank\" rel=\"noreferrer noopener\">Brutal : Las Vegas agrandit sa flotte de police avec des cybertrucks<\/a><\/h2>\n<\/p>\n<figure class=\"wp-block-embed is-type-wp-embed is-provider-autorai-nl wp-block-embed-autorai-nl\">\n<div class=\"wp-block-embed__wrapper\">\n<blockquote class=\"wp-embedded-content\" data-secret=\"kTcR43aGKn\"><p><a href=\"https:\/\/autorai.nl\/bruut-las-vegas-breidt-politievloot-uit-met-cybertrucks\/\">Brutal : Las Vegas agrandit son parc de v\u00e9hicules de police avec des cybertrucks<\/a><\/p><\/blockquote>\n<\/div>\n<\/figure>\n","protected":false},"excerpt":{"rendered":"Conduite autonome Vous verrez bient\u00f4t passer une Mercedes-Benz \u00e0 la lumi\u00e8re turquoise ? Pas de panique, il ne s'agit pas\u2026","protected":false},"author":0,"featured_media":0,"comment_status":"","ping_status":"open","sticky":false,"template":"","format":"standard","meta":{"footnotes":""},"categories":[127],"tags":[],"class_list":["post-153183","post","type-post","status-publish","format-standard","hentry","category-nouvelles-de-voiture"],"acf":[],"yoast_head":"<!-- This site is optimized with the Yoast SEO plugin v21.2 - https:\/\/yoast.com\/wordpress\/plugins\/seo\/ -->\n<title>Pourquoi Mercedes-Benz lance-t-elle une lumi\u00e8re turquoise ? - All cars news<\/title>\n<meta name=\"robots\" content=\"index, follow, max-snippet:-1, max-image-preview:large, max-video-preview:-1\" \/>\n<link rel=\"canonical\" href=\"https:\/\/all-car-news.com\/fr\/pourquoi-mercedes-benz-lance-t-elle-une-lumiere-turquoise\/\" \/>\n<meta property=\"og:locale\" content=\"fr_FR\" \/>\n<meta property=\"og:type\" content=\"article\" \/>\n<meta property=\"og:title\" content=\"Pourquoi Mercedes-Benz lance-t-elle une lumi\u00e8re turquoise ? - All cars news\" \/>\n<meta property=\"og:description\" content=\"Conduite autonome Vous verrez bient\u00f4t passer une Mercedes-Benz \u00e0 la lumi\u00e8re turquoise ? Pas de panique, il ne s&#039;agit pas d&#039;une voiture de police infiltr\u00e9e. Comme beaucoup d&#039;autres marques automobiles, Mercedes-Benz travaille d&#039;arrache-pied sur la conduite autonome. Elle le fait bien, mais cela soul\u00e8ve aussi une question importante : comment savoir si une voiture est conduite par un humain ou [...]\" \/>\n<meta property=\"og:url\" content=\"https:\/\/all-car-news.com\/fr\/pourquoi-mercedes-benz-lance-t-elle-une-lumiere-turquoise\/\" \/>\n<meta property=\"og:site_name\" content=\"All cars news\" \/>\n<meta property=\"article:published_time\" content=\"2025-03-06T10:17:24+00:00\" \/>\n<meta property=\"og:image\" content=\"https:\/\/autorai.nl\/wp-content\/uploads\/2025\/03\/25c0061-002-1140x773.jpg\" \/>\n<meta name=\"twitter:card\" content=\"summary_large_image\" \/>\n<meta name=\"twitter:label1\" content=\"Dur\u00e9e de lecture estim\u00e9e\" \/>\n\t<meta name=\"twitter:data1\" content=\"2 minutes\" \/>\n<script type=\"application\/ld+json\" class=\"yoast-schema-graph\">{\"@context\":\"https:\/\/schema.org\",\"@graph\":[{\"@type\":\"Article\",\"@id\":\"https:\/\/all-car-news.com\/fr\/pourquoi-mercedes-benz-lance-t-elle-une-lumiere-turquoise\/#article\",\"isPartOf\":{\"@id\":\"https:\/\/all-car-news.com\/fr\/pourquoi-mercedes-benz-lance-t-elle-une-lumiere-turquoise\/\"},\"author\":{\"name\":\"\",\"@id\":\"\"},\"headline\":\"Pourquoi Mercedes-Benz lance-t-elle une lumi\u00e8re turquoise ?\",\"datePublished\":\"2025-03-06T10:17:24+00:00\",\"dateModified\":\"2025-03-06T10:17:24+00:00\",\"mainEntityOfPage\":{\"@id\":\"https:\/\/all-car-news.com\/fr\/pourquoi-mercedes-benz-lance-t-elle-une-lumiere-turquoise\/\"},\"wordCount\":326,\"publisher\":{\"@id\":\"https:\/\/all-car-news.com\/fr\/#organization\"},\"articleSection\":[\"nouvelles de voiture\"],\"inLanguage\":\"fr-FR\"},{\"@type\":\"WebPage\",\"@id\":\"https:\/\/all-car-news.com\/fr\/pourquoi-mercedes-benz-lance-t-elle-une-lumiere-turquoise\/\",\"url\":\"https:\/\/all-car-news.com\/fr\/pourquoi-mercedes-benz-lance-t-elle-une-lumiere-turquoise\/\",\"name\":\"Pourquoi Mercedes-Benz lance-t-elle une lumi\u00e8re turquoise ? - All cars news\",\"isPartOf\":{\"@id\":\"https:\/\/all-car-news.com\/fr\/#website\"},\"datePublished\":\"2025-03-06T10:17:24+00:00\",\"dateModified\":\"2025-03-06T10:17:24+00:00\",\"breadcrumb\":{\"@id\":\"https:\/\/all-car-news.com\/fr\/pourquoi-mercedes-benz-lance-t-elle-une-lumiere-turquoise\/#breadcrumb\"},\"inLanguage\":\"fr-FR\",\"potentialAction\":[{\"@type\":\"ReadAction\",\"target\":[\"https:\/\/all-car-news.com\/fr\/pourquoi-mercedes-benz-lance-t-elle-une-lumiere-turquoise\/\"]}]},{\"@type\":\"BreadcrumbList\",\"@id\":\"https:\/\/all-car-news.com\/fr\/pourquoi-mercedes-benz-lance-t-elle-une-lumiere-turquoise\/#breadcrumb\",\"itemListElement\":[{\"@type\":\"ListItem\",\"position\":1,\"name\":\"Home\",\"item\":\"https:\/\/all-car-news.com\/fr\/\"},{\"@type\":\"ListItem\",\"position\":2,\"name\":\"Pourquoi Mercedes-Benz lance-t-elle une lumi\u00e8re turquoise ?\"}]},{\"@type\":\"WebSite\",\"@id\":\"https:\/\/all-car-news.com\/fr\/#website\",\"url\":\"https:\/\/all-car-news.com\/fr\/\",\"name\":\"All cars news\",\"description\":\"\",\"publisher\":{\"@id\":\"https:\/\/all-car-news.com\/fr\/#organization\"},\"potentialAction\":[{\"@type\":\"SearchAction\",\"target\":{\"@type\":\"EntryPoint\",\"urlTemplate\":\"https:\/\/all-car-news.com\/fr\/?s={search_term_string}\"},\"query-input\":\"required name=search_term_string\"}],\"inLanguage\":\"fr-FR\"},{\"@type\":\"Organization\",\"@id\":\"https:\/\/all-car-news.com\/fr\/#organization\",\"name\":\"All cars news\",\"url\":\"https:\/\/all-car-news.com\/fr\/\",\"logo\":{\"@type\":\"ImageObject\",\"inLanguage\":\"fr-FR\",\"@id\":\"https:\/\/all-car-news.com\/fr\/#\/schema\/logo\/image\/\",\"url\":\"https:\/\/all-car-news.com\/wp-content\/uploads\/2022\/02\/CMYK-AllCarNews_LANDSCAPE_300px-1.png\",\"contentUrl\":\"https:\/\/all-car-news.com\/wp-content\/uploads\/2022\/02\/CMYK-AllCarNews_LANDSCAPE_300px-1.png\",\"width\":300,\"height\":100,\"caption\":\"All cars news\"},\"image\":{\"@id\":\"https:\/\/all-car-news.com\/fr\/#\/schema\/logo\/image\/\"}}]}<\/script>\n<!-- \/ Yoast SEO plugin. -->","yoast_head_json":{"title":"Pourquoi Mercedes-Benz lance-t-elle une lumi\u00e8re turquoise ? - All cars news","robots":{"index":"index","follow":"follow","max-snippet":"max-snippet:-1","max-image-preview":"max-image-preview:large","max-video-preview":"max-video-preview:-1"},"canonical":"https:\/\/all-car-news.com\/fr\/pourquoi-mercedes-benz-lance-t-elle-une-lumiere-turquoise\/","og_locale":"fr_FR","og_type":"article","og_title":"Pourquoi Mercedes-Benz lance-t-elle une lumi\u00e8re turquoise ? - All cars news","og_description":"Conduite autonome Vous verrez bient\u00f4t passer une Mercedes-Benz \u00e0 la lumi\u00e8re turquoise ? Pas de panique, il ne s'agit pas d'une voiture de police infiltr\u00e9e. Comme beaucoup d'autres marques automobiles, Mercedes-Benz travaille d'arrache-pied sur la conduite autonome. Elle le fait bien, mais cela soul\u00e8ve aussi une question importante : comment savoir si une voiture est conduite par un humain ou [...]","og_url":"https:\/\/all-car-news.com\/fr\/pourquoi-mercedes-benz-lance-t-elle-une-lumiere-turquoise\/","og_site_name":"All cars news","article_published_time":"2025-03-06T10:17:24+00:00","og_image":[{"url":"https:\/\/autorai.nl\/wp-content\/uploads\/2025\/03\/25c0061-002-1140x773.jpg"}],"twitter_card":"summary_large_image","twitter_misc":{"Dur\u00e9e de lecture estim\u00e9e":"2 minutes"},"schema":{"@context":"https:\/\/schema.org","@graph":[{"@type":"Article","@id":"https:\/\/all-car-news.com\/fr\/pourquoi-mercedes-benz-lance-t-elle-une-lumiere-turquoise\/#article","isPartOf":{"@id":"https:\/\/all-car-news.com\/fr\/pourquoi-mercedes-benz-lance-t-elle-une-lumiere-turquoise\/"},"author":{"name":"","@id":""},"headline":"Pourquoi Mercedes-Benz lance-t-elle une lumi\u00e8re turquoise ?","datePublished":"2025-03-06T10:17:24+00:00","dateModified":"2025-03-06T10:17:24+00:00","mainEntityOfPage":{"@id":"https:\/\/all-car-news.com\/fr\/pourquoi-mercedes-benz-lance-t-elle-une-lumiere-turquoise\/"},"wordCount":326,"publisher":{"@id":"https:\/\/all-car-news.com\/fr\/#organization"},"articleSection":["nouvelles de voiture"],"inLanguage":"fr-FR"},{"@type":"WebPage","@id":"https:\/\/all-car-news.com\/fr\/pourquoi-mercedes-benz-lance-t-elle-une-lumiere-turquoise\/","url":"https:\/\/all-car-news.com\/fr\/pourquoi-mercedes-benz-lance-t-elle-une-lumiere-turquoise\/","name":"Pourquoi Mercedes-Benz lance-t-elle une lumi\u00e8re turquoise ? - All cars news","isPartOf":{"@id":"https:\/\/all-car-news.com\/fr\/#website"},"datePublished":"2025-03-06T10:17:24+00:00","dateModified":"2025-03-06T10:17:24+00:00","breadcrumb":{"@id":"https:\/\/all-car-news.com\/fr\/pourquoi-mercedes-benz-lance-t-elle-une-lumiere-turquoise\/#breadcrumb"},"inLanguage":"fr-FR","potentialAction":[{"@type":"ReadAction","target":["https:\/\/all-car-news.com\/fr\/pourquoi-mercedes-benz-lance-t-elle-une-lumiere-turquoise\/"]}]},{"@type":"BreadcrumbList","@id":"https:\/\/all-car-news.com\/fr\/pourquoi-mercedes-benz-lance-t-elle-une-lumiere-turquoise\/#breadcrumb","itemListElement":[{"@type":"ListItem","position":1,"name":"Home","item":"https:\/\/all-car-news.com\/fr\/"},{"@type":"ListItem","position":2,"name":"Pourquoi Mercedes-Benz lance-t-elle une lumi\u00e8re turquoise ?"}]},{"@type":"WebSite","@id":"https:\/\/all-car-news.com\/fr\/#website","url":"https:\/\/all-car-news.com\/fr\/","name":"All cars news","description":"","publisher":{"@id":"https:\/\/all-car-news.com\/fr\/#organization"},"potentialAction":[{"@type":"SearchAction","target":{"@type":"EntryPoint","urlTemplate":"https:\/\/all-car-news.com\/fr\/?s={search_term_string}"},"query-input":"required name=search_term_string"}],"inLanguage":"fr-FR"},{"@type":"Organization","@id":"https:\/\/all-car-news.com\/fr\/#organization","name":"All cars news","url":"https:\/\/all-car-news.com\/fr\/","logo":{"@type":"ImageObject","inLanguage":"fr-FR","@id":"https:\/\/all-car-news.com\/fr\/#\/schema\/logo\/image\/","url":"https:\/\/all-car-news.com\/wp-content\/uploads\/2022\/02\/CMYK-AllCarNews_LANDSCAPE_300px-1.png","contentUrl":"https:\/\/all-car-news.com\/wp-content\/uploads\/2022\/02\/CMYK-AllCarNews_LANDSCAPE_300px-1.png","width":300,"height":100,"caption":"All cars news"},"image":{"@id":"https:\/\/all-car-news.com\/fr\/#\/schema\/logo\/image\/"}}]}},"_links":{"self":[{"href":"https:\/\/all-car-news.com\/fr\/wp-json\/wp\/v2\/posts\/153183","targetHints":{"allow":["GET"]}}],"collection":[{"href":"https:\/\/all-car-news.com\/fr\/wp-json\/wp\/v2\/posts"}],"about":[{"href":"https:\/\/all-car-news.com\/fr\/wp-json\/wp\/v2\/types\/post"}],"replies":[{"embeddable":true,"href":"https:\/\/all-car-news.com\/fr\/wp-json\/wp\/v2\/comments?post=153183"}],"version-history":[{"count":0,"href":"https:\/\/all-car-news.com\/fr\/wp-json\/wp\/v2\/posts\/153183\/revisions"}],"wp:attachment":[{"href":"https:\/\/all-car-news.com\/fr\/wp-json\/wp\/v2\/media?parent=153183"}],"wp:term":[{"taxonomy":"category","embeddable":true,"href":"https:\/\/all-car-news.com\/fr\/wp-json\/wp\/v2\/categories?post=153183"},{"taxonomy":"post_tag","embeddable":true,"href":"https:\/\/all-car-news.com\/fr\/wp-json\/wp\/v2\/tags?post=153183"}],"curies":[{"name":"wp","href":"https:\/\/api.w.org\/{rel}","templated":true}]}}