{"id":153116,"date":"2025-03-03T10:57:51","date_gmt":"2025-03-03T10:57:51","guid":{"rendered":"https:\/\/all-car-news.com\/la-marque-coreenne-presente-egalement-un-vehicule-utilitaire-electrique\/"},"modified":"2025-03-03T10:57:51","modified_gmt":"2025-03-03T10:57:51","slug":"la-marque-coreenne-presente-egalement-un-vehicule-utilitaire-electrique","status":"publish","type":"post","link":"https:\/\/all-car-news.com\/fr\/la-marque-coreenne-presente-egalement-un-vehicule-utilitaire-electrique\/","title":{"rendered":"La marque cor\u00e9enne pr\u00e9sente \u00e9galement un v\u00e9hicule utilitaire \u00e9lectrique"},"content":{"rendered":"<h2>Dimensions<\/h2>\n<p>Le Torres EVX Van est bas\u00e9 sur le <a href=\"https:\/\/youtu.be\/A1zJK3D2Db8?feature=shared\" target=\"_blank\" rel=\"noreferrer noopener\">SUV de KGM du m\u00eame nom<\/a>, mais sans si\u00e8ge arri\u00e8re et avec un espace suppl\u00e9mentaire pour les outils ou les paquets. Son volume de chargement est de 2,1 m\u00b3, sa longueur de 4,71 m\u00e8tres et sa hauteur de 1,73 m\u00e8tre &#8211; en d&rsquo;autres termes, il est suffisamment grand pour ne pas avoir \u00e0 \u00e9viter imm\u00e9diatement un parking.   <\/p>\n<figure class=\"wp-block-image size-content\"><img decoding=\"async\" loading=\"lazy\" width=\"1140\" height=\"761\" src=\"https:\/\/autorai.nl\/wp-content\/uploads\/2025\/03\/01-KGM-presenteert-de-Torres-EVX-nu-als-luxe-VAN-2-1140x761.jpg\" alt=\"\" class=\"wp-image-194967\"><\/figure>\n<figure class=\"wp-block-gallery has-nested-images columns-default is-cropped\">\n<figure class=\"wp-block-image size-large\"><img decoding=\"async\" loading=\"lazy\" width=\"1140\" height=\"761\" data-id=\"194960\" src=\"https:\/\/autorai.nl\/wp-content\/uploads\/2025\/03\/06-KGM-presenteert-de-Torres-EVX-nu-als-luxe-VAN-1-1140x761.jpg\" alt=\"\" class=\"wp-image-194960\"><\/figure>\n<figure class=\"wp-block-image size-large\"><img decoding=\"async\" loading=\"lazy\" width=\"1140\" height=\"761\" data-id=\"194961\" src=\"https:\/\/autorai.nl\/wp-content\/uploads\/2025\/03\/07-KGM-presenteert-de-Torres-EVX-nu-als-luxe-VAN-1140x761.jpg\" alt=\"\" class=\"wp-image-194961\"><\/figure>\n<\/figure>\n<h3>Batterie et charge  <\/h3>\n<p>KGM a \u00e9quip\u00e9 la camionnette \u00e9lectrique d&rsquo;une batterie Blade au phosphate de fer lithi\u00e9 (LFP) de 73,4 kWh de BYD. Son autonomie annonc\u00e9e est de 441 km et gr\u00e2ce \u00e0 une puissance de charge de 120 kW, le temps de charge est de 28 minutes pour une charge de 0 \u00e0 80 %.   <\/p>\n<figure class=\"wp-block-image size-content\"><img decoding=\"async\" loading=\"lazy\" width=\"1140\" height=\"761\" src=\"https:\/\/autorai.nl\/wp-content\/uploads\/2025\/03\/02-KGM-presenteert-de-Torres-EVX-nu-als-luxe-VAN-1140x761.jpg\" alt=\"\" class=\"wp-image-194955\"><\/figure>\n<h3>Technologie  <\/h3>\n<p>Le Torres EVX VAN n&rsquo;est pas un bus de travail chauve, mais il est \u00e9quip\u00e9 de syst\u00e8mes d&rsquo;aide \u00e0 la conduite tels que le r\u00e9gulateur de vitesse adaptatif intelligent, l&rsquo;assistance au maintien de la trajectoire et le freinage d&rsquo;urgence autonome. Quatre radars surveillent les angles morts, de sorte que se garer dans une cour urbaine \u00e9troite devient un peu moins excitant. <\/p>\n<figure class=\"wp-block-image size-content\"><img decoding=\"async\" loading=\"lazy\" width=\"1140\" height=\"761\" src=\"https:\/\/autorai.nl\/wp-content\/uploads\/2025\/03\/05-KGM-presenteert-de-Torres-EVX-nu-als-luxe-VAN-1-1140x761.jpg\" alt=\"\" class=\"wp-image-194968\"><\/figure>\n<h3>Prise sur roues<\/h3>\n<p>Petit plus : gr\u00e2ce \u00e0 la fonctionnalit\u00e9 \u00ab\u00a0V\u00e9hicule \u00e0 charge\u00a0\u00bb, vous pouvez pr\u00e9lever de l&rsquo;\u00e9nergie directement sur la batterie. Pratique pour recharger des outils ou brancher une machine \u00e0 caf\u00e9 pendant le d\u00e9jeuner sur place. Une pompe \u00e0 chaleur est disponible en option, ce qui vous permet de prendre la route en hiver sans que votre autonomie ne disparaisse comme neige au soleil.  <\/p>\n<figure class=\"wp-block-image size-content\"><img decoding=\"async\" loading=\"lazy\" width=\"1140\" height=\"761\" src=\"https:\/\/autorai.nl\/wp-content\/uploads\/2025\/03\/04-KGM-presenteert-de-Torres-EVX-nu-als-luxe-VAN-1140x761.jpg\" alt=\"\" class=\"wp-image-194958\"><\/figure>\n<h3>Garantie et projets futurs<\/h3>\n<p>KGM offre une garantie de 7 ans sur la voiture et de 10 ans ou 1 000 000 de kilom\u00e8tres sur la batterie. Entre-temps, la marque fait des efforts consid\u00e9rables aux Pays-Bas. D&rsquo;ici 2025, le r\u00e9seau de concessionnaires sera consid\u00e9rablement \u00e9tendu et d&rsquo;autres nouveaux mod\u00e8les sont pr\u00e9vus. Pour ceux qui veulent voir le Torres EVX Van en vrai : il fera bient\u00f4t le tour des huit concessionnaires KGM aux Pays-Bas. Vous pr\u00e9f\u00e9rez naviguer num\u00e9riquement \u00e0 l&rsquo;avance ? Vous pouvez le faire via le <a href=\"https:\/\/www.kgm.nl\/nl\/configurator\/torres-evx-van\" target=\"_blank\" rel=\"noreferrer noopener\">configurateur<\/a>.       <\/p>\n<figure class=\"wp-block-embed is-type-video is-provider-youtube wp-block-embed-youtube wp-embed-aspect-16-9 wp-has-aspect-ratio\">\n<div class=\"wp-block-embed__wrapper\">\n<\/div>\n<\/figure>\n","protected":false},"excerpt":{"rendered":"Dimensions Le Torres EVX Van est bas\u00e9 sur le SUV KGM du m\u00eame nom, mais sans si\u00e8ge arri\u00e8re et avec\u2026","protected":false},"author":0,"featured_media":153078,"comment_status":"","ping_status":"open","sticky":false,"template":"","format":"standard","meta":{"footnotes":""},"categories":[127],"tags":[],"class_list":["post-153116","post","type-post","status-publish","format-standard","has-post-thumbnail","hentry","category-nouvelles-de-voiture"],"acf":[],"yoast_head":"<!-- This site is optimized with the Yoast SEO plugin v21.2 - https:\/\/yoast.com\/wordpress\/plugins\/seo\/ -->\n<title>La marque cor\u00e9enne pr\u00e9sente \u00e9galement un v\u00e9hicule utilitaire \u00e9lectrique - All cars news<\/title>\n<meta name=\"robots\" content=\"index, follow, max-snippet:-1, max-image-preview:large, max-video-preview:-1\" \/>\n<link rel=\"canonical\" href=\"https:\/\/all-car-news.com\/fr\/la-marque-coreenne-presente-egalement-un-vehicule-utilitaire-electrique\/\" \/>\n<meta property=\"og:locale\" content=\"fr_FR\" \/>\n<meta property=\"og:type\" content=\"article\" \/>\n<meta property=\"og:title\" content=\"La marque cor\u00e9enne pr\u00e9sente \u00e9galement un v\u00e9hicule utilitaire \u00e9lectrique - All cars news\" \/>\n<meta property=\"og:description\" content=\"Dimensions Le Torres EVX Van est bas\u00e9 sur le SUV KGM du m\u00eame nom, mais sans si\u00e8ge arri\u00e8re et avec un espace suppl\u00e9mentaire pour les outils ou les paquets. L&#039;espace de chargement est de 2,1 m\u00b3, la longueur de 4,71 m\u00e8tres et la hauteur de 1,73 m\u00e8tre - en d&#039;autres termes, il est suffisamment grand pour ne pas avoir \u00e0 \u00e9viter imm\u00e9diatement un parking. Batterie et charge KGM [...]\" \/>\n<meta property=\"og:url\" content=\"https:\/\/all-car-news.com\/fr\/la-marque-coreenne-presente-egalement-un-vehicule-utilitaire-electrique\/\" \/>\n<meta property=\"og:site_name\" content=\"All cars news\" \/>\n<meta property=\"article:published_time\" content=\"2025-03-03T10:57:51+00:00\" \/>\n<meta property=\"og:image\" content=\"https:\/\/autorai.nl\/wp-content\/uploads\/2025\/03\/01-KGM-presenteert-de-Torres-EVX-nu-als-luxe-VAN-2-1140x761.jpg\" \/>\n<meta name=\"twitter:card\" content=\"summary_large_image\" \/>\n<meta name=\"twitter:label1\" content=\"Dur\u00e9e de lecture estim\u00e9e\" \/>\n\t<meta name=\"twitter:data1\" content=\"2 minutes\" \/>\n<script type=\"application\/ld+json\" class=\"yoast-schema-graph\">{\"@context\":\"https:\/\/schema.org\",\"@graph\":[{\"@type\":\"Article\",\"@id\":\"https:\/\/all-car-news.com\/fr\/la-marque-coreenne-presente-egalement-un-vehicule-utilitaire-electrique\/#article\",\"isPartOf\":{\"@id\":\"https:\/\/all-car-news.com\/fr\/la-marque-coreenne-presente-egalement-un-vehicule-utilitaire-electrique\/\"},\"author\":{\"name\":\"\",\"@id\":\"\"},\"headline\":\"La marque cor\u00e9enne pr\u00e9sente \u00e9galement un v\u00e9hicule utilitaire \u00e9lectrique\",\"datePublished\":\"2025-03-03T10:57:51+00:00\",\"dateModified\":\"2025-03-03T10:57:51+00:00\",\"mainEntityOfPage\":{\"@id\":\"https:\/\/all-car-news.com\/fr\/la-marque-coreenne-presente-egalement-un-vehicule-utilitaire-electrique\/\"},\"wordCount\":348,\"publisher\":{\"@id\":\"https:\/\/all-car-news.com\/fr\/#organization\"},\"articleSection\":[\"nouvelles de voiture\"],\"inLanguage\":\"fr-FR\"},{\"@type\":\"WebPage\",\"@id\":\"https:\/\/all-car-news.com\/fr\/la-marque-coreenne-presente-egalement-un-vehicule-utilitaire-electrique\/\",\"url\":\"https:\/\/all-car-news.com\/fr\/la-marque-coreenne-presente-egalement-un-vehicule-utilitaire-electrique\/\",\"name\":\"La marque cor\u00e9enne pr\u00e9sente \u00e9galement un v\u00e9hicule utilitaire \u00e9lectrique - All cars news\",\"isPartOf\":{\"@id\":\"https:\/\/all-car-news.com\/fr\/#website\"},\"datePublished\":\"2025-03-03T10:57:51+00:00\",\"dateModified\":\"2025-03-03T10:57:51+00:00\",\"breadcrumb\":{\"@id\":\"https:\/\/all-car-news.com\/fr\/la-marque-coreenne-presente-egalement-un-vehicule-utilitaire-electrique\/#breadcrumb\"},\"inLanguage\":\"fr-FR\",\"potentialAction\":[{\"@type\":\"ReadAction\",\"target\":[\"https:\/\/all-car-news.com\/fr\/la-marque-coreenne-presente-egalement-un-vehicule-utilitaire-electrique\/\"]}]},{\"@type\":\"BreadcrumbList\",\"@id\":\"https:\/\/all-car-news.com\/fr\/la-marque-coreenne-presente-egalement-un-vehicule-utilitaire-electrique\/#breadcrumb\",\"itemListElement\":[{\"@type\":\"ListItem\",\"position\":1,\"name\":\"Home\",\"item\":\"https:\/\/all-car-news.com\/fr\/\"},{\"@type\":\"ListItem\",\"position\":2,\"name\":\"La marque cor\u00e9enne pr\u00e9sente \u00e9galement un v\u00e9hicule utilitaire \u00e9lectrique\"}]},{\"@type\":\"WebSite\",\"@id\":\"https:\/\/all-car-news.com\/fr\/#website\",\"url\":\"https:\/\/all-car-news.com\/fr\/\",\"name\":\"All cars news\",\"description\":\"\",\"publisher\":{\"@id\":\"https:\/\/all-car-news.com\/fr\/#organization\"},\"potentialAction\":[{\"@type\":\"SearchAction\",\"target\":{\"@type\":\"EntryPoint\",\"urlTemplate\":\"https:\/\/all-car-news.com\/fr\/?s={search_term_string}\"},\"query-input\":\"required name=search_term_string\"}],\"inLanguage\":\"fr-FR\"},{\"@type\":\"Organization\",\"@id\":\"https:\/\/all-car-news.com\/fr\/#organization\",\"name\":\"All cars news\",\"url\":\"https:\/\/all-car-news.com\/fr\/\",\"logo\":{\"@type\":\"ImageObject\",\"inLanguage\":\"fr-FR\",\"@id\":\"https:\/\/all-car-news.com\/fr\/#\/schema\/logo\/image\/\",\"url\":\"https:\/\/all-car-news.com\/wp-content\/uploads\/2022\/02\/CMYK-AllCarNews_LANDSCAPE_300px-1.png\",\"contentUrl\":\"https:\/\/all-car-news.com\/wp-content\/uploads\/2022\/02\/CMYK-AllCarNews_LANDSCAPE_300px-1.png\",\"width\":300,\"height\":100,\"caption\":\"All cars news\"},\"image\":{\"@id\":\"https:\/\/all-car-news.com\/fr\/#\/schema\/logo\/image\/\"}}]}<\/script>\n<!-- \/ Yoast SEO plugin. -->","yoast_head_json":{"title":"La marque cor\u00e9enne pr\u00e9sente \u00e9galement un v\u00e9hicule utilitaire \u00e9lectrique - All cars news","robots":{"index":"index","follow":"follow","max-snippet":"max-snippet:-1","max-image-preview":"max-image-preview:large","max-video-preview":"max-video-preview:-1"},"canonical":"https:\/\/all-car-news.com\/fr\/la-marque-coreenne-presente-egalement-un-vehicule-utilitaire-electrique\/","og_locale":"fr_FR","og_type":"article","og_title":"La marque cor\u00e9enne pr\u00e9sente \u00e9galement un v\u00e9hicule utilitaire \u00e9lectrique - All cars news","og_description":"Dimensions Le Torres EVX Van est bas\u00e9 sur le SUV KGM du m\u00eame nom, mais sans si\u00e8ge arri\u00e8re et avec un espace suppl\u00e9mentaire pour les outils ou les paquets. L'espace de chargement est de 2,1 m\u00b3, la longueur de 4,71 m\u00e8tres et la hauteur de 1,73 m\u00e8tre - en d'autres termes, il est suffisamment grand pour ne pas avoir \u00e0 \u00e9viter imm\u00e9diatement un parking. Batterie et charge KGM [...]","og_url":"https:\/\/all-car-news.com\/fr\/la-marque-coreenne-presente-egalement-un-vehicule-utilitaire-electrique\/","og_site_name":"All cars news","article_published_time":"2025-03-03T10:57:51+00:00","og_image":[{"url":"https:\/\/autorai.nl\/wp-content\/uploads\/2025\/03\/01-KGM-presenteert-de-Torres-EVX-nu-als-luxe-VAN-2-1140x761.jpg"}],"twitter_card":"summary_large_image","twitter_misc":{"Dur\u00e9e de lecture estim\u00e9e":"2 minutes"},"schema":{"@context":"https:\/\/schema.org","@graph":[{"@type":"Article","@id":"https:\/\/all-car-news.com\/fr\/la-marque-coreenne-presente-egalement-un-vehicule-utilitaire-electrique\/#article","isPartOf":{"@id":"https:\/\/all-car-news.com\/fr\/la-marque-coreenne-presente-egalement-un-vehicule-utilitaire-electrique\/"},"author":{"name":"","@id":""},"headline":"La marque cor\u00e9enne pr\u00e9sente \u00e9galement un v\u00e9hicule utilitaire \u00e9lectrique","datePublished":"2025-03-03T10:57:51+00:00","dateModified":"2025-03-03T10:57:51+00:00","mainEntityOfPage":{"@id":"https:\/\/all-car-news.com\/fr\/la-marque-coreenne-presente-egalement-un-vehicule-utilitaire-electrique\/"},"wordCount":348,"publisher":{"@id":"https:\/\/all-car-news.com\/fr\/#organization"},"articleSection":["nouvelles de voiture"],"inLanguage":"fr-FR"},{"@type":"WebPage","@id":"https:\/\/all-car-news.com\/fr\/la-marque-coreenne-presente-egalement-un-vehicule-utilitaire-electrique\/","url":"https:\/\/all-car-news.com\/fr\/la-marque-coreenne-presente-egalement-un-vehicule-utilitaire-electrique\/","name":"La marque cor\u00e9enne pr\u00e9sente \u00e9galement un v\u00e9hicule utilitaire \u00e9lectrique - All cars news","isPartOf":{"@id":"https:\/\/all-car-news.com\/fr\/#website"},"datePublished":"2025-03-03T10:57:51+00:00","dateModified":"2025-03-03T10:57:51+00:00","breadcrumb":{"@id":"https:\/\/all-car-news.com\/fr\/la-marque-coreenne-presente-egalement-un-vehicule-utilitaire-electrique\/#breadcrumb"},"inLanguage":"fr-FR","potentialAction":[{"@type":"ReadAction","target":["https:\/\/all-car-news.com\/fr\/la-marque-coreenne-presente-egalement-un-vehicule-utilitaire-electrique\/"]}]},{"@type":"BreadcrumbList","@id":"https:\/\/all-car-news.com\/fr\/la-marque-coreenne-presente-egalement-un-vehicule-utilitaire-electrique\/#breadcrumb","itemListElement":[{"@type":"ListItem","position":1,"name":"Home","item":"https:\/\/all-car-news.com\/fr\/"},{"@type":"ListItem","position":2,"name":"La marque cor\u00e9enne pr\u00e9sente \u00e9galement un v\u00e9hicule utilitaire \u00e9lectrique"}]},{"@type":"WebSite","@id":"https:\/\/all-car-news.com\/fr\/#website","url":"https:\/\/all-car-news.com\/fr\/","name":"All cars news","description":"","publisher":{"@id":"https:\/\/all-car-news.com\/fr\/#organization"},"potentialAction":[{"@type":"SearchAction","target":{"@type":"EntryPoint","urlTemplate":"https:\/\/all-car-news.com\/fr\/?s={search_term_string}"},"query-input":"required name=search_term_string"}],"inLanguage":"fr-FR"},{"@type":"Organization","@id":"https:\/\/all-car-news.com\/fr\/#organization","name":"All cars news","url":"https:\/\/all-car-news.com\/fr\/","logo":{"@type":"ImageObject","inLanguage":"fr-FR","@id":"https:\/\/all-car-news.com\/fr\/#\/schema\/logo\/image\/","url":"https:\/\/all-car-news.com\/wp-content\/uploads\/2022\/02\/CMYK-AllCarNews_LANDSCAPE_300px-1.png","contentUrl":"https:\/\/all-car-news.com\/wp-content\/uploads\/2022\/02\/CMYK-AllCarNews_LANDSCAPE_300px-1.png","width":300,"height":100,"caption":"All cars news"},"image":{"@id":"https:\/\/all-car-news.com\/fr\/#\/schema\/logo\/image\/"}}]}},"_links":{"self":[{"href":"https:\/\/all-car-news.com\/fr\/wp-json\/wp\/v2\/posts\/153116","targetHints":{"allow":["GET"]}}],"collection":[{"href":"https:\/\/all-car-news.com\/fr\/wp-json\/wp\/v2\/posts"}],"about":[{"href":"https:\/\/all-car-news.com\/fr\/wp-json\/wp\/v2\/types\/post"}],"replies":[{"embeddable":true,"href":"https:\/\/all-car-news.com\/fr\/wp-json\/wp\/v2\/comments?post=153116"}],"version-history":[{"count":0,"href":"https:\/\/all-car-news.com\/fr\/wp-json\/wp\/v2\/posts\/153116\/revisions"}],"wp:featuredmedia":[{"embeddable":true,"href":"https:\/\/all-car-news.com\/fr\/wp-json\/wp\/v2\/media\/153078"}],"wp:attachment":[{"href":"https:\/\/all-car-news.com\/fr\/wp-json\/wp\/v2\/media?parent=153116"}],"wp:term":[{"taxonomy":"category","embeddable":true,"href":"https:\/\/all-car-news.com\/fr\/wp-json\/wp\/v2\/categories?post=153116"},{"taxonomy":"post_tag","embeddable":true,"href":"https:\/\/all-car-news.com\/fr\/wp-json\/wp\/v2\/tags?post=153116"}],"curies":[{"name":"wp","href":"https:\/\/api.w.org\/{rel}","templated":true}]}}