{"id":153029,"date":"2025-02-28T11:50:00","date_gmt":"2025-02-28T11:50:00","guid":{"rendered":"https:\/\/all-car-news.com\/les-pays-bas-en-tete-des-points-de-charge-publics-dans-lue\/"},"modified":"2025-02-28T11:50:00","modified_gmt":"2025-02-28T11:50:00","slug":"les-pays-bas-en-tete-des-points-de-charge-publics-dans-lue","status":"publish","type":"post","link":"https:\/\/all-car-news.com\/fr\/les-pays-bas-en-tete-des-points-de-charge-publics-dans-lue\/","title":{"rendered":"Les Pays-Bas en t\u00eate des points de charge publics dans l&rsquo;UE"},"content":{"rendered":"<h2>L&rsquo;Allemagne et la France \u00e0 deux et trois<\/h2>\n<p>L&rsquo;Allemagne et la France suivent respectivement en deuxi\u00e8me et troisi\u00e8me position avec 120 625 (19,1 %) et 119 255 (18,9 %) points de charge. Au total, l&rsquo;UE compte 632 423 points de charge publics. Avec environ 3 millions de voitures \u00e9lectriques sur les routes europ\u00e9ennes, cela \u00e9quivaut \u00e0 un ratio d&rsquo;une borne de recharge pour cinq voitures.  <\/p>\n<h2>Des millions de bornes de recharge n\u00e9cessaires d&rsquo;ici \u00e0 2030<\/h2>\n<p>La Commission europ\u00e9enne estime qu&rsquo;environ 3,5 millions de points de charge seront n\u00e9cessaires d&rsquo;ici 2030 pour atteindre les objectifs de r\u00e9duction des \u00e9missions de CO\u2082 pour les voitures particuli\u00e8res. Cependant, l&rsquo;ACEA consid\u00e8re que ce chiffre est trop bas et pr\u00e9voit qu&rsquo;environ 8,8 millions de points de charge seront n\u00e9cessaires d&rsquo;ici 2030. Pour atteindre cet objectif, il faudrait ajouter 1,2 million de points de charge par an, soit 22 438 par semaine.  <\/p>\n<h2>L&rsquo;infrastructure de recharge rapide reste \u00e0 la tra\u00eene<\/h2>\n<p>Outre les bornes de recharge classiques, la recharge rapide joue \u00e9galement un r\u00f4le crucial. Actuellement, l&rsquo;UE compte environ 75 000 chargeurs rapides, soit environ un chargeur rapide pour 40 v\u00e9hicules \u00e9lectriques \u00e0 batterie (BEV). Avec l&rsquo;augmentation du nombre de voitures \u00e9lectriques, l&rsquo;installation strat\u00e9gique de chargeurs rapides le long des autoroutes devient de plus en plus urgente.  <\/p>\n","protected":false},"excerpt":{"rendered":"L'Allemagne et la France occupent respectivement les deuxi\u00e8me et troisi\u00e8me places avec 120 625 (19,1 %) et 119 255 (18,9\u2026","protected":false},"author":0,"featured_media":153000,"comment_status":"","ping_status":"open","sticky":false,"template":"","format":"standard","meta":{"footnotes":""},"categories":[127],"tags":[],"class_list":["post-153029","post","type-post","status-publish","format-standard","has-post-thumbnail","hentry","category-nouvelles-de-voiture"],"acf":[],"yoast_head":"<!-- This site is optimized with the Yoast SEO plugin v21.2 - https:\/\/yoast.com\/wordpress\/plugins\/seo\/ -->\n<title>Les Pays-Bas en t\u00eate des points de charge publics dans l&#039;UE - All cars news<\/title>\n<meta name=\"robots\" content=\"index, follow, max-snippet:-1, max-image-preview:large, max-video-preview:-1\" \/>\n<link rel=\"canonical\" href=\"https:\/\/all-car-news.com\/fr\/les-pays-bas-en-tete-des-points-de-charge-publics-dans-lue\/\" \/>\n<meta property=\"og:locale\" content=\"fr_FR\" \/>\n<meta property=\"og:type\" content=\"article\" \/>\n<meta property=\"og:title\" content=\"Les Pays-Bas en t\u00eate des points de charge publics dans l&#039;UE - All cars news\" \/>\n<meta property=\"og:description\" content=\"L&#039;Allemagne et la France occupent respectivement les deuxi\u00e8me et troisi\u00e8me places avec 120 625 (19,1 %) et 119 255 (18,9 %) points de charge. Au total, l&#039;UE compte 632 423 points de charge publics. Avec environ 3 millions de voitures \u00e9lectriques sur les routes europ\u00e9ennes, cela \u00e9quivaut \u00e0 un ratio d&#039;un point de charge par [...]\" \/>\n<meta property=\"og:url\" content=\"https:\/\/all-car-news.com\/fr\/les-pays-bas-en-tete-des-points-de-charge-publics-dans-lue\/\" \/>\n<meta property=\"og:site_name\" content=\"All cars news\" \/>\n<meta property=\"article:published_time\" content=\"2025-02-28T11:50:00+00:00\" \/>\n<meta name=\"twitter:card\" content=\"summary_large_image\" \/>\n<meta name=\"twitter:label1\" content=\"Dur\u00e9e de lecture estim\u00e9e\" \/>\n\t<meta name=\"twitter:data1\" content=\"1 minute\" \/>\n<script type=\"application\/ld+json\" class=\"yoast-schema-graph\">{\"@context\":\"https:\/\/schema.org\",\"@graph\":[{\"@type\":\"Article\",\"@id\":\"https:\/\/all-car-news.com\/fr\/les-pays-bas-en-tete-des-points-de-charge-publics-dans-lue\/#article\",\"isPartOf\":{\"@id\":\"https:\/\/all-car-news.com\/fr\/les-pays-bas-en-tete-des-points-de-charge-publics-dans-lue\/\"},\"author\":{\"name\":\"\",\"@id\":\"\"},\"headline\":\"Les Pays-Bas en t\u00eate des points de charge publics dans l&rsquo;UE\",\"datePublished\":\"2025-02-28T11:50:00+00:00\",\"dateModified\":\"2025-02-28T11:50:00+00:00\",\"mainEntityOfPage\":{\"@id\":\"https:\/\/all-car-news.com\/fr\/les-pays-bas-en-tete-des-points-de-charge-publics-dans-lue\/\"},\"wordCount\":210,\"publisher\":{\"@id\":\"https:\/\/all-car-news.com\/fr\/#organization\"},\"articleSection\":[\"nouvelles de voiture\"],\"inLanguage\":\"fr-FR\"},{\"@type\":\"WebPage\",\"@id\":\"https:\/\/all-car-news.com\/fr\/les-pays-bas-en-tete-des-points-de-charge-publics-dans-lue\/\",\"url\":\"https:\/\/all-car-news.com\/fr\/les-pays-bas-en-tete-des-points-de-charge-publics-dans-lue\/\",\"name\":\"Les Pays-Bas en t\u00eate des points de charge publics dans l'UE - All cars news\",\"isPartOf\":{\"@id\":\"https:\/\/all-car-news.com\/fr\/#website\"},\"datePublished\":\"2025-02-28T11:50:00+00:00\",\"dateModified\":\"2025-02-28T11:50:00+00:00\",\"breadcrumb\":{\"@id\":\"https:\/\/all-car-news.com\/fr\/les-pays-bas-en-tete-des-points-de-charge-publics-dans-lue\/#breadcrumb\"},\"inLanguage\":\"fr-FR\",\"potentialAction\":[{\"@type\":\"ReadAction\",\"target\":[\"https:\/\/all-car-news.com\/fr\/les-pays-bas-en-tete-des-points-de-charge-publics-dans-lue\/\"]}]},{\"@type\":\"BreadcrumbList\",\"@id\":\"https:\/\/all-car-news.com\/fr\/les-pays-bas-en-tete-des-points-de-charge-publics-dans-lue\/#breadcrumb\",\"itemListElement\":[{\"@type\":\"ListItem\",\"position\":1,\"name\":\"Home\",\"item\":\"https:\/\/all-car-news.com\/fr\/\"},{\"@type\":\"ListItem\",\"position\":2,\"name\":\"Les Pays-Bas en t\u00eate des points de charge publics dans l&rsquo;UE\"}]},{\"@type\":\"WebSite\",\"@id\":\"https:\/\/all-car-news.com\/fr\/#website\",\"url\":\"https:\/\/all-car-news.com\/fr\/\",\"name\":\"All cars news\",\"description\":\"\",\"publisher\":{\"@id\":\"https:\/\/all-car-news.com\/fr\/#organization\"},\"potentialAction\":[{\"@type\":\"SearchAction\",\"target\":{\"@type\":\"EntryPoint\",\"urlTemplate\":\"https:\/\/all-car-news.com\/fr\/?s={search_term_string}\"},\"query-input\":\"required name=search_term_string\"}],\"inLanguage\":\"fr-FR\"},{\"@type\":\"Organization\",\"@id\":\"https:\/\/all-car-news.com\/fr\/#organization\",\"name\":\"All cars news\",\"url\":\"https:\/\/all-car-news.com\/fr\/\",\"logo\":{\"@type\":\"ImageObject\",\"inLanguage\":\"fr-FR\",\"@id\":\"https:\/\/all-car-news.com\/fr\/#\/schema\/logo\/image\/\",\"url\":\"https:\/\/all-car-news.com\/wp-content\/uploads\/2022\/02\/CMYK-AllCarNews_LANDSCAPE_300px-1.png\",\"contentUrl\":\"https:\/\/all-car-news.com\/wp-content\/uploads\/2022\/02\/CMYK-AllCarNews_LANDSCAPE_300px-1.png\",\"width\":300,\"height\":100,\"caption\":\"All cars news\"},\"image\":{\"@id\":\"https:\/\/all-car-news.com\/fr\/#\/schema\/logo\/image\/\"}}]}<\/script>\n<!-- \/ Yoast SEO plugin. -->","yoast_head_json":{"title":"Les Pays-Bas en t\u00eate des points de charge publics dans l'UE - All cars news","robots":{"index":"index","follow":"follow","max-snippet":"max-snippet:-1","max-image-preview":"max-image-preview:large","max-video-preview":"max-video-preview:-1"},"canonical":"https:\/\/all-car-news.com\/fr\/les-pays-bas-en-tete-des-points-de-charge-publics-dans-lue\/","og_locale":"fr_FR","og_type":"article","og_title":"Les Pays-Bas en t\u00eate des points de charge publics dans l'UE - All cars news","og_description":"L'Allemagne et la France occupent respectivement les deuxi\u00e8me et troisi\u00e8me places avec 120 625 (19,1 %) et 119 255 (18,9 %) points de charge. Au total, l'UE compte 632 423 points de charge publics. Avec environ 3 millions de voitures \u00e9lectriques sur les routes europ\u00e9ennes, cela \u00e9quivaut \u00e0 un ratio d'un point de charge par [...]","og_url":"https:\/\/all-car-news.com\/fr\/les-pays-bas-en-tete-des-points-de-charge-publics-dans-lue\/","og_site_name":"All cars news","article_published_time":"2025-02-28T11:50:00+00:00","twitter_card":"summary_large_image","twitter_misc":{"Dur\u00e9e de lecture estim\u00e9e":"1 minute"},"schema":{"@context":"https:\/\/schema.org","@graph":[{"@type":"Article","@id":"https:\/\/all-car-news.com\/fr\/les-pays-bas-en-tete-des-points-de-charge-publics-dans-lue\/#article","isPartOf":{"@id":"https:\/\/all-car-news.com\/fr\/les-pays-bas-en-tete-des-points-de-charge-publics-dans-lue\/"},"author":{"name":"","@id":""},"headline":"Les Pays-Bas en t\u00eate des points de charge publics dans l&rsquo;UE","datePublished":"2025-02-28T11:50:00+00:00","dateModified":"2025-02-28T11:50:00+00:00","mainEntityOfPage":{"@id":"https:\/\/all-car-news.com\/fr\/les-pays-bas-en-tete-des-points-de-charge-publics-dans-lue\/"},"wordCount":210,"publisher":{"@id":"https:\/\/all-car-news.com\/fr\/#organization"},"articleSection":["nouvelles de voiture"],"inLanguage":"fr-FR"},{"@type":"WebPage","@id":"https:\/\/all-car-news.com\/fr\/les-pays-bas-en-tete-des-points-de-charge-publics-dans-lue\/","url":"https:\/\/all-car-news.com\/fr\/les-pays-bas-en-tete-des-points-de-charge-publics-dans-lue\/","name":"Les Pays-Bas en t\u00eate des points de charge publics dans l'UE - All cars news","isPartOf":{"@id":"https:\/\/all-car-news.com\/fr\/#website"},"datePublished":"2025-02-28T11:50:00+00:00","dateModified":"2025-02-28T11:50:00+00:00","breadcrumb":{"@id":"https:\/\/all-car-news.com\/fr\/les-pays-bas-en-tete-des-points-de-charge-publics-dans-lue\/#breadcrumb"},"inLanguage":"fr-FR","potentialAction":[{"@type":"ReadAction","target":["https:\/\/all-car-news.com\/fr\/les-pays-bas-en-tete-des-points-de-charge-publics-dans-lue\/"]}]},{"@type":"BreadcrumbList","@id":"https:\/\/all-car-news.com\/fr\/les-pays-bas-en-tete-des-points-de-charge-publics-dans-lue\/#breadcrumb","itemListElement":[{"@type":"ListItem","position":1,"name":"Home","item":"https:\/\/all-car-news.com\/fr\/"},{"@type":"ListItem","position":2,"name":"Les Pays-Bas en t\u00eate des points de charge publics dans l&rsquo;UE"}]},{"@type":"WebSite","@id":"https:\/\/all-car-news.com\/fr\/#website","url":"https:\/\/all-car-news.com\/fr\/","name":"All cars news","description":"","publisher":{"@id":"https:\/\/all-car-news.com\/fr\/#organization"},"potentialAction":[{"@type":"SearchAction","target":{"@type":"EntryPoint","urlTemplate":"https:\/\/all-car-news.com\/fr\/?s={search_term_string}"},"query-input":"required name=search_term_string"}],"inLanguage":"fr-FR"},{"@type":"Organization","@id":"https:\/\/all-car-news.com\/fr\/#organization","name":"All cars news","url":"https:\/\/all-car-news.com\/fr\/","logo":{"@type":"ImageObject","inLanguage":"fr-FR","@id":"https:\/\/all-car-news.com\/fr\/#\/schema\/logo\/image\/","url":"https:\/\/all-car-news.com\/wp-content\/uploads\/2022\/02\/CMYK-AllCarNews_LANDSCAPE_300px-1.png","contentUrl":"https:\/\/all-car-news.com\/wp-content\/uploads\/2022\/02\/CMYK-AllCarNews_LANDSCAPE_300px-1.png","width":300,"height":100,"caption":"All cars news"},"image":{"@id":"https:\/\/all-car-news.com\/fr\/#\/schema\/logo\/image\/"}}]}},"_links":{"self":[{"href":"https:\/\/all-car-news.com\/fr\/wp-json\/wp\/v2\/posts\/153029","targetHints":{"allow":["GET"]}}],"collection":[{"href":"https:\/\/all-car-news.com\/fr\/wp-json\/wp\/v2\/posts"}],"about":[{"href":"https:\/\/all-car-news.com\/fr\/wp-json\/wp\/v2\/types\/post"}],"replies":[{"embeddable":true,"href":"https:\/\/all-car-news.com\/fr\/wp-json\/wp\/v2\/comments?post=153029"}],"version-history":[{"count":0,"href":"https:\/\/all-car-news.com\/fr\/wp-json\/wp\/v2\/posts\/153029\/revisions"}],"wp:featuredmedia":[{"embeddable":true,"href":"https:\/\/all-car-news.com\/fr\/wp-json\/wp\/v2\/media\/153000"}],"wp:attachment":[{"href":"https:\/\/all-car-news.com\/fr\/wp-json\/wp\/v2\/media?parent=153029"}],"wp:term":[{"taxonomy":"category","embeddable":true,"href":"https:\/\/all-car-news.com\/fr\/wp-json\/wp\/v2\/categories?post=153029"},{"taxonomy":"post_tag","embeddable":true,"href":"https:\/\/all-car-news.com\/fr\/wp-json\/wp\/v2\/tags?post=153029"}],"curies":[{"name":"wp","href":"https:\/\/api.w.org\/{rel}","templated":true}]}}