{"id":152864,"date":"2025-02-24T12:33:25","date_gmt":"2025-02-24T12:33:25","guid":{"rendered":"https:\/\/all-car-news.com\/article-mercedes-benz-g-580-la-classe-g-electrique-2025\/"},"modified":"2025-02-24T12:33:25","modified_gmt":"2025-02-24T12:33:25","slug":"article-mercedes-benz-g-580-la-classe-g-electrique-2025","status":"publish","type":"post","link":"https:\/\/all-car-news.com\/fr\/article-mercedes-benz-g-580-la-classe-g-electrique-2025\/","title":{"rendered":"Article &#8211; Mercedes-Benz G 580, la Classe G \u00e9lectrique (2025)"},"content":{"rendered":"<h2>Quelle est la puissance du Mercedes-Benz G 580 avec la technologie EQ ?<\/h2>\n<p>Le G 580 est \u00e9quip\u00e9 de quatre moteurs \u00e9lectriques qui d\u00e9veloppent ensemble 432 kW (587 ch) et 1 164 Nm de couple. Cela lui permet d&rsquo;acc\u00e9l\u00e9rer de 0 \u00e0 100 km\/h en 4,7 secondes. Il s&rsquo;agit l\u00e0 d&rsquo;une belle performance compte tenu du poids du v\u00e9hicule. La vitesse maximale est limit\u00e9e \u00e0 180 km\/h. Gr\u00e2ce \u00e0 ses quatre moteurs ind\u00e9pendants, le G 580 peut s&rsquo;adapter \u00e0 presque tous les terrains. Mercedes a ajout\u00e9 des fonctions comme le G-Turn (o\u00f9 la voiture peut tourner sur place comme un char d&rsquo;assaut) et le G-Steering (un cercle de braquage plus court en dehors de la route). Le G-Turn est particuli\u00e8rement amusant sur les surfaces meubles. Sur l&rsquo;asphalte sec, vos pneus s&rsquo;usent tr\u00e8s vite.       <\/p>\n<h2>Quelle est l&rsquo;autonomie du v\u00e9hicule et \u00e0 quelle vitesse pouvez-vous le recharger ?<\/h2>\n<p>Le G 580 est \u00e9quip\u00e9 d&rsquo;une batterie de 116 kWh (107,8 kWh nets). Mercedes indique une autonomie WLTP exacte de 455 kilom\u00e8tres, mais vous ne l&rsquo;obtiendrez pas dans la pratique. Compte tenu de la consommation d&rsquo;\u00e9nergie \u00e9lev\u00e9e &#8211; nous avons relev\u00e9 32 kWh en moyenne aux 100 kilom\u00e8tres &#8211; vous devriez plut\u00f4t compter sur une autonomie d&rsquo;environ 300 kilom\u00e8tres dans la pratique. La recharge rapide peut \u00eatre effectu\u00e9e avec une puissance maximale de 200 kW CC, ce qui permet de passer de 10 % \u00e0 80 % en 32 minutes. \u00c0 la maison ou \u00e0 un point de charge public en courant alternatif, vous pouvez charger avec 11 kW, ce qui prend 11,77 heures pour une charge compl\u00e8te.    <\/p>\n<figure class=\"wp-block-image size-content\"><img decoding=\"async\" loading=\"lazy\" width=\"1140\" height=\"855\" src=\"https:\/\/autorai.nl\/wp-content\/uploads\/2025\/02\/mercedes-benz-g-580-eq-elektrische-g-klasse-2025-review-foto9-1140x855.jpg\" alt=\"Mercedes-Benz G 580 EQ 2025\" class=\"wp-image-194497\"><\/figure>\n<h2>Comment la Classe G \u00e9lectrique se conduit-elle ?<\/h2>\n<p>Sur la route, vous remarquez imm\u00e9diatement la position d&rsquo;assise classique de la Classe G : haute, avec une bonne vue d&rsquo;ensemble de la circulation. La direction est plus directe que sur les mod\u00e8les pr\u00e9c\u00e9dents. Gr\u00e2ce \u00e0 la lourde batterie plac\u00e9e au centre de la voiture, le centre de gravit\u00e9 de ce G EV est tr\u00e8s bas. La tenue de route s&rsquo;en trouve am\u00e9lior\u00e9e. Cependant, le poids est un facteur important. Avec ses 3 085 kg, la G 580 est extr\u00eamement lourde. Vous le ressentez en conduisant et en freinant. La sensibilit\u00e9 au vent reste \u00e9galement un probl\u00e8me, surtout sur autoroute. Alors, gardez les mains sur le volant.        <\/p>\n<h2>La Classe G \u00e9lectrique est-elle pratique ?<\/h2>\n<p>Ses dimensions sont rest\u00e9es sensiblement les m\u00eames : 4 624 mm de long, 2 187 mm de large et 1 986 mm de haut. L&#8217;empattement de 2 890 mm offre un habitacle spacieux. Le coffre est g\u00e9n\u00e9reux (620 litres), mais le hayon \u00e0 ouverture lat\u00e9rale n\u00e9cessite beaucoup d&rsquo;espace, ce qui rend le stationnement difficile. Autre probl\u00e8me : avec une largeur de 2 187 mm (1 913 mm avec les r\u00e9troviseurs rabattus) et un rayon de braquage de 13,6 m\u00e8tres, les man\u0153uvres en ville ne sont pas son point fort. Mais vous attendiez-vous \u00e0 autre chose ? Non, vous achetez cette voiture avant tout pour l&rsquo;affirmer ou parce qu&rsquo;elle est une ic\u00f4ne du design.     <\/p>\n<figure class=\"wp-block-image size-content\"><img decoding=\"async\" loading=\"lazy\" width=\"1140\" height=\"855\" src=\"https:\/\/autorai.nl\/wp-content\/uploads\/2025\/02\/mercedes-benz-g-580-eq-elektrische-g-klasse-2025-review-foto14-1140x855.jpg\" alt=\"Int\u00e9rieur Mercedes-Benz G 580 EQ 2025\" class=\"wp-image-194502\"><\/figure>\n<h2>La Mercedes-Benz G 580 \u00e9lectrique est-elle une vraie Classe G ?<\/h2>\n<p>Oui, et non. Les excellentes caract\u00e9ristiques tout-terrain ont \u00e9t\u00e9 conserv\u00e9es et les quatre moteurs et les logiciels intelligents peuvent m\u00eame le rendre meilleur que son fr\u00e8re \u00e0 essence. Dans le m\u00eame temps, son poids \u00e9lev\u00e9 et l&rsquo;absence d&rsquo;un V8 rugissant lui conf\u00e8rent un caract\u00e8re un peu moins \u00ab\u00a0m\u00e9canique\u00a0\u00bb et brut. Pour les amateurs de la Classe G, l&rsquo;absence de bruit de moteur sera particuli\u00e8rement regrettable. Mais si vous consid\u00e9rez les performances, le luxe et la technologie, il s&rsquo;agit sans aucun doute d&rsquo;un ajout digne de ce nom \u00e0 la gamme. En tant qu&rsquo;Edition One, comptez cependant sur un prix d&rsquo;environ 200 000 euros. Le G 580 \u00ab\u00a0normal\u00a0\u00bb est propos\u00e9 \u00e0 partir de 150 000 euros.      <\/p>\n<p><strong>Avantages :<\/strong><\/p>\n<ul>\n<li>Espace bagages spacieux<\/li>\n<li>Bonne visibilit\u00e9 gr\u00e2ce \u00e0 la position assise \u00e9lev\u00e9e<\/li>\n<li>Un v\u00e9hicule tout-terrain toujours aussi performant<\/li>\n<li>Une puissance impressionnante<\/li>\n<li>Une adh\u00e9rence sans pr\u00e9c\u00e9dent gr\u00e2ce \u00e0 la transmission quadri-motrice<\/li>\n<li>Plus silencieux que la version essence<\/li>\n<li>Centre de gravit\u00e9 plus bas<\/li>\n<li>Temps de charge raisonnablement rapide pour une batterie de cette taille<\/li>\n<li>Capacit\u00e9 de charge rapide jusqu&rsquo;\u00e0 200 kW DC<\/li>\n<\/ul>\n<p><strong>Inconv\u00e9nients :<\/strong><\/p>\n<ul>\n<li>Le stationnement est difficile en raison des dimensions<\/li>\n<li>Le hayon a besoin de beaucoup d&rsquo;espace lorsqu&rsquo;il est ouvert<\/li>\n<li>La consommation d&rsquo;\u00e9nergie \u00e9lev\u00e9e r\u00e9duit le rayon d&rsquo;action<\/li>\n<li>La charge compl\u00e8te par courant alternatif prend beaucoup de temps<\/li>\n<li>Moins de caract\u00e8re en raison du silence et du poids<\/li>\n<li>Tr\u00e8s sensible au vent, surtout sur autoroute<\/li>\n<li>Les si\u00e8ges manquent de soutien lat\u00e9ral pour une conduite sportive<\/li>\n<\/ul>\n<\/p>\n<figure class=\"wp-block-embed is-type-video is-provider-youtube wp-block-embed-youtube wp-embed-aspect-16-9 wp-has-aspect-ratio\">\n<div class=\"wp-block-embed__wrapper\">\n<\/div>\n<\/figure>\n<div class=\"galery shuffle galery-0\">\n<figure>\n\t\t\t\t\t<span style=\"cursor: pointer\" data-src=\"https:\/\/autorai.nl\/wp-content\/uploads\/2025\/02\/mercedes-benz-g-580-eq-elektrische-g-klasse-2025-review-foto1-1600x1200.jpg\" data-fancybox=\"galery-0\" title=\"\"><br \/>\n\t\t\t\t\t\t\t<img decoding=\"async\" width=\"640\" height=\"480\" src=\"https:\/\/autorai.nl\/wp-content\/uploads\/2025\/02\/mercedes-benz-g-580-eq-elektrische-g-klasse-2025-review-foto1-640x480.jpg\" class=\"attachment-medium size-medium\" alt=\"\" loading=\"lazy\"><i class=\"fa fa-search-plus\" aria-hidden=\"true\"><\/i><br \/>\n\t\t\t\t\t\t<\/span><br \/>\n\t\t\t\t\t<\/figure>\n<figure>\n\t\t\t\t\t<span style=\"cursor: pointer\" data-src=\"https:\/\/autorai.nl\/wp-content\/uploads\/2025\/02\/mercedes-benz-g-580-eq-elektrische-g-klasse-2025-review-foto18-1600x1200.jpg\" data-fancybox=\"galery-0\" title=\"\"><br \/>\n\t\t\t\t\t\t\t<img decoding=\"async\" width=\"360\" height=\"270\" src=\"https:\/\/autorai.nl\/wp-content\/uploads\/2025\/02\/mercedes-benz-g-580-eq-elektrische-g-klasse-2025-review-foto18-360x270.jpg\" class=\"attachment-small size-small\" alt=\"\" loading=\"lazy\"><i class=\"fa fa-search-plus\" aria-hidden=\"true\"><\/i><br \/>\n\t\t\t\t\t\t<\/span><br \/>\n\t\t\t\t\t<\/figure>\n<figure>\n\t\t\t\t\t<span style=\"cursor: pointer\" data-src=\"https:\/\/autorai.nl\/wp-content\/uploads\/2025\/02\/mercedes-benz-g-580-eq-elektrische-g-klasse-2025-review-foto17-1600x1200.jpg\" data-fancybox=\"galery-0\" title=\"\"><br \/>\n\t\t\t\t\t\t\t<img decoding=\"async\" width=\"360\" height=\"270\" src=\"https:\/\/autorai.nl\/wp-content\/uploads\/2025\/02\/mercedes-benz-g-580-eq-elektrische-g-klasse-2025-review-foto17-360x270.jpg\" class=\"attachment-small size-small\" alt=\"\" loading=\"lazy\"><i class=\"fa fa-search-plus\" aria-hidden=\"true\"><\/i><br \/>\n\t\t\t\t\t\t<\/span><br \/>\n\t\t\t\t\t<\/figure>\n<figure>\n\t\t\t\t\t<span style=\"cursor: pointer\" data-src=\"https:\/\/autorai.nl\/wp-content\/uploads\/2025\/02\/mercedes-benz-g-580-eq-elektrische-g-klasse-2025-review-foto16-1600x1200.jpg\" data-fancybox=\"galery-0\" title=\"\"><br \/>\n\t\t\t\t\t\t\t<img decoding=\"async\" width=\"640\" height=\"480\" src=\"https:\/\/autorai.nl\/wp-content\/uploads\/2025\/02\/mercedes-benz-g-580-eq-elektrische-g-klasse-2025-review-foto16-640x480.jpg\" class=\"attachment-medium size-medium\" alt=\"\" loading=\"lazy\"><i class=\"fa fa-search-plus\" aria-hidden=\"true\"><\/i><br \/>\n\t\t\t\t\t\t<\/span><br \/>\n\t\t\t\t\t<\/figure>\n<figure>\n\t\t\t\t\t<span style=\"cursor: pointer\" data-src=\"https:\/\/autorai.nl\/wp-content\/uploads\/2025\/02\/mercedes-benz-g-580-eq-elektrische-g-klasse-2025-review-foto15-1600x1200.jpg\" data-fancybox=\"galery-0\" title=\"\"><br \/>\n\t\t\t\t\t\t\t<img decoding=\"async\" width=\"360\" height=\"270\" src=\"https:\/\/autorai.nl\/wp-content\/uploads\/2025\/02\/mercedes-benz-g-580-eq-elektrische-g-klasse-2025-review-foto15-360x270.jpg\" class=\"attachment-small size-small\" alt=\"\" loading=\"lazy\"><i class=\"fa fa-search-plus\" aria-hidden=\"true\"><\/i><br \/>\n\t\t\t\t\t\t<\/span><br \/>\n\t\t\t\t\t<\/figure>\n<figure>\n\t\t\t\t\t<span style=\"cursor: pointer\" data-src=\"https:\/\/autorai.nl\/wp-content\/uploads\/2025\/02\/mercedes-benz-g-580-eq-elektrische-g-klasse-2025-review-foto14-1600x1200.jpg\" data-fancybox=\"galery-0\" title=\"\"><br \/>\n\t\t\t\t\t\t\t<img decoding=\"async\" width=\"360\" height=\"270\" src=\"https:\/\/autorai.nl\/wp-content\/uploads\/2025\/02\/mercedes-benz-g-580-eq-elektrische-g-klasse-2025-review-foto14-360x270.jpg\" class=\"attachment-small size-small\" alt=\"Int\u00e9rieur Mercedes-Benz G 580 EQ 2025\" loading=\"lazy\"><i class=\"fa fa-search-plus\" aria-hidden=\"true\"><\/i><br \/>\n\t\t\t\t\t\t<\/span><br \/>\n\t\t\t\t\t<\/figure>\n<figure>\n\t\t\t\t\t<span style=\"cursor: pointer\" data-src=\"https:\/\/autorai.nl\/wp-content\/uploads\/2025\/02\/mercedes-benz-g-580-eq-elektrische-g-klasse-2025-review-foto13-1600x1200.jpg\" data-fancybox=\"galery-0\" title=\"\"><br \/>\n\t\t\t\t\t\t\t<img decoding=\"async\" width=\"640\" height=\"480\" src=\"https:\/\/autorai.nl\/wp-content\/uploads\/2025\/02\/mercedes-benz-g-580-eq-elektrische-g-klasse-2025-review-foto13-640x480.jpg\" class=\"attachment-medium size-medium\" alt=\"\" loading=\"lazy\"><i class=\"fa fa-search-plus\" aria-hidden=\"true\"><\/i><br \/>\n\t\t\t\t\t\t<\/span><br \/>\n\t\t\t\t\t<\/figure>\n<figure>\n\t\t\t\t\t<span style=\"cursor: pointer\" data-src=\"https:\/\/autorai.nl\/wp-content\/uploads\/2025\/02\/mercedes-benz-g-580-eq-elektrische-g-klasse-2025-review-foto12-1600x1200.jpg\" data-fancybox=\"galery-0\" title=\"\"><br \/>\n\t\t\t\t\t\t\t<img decoding=\"async\" width=\"360\" height=\"270\" src=\"https:\/\/autorai.nl\/wp-content\/uploads\/2025\/02\/mercedes-benz-g-580-eq-elektrische-g-klasse-2025-review-foto12-360x270.jpg\" class=\"attachment-small size-small\" alt=\"\" loading=\"lazy\"><i class=\"fa fa-search-plus\" aria-hidden=\"true\"><\/i><br \/>\n\t\t\t\t\t\t<\/span><br \/>\n\t\t\t\t\t<\/figure>\n<figure>\n\t\t\t\t\t<span style=\"cursor: pointer\" data-src=\"https:\/\/autorai.nl\/wp-content\/uploads\/2025\/02\/mercedes-benz-g-580-eq-elektrische-g-klasse-2025-review-foto11-1600x1200.jpg\" data-fancybox=\"galery-0\" title=\"\"><br \/>\n\t\t\t\t\t\t\t<img decoding=\"async\" width=\"360\" height=\"270\" src=\"https:\/\/autorai.nl\/wp-content\/uploads\/2025\/02\/mercedes-benz-g-580-eq-elektrische-g-klasse-2025-review-foto11-360x270.jpg\" class=\"attachment-small size-small\" alt=\"\" loading=\"lazy\"><i class=\"fa fa-search-plus\" aria-hidden=\"true\"><\/i><br \/>\n\t\t\t\t\t\t<\/span><br \/>\n\t\t\t\t\t<\/figure>\n<figure>\n\t\t\t\t\t<span style=\"cursor: pointer\" data-src=\"https:\/\/autorai.nl\/wp-content\/uploads\/2025\/02\/mercedes-benz-g-580-eq-elektrische-g-klasse-2025-review-foto10-1600x1200.jpg\" data-fancybox=\"galery-0\" title=\"\"><br \/>\n\t\t\t\t\t\t\t<img decoding=\"async\" width=\"640\" height=\"480\" src=\"https:\/\/autorai.nl\/wp-content\/uploads\/2025\/02\/mercedes-benz-g-580-eq-elektrische-g-klasse-2025-review-foto10-640x480.jpg\" class=\"attachment-medium size-medium\" alt=\"\" loading=\"lazy\"><i class=\"fa fa-search-plus\" aria-hidden=\"true\"><\/i><br \/>\n\t\t\t\t\t\t<\/span><br \/>\n\t\t\t\t\t<\/figure>\n<figure>\n\t\t\t\t\t<span style=\"cursor: pointer\" data-src=\"https:\/\/autorai.nl\/wp-content\/uploads\/2025\/02\/mercedes-benz-g-580-eq-elektrische-g-klasse-2025-review-foto9-1600x1200.jpg\" data-fancybox=\"galery-0\" title=\"\"><br \/>\n\t\t\t\t\t\t\t<img decoding=\"async\" width=\"360\" height=\"270\" src=\"https:\/\/autorai.nl\/wp-content\/uploads\/2025\/02\/mercedes-benz-g-580-eq-elektrische-g-klasse-2025-review-foto9-360x270.jpg\" class=\"attachment-small size-small\" alt=\"Mercedes-Benz G 580 EQ 2025\" loading=\"lazy\"><i class=\"fa fa-search-plus\" aria-hidden=\"true\"><\/i><br \/>\n\t\t\t\t\t\t<\/span><br \/>\n\t\t\t\t\t<\/figure>\n<figure>\n\t\t\t\t\t<span style=\"cursor: pointer\" data-src=\"https:\/\/autorai.nl\/wp-content\/uploads\/2025\/02\/mercedes-benz-g-580-eq-elektrische-g-klasse-2025-review-foto8-1600x1200.jpg\" data-fancybox=\"galery-0\" title=\"\"><br \/>\n\t\t\t\t\t\t\t<img decoding=\"async\" width=\"360\" height=\"270\" src=\"https:\/\/autorai.nl\/wp-content\/uploads\/2025\/02\/mercedes-benz-g-580-eq-elektrische-g-klasse-2025-review-foto8-360x270.jpg\" class=\"attachment-small size-small\" alt=\"\" loading=\"lazy\"><i class=\"fa fa-search-plus\" aria-hidden=\"true\"><\/i><br \/>\n\t\t\t\t\t\t<\/span><br \/>\n\t\t\t\t\t<\/figure>\n<figure>\n\t\t\t\t\t<span style=\"cursor: pointer\" data-src=\"https:\/\/autorai.nl\/wp-content\/uploads\/2025\/02\/mercedes-benz-g-580-eq-elektrische-g-klasse-2025-review-foto7-1600x1200.jpg\" data-fancybox=\"galery-0\" title=\"\"><br \/>\n\t\t\t\t\t\t\t<img decoding=\"async\" width=\"640\" height=\"480\" src=\"https:\/\/autorai.nl\/wp-content\/uploads\/2025\/02\/mercedes-benz-g-580-eq-elektrische-g-klasse-2025-review-foto7-640x480.jpg\" class=\"attachment-medium size-medium\" alt=\"\" loading=\"lazy\"><i class=\"fa fa-search-plus\" aria-hidden=\"true\"><\/i><br \/>\n\t\t\t\t\t\t<\/span><br \/>\n\t\t\t\t\t<\/figure>\n<figure>\n\t\t\t\t\t<span style=\"cursor: pointer\" data-src=\"https:\/\/autorai.nl\/wp-content\/uploads\/2025\/02\/mercedes-benz-g-580-eq-elektrische-g-klasse-2025-review-foto6-1600x1200.jpg\" data-fancybox=\"galery-0\" title=\"\"><br \/>\n\t\t\t\t\t\t\t<img decoding=\"async\" width=\"360\" height=\"270\" src=\"https:\/\/autorai.nl\/wp-content\/uploads\/2025\/02\/mercedes-benz-g-580-eq-elektrische-g-klasse-2025-review-foto6-360x270.jpg\" class=\"attachment-small size-small\" alt=\"\" loading=\"lazy\"><i class=\"fa fa-search-plus\" aria-hidden=\"true\"><\/i><br \/>\n\t\t\t\t\t\t<\/span><br \/>\n\t\t\t\t\t<\/figure>\n<figure>\n\t\t\t\t\t<span style=\"cursor: pointer\" data-src=\"https:\/\/autorai.nl\/wp-content\/uploads\/2025\/02\/mercedes-benz-g-580-eq-elektrische-g-klasse-2025-review-foto5-1600x1200.jpg\" data-fancybox=\"galery-0\" title=\"\"><br \/>\n\t\t\t\t\t\t\t<img decoding=\"async\" width=\"360\" height=\"270\" src=\"https:\/\/autorai.nl\/wp-content\/uploads\/2025\/02\/mercedes-benz-g-580-eq-elektrische-g-klasse-2025-review-foto5-360x270.jpg\" class=\"attachment-small size-small\" alt=\"\" loading=\"lazy\"><i class=\"fa fa-search-plus\" aria-hidden=\"true\"><\/i><br \/>\n\t\t\t\t\t\t<\/span><br \/>\n\t\t\t\t\t<\/figure>\n<figure>\n\t\t\t\t\t<span style=\"cursor: pointer\" data-src=\"https:\/\/autorai.nl\/wp-content\/uploads\/2025\/02\/mercedes-benz-g-580-eq-elektrische-g-klasse-2025-review-foto4-1600x1200.jpg\" data-fancybox=\"galery-0\" title=\"\"><br \/>\n\t\t\t\t\t\t\t<img decoding=\"async\" width=\"640\" height=\"480\" src=\"https:\/\/autorai.nl\/wp-content\/uploads\/2025\/02\/mercedes-benz-g-580-eq-elektrische-g-klasse-2025-review-foto4-640x480.jpg\" class=\"attachment-medium size-medium\" alt=\"\" loading=\"lazy\"><i class=\"fa fa-search-plus\" aria-hidden=\"true\"><\/i><br \/>\n\t\t\t\t\t\t<\/span><br \/>\n\t\t\t\t\t<\/figure>\n<figure>\n\t\t\t\t\t<span style=\"cursor: pointer\" data-src=\"https:\/\/autorai.nl\/wp-content\/uploads\/2025\/02\/mercedes-benz-g-580-eq-elektrische-g-klasse-2025-review-foto3-1600x1200.jpg\" data-fancybox=\"galery-0\" title=\"\"><br \/>\n\t\t\t\t\t\t\t<img decoding=\"async\" width=\"360\" height=\"270\" src=\"https:\/\/autorai.nl\/wp-content\/uploads\/2025\/02\/mercedes-benz-g-580-eq-elektrische-g-klasse-2025-review-foto3-360x270.jpg\" class=\"attachment-small size-small\" alt=\"\" loading=\"lazy\"><i class=\"fa fa-search-plus\" aria-hidden=\"true\"><\/i><br \/>\n\t\t\t\t\t\t<\/span><br \/>\n\t\t\t\t\t<\/figure>\n<figure>\n\t\t\t\t\t<span style=\"cursor: pointer\" data-src=\"https:\/\/autorai.nl\/wp-content\/uploads\/2025\/02\/mercedes-benz-g-580-eq-elektrische-g-klasse-2025-review-foto2-1600x1200.jpg\" data-fancybox=\"galery-0\" title=\"\"><br \/>\n\t\t\t\t\t\t\t<img decoding=\"async\" width=\"360\" height=\"270\" src=\"https:\/\/autorai.nl\/wp-content\/uploads\/2025\/02\/mercedes-benz-g-580-eq-elektrische-g-klasse-2025-review-foto2-360x270.jpg\" class=\"attachment-small size-small\" alt=\"Mercedes-Benz G 580 EQ 2025\" loading=\"lazy\"><i class=\"fa fa-search-plus\" aria-hidden=\"true\"><\/i><br \/>\n\t\t\t\t\t\t<\/span><br \/>\n\t\t\t\t\t<\/figure>\n<div class=\"clear\"><\/div>\n<\/div>\n","protected":false},"excerpt":{"rendered":"Quelle est la puissance du Mercedes-Benz G 580 dot\u00e9 de la technologie EQ ? Le G 580 est \u00e9quip\u00e9 de\u2026","protected":false},"author":0,"featured_media":152858,"comment_status":"","ping_status":"open","sticky":false,"template":"","format":"standard","meta":{"footnotes":""},"categories":[147,127],"tags":[],"class_list":["post-152864","post","type-post","status-publish","format-standard","has-post-thumbnail","hentry","category-essais-de-voiture","category-nouvelles-de-voiture"],"acf":[],"yoast_head":"<!-- This site is optimized with the Yoast SEO plugin v21.2 - https:\/\/yoast.com\/wordpress\/plugins\/seo\/ -->\n<title>Article - Mercedes-Benz G 580, la Classe G \u00e9lectrique (2025) - All cars news<\/title>\n<meta name=\"robots\" content=\"index, follow, max-snippet:-1, max-image-preview:large, max-video-preview:-1\" \/>\n<link rel=\"canonical\" href=\"https:\/\/all-car-news.com\/fr\/article-mercedes-benz-g-580-la-classe-g-electrique-2025\/\" \/>\n<meta property=\"og:locale\" content=\"fr_FR\" \/>\n<meta property=\"og:type\" content=\"article\" \/>\n<meta property=\"og:title\" content=\"Article - Mercedes-Benz G 580, la Classe G \u00e9lectrique (2025) - All cars news\" \/>\n<meta property=\"og:description\" content=\"Quelle est la puissance du Mercedes-Benz G 580 dot\u00e9 de la technologie EQ ? Le G 580 est \u00e9quip\u00e9 de quatre moteurs \u00e9lectriques qui d\u00e9veloppent ensemble 432 kW (587 ch) et 1 164 Nm de couple. Cela lui permet d&#039;acc\u00e9l\u00e9rer de 0 \u00e0 100 km\/h en 4,7 secondes. Il s&#039;agit l\u00e0 d&#039;une belle performance compte tenu du poids du v\u00e9hicule. La vitesse maximale est limit\u00e9e \u00e0 180 [...]\" \/>\n<meta property=\"og:url\" content=\"https:\/\/all-car-news.com\/fr\/article-mercedes-benz-g-580-la-classe-g-electrique-2025\/\" \/>\n<meta property=\"og:site_name\" content=\"All cars news\" \/>\n<meta property=\"article:published_time\" content=\"2025-02-24T12:33:25+00:00\" \/>\n<meta property=\"og:image\" content=\"https:\/\/autorai.nl\/wp-content\/uploads\/2025\/02\/mercedes-benz-g-580-eq-elektrische-g-klasse-2025-review-foto9-1140x855.jpg\" \/>\n<meta name=\"twitter:card\" content=\"summary_large_image\" \/>\n<meta name=\"twitter:label1\" content=\"Dur\u00e9e de lecture estim\u00e9e\" \/>\n\t<meta name=\"twitter:data1\" content=\"4 minutes\" \/>\n<script type=\"application\/ld+json\" class=\"yoast-schema-graph\">{\"@context\":\"https:\/\/schema.org\",\"@graph\":[{\"@type\":\"Article\",\"@id\":\"https:\/\/all-car-news.com\/fr\/article-mercedes-benz-g-580-la-classe-g-electrique-2025\/#article\",\"isPartOf\":{\"@id\":\"https:\/\/all-car-news.com\/fr\/article-mercedes-benz-g-580-la-classe-g-electrique-2025\/\"},\"author\":{\"name\":\"\",\"@id\":\"\"},\"headline\":\"Article &#8211; Mercedes-Benz G 580, la Classe G \u00e9lectrique (2025)\",\"datePublished\":\"2025-02-24T12:33:25+00:00\",\"dateModified\":\"2025-02-24T12:33:25+00:00\",\"mainEntityOfPage\":{\"@id\":\"https:\/\/all-car-news.com\/fr\/article-mercedes-benz-g-580-la-classe-g-electrique-2025\/\"},\"wordCount\":750,\"publisher\":{\"@id\":\"https:\/\/all-car-news.com\/fr\/#organization\"},\"articleSection\":[\"essais de voiture\",\"nouvelles de voiture\"],\"inLanguage\":\"fr-FR\"},{\"@type\":\"WebPage\",\"@id\":\"https:\/\/all-car-news.com\/fr\/article-mercedes-benz-g-580-la-classe-g-electrique-2025\/\",\"url\":\"https:\/\/all-car-news.com\/fr\/article-mercedes-benz-g-580-la-classe-g-electrique-2025\/\",\"name\":\"Article - Mercedes-Benz G 580, la Classe G \u00e9lectrique (2025) - All cars news\",\"isPartOf\":{\"@id\":\"https:\/\/all-car-news.com\/fr\/#website\"},\"datePublished\":\"2025-02-24T12:33:25+00:00\",\"dateModified\":\"2025-02-24T12:33:25+00:00\",\"breadcrumb\":{\"@id\":\"https:\/\/all-car-news.com\/fr\/article-mercedes-benz-g-580-la-classe-g-electrique-2025\/#breadcrumb\"},\"inLanguage\":\"fr-FR\",\"potentialAction\":[{\"@type\":\"ReadAction\",\"target\":[\"https:\/\/all-car-news.com\/fr\/article-mercedes-benz-g-580-la-classe-g-electrique-2025\/\"]}]},{\"@type\":\"BreadcrumbList\",\"@id\":\"https:\/\/all-car-news.com\/fr\/article-mercedes-benz-g-580-la-classe-g-electrique-2025\/#breadcrumb\",\"itemListElement\":[{\"@type\":\"ListItem\",\"position\":1,\"name\":\"Home\",\"item\":\"https:\/\/all-car-news.com\/fr\/\"},{\"@type\":\"ListItem\",\"position\":2,\"name\":\"Article &#8211; Mercedes-Benz G 580, la Classe G \u00e9lectrique (2025)\"}]},{\"@type\":\"WebSite\",\"@id\":\"https:\/\/all-car-news.com\/fr\/#website\",\"url\":\"https:\/\/all-car-news.com\/fr\/\",\"name\":\"All cars news\",\"description\":\"\",\"publisher\":{\"@id\":\"https:\/\/all-car-news.com\/fr\/#organization\"},\"potentialAction\":[{\"@type\":\"SearchAction\",\"target\":{\"@type\":\"EntryPoint\",\"urlTemplate\":\"https:\/\/all-car-news.com\/fr\/?s={search_term_string}\"},\"query-input\":\"required name=search_term_string\"}],\"inLanguage\":\"fr-FR\"},{\"@type\":\"Organization\",\"@id\":\"https:\/\/all-car-news.com\/fr\/#organization\",\"name\":\"All cars news\",\"url\":\"https:\/\/all-car-news.com\/fr\/\",\"logo\":{\"@type\":\"ImageObject\",\"inLanguage\":\"fr-FR\",\"@id\":\"https:\/\/all-car-news.com\/fr\/#\/schema\/logo\/image\/\",\"url\":\"https:\/\/all-car-news.com\/wp-content\/uploads\/2022\/02\/CMYK-AllCarNews_LANDSCAPE_300px-1.png\",\"contentUrl\":\"https:\/\/all-car-news.com\/wp-content\/uploads\/2022\/02\/CMYK-AllCarNews_LANDSCAPE_300px-1.png\",\"width\":300,\"height\":100,\"caption\":\"All cars news\"},\"image\":{\"@id\":\"https:\/\/all-car-news.com\/fr\/#\/schema\/logo\/image\/\"}}]}<\/script>\n<!-- \/ Yoast SEO plugin. -->","yoast_head_json":{"title":"Article - Mercedes-Benz G 580, la Classe G \u00e9lectrique (2025) - All cars news","robots":{"index":"index","follow":"follow","max-snippet":"max-snippet:-1","max-image-preview":"max-image-preview:large","max-video-preview":"max-video-preview:-1"},"canonical":"https:\/\/all-car-news.com\/fr\/article-mercedes-benz-g-580-la-classe-g-electrique-2025\/","og_locale":"fr_FR","og_type":"article","og_title":"Article - Mercedes-Benz G 580, la Classe G \u00e9lectrique (2025) - All cars news","og_description":"Quelle est la puissance du Mercedes-Benz G 580 dot\u00e9 de la technologie EQ ? Le G 580 est \u00e9quip\u00e9 de quatre moteurs \u00e9lectriques qui d\u00e9veloppent ensemble 432 kW (587 ch) et 1 164 Nm de couple. Cela lui permet d'acc\u00e9l\u00e9rer de 0 \u00e0 100 km\/h en 4,7 secondes. Il s'agit l\u00e0 d'une belle performance compte tenu du poids du v\u00e9hicule. La vitesse maximale est limit\u00e9e \u00e0 180 [...]","og_url":"https:\/\/all-car-news.com\/fr\/article-mercedes-benz-g-580-la-classe-g-electrique-2025\/","og_site_name":"All cars news","article_published_time":"2025-02-24T12:33:25+00:00","og_image":[{"url":"https:\/\/autorai.nl\/wp-content\/uploads\/2025\/02\/mercedes-benz-g-580-eq-elektrische-g-klasse-2025-review-foto9-1140x855.jpg"}],"twitter_card":"summary_large_image","twitter_misc":{"Dur\u00e9e de lecture estim\u00e9e":"4 minutes"},"schema":{"@context":"https:\/\/schema.org","@graph":[{"@type":"Article","@id":"https:\/\/all-car-news.com\/fr\/article-mercedes-benz-g-580-la-classe-g-electrique-2025\/#article","isPartOf":{"@id":"https:\/\/all-car-news.com\/fr\/article-mercedes-benz-g-580-la-classe-g-electrique-2025\/"},"author":{"name":"","@id":""},"headline":"Article &#8211; Mercedes-Benz G 580, la Classe G \u00e9lectrique (2025)","datePublished":"2025-02-24T12:33:25+00:00","dateModified":"2025-02-24T12:33:25+00:00","mainEntityOfPage":{"@id":"https:\/\/all-car-news.com\/fr\/article-mercedes-benz-g-580-la-classe-g-electrique-2025\/"},"wordCount":750,"publisher":{"@id":"https:\/\/all-car-news.com\/fr\/#organization"},"articleSection":["essais de voiture","nouvelles de voiture"],"inLanguage":"fr-FR"},{"@type":"WebPage","@id":"https:\/\/all-car-news.com\/fr\/article-mercedes-benz-g-580-la-classe-g-electrique-2025\/","url":"https:\/\/all-car-news.com\/fr\/article-mercedes-benz-g-580-la-classe-g-electrique-2025\/","name":"Article - Mercedes-Benz G 580, la Classe G \u00e9lectrique (2025) - All cars news","isPartOf":{"@id":"https:\/\/all-car-news.com\/fr\/#website"},"datePublished":"2025-02-24T12:33:25+00:00","dateModified":"2025-02-24T12:33:25+00:00","breadcrumb":{"@id":"https:\/\/all-car-news.com\/fr\/article-mercedes-benz-g-580-la-classe-g-electrique-2025\/#breadcrumb"},"inLanguage":"fr-FR","potentialAction":[{"@type":"ReadAction","target":["https:\/\/all-car-news.com\/fr\/article-mercedes-benz-g-580-la-classe-g-electrique-2025\/"]}]},{"@type":"BreadcrumbList","@id":"https:\/\/all-car-news.com\/fr\/article-mercedes-benz-g-580-la-classe-g-electrique-2025\/#breadcrumb","itemListElement":[{"@type":"ListItem","position":1,"name":"Home","item":"https:\/\/all-car-news.com\/fr\/"},{"@type":"ListItem","position":2,"name":"Article &#8211; Mercedes-Benz G 580, la Classe G \u00e9lectrique (2025)"}]},{"@type":"WebSite","@id":"https:\/\/all-car-news.com\/fr\/#website","url":"https:\/\/all-car-news.com\/fr\/","name":"All cars news","description":"","publisher":{"@id":"https:\/\/all-car-news.com\/fr\/#organization"},"potentialAction":[{"@type":"SearchAction","target":{"@type":"EntryPoint","urlTemplate":"https:\/\/all-car-news.com\/fr\/?s={search_term_string}"},"query-input":"required name=search_term_string"}],"inLanguage":"fr-FR"},{"@type":"Organization","@id":"https:\/\/all-car-news.com\/fr\/#organization","name":"All cars news","url":"https:\/\/all-car-news.com\/fr\/","logo":{"@type":"ImageObject","inLanguage":"fr-FR","@id":"https:\/\/all-car-news.com\/fr\/#\/schema\/logo\/image\/","url":"https:\/\/all-car-news.com\/wp-content\/uploads\/2022\/02\/CMYK-AllCarNews_LANDSCAPE_300px-1.png","contentUrl":"https:\/\/all-car-news.com\/wp-content\/uploads\/2022\/02\/CMYK-AllCarNews_LANDSCAPE_300px-1.png","width":300,"height":100,"caption":"All cars news"},"image":{"@id":"https:\/\/all-car-news.com\/fr\/#\/schema\/logo\/image\/"}}]}},"_links":{"self":[{"href":"https:\/\/all-car-news.com\/fr\/wp-json\/wp\/v2\/posts\/152864","targetHints":{"allow":["GET"]}}],"collection":[{"href":"https:\/\/all-car-news.com\/fr\/wp-json\/wp\/v2\/posts"}],"about":[{"href":"https:\/\/all-car-news.com\/fr\/wp-json\/wp\/v2\/types\/post"}],"replies":[{"embeddable":true,"href":"https:\/\/all-car-news.com\/fr\/wp-json\/wp\/v2\/comments?post=152864"}],"version-history":[{"count":0,"href":"https:\/\/all-car-news.com\/fr\/wp-json\/wp\/v2\/posts\/152864\/revisions"}],"wp:featuredmedia":[{"embeddable":true,"href":"https:\/\/all-car-news.com\/fr\/wp-json\/wp\/v2\/media\/152858"}],"wp:attachment":[{"href":"https:\/\/all-car-news.com\/fr\/wp-json\/wp\/v2\/media?parent=152864"}],"wp:term":[{"taxonomy":"category","embeddable":true,"href":"https:\/\/all-car-news.com\/fr\/wp-json\/wp\/v2\/categories?post=152864"},{"taxonomy":"post_tag","embeddable":true,"href":"https:\/\/all-car-news.com\/fr\/wp-json\/wp\/v2\/tags?post=152864"}],"curies":[{"name":"wp","href":"https:\/\/api.w.org\/{rel}","templated":true}]}}