{"id":152839,"date":"2025-02-20T17:43:09","date_gmt":"2025-02-20T17:43:09","guid":{"rendered":"https:\/\/all-car-news.com\/nurburgring-voitures-et-motos-ne-se-cotoient-plus-sur-la-nordschleife\/"},"modified":"2025-02-20T17:43:09","modified_gmt":"2025-02-20T17:43:09","slug":"nurburgring-voitures-et-motos-ne-se-cotoient-plus-sur-la-nordschleife","status":"publish","type":"post","link":"https:\/\/all-car-news.com\/fr\/nurburgring-voitures-et-motos-ne-se-cotoient-plus-sur-la-nordschleife\/","title":{"rendered":"N\u00fcrburgring : voitures et motos ne se c\u00f4toient plus sur la Nordschleife"},"content":{"rendered":"<h2>La s\u00e9curit\u00e9, une priorit\u00e9 absolue<\/h2>\n<p>\u00ab\u00a0La s\u00e9curit\u00e9 est notre priorit\u00e9 absolue\u00a0\u00bb, a expliqu\u00e9 la direction du N\u00fcrburgring. \u00ab\u00a0C&rsquo;est pourquoi nous avons analys\u00e9 de mani\u00e8re intensive la participation conjointe de voitures et de motos et en avons discut\u00e9 avec des experts. Le r\u00e9sultat de cette \u00e9valuation est clair : la dynamique de conduite diff\u00e9rente des deux et quatre roues pr\u00e9sente des risques, en particulier pour les motocyclistes. Afin de rendre l&rsquo;exp\u00e9rience de conduite plus s\u00fbre pour tous, les voitures et les motos seront strictement s\u00e9par\u00e9es \u00e0 l&rsquo;avenir. <\/p>\n<h2><strong>Mesure de s\u00e9curit\u00e9 pour les motocyclistes<\/strong><\/h2>\n<p>La d\u00e9cision de s\u00e9parer les motos et les voitures sur la piste l\u00e9gendaire est une r\u00e9ponse aux risques accrus de s\u00e9curit\u00e9 cr\u00e9\u00e9s par l&rsquo;interaction entre les deux types de v\u00e9hicules. Les motocyclistes, plus vuln\u00e9rables que les automobilistes, sont expos\u00e9s \u00e0 des risques accrus lorsqu&rsquo;ils se m\u00ealent \u00e0 la circulation. Des temps s\u00e9par\u00e9s pour les deux groupes am\u00e9lioreraient la s\u00e9curit\u00e9 et favoriseraient des sessions plus fluides.  <\/p>\n<h2><strong>Restructurer l&rsquo;offre pour les motocyclistes<\/strong><\/h2>\n<p>Bien que les motos ne soient plus autoris\u00e9es \u00e0 rouler sur la Nordschleife avec les voitures dans le cadre de circuits touristiques, l&rsquo;offre destin\u00e9e aux motocyclistes est adapt\u00e9e et \u00e9largie. Les motards peuvent continuer \u00e0 d\u00e9couvrir le circuit l\u00e9gendaire, mais dans des conditions plus strictes. \u00c0 l&rsquo;avenir, l&rsquo;acc\u00e8s \u00e0 la Nordschleife sera limit\u00e9 aux balades guid\u00e9es lors de s\u00e9ances d&rsquo;entra\u00eenement organis\u00e9es par des professionnels. Ces sessions seront sp\u00e9cialement con\u00e7ues pour offrir une exp\u00e9rience s\u00fbre mais intense, qui respecte la nature \u00e9poustouflante du circuit sans compromettre la s\u00e9curit\u00e9 des participants.   <\/p>\n<h2><strong>Impact sur les circuits touristiques<\/strong><\/h2>\n<p>Pour les automobilistes, peu de changements pour l&rsquo;instant. Les circuits touristiques de la Nordschleife resteront exclusivement r\u00e9serv\u00e9s aux voitures. Ces promenades populaires restent un moment fort pour de nombreuses personnes qui souhaitent d\u00e9couvrir les virages et les lignes droites difficiles de l&rsquo;anneau. En revanche, les motards devront adapter leur itin\u00e9raire et opter pour des \u00e9v\u00e9nements organis\u00e9s et guid\u00e9s par des professionnels.   <\/p>\n<p>La d\u00e9cision de s\u00e9parer les voitures et les motos a \u00e9t\u00e9 prise en raison du nombre croissant de visiteurs et de l&rsquo;importance de la s\u00e9curit\u00e9 sur la piste. Le N\u00fcrburgring reste un symbole embl\u00e9matique du sport automobile dans le monde entier et cherche toujours \u00e0 am\u00e9liorer l&rsquo;exp\u00e9rience des professionnels et des amateurs, sans compromettre la s\u00e9curit\u00e9. <\/p>\n","protected":false},"excerpt":{"rendered":"La s\u00e9curit\u00e9, une priorit\u00e9 absolue \"La s\u00e9curit\u00e9 est notre priorit\u00e9 absolue\", a expliqu\u00e9 la direction du N\u00fcrburgring. \"C'est pourquoi nous\u2026","protected":false},"author":0,"featured_media":152836,"comment_status":"","ping_status":"open","sticky":false,"template":"","format":"standard","meta":{"footnotes":""},"categories":[127],"tags":[],"class_list":["post-152839","post","type-post","status-publish","format-standard","has-post-thumbnail","hentry","category-nouvelles-de-voiture"],"acf":[],"yoast_head":"<!-- This site is optimized with the Yoast SEO plugin v21.2 - https:\/\/yoast.com\/wordpress\/plugins\/seo\/ -->\n<title>N\u00fcrburgring : voitures et motos ne se c\u00f4toient plus sur la Nordschleife - All cars news<\/title>\n<meta name=\"robots\" content=\"index, follow, max-snippet:-1, max-image-preview:large, max-video-preview:-1\" \/>\n<link rel=\"canonical\" href=\"https:\/\/all-car-news.com\/fr\/nurburgring-voitures-et-motos-ne-se-cotoient-plus-sur-la-nordschleife\/\" \/>\n<meta property=\"og:locale\" content=\"fr_FR\" \/>\n<meta property=\"og:type\" content=\"article\" \/>\n<meta property=\"og:title\" content=\"N\u00fcrburgring : voitures et motos ne se c\u00f4toient plus sur la Nordschleife - All cars news\" \/>\n<meta property=\"og:description\" content=\"La s\u00e9curit\u00e9, une priorit\u00e9 absolue &quot;La s\u00e9curit\u00e9 est notre priorit\u00e9 absolue&quot;, a expliqu\u00e9 la direction du N\u00fcrburgring. &quot;C&#039;est pourquoi nous avons analys\u00e9 de mani\u00e8re approfondie la participation conjointe de voitures et de motos et en avons discut\u00e9 avec des experts. Le r\u00e9sultat de cette \u00e9valuation est clair : la dynamique de conduite diff\u00e9rente des deux et quatre roues pr\u00e9sente des risques, en particulier pour les motocyclistes. Pour am\u00e9liorer l&#039;exp\u00e9rience de conduite [...]\" \/>\n<meta property=\"og:url\" content=\"https:\/\/all-car-news.com\/fr\/nurburgring-voitures-et-motos-ne-se-cotoient-plus-sur-la-nordschleife\/\" \/>\n<meta property=\"og:site_name\" content=\"All cars news\" \/>\n<meta property=\"article:published_time\" content=\"2025-02-20T17:43:09+00:00\" \/>\n<meta name=\"twitter:card\" content=\"summary_large_image\" \/>\n<meta name=\"twitter:label1\" content=\"Dur\u00e9e de lecture estim\u00e9e\" \/>\n\t<meta name=\"twitter:data1\" content=\"2 minutes\" \/>\n<script type=\"application\/ld+json\" class=\"yoast-schema-graph\">{\"@context\":\"https:\/\/schema.org\",\"@graph\":[{\"@type\":\"Article\",\"@id\":\"https:\/\/all-car-news.com\/fr\/nurburgring-voitures-et-motos-ne-se-cotoient-plus-sur-la-nordschleife\/#article\",\"isPartOf\":{\"@id\":\"https:\/\/all-car-news.com\/fr\/nurburgring-voitures-et-motos-ne-se-cotoient-plus-sur-la-nordschleife\/\"},\"author\":{\"name\":\"\",\"@id\":\"\"},\"headline\":\"N\u00fcrburgring : voitures et motos ne se c\u00f4toient plus sur la Nordschleife\",\"datePublished\":\"2025-02-20T17:43:09+00:00\",\"dateModified\":\"2025-02-20T17:43:09+00:00\",\"mainEntityOfPage\":{\"@id\":\"https:\/\/all-car-news.com\/fr\/nurburgring-voitures-et-motos-ne-se-cotoient-plus-sur-la-nordschleife\/\"},\"wordCount\":433,\"publisher\":{\"@id\":\"https:\/\/all-car-news.com\/fr\/#organization\"},\"articleSection\":[\"nouvelles de voiture\"],\"inLanguage\":\"fr-FR\"},{\"@type\":\"WebPage\",\"@id\":\"https:\/\/all-car-news.com\/fr\/nurburgring-voitures-et-motos-ne-se-cotoient-plus-sur-la-nordschleife\/\",\"url\":\"https:\/\/all-car-news.com\/fr\/nurburgring-voitures-et-motos-ne-se-cotoient-plus-sur-la-nordschleife\/\",\"name\":\"N\u00fcrburgring : voitures et motos ne se c\u00f4toient plus sur la Nordschleife - All cars news\",\"isPartOf\":{\"@id\":\"https:\/\/all-car-news.com\/fr\/#website\"},\"datePublished\":\"2025-02-20T17:43:09+00:00\",\"dateModified\":\"2025-02-20T17:43:09+00:00\",\"breadcrumb\":{\"@id\":\"https:\/\/all-car-news.com\/fr\/nurburgring-voitures-et-motos-ne-se-cotoient-plus-sur-la-nordschleife\/#breadcrumb\"},\"inLanguage\":\"fr-FR\",\"potentialAction\":[{\"@type\":\"ReadAction\",\"target\":[\"https:\/\/all-car-news.com\/fr\/nurburgring-voitures-et-motos-ne-se-cotoient-plus-sur-la-nordschleife\/\"]}]},{\"@type\":\"BreadcrumbList\",\"@id\":\"https:\/\/all-car-news.com\/fr\/nurburgring-voitures-et-motos-ne-se-cotoient-plus-sur-la-nordschleife\/#breadcrumb\",\"itemListElement\":[{\"@type\":\"ListItem\",\"position\":1,\"name\":\"Home\",\"item\":\"https:\/\/all-car-news.com\/fr\/\"},{\"@type\":\"ListItem\",\"position\":2,\"name\":\"N\u00fcrburgring : voitures et motos ne se c\u00f4toient plus sur la Nordschleife\"}]},{\"@type\":\"WebSite\",\"@id\":\"https:\/\/all-car-news.com\/fr\/#website\",\"url\":\"https:\/\/all-car-news.com\/fr\/\",\"name\":\"All cars news\",\"description\":\"\",\"publisher\":{\"@id\":\"https:\/\/all-car-news.com\/fr\/#organization\"},\"potentialAction\":[{\"@type\":\"SearchAction\",\"target\":{\"@type\":\"EntryPoint\",\"urlTemplate\":\"https:\/\/all-car-news.com\/fr\/?s={search_term_string}\"},\"query-input\":\"required name=search_term_string\"}],\"inLanguage\":\"fr-FR\"},{\"@type\":\"Organization\",\"@id\":\"https:\/\/all-car-news.com\/fr\/#organization\",\"name\":\"All cars news\",\"url\":\"https:\/\/all-car-news.com\/fr\/\",\"logo\":{\"@type\":\"ImageObject\",\"inLanguage\":\"fr-FR\",\"@id\":\"https:\/\/all-car-news.com\/fr\/#\/schema\/logo\/image\/\",\"url\":\"https:\/\/all-car-news.com\/wp-content\/uploads\/2022\/02\/CMYK-AllCarNews_LANDSCAPE_300px-1.png\",\"contentUrl\":\"https:\/\/all-car-news.com\/wp-content\/uploads\/2022\/02\/CMYK-AllCarNews_LANDSCAPE_300px-1.png\",\"width\":300,\"height\":100,\"caption\":\"All cars news\"},\"image\":{\"@id\":\"https:\/\/all-car-news.com\/fr\/#\/schema\/logo\/image\/\"}}]}<\/script>\n<!-- \/ Yoast SEO plugin. -->","yoast_head_json":{"title":"N\u00fcrburgring : voitures et motos ne se c\u00f4toient plus sur la Nordschleife - All cars news","robots":{"index":"index","follow":"follow","max-snippet":"max-snippet:-1","max-image-preview":"max-image-preview:large","max-video-preview":"max-video-preview:-1"},"canonical":"https:\/\/all-car-news.com\/fr\/nurburgring-voitures-et-motos-ne-se-cotoient-plus-sur-la-nordschleife\/","og_locale":"fr_FR","og_type":"article","og_title":"N\u00fcrburgring : voitures et motos ne se c\u00f4toient plus sur la Nordschleife - All cars news","og_description":"La s\u00e9curit\u00e9, une priorit\u00e9 absolue \"La s\u00e9curit\u00e9 est notre priorit\u00e9 absolue\", a expliqu\u00e9 la direction du N\u00fcrburgring. \"C'est pourquoi nous avons analys\u00e9 de mani\u00e8re approfondie la participation conjointe de voitures et de motos et en avons discut\u00e9 avec des experts. Le r\u00e9sultat de cette \u00e9valuation est clair : la dynamique de conduite diff\u00e9rente des deux et quatre roues pr\u00e9sente des risques, en particulier pour les motocyclistes. Pour am\u00e9liorer l'exp\u00e9rience de conduite [...]","og_url":"https:\/\/all-car-news.com\/fr\/nurburgring-voitures-et-motos-ne-se-cotoient-plus-sur-la-nordschleife\/","og_site_name":"All cars news","article_published_time":"2025-02-20T17:43:09+00:00","twitter_card":"summary_large_image","twitter_misc":{"Dur\u00e9e de lecture estim\u00e9e":"2 minutes"},"schema":{"@context":"https:\/\/schema.org","@graph":[{"@type":"Article","@id":"https:\/\/all-car-news.com\/fr\/nurburgring-voitures-et-motos-ne-se-cotoient-plus-sur-la-nordschleife\/#article","isPartOf":{"@id":"https:\/\/all-car-news.com\/fr\/nurburgring-voitures-et-motos-ne-se-cotoient-plus-sur-la-nordschleife\/"},"author":{"name":"","@id":""},"headline":"N\u00fcrburgring : voitures et motos ne se c\u00f4toient plus sur la Nordschleife","datePublished":"2025-02-20T17:43:09+00:00","dateModified":"2025-02-20T17:43:09+00:00","mainEntityOfPage":{"@id":"https:\/\/all-car-news.com\/fr\/nurburgring-voitures-et-motos-ne-se-cotoient-plus-sur-la-nordschleife\/"},"wordCount":433,"publisher":{"@id":"https:\/\/all-car-news.com\/fr\/#organization"},"articleSection":["nouvelles de voiture"],"inLanguage":"fr-FR"},{"@type":"WebPage","@id":"https:\/\/all-car-news.com\/fr\/nurburgring-voitures-et-motos-ne-se-cotoient-plus-sur-la-nordschleife\/","url":"https:\/\/all-car-news.com\/fr\/nurburgring-voitures-et-motos-ne-se-cotoient-plus-sur-la-nordschleife\/","name":"N\u00fcrburgring : voitures et motos ne se c\u00f4toient plus sur la Nordschleife - All cars news","isPartOf":{"@id":"https:\/\/all-car-news.com\/fr\/#website"},"datePublished":"2025-02-20T17:43:09+00:00","dateModified":"2025-02-20T17:43:09+00:00","breadcrumb":{"@id":"https:\/\/all-car-news.com\/fr\/nurburgring-voitures-et-motos-ne-se-cotoient-plus-sur-la-nordschleife\/#breadcrumb"},"inLanguage":"fr-FR","potentialAction":[{"@type":"ReadAction","target":["https:\/\/all-car-news.com\/fr\/nurburgring-voitures-et-motos-ne-se-cotoient-plus-sur-la-nordschleife\/"]}]},{"@type":"BreadcrumbList","@id":"https:\/\/all-car-news.com\/fr\/nurburgring-voitures-et-motos-ne-se-cotoient-plus-sur-la-nordschleife\/#breadcrumb","itemListElement":[{"@type":"ListItem","position":1,"name":"Home","item":"https:\/\/all-car-news.com\/fr\/"},{"@type":"ListItem","position":2,"name":"N\u00fcrburgring : voitures et motos ne se c\u00f4toient plus sur la Nordschleife"}]},{"@type":"WebSite","@id":"https:\/\/all-car-news.com\/fr\/#website","url":"https:\/\/all-car-news.com\/fr\/","name":"All cars news","description":"","publisher":{"@id":"https:\/\/all-car-news.com\/fr\/#organization"},"potentialAction":[{"@type":"SearchAction","target":{"@type":"EntryPoint","urlTemplate":"https:\/\/all-car-news.com\/fr\/?s={search_term_string}"},"query-input":"required name=search_term_string"}],"inLanguage":"fr-FR"},{"@type":"Organization","@id":"https:\/\/all-car-news.com\/fr\/#organization","name":"All cars news","url":"https:\/\/all-car-news.com\/fr\/","logo":{"@type":"ImageObject","inLanguage":"fr-FR","@id":"https:\/\/all-car-news.com\/fr\/#\/schema\/logo\/image\/","url":"https:\/\/all-car-news.com\/wp-content\/uploads\/2022\/02\/CMYK-AllCarNews_LANDSCAPE_300px-1.png","contentUrl":"https:\/\/all-car-news.com\/wp-content\/uploads\/2022\/02\/CMYK-AllCarNews_LANDSCAPE_300px-1.png","width":300,"height":100,"caption":"All cars news"},"image":{"@id":"https:\/\/all-car-news.com\/fr\/#\/schema\/logo\/image\/"}}]}},"_links":{"self":[{"href":"https:\/\/all-car-news.com\/fr\/wp-json\/wp\/v2\/posts\/152839","targetHints":{"allow":["GET"]}}],"collection":[{"href":"https:\/\/all-car-news.com\/fr\/wp-json\/wp\/v2\/posts"}],"about":[{"href":"https:\/\/all-car-news.com\/fr\/wp-json\/wp\/v2\/types\/post"}],"replies":[{"embeddable":true,"href":"https:\/\/all-car-news.com\/fr\/wp-json\/wp\/v2\/comments?post=152839"}],"version-history":[{"count":0,"href":"https:\/\/all-car-news.com\/fr\/wp-json\/wp\/v2\/posts\/152839\/revisions"}],"wp:featuredmedia":[{"embeddable":true,"href":"https:\/\/all-car-news.com\/fr\/wp-json\/wp\/v2\/media\/152836"}],"wp:attachment":[{"href":"https:\/\/all-car-news.com\/fr\/wp-json\/wp\/v2\/media?parent=152839"}],"wp:term":[{"taxonomy":"category","embeddable":true,"href":"https:\/\/all-car-news.com\/fr\/wp-json\/wp\/v2\/categories?post=152839"},{"taxonomy":"post_tag","embeddable":true,"href":"https:\/\/all-car-news.com\/fr\/wp-json\/wp\/v2\/tags?post=152839"}],"curies":[{"name":"wp","href":"https:\/\/api.w.org\/{rel}","templated":true}]}}