{"id":152591,"date":"2024-12-31T09:57:22","date_gmt":"2024-12-31T09:57:22","guid":{"rendered":"https:\/\/all-car-news.com\/in-memoriam-osamu-suzuki-1930-2024\/"},"modified":"2024-12-31T09:57:22","modified_gmt":"2024-12-31T09:57:22","slug":"in-memoriam-osamu-suzuki-1930-2024","status":"publish","type":"post","link":"https:\/\/all-car-news.com\/fr\/in-memoriam-osamu-suzuki-1930-2024\/","title":{"rendered":"In memoriam : Osamu Suzuki (1930-2024)"},"content":{"rendered":"<h2>Osamu Suzuki : un homme humble<\/h2>\n<p>Osamu Suzuki \u00e9tait l&rsquo;une des figures les plus influentes de l&rsquo;industrie automobile japonaise. Il est d\u00e9c\u00e9d\u00e9 le 25 d\u00e9cembre 2024 des suites d&rsquo;un lymphome malin, une forme de cancer. Il a atteint l&rsquo;\u00e2ge respectable de 94 ans. La vie et l&rsquo;\u0153uvre de Suzuki resteront dans les m\u00e9moires comme une \u00e8re d&rsquo;innovation, de d\u00e9vouement et de vision in\u00e9branlable qui a men\u00e9 Suzuki Motor Corporation \u00e0 des sommets mondiaux.   <\/p>\n<h2>Des d\u00e9buts modestes<\/h2>\n<p>Osamu Suzuki est n\u00e9 le 30 janvier 1930 \u00e0 Gero City, dans la pr\u00e9fecture de Gifu au Japon. Apr\u00e8s avoir obtenu son dipl\u00f4me de droit \u00e0 l&rsquo;universit\u00e9 de Chuo en 1953, il a choisi de faire carri\u00e8re dans l&rsquo;industrie. En 1958, il a rejoint Suzuki Motor, une entreprise familiale relativement petite qui se consacrait alors principalement aux motos et aux petits v\u00e9hicules.  <\/p>\n<h2>Une vie au service de la croissance<\/h2>\n<p>Son ascension au sein de l&rsquo;entreprise est remarquable. Apr\u00e8s avoir \u00e9t\u00e9 nomm\u00e9 directeur g\u00e9n\u00e9ral en 1963, il a occup\u00e9 des postes de plus en plus importants : Directeur g\u00e9n\u00e9ral en 1967, Directeur g\u00e9n\u00e9ral principal en 1973 et enfin Pr\u00e9sident en 1978. Sous sa direction, Suzuki Motor Corporation est devenu un acteur mondial, connu pour ses v\u00e9hicules fiables et abordables.  <\/p>\n<p>En 1990, ann\u00e9e o\u00f9 la soci\u00e9t\u00e9 a \u00e9t\u00e9 officiellement baptis\u00e9e Suzuki Motor Corporation, Osamu Suzuki \u00e9tait d\u00e9j\u00e0 au sommet de l&rsquo;industrie automobile internationale. Il a continu\u00e9 \u00e0 diriger l&rsquo;entreprise en tant que pr\u00e9sident du conseil d&rsquo;administration et pr\u00e9sident jusqu&rsquo;\u00e0 ce qu&rsquo;il assume le r\u00f4le de conseiller principal en 2021. <\/p>\n<h2>Contribuer au monde<\/h2>\n<p>L&rsquo;influence de Suzuki s&rsquo;est \u00e9tendue au-del\u00e0 du monde des affaires. Il a \u00e9t\u00e9 salu\u00e9 pour sa capacit\u00e9 \u00e0 jeter des ponts entre les cultures et les march\u00e9s. Ses contributions ont \u00e9t\u00e9 r\u00e9compens\u00e9es par de nombreux prix, notamment le Sitara-e-Pakistan (1985), le Padma Bhushan en Inde (2007) et plusieurs distinctions honorifiques en Hongrie et au Japon. Son entr\u00e9e au Japan Automobile Hall of Fame en 2002 est une juste reconnaissance de son r\u00f4le dans l&rsquo;histoire de l&rsquo;industrie automobile.   <\/p>\n<blockquote class=\"wp-block-quote\">\n<p><strong>\u00ab\u00a0Sous sa direction, Suzuki Motor Corporation est devenu un acteur mondial.<\/strong><\/p>\n<\/blockquote>\n<h2>Un h\u00e9ritage personnel<\/h2>\n<p>L&rsquo;h\u00e9ritage d&rsquo;Osamu Suzuki se refl\u00e8te non seulement dans la croissance impressionnante de Suzuki Motor Corporation, mais aussi dans ses valeurs. Il \u00e9tait connu pour sa modestie et son d\u00e9vouement \u00e0 la famille et \u00e0 la communaut\u00e9. Cela se refl\u00e8te dans son souhait de faire des adieux discrets : les fun\u00e9railles se sont d\u00e9roul\u00e9es en priv\u00e9 et la famille demande qu&rsquo;aucune fleur, aucun appel de condol\u00e9ances ou autre geste de sympathie ne soit envoy\u00e9.  <\/p>\n<p>Son fils a\u00een\u00e9, Toshihiro Suzuki, reste impliqu\u00e9 dans l&rsquo;entreprise qui a fait la grandeur de son p\u00e8re. Suzuki Motor Corporation pr\u00e9voit une date ult\u00e9rieure pour comm\u00e9morer sa vie et ses contributions, donnant ainsi \u00e0 ses coll\u00e8gues, \u00e0 ses amis et \u00e0 la communaut\u00e9 internationale l&rsquo;occasion de dire au revoir \u00e0 un grand homme. <\/p>\n<h2>Une empreinte ind\u00e9l\u00e9bile<\/h2>\n<p>Avec une carri\u00e8re de plus de six d\u00e9cennies, Osamu Suzuki a laiss\u00e9 une marque ind\u00e9l\u00e9bile sur l&rsquo;industrie automobile. Sa vision de l&rsquo;innovation et de l&rsquo;accessibilit\u00e9 a permis \u00e0 des millions de personnes dans le monde d&rsquo;acc\u00e9der \u00e0 la mobilit\u00e9. Son nom sera toujours synonyme de d\u00e9termination, de leadership et d&rsquo;esprit de progr\u00e8s.  <\/p>\n<h2>Le Panth\u00e9on de l&rsquo;automobile<\/h2>\n<p>Osamu Suzuki est l&rsquo;une des 39 personnalit\u00e9s du monde entier qui ont \u00e9t\u00e9 intronis\u00e9es au Motoring Hall of Fame (MHOF) depuis 2010. \u00ab\u00a0Osamu Suzuki est sans aucun doute l&rsquo;un des membres les plus m\u00e9ritants de notre histoire\u00a0\u00bb, a d\u00e9clar\u00e9 le jury international du Motoring Hall of Fame lors de son intronisation en d\u00e9cembre 2023. \u00ab\u00a0Son dernier r\u00f4le en tant que \u00ab\u00a0p\u00e8re de la maison MHOF\u00a0\u00bb est la cerise sur le g\u00e2teau pour lui &#8211; et pour nous.\u00a0\u00bb  <\/p>\n<p>\u00ab\u00a0Nous parlons d&rsquo;un grand et tr\u00e8s digne leader de l&rsquo;industrie automobile, qui a occup\u00e9 avec succ\u00e8s le poste de PDG de l&#8217;empire mondial de Suzuki pendant pr\u00e8s d&rsquo;un demi-si\u00e8cle. Un tel bilan est sans pr\u00e9c\u00e9dent dans un contexte de concurrence f\u00e9roce au sein de l&rsquo;industrie automobile mondiale. En reconnaissant l&rsquo;importance de la conception et de la construction de petites voitures \u00e0 deux et quatre roues motrices, cr\u00e9dibles, abordables mais de grande qualit\u00e9 pour les clients du monde entier, et en s&rsquo;y tenant, ce sage \u00ab\u00a0Hall of Famer\u00a0\u00bb a fait preuve d&rsquo;une vision que de nombreux patrons d&rsquo;entreprises concurrentes n&rsquo;ont pas eue\u00a0\u00bb.<\/p>\n<\/p>\n<h2>La carri\u00e8re d&rsquo;Osamu Suzuki<\/h2>\n<\/p>\n<figure class=\"wp-block-table\">\n<table>\n<tbody>\n<tr>\n<td><strong>Carri\u00e8re  <\/strong><\/td>\n<td>&nbsp;<\/td>\n<\/tr>\n<tr>\n<td>Avril 1958<\/td>\n<td>Employ\u00e9 chez Suzuki Motor Co., Ltd<\/td>\n<\/tr>\n<tr>\n<td>Nov. 1963 &nbsp;&nbsp;<\/td>\n<td>Nomm\u00e9 directeur<\/td>\n<\/tr>\n<tr>\n<td>D\u00e9c. 1967 &nbsp;<\/td>\n<td>Nomm\u00e9 administrateur et directeur g\u00e9n\u00e9ral  <\/td>\n<\/tr>\n<tr>\n<td>Novembre 1973 <\/td>\n<td>Nomm\u00e9 directeur et directeur g\u00e9n\u00e9ral principal<\/td>\n<\/tr>\n<tr>\n<td>Juin 1978&nbsp;<\/td>\n<td>Nomm\u00e9 directeur et pr\u00e9sident <\/td>\n<\/tr>\n<tr>\n<td>Oct. 1990 &nbsp;<\/td>\n<td>Le nom de la soci\u00e9t\u00e9 devient Suzuki Motor Corporation<\/td>\n<\/tr>\n<tr>\n<td>Juin 2000<\/td>\n<td>Nomm\u00e9 directeur et pr\u00e9sident<\/td>\n<\/tr>\n<tr>\n<td>D\u00e9c. 2008 <\/td>\n<td>Nomm\u00e9 directeur, pr\u00e9sident et pr\u00e9sident<\/td>\n<\/tr>\n<tr>\n<td>Juin 2015<\/td>\n<td>Nomm\u00e9 administrateur et pr\u00e9sident<\/td>\n<\/tr>\n<tr>\n<td>Juin 2021<\/td>\n<td>Nomm\u00e9 conseiller principal<\/td>\n<\/tr>\n<tr>\n<td><strong>Prix<\/strong><\/td>\n<td>&nbsp;<\/td>\n<\/tr>\n<tr>\n<td>Mars 1985<\/td>\n<td>Prix Sitara-e-Pakistan, Pakistan&nbsp;<\/td>\n<\/tr>\n<tr>\n<td>Nov. 1987 <\/td>\n<td>M\u00e9daille avec ruban bleu, Japon<\/td>\n<\/tr>\n<tr>\n<td>Mai 1993<\/td>\n<td>Croix de commandeur de l&rsquo;Ordre du m\u00e9rite hongrois, Hongrie<\/td>\n<\/tr>\n<tr>\n<td>Mai 2000<\/td>\n<td>&nbsp;Ordre du Soleil levant, \u00c9toile d&rsquo;or et d&rsquo;argent, Japon<\/td>\n<\/tr>\n<tr>\n<td>Nov. 2002 <\/td>\n<td>Intronis\u00e9 au Temple de la renomm\u00e9e de l&rsquo;automobile japonaise<\/td>\n<\/tr>\n<tr>\n<td>Mai 2004<\/td>\n<td>Croix de commandeur avec l&rsquo;\u00e9toile de l&rsquo;Ordre du m\u00e9rite hongrois, Hongrie<\/td>\n<\/tr>\n<tr>\n<td>Mar. 2007 <\/td>\n<td>Padma Bhushan, Inde<\/td>\n<\/tr>\n<tr>\n<td>Mar. 2020 <\/td>\n<td>&nbsp;Grand-Croix de l&rsquo;Ordre du m\u00e9rite hongrois, Hongrie<\/td>\n<\/tr>\n<\/tbody>\n<\/table>\n<\/figure>\n","protected":false},"excerpt":{"rendered":"Osamu Suzuki : un homme humble Osamu Suzuki \u00e9tait l'une des figures les plus influentes de l'industrie automobile japonaise. Il\u2026","protected":false},"author":0,"featured_media":151116,"comment_status":"","ping_status":"open","sticky":false,"template":"","format":"standard","meta":{"footnotes":""},"categories":[127],"tags":[],"class_list":["post-152591","post","type-post","status-publish","format-standard","has-post-thumbnail","hentry","category-nouvelles-de-voiture"],"acf":[],"yoast_head":"<!-- This site is optimized with the Yoast SEO plugin v21.2 - https:\/\/yoast.com\/wordpress\/plugins\/seo\/ -->\n<title>In memoriam : Osamu Suzuki (1930-2024) - All cars news<\/title>\n<meta name=\"robots\" content=\"index, follow, max-snippet:-1, max-image-preview:large, max-video-preview:-1\" \/>\n<link rel=\"canonical\" href=\"https:\/\/all-car-news.com\/fr\/in-memoriam-osamu-suzuki-1930-2024\/\" \/>\n<meta property=\"og:locale\" content=\"fr_FR\" \/>\n<meta property=\"og:type\" content=\"article\" \/>\n<meta property=\"og:title\" content=\"In memoriam : Osamu Suzuki (1930-2024) - All cars news\" \/>\n<meta property=\"og:description\" content=\"Osamu Suzuki : un homme humble Osamu Suzuki \u00e9tait l&#039;une des figures les plus influentes de l&#039;industrie automobile japonaise. Il est d\u00e9c\u00e9d\u00e9 le 25 d\u00e9cembre 2024 des suites d&#039;un lymphome malin, une forme de cancer. Il a atteint l&#039;\u00e2ge respectable de 94 ans. La vie et l&#039;\u0153uvre de Suzuki resteront dans les m\u00e9moires comme une \u00e8re d&#039;innovation, [...]\" \/>\n<meta property=\"og:url\" content=\"https:\/\/all-car-news.com\/fr\/in-memoriam-osamu-suzuki-1930-2024\/\" \/>\n<meta property=\"og:site_name\" content=\"All cars news\" \/>\n<meta property=\"article:published_time\" content=\"2024-12-31T09:57:22+00:00\" \/>\n<meta name=\"twitter:card\" content=\"summary_large_image\" \/>\n<meta name=\"twitter:label1\" content=\"Dur\u00e9e de lecture estim\u00e9e\" \/>\n\t<meta name=\"twitter:data1\" content=\"4 minutes\" \/>\n<script type=\"application\/ld+json\" class=\"yoast-schema-graph\">{\"@context\":\"https:\/\/schema.org\",\"@graph\":[{\"@type\":\"Article\",\"@id\":\"https:\/\/all-car-news.com\/fr\/in-memoriam-osamu-suzuki-1930-2024\/#article\",\"isPartOf\":{\"@id\":\"https:\/\/all-car-news.com\/fr\/in-memoriam-osamu-suzuki-1930-2024\/\"},\"author\":{\"name\":\"\",\"@id\":\"\"},\"headline\":\"In memoriam : Osamu Suzuki (1930-2024)\",\"datePublished\":\"2024-12-31T09:57:22+00:00\",\"dateModified\":\"2024-12-31T09:57:22+00:00\",\"mainEntityOfPage\":{\"@id\":\"https:\/\/all-car-news.com\/fr\/in-memoriam-osamu-suzuki-1930-2024\/\"},\"wordCount\":913,\"publisher\":{\"@id\":\"https:\/\/all-car-news.com\/fr\/#organization\"},\"articleSection\":[\"nouvelles de voiture\"],\"inLanguage\":\"fr-FR\"},{\"@type\":\"WebPage\",\"@id\":\"https:\/\/all-car-news.com\/fr\/in-memoriam-osamu-suzuki-1930-2024\/\",\"url\":\"https:\/\/all-car-news.com\/fr\/in-memoriam-osamu-suzuki-1930-2024\/\",\"name\":\"In memoriam : Osamu Suzuki (1930-2024) - All cars news\",\"isPartOf\":{\"@id\":\"https:\/\/all-car-news.com\/fr\/#website\"},\"datePublished\":\"2024-12-31T09:57:22+00:00\",\"dateModified\":\"2024-12-31T09:57:22+00:00\",\"breadcrumb\":{\"@id\":\"https:\/\/all-car-news.com\/fr\/in-memoriam-osamu-suzuki-1930-2024\/#breadcrumb\"},\"inLanguage\":\"fr-FR\",\"potentialAction\":[{\"@type\":\"ReadAction\",\"target\":[\"https:\/\/all-car-news.com\/fr\/in-memoriam-osamu-suzuki-1930-2024\/\"]}]},{\"@type\":\"BreadcrumbList\",\"@id\":\"https:\/\/all-car-news.com\/fr\/in-memoriam-osamu-suzuki-1930-2024\/#breadcrumb\",\"itemListElement\":[{\"@type\":\"ListItem\",\"position\":1,\"name\":\"Home\",\"item\":\"https:\/\/all-car-news.com\/fr\/\"},{\"@type\":\"ListItem\",\"position\":2,\"name\":\"In memoriam : Osamu Suzuki (1930-2024)\"}]},{\"@type\":\"WebSite\",\"@id\":\"https:\/\/all-car-news.com\/fr\/#website\",\"url\":\"https:\/\/all-car-news.com\/fr\/\",\"name\":\"All cars news\",\"description\":\"\",\"publisher\":{\"@id\":\"https:\/\/all-car-news.com\/fr\/#organization\"},\"potentialAction\":[{\"@type\":\"SearchAction\",\"target\":{\"@type\":\"EntryPoint\",\"urlTemplate\":\"https:\/\/all-car-news.com\/fr\/?s={search_term_string}\"},\"query-input\":\"required name=search_term_string\"}],\"inLanguage\":\"fr-FR\"},{\"@type\":\"Organization\",\"@id\":\"https:\/\/all-car-news.com\/fr\/#organization\",\"name\":\"All cars news\",\"url\":\"https:\/\/all-car-news.com\/fr\/\",\"logo\":{\"@type\":\"ImageObject\",\"inLanguage\":\"fr-FR\",\"@id\":\"https:\/\/all-car-news.com\/fr\/#\/schema\/logo\/image\/\",\"url\":\"https:\/\/all-car-news.com\/wp-content\/uploads\/2022\/02\/CMYK-AllCarNews_LANDSCAPE_300px-1.png\",\"contentUrl\":\"https:\/\/all-car-news.com\/wp-content\/uploads\/2022\/02\/CMYK-AllCarNews_LANDSCAPE_300px-1.png\",\"width\":300,\"height\":100,\"caption\":\"All cars news\"},\"image\":{\"@id\":\"https:\/\/all-car-news.com\/fr\/#\/schema\/logo\/image\/\"}}]}<\/script>\n<!-- \/ Yoast SEO plugin. -->","yoast_head_json":{"title":"In memoriam : Osamu Suzuki (1930-2024) - All cars news","robots":{"index":"index","follow":"follow","max-snippet":"max-snippet:-1","max-image-preview":"max-image-preview:large","max-video-preview":"max-video-preview:-1"},"canonical":"https:\/\/all-car-news.com\/fr\/in-memoriam-osamu-suzuki-1930-2024\/","og_locale":"fr_FR","og_type":"article","og_title":"In memoriam : Osamu Suzuki (1930-2024) - All cars news","og_description":"Osamu Suzuki : un homme humble Osamu Suzuki \u00e9tait l'une des figures les plus influentes de l'industrie automobile japonaise. Il est d\u00e9c\u00e9d\u00e9 le 25 d\u00e9cembre 2024 des suites d'un lymphome malin, une forme de cancer. Il a atteint l'\u00e2ge respectable de 94 ans. La vie et l'\u0153uvre de Suzuki resteront dans les m\u00e9moires comme une \u00e8re d'innovation, [...]","og_url":"https:\/\/all-car-news.com\/fr\/in-memoriam-osamu-suzuki-1930-2024\/","og_site_name":"All cars news","article_published_time":"2024-12-31T09:57:22+00:00","twitter_card":"summary_large_image","twitter_misc":{"Dur\u00e9e de lecture estim\u00e9e":"4 minutes"},"schema":{"@context":"https:\/\/schema.org","@graph":[{"@type":"Article","@id":"https:\/\/all-car-news.com\/fr\/in-memoriam-osamu-suzuki-1930-2024\/#article","isPartOf":{"@id":"https:\/\/all-car-news.com\/fr\/in-memoriam-osamu-suzuki-1930-2024\/"},"author":{"name":"","@id":""},"headline":"In memoriam : Osamu Suzuki (1930-2024)","datePublished":"2024-12-31T09:57:22+00:00","dateModified":"2024-12-31T09:57:22+00:00","mainEntityOfPage":{"@id":"https:\/\/all-car-news.com\/fr\/in-memoriam-osamu-suzuki-1930-2024\/"},"wordCount":913,"publisher":{"@id":"https:\/\/all-car-news.com\/fr\/#organization"},"articleSection":["nouvelles de voiture"],"inLanguage":"fr-FR"},{"@type":"WebPage","@id":"https:\/\/all-car-news.com\/fr\/in-memoriam-osamu-suzuki-1930-2024\/","url":"https:\/\/all-car-news.com\/fr\/in-memoriam-osamu-suzuki-1930-2024\/","name":"In memoriam : Osamu Suzuki (1930-2024) - All cars news","isPartOf":{"@id":"https:\/\/all-car-news.com\/fr\/#website"},"datePublished":"2024-12-31T09:57:22+00:00","dateModified":"2024-12-31T09:57:22+00:00","breadcrumb":{"@id":"https:\/\/all-car-news.com\/fr\/in-memoriam-osamu-suzuki-1930-2024\/#breadcrumb"},"inLanguage":"fr-FR","potentialAction":[{"@type":"ReadAction","target":["https:\/\/all-car-news.com\/fr\/in-memoriam-osamu-suzuki-1930-2024\/"]}]},{"@type":"BreadcrumbList","@id":"https:\/\/all-car-news.com\/fr\/in-memoriam-osamu-suzuki-1930-2024\/#breadcrumb","itemListElement":[{"@type":"ListItem","position":1,"name":"Home","item":"https:\/\/all-car-news.com\/fr\/"},{"@type":"ListItem","position":2,"name":"In memoriam : Osamu Suzuki (1930-2024)"}]},{"@type":"WebSite","@id":"https:\/\/all-car-news.com\/fr\/#website","url":"https:\/\/all-car-news.com\/fr\/","name":"All cars news","description":"","publisher":{"@id":"https:\/\/all-car-news.com\/fr\/#organization"},"potentialAction":[{"@type":"SearchAction","target":{"@type":"EntryPoint","urlTemplate":"https:\/\/all-car-news.com\/fr\/?s={search_term_string}"},"query-input":"required name=search_term_string"}],"inLanguage":"fr-FR"},{"@type":"Organization","@id":"https:\/\/all-car-news.com\/fr\/#organization","name":"All cars news","url":"https:\/\/all-car-news.com\/fr\/","logo":{"@type":"ImageObject","inLanguage":"fr-FR","@id":"https:\/\/all-car-news.com\/fr\/#\/schema\/logo\/image\/","url":"https:\/\/all-car-news.com\/wp-content\/uploads\/2022\/02\/CMYK-AllCarNews_LANDSCAPE_300px-1.png","contentUrl":"https:\/\/all-car-news.com\/wp-content\/uploads\/2022\/02\/CMYK-AllCarNews_LANDSCAPE_300px-1.png","width":300,"height":100,"caption":"All cars news"},"image":{"@id":"https:\/\/all-car-news.com\/fr\/#\/schema\/logo\/image\/"}}]}},"_links":{"self":[{"href":"https:\/\/all-car-news.com\/fr\/wp-json\/wp\/v2\/posts\/152591","targetHints":{"allow":["GET"]}}],"collection":[{"href":"https:\/\/all-car-news.com\/fr\/wp-json\/wp\/v2\/posts"}],"about":[{"href":"https:\/\/all-car-news.com\/fr\/wp-json\/wp\/v2\/types\/post"}],"replies":[{"embeddable":true,"href":"https:\/\/all-car-news.com\/fr\/wp-json\/wp\/v2\/comments?post=152591"}],"version-history":[{"count":0,"href":"https:\/\/all-car-news.com\/fr\/wp-json\/wp\/v2\/posts\/152591\/revisions"}],"wp:featuredmedia":[{"embeddable":true,"href":"https:\/\/all-car-news.com\/fr\/wp-json\/wp\/v2\/media\/151116"}],"wp:attachment":[{"href":"https:\/\/all-car-news.com\/fr\/wp-json\/wp\/v2\/media?parent=152591"}],"wp:term":[{"taxonomy":"category","embeddable":true,"href":"https:\/\/all-car-news.com\/fr\/wp-json\/wp\/v2\/categories?post=152591"},{"taxonomy":"post_tag","embeddable":true,"href":"https:\/\/all-car-news.com\/fr\/wp-json\/wp\/v2\/tags?post=152591"}],"curies":[{"name":"wp","href":"https:\/\/api.w.org\/{rel}","templated":true}]}}