{"id":152556,"date":"2024-12-12T10:01:00","date_gmt":"2024-12-12T10:01:00","guid":{"rendered":"https:\/\/all-car-news.com\/ds-n8-un-ve-tout-sauf-ordinaire-premiere-presentation-autorai-tv\/"},"modified":"2024-12-12T10:01:00","modified_gmt":"2024-12-12T10:01:00","slug":"ds-n8-un-ve-tout-sauf-ordinaire-premiere-presentation-autorai-tv","status":"publish","type":"post","link":"https:\/\/all-car-news.com\/fr\/ds-n8-un-ve-tout-sauf-ordinaire-premiere-presentation-autorai-tv\/","title":{"rendered":"DS N\u00b08 : un VE tout sauf ordinaire &#8211; premi\u00e8re pr\u00e9sentation &#8211; AutoRAI TV"},"content":{"rendered":"<h2>DS N\u00b08 est un SUV coup\u00e9, en quelque sorte<\/h2>\n<p>Cette DS N\u00b08 s&rsquo;inspire du concept DS Aero Sport Lounge de 2021. Il s&rsquo;agissait d&rsquo;un SUV coup\u00e9. Trois suppositions sur ce qu&rsquo;est cette voiture fran\u00e7aise. Oui, \u00e9galement un coup\u00e9 SUV, bien que la voiture tende plus vers un crossover, ou quelque chose de difficile \u00e0 classer. Et elle est enti\u00e8rement \u00e9lectrique ! La DS N\u00b08 &#8211; construite sur la plateforme STLA Medium &#8211; appara\u00eetra sur le march\u00e9 europ\u00e9en \u00e0 la mi-2025, mais les ventes commenceront d\u00e8s le premier trimestre 2025. Nous pouvons d&rsquo;ores et d\u00e9j\u00e0 vous indiquer les groupes motopropulseurs dont elle sera \u00e9quip\u00e9e : FWD, FWD Long Range et AWD Long Range. Cela inclut les sp\u00e9cifications suivantes.       <\/p>\n<\/p>\n<figure class=\"wp-block-embed is-type-video is-provider-youtube wp-block-embed-youtube wp-embed-aspect-16-9 wp-has-aspect-ratio\">\n<div class=\"wp-block-embed__wrapper\">\n<\/div>\n<\/figure>\n<h2>DS N\u00b08 FWD<\/h2>\n<ul>\n<li>Puissance : 169 kW (230 ch &#8211; 191 kW (260 ch) puissance de pointe)<\/li>\n<li>Couple : 345 Nm<\/li>\n<li>Batterie : 74 kWh<\/li>\n<li>Tension de la batterie : 400V<\/li>\n<li>Autonomie : 572 km (WLTP)<\/li>\n<li>Consommation d&rsquo;\u00e9nergie : 12,9 kWh\/100 km (WLTP)<\/li>\n<li>Chargement : 7,4\/11\/22 kW AC &#8211; 160 kW DC<\/li>\n<li>Temps de charge 20-80% DC : 27 minutes<\/li>\n<li>0-100 km\/h : 7,7 secondes<\/li>\n<li>Vitesse de pointe : 190 km\/h<\/li>\n<li>Poids : 2 132 kilogrammes<\/li>\n<li>Poids remorqu\u00e9 frein\u00e9 : 1 260 kilogrammes<\/li>\n<\/ul>\n<h2>DS N\u00b08 FWD Long Range<\/h2>\n<ul>\n<li>Puissance : 180 kW (245 ch &#8211; 206 kW (280 ch) puissance de pointe)<\/li>\n<li>Couple : 345 Nm<\/li>\n<li>Batterie : 97,2 kWh<\/li>\n<li>Tension de la batterie : 400V<\/li>\n<li>Autonomie : 750 km (WLTP)<\/li>\n<li>Consommation d&rsquo;\u00e9nergie : 12,9 kWh\/100 km (WLTP)<\/li>\n<li>Chargement : 7,4\/11\/22 kW AC &#8211; 160 kW DC<\/li>\n<li>Temps de charge 20-80% DC : 27 minutes<\/li>\n<li>0-100 km\/h : 7,8 secondes<\/li>\n<li>Vitesse de pointe : 190 km\/h<\/li>\n<li>Poids : 2 180 kilogrammes<\/li>\n<li>Poids de remorquage frein\u00e9 : 1 200 kilogrammes<\/li>\n<\/ul>\n<h2>DS N\u00b08 AWD Long Range<\/h2>\n<ul>\n<li>Puissance : 257 kW (350 ch &#8211; 275 (375 ch) puissance de pointe)<\/li>\n<li>Couple : 511 Nm<\/li>\n<li>Batterie : 97,2 kWh<\/li>\n<li>Tension de la batterie : 400V<\/li>\n<li>Autonomie : 686 km (WLTP)<\/li>\n<li>Consommation d&rsquo;\u00e9nergie : 14,2 kWh\/100 km (WLTP)<\/li>\n<li>Chargement : 7,4\/11\/22 kW AC &#8211; 160 kW DC<\/li>\n<li>Temps de charge 20-80% DC : 27 minutes<\/li>\n<li>0-100 km\/h : 5,4 secondes<\/li>\n<li>Vitesse de pointe : 190 km\/h<\/li>\n<li>Poids : 2 289 kg<\/li>\n<li>Poids de remorquage frein\u00e9 : 1 400 kilogrammes<\/li>\n<\/ul>\n<figure class=\"wp-block-image size-content\"><img decoding=\"async\" loading=\"lazy\" width=\"1140\" height=\"760\" src=\"https:\/\/autorai.nl\/wp-content\/uploads\/2024\/12\/ds-automobiles-n8-studioshoot-2025-foto23-1140x760.jpg\" alt=\"DS Automobiles - DS N\u00b08\" class=\"wp-image-190822\"><\/figure>\n<h2>Le projet DS N\u00b08 pourrait \u00eatre abandonn\u00e9<\/h2>\n<p>Le d\u00e9veloppement de la DS numero 8 a d\u00e9but\u00e9 en 2018. Carlos Tavares &#8211; actuellement le grand patron de Stellantis &#8211; voulait que cette voiture soit bonne, car c&rsquo;est lui qui la conduira. Son cahier des charges : plus de 700 kilom\u00e8tres d&rsquo;autonomie. N&rsquo;\u00e9tait-ce pas possible ? Le projet a alors \u00e9t\u00e9 abandonn\u00e9. L&rsquo;objectif a \u00e9t\u00e9 atteint, avec 680 km, m\u00eame sans gadgets a\u00e9rodynamiques. Gr\u00e2ce \u00e0 des prises d&rsquo;air astucieuses, des jantes a\u00e9rodynamiques sp\u00e9ciales, un soubassement plat, des ailettes a\u00e9rodynamiques DS \u00e0 l&rsquo;avant et \u00e0 l&rsquo;arri\u00e8re et un subtil aileron arri\u00e8re, DS a gagn\u00e9 jusqu&rsquo;\u00e0 70 km d&rsquo;autonomie.      <\/p>\n<h2>Une nouvelle \u00e8re pour DS Automobiles<\/h2>\n<p>Apr\u00e8s les DS S 3, DS 4, DS 7 et DS 9, la DS N\u00b08 marque le d\u00e9but d&rsquo;une nouvelle \u00e8re pour DS Automobiles. Elle arbore le nouveau langage stylistique de DS et, de plus, le mod\u00e8le est exclusivement disponible en version EV. De plus, ce mod\u00e8le marque le d\u00e9but d&rsquo;une nouvelle strat\u00e9gie de d\u00e9nomination, les mod\u00e8les DS \u00e9tant appel\u00e9s \u00ab\u00a0N\u00b0\u00a0\u00bb car c&rsquo;est la fa\u00e7on correcte d&rsquo;\u00e9crire un \u00ab\u00a0num\u00e9ro\u00a0\u00bb en France. Ainsi, cette DS N\u00b08 se prononce \u00ab\u00a0DS numero 8\u00a0\u00bb. Le \u00ab\u00a0\u00b0\u00a0\u00bb a la forme d&rsquo;une pointe de diamant.    <\/p>\n<figure class=\"wp-block-image size-content\"><img decoding=\"async\" loading=\"lazy\" width=\"1140\" height=\"759\" src=\"https:\/\/autorai.nl\/wp-content\/uploads\/2024\/12\/ds-automobiles-n8-interieur-studioshoot-2025-foto9-1140x759.jpg\" alt=\"Int\u00e9rieur - DS Automobiles - DS N\u00b08\" class=\"wp-image-190809\"><\/figure>\n<h2>Concurrents DS N\u00b08<\/h2>\n<p>Les concurrents de la DS N\u00b08 sont d&rsquo;autres mod\u00e8les du segment D. Pensez \u00e0 l&rsquo;Audi Q4 e-Tron Sportback, la Ford Mustang Mach-E, la Volkswagen ID.7, la Polestar 4, la BMW i4, la Tesla Model Y, l&rsquo;Audi Q6 e-tron Sportback et la Mercedes-Benz GLC Coup\u00e9. <\/p>\n<h2>Tr\u00e8s efficace<\/h2>\n<p>La DS N\u00b08 est a\u00e9rodynamiquement tr\u00e8s efficace. Sa valeur Cw n&rsquo;est que de 0,24. C&rsquo;est exceptionnellement bas. Ainsi, sur le papier, le mod\u00e8le a \u00e9galement une faible consommation d&rsquo;\u00e9nergie et, dans le cas de la FWD Long Range, peut \u00e9galement parcourir 750 kilom\u00e8tres avec une charge compl\u00e8te d&rsquo;\u00e9lectricit\u00e9. La DS N\u00b08 n&rsquo;est pas une petite voiture. Elle mesure 4,82 m\u00e8tres de long, 1,90 m\u00e8tre de large et 1,58 m\u00e8tre de haut. L&#8217;empattement est de 2,9 m\u00e8tres. La garde au sol est de 15,5 centim\u00e8tres. Le coffre du mod\u00e8le a une capacit\u00e9 de 620 litres. L&rsquo;espace de chargement a m\u00eame une profondeur de 1,16 m\u00e8tre.         <\/p>\n<p>\u00c0 l&rsquo;avant, la voiture est dot\u00e9e d&rsquo;une calandre \u00e9clair\u00e9e appel\u00e9e DS Luminascreen, o\u00f9 le logo DS est \u00e9galement illumin\u00e9. La voiture est \u00e9galement \u00e9quip\u00e9e d&rsquo;une lame lumineuse DS en forme de V. \u00c0 l&rsquo;arri\u00e8re, le \u00ab\u00a0numero 8\u00a0\u00bb est dot\u00e9 d&rsquo;unit\u00e9s lumineuses verticales. C&rsquo;est la premi\u00e8re fois que l&rsquo;on voit cela sur un mod\u00e8le DS.   <\/p>\n<figure class=\"wp-block-image size-content\"><img decoding=\"async\" loading=\"lazy\" width=\"1140\" height=\"760\" src=\"https:\/\/autorai.nl\/wp-content\/uploads\/2024\/12\/ds-automobiles-n8-studioshoot-2025-foto13-1140x760.jpg\" alt=\"Arri\u00e8re - DS Automobiles - DS N\u00b08\" class=\"wp-image-190811\"><\/figure>\n<h2>Couleurs<\/h2>\n<p>La DS N\u00b08 est disponible en cinq couleurs, dont trois sont totalement nouvelles : Topaz Blue, Palladium Grey et Alabaster White. Les couleurs Crystal Pearl et Perla Nera Black \u00e9taient d\u00e9j\u00e0 disponibles chez DS Automobiles. Vous avez le choix entre des jantes de 19 \u00e0 21 pouces. Plus la roue est petite, plus l&rsquo;autonomie est grande.   <\/p>\n<h2>Int\u00e9rieur DS N\u00b08<\/h2>\n<p>L&rsquo;int\u00e9rieur de la DS N\u00b08 est remarquable. Le constructeur utilise des mat\u00e9riaux de haute qualit\u00e9 et chouchoute tous les occupants. Lorsque l&rsquo;on s&rsquo;approche de la voiture, les poign\u00e9es de porte, normalement encastr\u00e9es, coulissent automatiquement. Nous pourrions \u00e9crire un tome sur tous les termes que DS utilise pour l&rsquo;int\u00e9rieur. Nous ne le ferons pas. Nous nous contenterons de dire que l&rsquo;int\u00e9rieur est luxueux, chaleureux et calme. Les commandes importantes sont con\u00e7ues comme des bijoux, tr\u00e8s joliment. En d&rsquo;autres termes, l&rsquo;ambiance est celle d&rsquo;un salon. Cette impression est renforc\u00e9e par un \u00e9clairage d&rsquo;ambiance color\u00e9.        &nbsp;<\/p>\n<h2>Collier DS<\/h2>\n<p>Les si\u00e8ges avant de la DS N\u00b08 sont dot\u00e9s de fonctions de chauffage et de refroidissement et m\u00eame de massage. En plus d&rsquo;un volant chauffant, cette voiture est \u00e9galement \u00e9quip\u00e9e d&rsquo;un chauffe-nuque DS, o\u00f9 un s\u00e8che-nuque peut lib\u00e9rer de la chaleur pour r\u00e9chauffer efficacement votre corps. Ces chauffe-nuque sont illumin\u00e9s par un logo DS. C&rsquo;est intelligent de la part de DS, car les capteurs de temp\u00e9rature de votre corps se trouvent dans votre cou. Un tel s\u00e8che-cou trompe donc votre corps.    <\/p>\n<figure class=\"wp-block-image size-content\"><img decoding=\"async\" loading=\"lazy\" width=\"1140\" height=\"760\" src=\"https:\/\/autorai.nl\/wp-content\/uploads\/2024\/12\/ds-automobiles-n8-interieur-studioshoot-2025-foto5-1140x760.jpg\" alt=\"Volant en X de DS Automobiles - DS N\u00b08\" class=\"wp-image-190801\"><\/figure>\n<h2>Br\u00fbleurs ou souffleurs de crosse<\/h2>\n<p>Gr\u00e2ce \u00e0 l&#8217;empattement important de 2,9 m\u00e8tres, vous \u00eates assis tr\u00e8s confortablement \u00e0 l&rsquo;arri\u00e8re. Le dossier se rabat dans un rapport 40\/20\/40. Le si\u00e8ge dispose \u00e9galement d&rsquo;une fonction de ventilation et d&rsquo;un mode \u00ab\u00a0br\u00fbleur de fesses\u00a0\u00bb. Selon DS Automobiles, l&rsquo;habitacle est tr\u00e8s silencieux gr\u00e2ce aux vitres feuillet\u00e9es acoustiques.   <\/p>\n<h2>Volant en X<\/h2>\n<p>V\u00e9rifiez tout particuli\u00e8rement le volant. Il a une forme en X. Nous n&rsquo;avons pas vu cela tr\u00e8s souvent. Remarquablement, il est tr\u00e8s agr\u00e9able \u00e0 tenir en main. L&rsquo;ergonomie est donc bien r\u00e9alis\u00e9e. En outre, nous d\u00e9tectons deux porte-gobelets amovibles et deux points de charge USB-C. Les c\u00f4t\u00e9s de la console centrale ont une finition douce, pour plus de confort au niveau des genoux.      <\/p>\n<\/p>\n<figure class=\"wp-block-embed is-type-video is-provider-youtube wp-block-embed-youtube wp-embed-aspect-16-9 wp-has-aspect-ratio\">\n<div class=\"wp-block-embed__wrapper\">\n<\/div>\n<\/figure>\n<h2>\u00c9cran tactile de 16 pouces<\/h2>\n<p>Les \u00e9crans num\u00e9riques ne manquent pas dans la DS N\u00b08. En tant que conducteur, vous avez sous les yeux un combin\u00e9 d&rsquo;instruments num\u00e9rique de 10,25 pouces et, \u00e0 droite, un \u00e9cran tactile de 16 pouces avec le logiciel DS Iris System 2.0. De plus, \u00e0 bord, vous profitez d&rsquo;un syst\u00e8me audio 3D de Focal avec 14 haut-parleurs et 690 watts de puissance. Le caisson de basses occupe certes 15 litres dans le coffre. Mais c&rsquo;est n\u00e9gligeable.    <\/p>\n<h2>Une technologie europ\u00e9enne, pas chinoise<\/h2>\n<p>Les batteries sont fabriqu\u00e9es en France par ACC \u00e0 Billy-Berclau Douvrin. La batterie utilise la technologie NMC (Nickel-Mangan\u00e8se-Cobalt). Le moteur \u00e9lectrique est lui aussi fran\u00e7ais. Il provient de Tr\u00e9mery et est construit par Emotors. La DS N\u00b08 est \u00e9quip\u00e9e d&rsquo;un chargeur \u00e0 courant alternatif de 11 kW (22 kW en option).    &nbsp;<\/p>\n<h2>Syst\u00e8mes d&rsquo;aide \u00e0 la conduite et autres caract\u00e9ristiques<\/h2>\n<p>Les chargeurs embarqu\u00e9s de 11 kW et 22 kW offrent la fonction V2L (Vehicle to Load), qui permet de recharger des appareils externes. Une pompe \u00e0 chaleur est standard. Avec un chargeur \u00e0 courant continu, la voiture peut se recharger pour 200 kilom\u00e8tres en dix minutes (maximum 160 kW CC). La voiture a d&rsquo;autres caract\u00e9ristiques : <\/p>\n<ul>\n<li>Suspension \u00e0 balayage actif DS<\/li>\n<li>Affichage t\u00eate haute \u00e9tendu DS<\/li>\n<li>Vision nocturne DS<\/li>\n<li>Vision arri\u00e8re num\u00e9rique (r\u00e9troviseur int\u00e9rieur num\u00e9rique)<\/li>\n<li>DS Pixelvision (400 m\u00e8tres de visibilit\u00e9)<\/li>\n<li>DS Drive Assist 2.0<\/li>\n<li>Aide active au changement de voie<\/li>\n<li>Alerte \u00e0 l&rsquo;attention du conducteur<\/li>\n<li>Vision 360<\/li>\n<li>Alerte de trafic transversal \u00e0 l&rsquo;arri\u00e8re<\/li>\n<li>Pr\u00e9vention des erreurs de pelage<\/li>\n<li>Syst\u00e8me actif de freinage d&rsquo;urgence<\/li>\n<li>Freinage en cas de collision<\/li>\n<li>Routage des v\u00e9hicules \u00e9lectriques (navigation intelligente pour les v\u00e9hicules \u00e9lectriques avec planification des arr\u00eats de charge)<\/li>\n<li>Pr\u00e9conditionnement de la batterie<\/li>\n<li>ChatGPT<\/li>\n<\/ul>\n<h2>Nouveau d\u00e9veloppement de la conduite \u00e0 une p\u00e9dale<\/h2>\n<p>Premi\u00e8re pour la DS N\u00b08, la conduite \u00e0 une p\u00e9dale s&rsquo;arr\u00eate compl\u00e8tement \u00e0 l&rsquo;arr\u00eat. De plus, le mod\u00e8le dispose de trois modes de r\u00e9cup\u00e9ration, un mot fantaisiste pour d\u00e9signer le freinage r\u00e9g\u00e9n\u00e9ratif. M\u00eame lorsque la batterie de la DS est compl\u00e8tement charg\u00e9e, la r\u00e9cup\u00e9ration fonctionne. Comment ? Une simulation du freinage par r\u00e9cup\u00e9ration s&rsquo;effectue alors via le syst\u00e8me de freinage normal. C&rsquo;est intelligent de la part de DS, car de cette mani\u00e8re, la voiture ralentit toujours lorsque vous rel\u00e2chez l&rsquo;acc\u00e9l\u00e9rateur. C&rsquo;est la premi\u00e8re fois que l&rsquo;on voit cela dans une voiture \u00e9lectrique.      <\/p>\n<div class=\"galery galery-0\">\n<figure>\n\t\t\t\t\t<span style=\"cursor: pointer\" data-src=\"https:\/\/autorai.nl\/wp-content\/uploads\/2024\/12\/ds-automobiles-n8-studioshoot-2025-foto23-1600x1067.jpg\" data-fancybox=\"galery-0\" title=\"\"><br \/>\n\t\t\t\t\t\t\t<img decoding=\"async\" width=\"360\" height=\"270\" src=\"https:\/\/autorai.nl\/wp-content\/uploads\/2024\/12\/ds-automobiles-n8-studioshoot-2025-foto23-360x270.jpg\" class=\"attachment-small size-small\" alt=\"DS Automobiles - DS N\u00b08\" loading=\"lazy\"><i class=\"fa fa-search-plus\" aria-hidden=\"true\"><\/i><br \/>\n\t\t\t\t\t\t<\/span><br \/>\n\t\t\t\t\t<\/figure>\n<figure>\n\t\t\t\t\t<span style=\"cursor: pointer\" data-src=\"https:\/\/autorai.nl\/wp-content\/uploads\/2024\/12\/ds-automobiles-n8-studioshoot-2025-foto22-1600x1067.jpg\" data-fancybox=\"galery-0\" title=\"\"><br \/>\n\t\t\t\t\t\t\t<img decoding=\"async\" width=\"360\" height=\"270\" src=\"https:\/\/autorai.nl\/wp-content\/uploads\/2024\/12\/ds-automobiles-n8-studioshoot-2025-foto22-360x270.jpg\" class=\"attachment-small size-small\" alt=\"\" loading=\"lazy\"><i class=\"fa fa-search-plus\" aria-hidden=\"true\"><\/i><br \/>\n\t\t\t\t\t\t<\/span><br \/>\n\t\t\t\t\t<\/figure>\n<figure>\n\t\t\t\t\t<span style=\"cursor: pointer\" data-src=\"https:\/\/autorai.nl\/wp-content\/uploads\/2024\/12\/ds-automobiles-n8-studioshoot-2025-foto21-1600x1067.jpg\" data-fancybox=\"galery-0\" title=\"\"><br \/>\n\t\t\t\t\t\t\t<img decoding=\"async\" width=\"360\" height=\"270\" src=\"https:\/\/autorai.nl\/wp-content\/uploads\/2024\/12\/ds-automobiles-n8-studioshoot-2025-foto21-360x270.jpg\" class=\"attachment-small size-small\" alt=\"\" loading=\"lazy\"><i class=\"fa fa-search-plus\" aria-hidden=\"true\"><\/i><br \/>\n\t\t\t\t\t\t<\/span><br \/>\n\t\t\t\t\t<\/figure>\n<figure>\n\t\t\t\t\t<span style=\"cursor: pointer\" data-src=\"https:\/\/autorai.nl\/wp-content\/uploads\/2024\/12\/ds-automobiles-n8-studioshoot-2025-foto20-1600x1067.jpg\" data-fancybox=\"galery-0\" title=\"\"><br \/>\n\t\t\t\t\t\t\t<img decoding=\"async\" width=\"360\" height=\"270\" src=\"https:\/\/autorai.nl\/wp-content\/uploads\/2024\/12\/ds-automobiles-n8-studioshoot-2025-foto20-360x270.jpg\" class=\"attachment-small size-small\" alt=\"\" loading=\"lazy\"><i class=\"fa fa-search-plus\" aria-hidden=\"true\"><\/i><br \/>\n\t\t\t\t\t\t<\/span><br \/>\n\t\t\t\t\t<\/figure>\n<figure>\n\t\t\t\t\t<span style=\"cursor: pointer\" data-src=\"https:\/\/autorai.nl\/wp-content\/uploads\/2024\/12\/ds-automobiles-n8-studioshoot-2025-foto19-1600x1067.jpg\" data-fancybox=\"galery-0\" title=\"\"><br \/>\n\t\t\t\t\t\t\t<img decoding=\"async\" width=\"360\" height=\"270\" src=\"https:\/\/autorai.nl\/wp-content\/uploads\/2024\/12\/ds-automobiles-n8-studioshoot-2025-foto19-360x270.jpg\" class=\"attachment-small size-small\" alt=\"\" loading=\"lazy\"><i class=\"fa fa-search-plus\" aria-hidden=\"true\"><\/i><br \/>\n\t\t\t\t\t\t<\/span><br \/>\n\t\t\t\t\t<\/figure>\n<figure>\n\t\t\t\t\t<span style=\"cursor: pointer\" data-src=\"https:\/\/autorai.nl\/wp-content\/uploads\/2024\/12\/ds-automobiles-n8-studioshoot-2025-foto18-1600x1067.jpg\" data-fancybox=\"galery-0\" title=\"\"><br \/>\n\t\t\t\t\t\t\t<img decoding=\"async\" width=\"360\" height=\"270\" src=\"https:\/\/autorai.nl\/wp-content\/uploads\/2024\/12\/ds-automobiles-n8-studioshoot-2025-foto18-360x270.jpg\" class=\"attachment-small size-small\" alt=\"\" loading=\"lazy\"><i class=\"fa fa-search-plus\" aria-hidden=\"true\"><\/i><br \/>\n\t\t\t\t\t\t<\/span><br \/>\n\t\t\t\t\t<\/figure>\n<figure>\n\t\t\t\t\t<span style=\"cursor: pointer\" data-src=\"https:\/\/autorai.nl\/wp-content\/uploads\/2024\/12\/ds-automobiles-n8-studioshoot-2025-foto17-1600x1067.jpg\" data-fancybox=\"galery-0\" title=\"\"><br \/>\n\t\t\t\t\t\t\t<img decoding=\"async\" width=\"360\" height=\"270\" src=\"https:\/\/autorai.nl\/wp-content\/uploads\/2024\/12\/ds-automobiles-n8-studioshoot-2025-foto17-360x270.jpg\" class=\"attachment-small size-small\" alt=\"\" loading=\"lazy\"><i class=\"fa fa-search-plus\" aria-hidden=\"true\"><\/i><br \/>\n\t\t\t\t\t\t<\/span><br \/>\n\t\t\t\t\t<\/figure>\n<figure>\n\t\t\t\t\t<span style=\"cursor: pointer\" data-src=\"https:\/\/autorai.nl\/wp-content\/uploads\/2024\/12\/ds-automobiles-n8-studioshoot-2025-foto16-1600x1067.jpg\" data-fancybox=\"galery-0\" title=\"\"><br \/>\n\t\t\t\t\t\t\t<img decoding=\"async\" width=\"360\" height=\"270\" src=\"https:\/\/autorai.nl\/wp-content\/uploads\/2024\/12\/ds-automobiles-n8-studioshoot-2025-foto16-360x270.jpg\" class=\"attachment-small size-small\" alt=\"DS Automobiles - DS N\u00b08\" loading=\"lazy\"><i class=\"fa fa-search-plus\" aria-hidden=\"true\"><\/i><br \/>\n\t\t\t\t\t\t<\/span><br \/>\n\t\t\t\t\t<\/figure>\n<figure>\n\t\t\t\t\t<span style=\"cursor: pointer\" data-src=\"https:\/\/autorai.nl\/wp-content\/uploads\/2024\/12\/ds-automobiles-n8-studioshoot-2025-foto15-1600x1067.jpg\" data-fancybox=\"galery-0\" title=\"\"><br \/>\n\t\t\t\t\t\t\t<img decoding=\"async\" width=\"360\" height=\"270\" src=\"https:\/\/autorai.nl\/wp-content\/uploads\/2024\/12\/ds-automobiles-n8-studioshoot-2025-foto15-360x270.jpg\" class=\"attachment-small size-small\" alt=\"\" loading=\"lazy\"><i class=\"fa fa-search-plus\" aria-hidden=\"true\"><\/i><br \/>\n\t\t\t\t\t\t<\/span><br \/>\n\t\t\t\t\t<\/figure>\n<figure>\n\t\t\t\t\t<span style=\"cursor: pointer\" data-src=\"https:\/\/autorai.nl\/wp-content\/uploads\/2024\/12\/ds-automobiles-n8-studioshoot-2025-foto14-1600x1067.jpg\" data-fancybox=\"galery-0\" title=\"\"><br \/>\n\t\t\t\t\t\t\t<img decoding=\"async\" width=\"360\" height=\"270\" src=\"https:\/\/autorai.nl\/wp-content\/uploads\/2024\/12\/ds-automobiles-n8-studioshoot-2025-foto14-360x270.jpg\" class=\"attachment-small size-small\" alt=\"\" loading=\"lazy\"><i class=\"fa fa-search-plus\" aria-hidden=\"true\"><\/i><br \/>\n\t\t\t\t\t\t<\/span><br \/>\n\t\t\t\t\t<\/figure>\n<figure>\n\t\t\t\t\t<span style=\"cursor: pointer\" data-src=\"https:\/\/autorai.nl\/wp-content\/uploads\/2024\/12\/ds-automobiles-n8-interieur-studioshoot-2025-foto10-1600x1044.jpg\" data-fancybox=\"galery-0\" title=\"\"><br \/>\n\t\t\t\t\t\t\t<img decoding=\"async\" width=\"360\" height=\"270\" src=\"https:\/\/autorai.nl\/wp-content\/uploads\/2024\/12\/ds-automobiles-n8-interieur-studioshoot-2025-foto10-360x270.jpg\" class=\"attachment-small size-small\" alt=\"\" loading=\"lazy\"><i class=\"fa fa-search-plus\" aria-hidden=\"true\"><\/i><br \/>\n\t\t\t\t\t\t<\/span><br \/>\n\t\t\t\t\t<\/figure>\n<figure>\n\t\t\t\t\t<span style=\"cursor: pointer\" data-src=\"https:\/\/autorai.nl\/wp-content\/uploads\/2024\/12\/ds-automobiles-n8-studioshoot-2025-foto13-1600x1067.jpg\" data-fancybox=\"galery-0\" title=\"\"><br \/>\n\t\t\t\t\t\t\t<img decoding=\"async\" width=\"360\" height=\"270\" src=\"https:\/\/autorai.nl\/wp-content\/uploads\/2024\/12\/ds-automobiles-n8-studioshoot-2025-foto13-360x270.jpg\" class=\"attachment-small size-small\" alt=\"Arri\u00e8re - DS Automobiles - DS N\u00b08\" loading=\"lazy\"><i class=\"fa fa-search-plus\" aria-hidden=\"true\"><\/i><br \/>\n\t\t\t\t\t\t<\/span><br \/>\n\t\t\t\t\t<\/figure>\n<figure>\n\t\t\t\t\t<span style=\"cursor: pointer\" data-src=\"https:\/\/autorai.nl\/wp-content\/uploads\/2024\/12\/ds-automobiles-n8-studioshoot-2025-foto12-1600x939.jpg\" data-fancybox=\"galery-0\" title=\"\"><br \/>\n\t\t\t\t\t\t\t<img decoding=\"async\" width=\"360\" height=\"270\" src=\"https:\/\/autorai.nl\/wp-content\/uploads\/2024\/12\/ds-automobiles-n8-studioshoot-2025-foto12-360x270.jpg\" class=\"attachment-small size-small\" alt=\"\" loading=\"lazy\"><i class=\"fa fa-search-plus\" aria-hidden=\"true\"><\/i><br \/>\n\t\t\t\t\t\t<\/span><br \/>\n\t\t\t\t\t<\/figure>\n<figure>\n\t\t\t\t\t<span style=\"cursor: pointer\" data-src=\"https:\/\/autorai.nl\/wp-content\/uploads\/2024\/12\/ds-automobiles-n8-interieur-studioshoot-2025-foto9-1600x1066.jpg\" data-fancybox=\"galery-0\" title=\"\"><br \/>\n\t\t\t\t\t\t\t<img decoding=\"async\" width=\"360\" height=\"270\" src=\"https:\/\/autorai.nl\/wp-content\/uploads\/2024\/12\/ds-automobiles-n8-interieur-studioshoot-2025-foto9-360x270.jpg\" class=\"attachment-small size-small\" alt=\"Int\u00e9rieur - DS Automobiles - DS N\u00b08\" loading=\"lazy\"><i class=\"fa fa-search-plus\" aria-hidden=\"true\"><\/i><br \/>\n\t\t\t\t\t\t<\/span><br \/>\n\t\t\t\t\t<\/figure>\n<figure>\n\t\t\t\t\t<span style=\"cursor: pointer\" data-src=\"https:\/\/autorai.nl\/wp-content\/uploads\/2024\/12\/ds-automobiles-n8-interieur-studioshoot-2025-foto8-1600x1067.jpg\" data-fancybox=\"galery-0\" title=\"\"><br \/>\n\t\t\t\t\t\t\t<img decoding=\"async\" width=\"360\" height=\"270\" src=\"https:\/\/autorai.nl\/wp-content\/uploads\/2024\/12\/ds-automobiles-n8-interieur-studioshoot-2025-foto8-360x270.jpg\" class=\"attachment-small size-small\" alt=\"\" loading=\"lazy\"><i class=\"fa fa-search-plus\" aria-hidden=\"true\"><\/i><br \/>\n\t\t\t\t\t\t<\/span><br \/>\n\t\t\t\t\t<\/figure>\n<figure>\n\t\t\t\t\t<span style=\"cursor: pointer\" data-src=\"https:\/\/autorai.nl\/wp-content\/uploads\/2024\/12\/ds-automobiles-n8-studioshoot-2025-foto11-1600x1061.jpg\" data-fancybox=\"galery-0\" title=\"\"><br \/>\n\t\t\t\t\t\t\t<img decoding=\"async\" width=\"360\" height=\"270\" src=\"https:\/\/autorai.nl\/wp-content\/uploads\/2024\/12\/ds-automobiles-n8-studioshoot-2025-foto11-360x270.jpg\" class=\"attachment-small size-small\" alt=\"\" loading=\"lazy\"><i class=\"fa fa-search-plus\" aria-hidden=\"true\"><\/i><br \/>\n\t\t\t\t\t\t<\/span><br \/>\n\t\t\t\t\t<\/figure>\n<figure>\n\t\t\t\t\t<span style=\"cursor: pointer\" data-src=\"https:\/\/autorai.nl\/wp-content\/uploads\/2024\/12\/ds-automobiles-n8-studioshoot-2025-foto10-1600x943.jpg\" data-fancybox=\"galery-0\" title=\"\"><br \/>\n\t\t\t\t\t\t\t<img decoding=\"async\" width=\"360\" height=\"270\" src=\"https:\/\/autorai.nl\/wp-content\/uploads\/2024\/12\/ds-automobiles-n8-studioshoot-2025-foto10-360x270.jpg\" class=\"attachment-small size-small\" alt=\"\" loading=\"lazy\"><i class=\"fa fa-search-plus\" aria-hidden=\"true\"><\/i><br \/>\n\t\t\t\t\t\t<\/span><br \/>\n\t\t\t\t\t<\/figure>\n<figure>\n\t\t\t\t\t<span style=\"cursor: pointer\" data-src=\"https:\/\/autorai.nl\/wp-content\/uploads\/2024\/12\/ds-automobiles-n8-interieur-studioshoot-2025-foto7-1600x1067.jpg\" data-fancybox=\"galery-0\" title=\"\"><br \/>\n\t\t\t\t\t\t\t<img decoding=\"async\" width=\"360\" height=\"270\" src=\"https:\/\/autorai.nl\/wp-content\/uploads\/2024\/12\/ds-automobiles-n8-interieur-studioshoot-2025-foto7-360x270.jpg\" class=\"attachment-small size-small\" alt=\"\" loading=\"lazy\"><i class=\"fa fa-search-plus\" aria-hidden=\"true\"><\/i><br \/>\n\t\t\t\t\t\t<\/span><br \/>\n\t\t\t\t\t<\/figure>\n<figure>\n\t\t\t\t\t<span style=\"cursor: pointer\" data-src=\"https:\/\/autorai.nl\/wp-content\/uploads\/2024\/12\/ds-automobiles-n8-studioshoot-2025-foto9-1600x932.jpg\" data-fancybox=\"galery-0\" title=\"\"><br \/>\n\t\t\t\t\t\t\t<img decoding=\"async\" width=\"360\" height=\"270\" src=\"https:\/\/autorai.nl\/wp-content\/uploads\/2024\/12\/ds-automobiles-n8-studioshoot-2025-foto9-360x270.jpg\" class=\"attachment-small size-small\" alt=\"\" loading=\"lazy\"><i class=\"fa fa-search-plus\" aria-hidden=\"true\"><\/i><br \/>\n\t\t\t\t\t\t<\/span><br \/>\n\t\t\t\t\t<\/figure>\n<figure>\n\t\t\t\t\t<span style=\"cursor: pointer\" data-src=\"https:\/\/autorai.nl\/wp-content\/uploads\/2024\/12\/ds-automobiles-n8-interieur-studioshoot-2025-foto6-1600x1067.jpg\" data-fancybox=\"galery-0\" title=\"\"><br \/>\n\t\t\t\t\t\t\t<img decoding=\"async\" width=\"360\" height=\"270\" src=\"https:\/\/autorai.nl\/wp-content\/uploads\/2024\/12\/ds-automobiles-n8-interieur-studioshoot-2025-foto6-360x270.jpg\" class=\"attachment-small size-small\" alt=\"\" loading=\"lazy\"><i class=\"fa fa-search-plus\" aria-hidden=\"true\"><\/i><br \/>\n\t\t\t\t\t\t<\/span><br \/>\n\t\t\t\t\t<\/figure>\n<figure>\n\t\t\t\t\t<span style=\"cursor: pointer\" data-src=\"https:\/\/autorai.nl\/wp-content\/uploads\/2024\/12\/ds-automobiles-n8-studioshoot-2025-foto8-1600x1067.jpg\" data-fancybox=\"galery-0\" title=\"\"><br \/>\n\t\t\t\t\t\t\t<img decoding=\"async\" width=\"360\" height=\"270\" src=\"https:\/\/autorai.nl\/wp-content\/uploads\/2024\/12\/ds-automobiles-n8-studioshoot-2025-foto8-360x270.jpg\" class=\"attachment-small size-small\" alt=\"\" loading=\"lazy\"><i class=\"fa fa-search-plus\" aria-hidden=\"true\"><\/i><br \/>\n\t\t\t\t\t\t<\/span><br \/>\n\t\t\t\t\t<\/figure>\n<figure>\n\t\t\t\t\t<span style=\"cursor: pointer\" data-src=\"https:\/\/autorai.nl\/wp-content\/uploads\/2024\/12\/ds-automobiles-n8-interieur-studioshoot-2025-foto5-1600x1067.jpg\" data-fancybox=\"galery-0\" title=\"\"><br \/>\n\t\t\t\t\t\t\t<img decoding=\"async\" width=\"360\" height=\"270\" src=\"https:\/\/autorai.nl\/wp-content\/uploads\/2024\/12\/ds-automobiles-n8-interieur-studioshoot-2025-foto5-360x270.jpg\" class=\"attachment-small size-small\" alt=\"Volant en X de DS Automobiles - DS N\u00b08\" loading=\"lazy\"><i class=\"fa fa-search-plus\" aria-hidden=\"true\"><\/i><br \/>\n\t\t\t\t\t\t<\/span><br \/>\n\t\t\t\t\t<\/figure>\n<figure>\n\t\t\t\t\t<span style=\"cursor: pointer\" data-src=\"https:\/\/autorai.nl\/wp-content\/uploads\/2024\/12\/ds-automobiles-number-8-2025-foto19-1600x1200.jpg\" data-fancybox=\"galery-0\" title=\"\"><br \/>\n\t\t\t\t\t\t\t<img decoding=\"async\" width=\"360\" height=\"270\" src=\"https:\/\/autorai.nl\/wp-content\/uploads\/2024\/12\/ds-automobiles-number-8-2025-foto19-360x270.jpg\" class=\"attachment-small size-small\" alt=\"\" loading=\"lazy\"><i class=\"fa fa-search-plus\" aria-hidden=\"true\"><\/i><br \/>\n\t\t\t\t\t\t<\/span><br \/>\n\t\t\t\t\t<\/figure>\n<figure>\n\t\t\t\t\t<span style=\"cursor: pointer\" data-src=\"https:\/\/autorai.nl\/wp-content\/uploads\/2024\/12\/ds-automobiles-n8-studioshoot-2025-foto7-1600x1067.jpg\" data-fancybox=\"galery-0\" title=\"\"><br \/>\n\t\t\t\t\t\t\t<img decoding=\"async\" width=\"360\" height=\"270\" src=\"https:\/\/autorai.nl\/wp-content\/uploads\/2024\/12\/ds-automobiles-n8-studioshoot-2025-foto7-360x270.jpg\" class=\"attachment-small size-small\" alt=\"\" loading=\"lazy\"><i class=\"fa fa-search-plus\" aria-hidden=\"true\"><\/i><br \/>\n\t\t\t\t\t\t<\/span><br \/>\n\t\t\t\t\t<\/figure>\n<figure>\n\t\t\t\t\t<span style=\"cursor: pointer\" data-src=\"https:\/\/autorai.nl\/wp-content\/uploads\/2024\/12\/ds-automobiles-number-8-2025-foto18-1600x1200.jpg\" data-fancybox=\"galery-0\" title=\"\"><br \/>\n\t\t\t\t\t\t\t<img decoding=\"async\" width=\"360\" height=\"270\" src=\"https:\/\/autorai.nl\/wp-content\/uploads\/2024\/12\/ds-automobiles-number-8-2025-foto18-360x270.jpg\" class=\"attachment-small size-small\" alt=\"\" loading=\"lazy\"><i class=\"fa fa-search-plus\" aria-hidden=\"true\"><\/i><br \/>\n\t\t\t\t\t\t<\/span><br \/>\n\t\t\t\t\t<\/figure>\n<figure>\n\t\t\t\t\t<span style=\"cursor: pointer\" data-src=\"https:\/\/autorai.nl\/wp-content\/uploads\/2024\/12\/ds-automobiles-n8-interieur-studioshoot-2025-foto4-1600x1067.jpg\" data-fancybox=\"galery-0\" title=\"\"><br \/>\n\t\t\t\t\t\t\t<img decoding=\"async\" width=\"360\" height=\"270\" src=\"https:\/\/autorai.nl\/wp-content\/uploads\/2024\/12\/ds-automobiles-n8-interieur-studioshoot-2025-foto4-360x270.jpg\" class=\"attachment-small size-small\" alt=\"\" loading=\"lazy\"><i class=\"fa fa-search-plus\" aria-hidden=\"true\"><\/i><br \/>\n\t\t\t\t\t\t<\/span><br \/>\n\t\t\t\t\t<\/figure>\n<figure>\n\t\t\t\t\t<span style=\"cursor: pointer\" data-src=\"https:\/\/autorai.nl\/wp-content\/uploads\/2024\/12\/ds-automobiles-n8-studioshoot-2025-foto6-1600x1067.jpg\" data-fancybox=\"galery-0\" title=\"\"><br \/>\n\t\t\t\t\t\t\t<img decoding=\"async\" width=\"360\" height=\"270\" src=\"https:\/\/autorai.nl\/wp-content\/uploads\/2024\/12\/ds-automobiles-n8-studioshoot-2025-foto6-360x270.jpg\" class=\"attachment-small size-small\" alt=\"\" loading=\"lazy\"><i class=\"fa fa-search-plus\" aria-hidden=\"true\"><\/i><br \/>\n\t\t\t\t\t\t<\/span><br \/>\n\t\t\t\t\t<\/figure>\n<figure>\n\t\t\t\t\t<span style=\"cursor: pointer\" data-src=\"https:\/\/autorai.nl\/wp-content\/uploads\/2024\/12\/ds-automobiles-number-8-2025-foto17-1600x1200.jpg\" data-fancybox=\"galery-0\" title=\"\"><br \/>\n\t\t\t\t\t\t\t<img decoding=\"async\" width=\"360\" height=\"270\" src=\"https:\/\/autorai.nl\/wp-content\/uploads\/2024\/12\/ds-automobiles-number-8-2025-foto17-360x270.jpg\" class=\"attachment-small size-small\" alt=\"\" loading=\"lazy\"><i class=\"fa fa-search-plus\" aria-hidden=\"true\"><\/i><br \/>\n\t\t\t\t\t\t<\/span><br \/>\n\t\t\t\t\t<\/figure>\n<figure>\n\t\t\t\t\t<span style=\"cursor: pointer\" data-src=\"https:\/\/autorai.nl\/wp-content\/uploads\/2024\/12\/ds-automobiles-n8-interieur-studioshoot-2025-foto3-1600x1067.jpg\" data-fancybox=\"galery-0\" title=\"\"><br \/>\n\t\t\t\t\t\t\t<img decoding=\"async\" width=\"360\" height=\"270\" src=\"https:\/\/autorai.nl\/wp-content\/uploads\/2024\/12\/ds-automobiles-n8-interieur-studioshoot-2025-foto3-360x270.jpg\" class=\"attachment-small size-small\" alt=\"\" loading=\"lazy\"><i class=\"fa fa-search-plus\" aria-hidden=\"true\"><\/i><br \/>\n\t\t\t\t\t\t<\/span><br \/>\n\t\t\t\t\t<\/figure>\n<figure>\n\t\t\t\t\t<span style=\"cursor: pointer\" data-src=\"https:\/\/autorai.nl\/wp-content\/uploads\/2024\/12\/ds-automobiles-number-8-2025-foto16-1600x1200.jpg\" data-fancybox=\"galery-0\" title=\"\"><br \/>\n\t\t\t\t\t\t\t<img decoding=\"async\" width=\"360\" height=\"270\" src=\"https:\/\/autorai.nl\/wp-content\/uploads\/2024\/12\/ds-automobiles-number-8-2025-foto16-360x270.jpg\" class=\"attachment-small size-small\" alt=\"\" loading=\"lazy\"><i class=\"fa fa-search-plus\" aria-hidden=\"true\"><\/i><br \/>\n\t\t\t\t\t\t<\/span><br \/>\n\t\t\t\t\t<\/figure>\n<figure>\n\t\t\t\t\t<span style=\"cursor: pointer\" data-src=\"https:\/\/autorai.nl\/wp-content\/uploads\/2024\/12\/ds-automobiles-n8-studioshoot-2025-foto5-1600x1067.jpg\" data-fancybox=\"galery-0\" title=\"\"><br \/>\n\t\t\t\t\t\t\t<img decoding=\"async\" width=\"360\" height=\"270\" src=\"https:\/\/autorai.nl\/wp-content\/uploads\/2024\/12\/ds-automobiles-n8-studioshoot-2025-foto5-360x270.jpg\" class=\"attachment-small size-small\" alt=\"\" loading=\"lazy\"><i class=\"fa fa-search-plus\" aria-hidden=\"true\"><\/i><br \/>\n\t\t\t\t\t\t<\/span><br \/>\n\t\t\t\t\t<\/figure>\n<figure>\n\t\t\t\t\t<span style=\"cursor: pointer\" data-src=\"https:\/\/autorai.nl\/wp-content\/uploads\/2024\/12\/ds-automobiles-n8-interieur-studioshoot-2025-foto2-1600x1067.jpg\" data-fancybox=\"galery-0\" title=\"\"><br \/>\n\t\t\t\t\t\t\t<img decoding=\"async\" width=\"360\" height=\"270\" src=\"https:\/\/autorai.nl\/wp-content\/uploads\/2024\/12\/ds-automobiles-n8-interieur-studioshoot-2025-foto2-360x270.jpg\" class=\"attachment-small size-small\" alt=\"\" loading=\"lazy\"><i class=\"fa fa-search-plus\" aria-hidden=\"true\"><\/i><br \/>\n\t\t\t\t\t\t<\/span><br \/>\n\t\t\t\t\t<\/figure>\n<figure>\n\t\t\t\t\t<span style=\"cursor: pointer\" data-src=\"https:\/\/autorai.nl\/wp-content\/uploads\/2024\/12\/ds-automobiles-number-8-2025-foto15-1600x1200.jpg\" data-fancybox=\"galery-0\" title=\"\"><br \/>\n\t\t\t\t\t\t\t<img decoding=\"async\" width=\"360\" height=\"270\" src=\"https:\/\/autorai.nl\/wp-content\/uploads\/2024\/12\/ds-automobiles-number-8-2025-foto15-360x270.jpg\" class=\"attachment-small size-small\" alt=\"\" loading=\"lazy\"><i class=\"fa fa-search-plus\" aria-hidden=\"true\"><\/i><br \/>\n\t\t\t\t\t\t<\/span><br \/>\n\t\t\t\t\t<\/figure>\n<figure>\n\t\t\t\t\t<span style=\"cursor: pointer\" data-src=\"https:\/\/autorai.nl\/wp-content\/uploads\/2024\/12\/ds-automobiles-n8-studioshoot-2025-foto4-1600x1067.jpg\" data-fancybox=\"galery-0\" title=\"\"><br \/>\n\t\t\t\t\t\t\t<img decoding=\"async\" width=\"360\" height=\"270\" src=\"https:\/\/autorai.nl\/wp-content\/uploads\/2024\/12\/ds-automobiles-n8-studioshoot-2025-foto4-360x270.jpg\" class=\"attachment-small size-small\" alt=\"\" loading=\"lazy\"><i class=\"fa fa-search-plus\" aria-hidden=\"true\"><\/i><br \/>\n\t\t\t\t\t\t<\/span><br \/>\n\t\t\t\t\t<\/figure>\n<figure>\n\t\t\t\t\t<span style=\"cursor: pointer\" data-src=\"https:\/\/autorai.nl\/wp-content\/uploads\/2024\/12\/ds-automobiles-number-8-2025-foto14-1600x1200.jpg\" data-fancybox=\"galery-0\" title=\"\"><br \/>\n\t\t\t\t\t\t\t<img decoding=\"async\" width=\"360\" height=\"270\" src=\"https:\/\/autorai.nl\/wp-content\/uploads\/2024\/12\/ds-automobiles-number-8-2025-foto14-360x270.jpg\" class=\"attachment-small size-small\" alt=\"\" loading=\"lazy\"><i class=\"fa fa-search-plus\" aria-hidden=\"true\"><\/i><br \/>\n\t\t\t\t\t\t<\/span><br \/>\n\t\t\t\t\t<\/figure>\n<figure>\n\t\t\t\t\t<span style=\"cursor: pointer\" data-src=\"https:\/\/autorai.nl\/wp-content\/uploads\/2024\/12\/ds-automobiles-n8-interieur-studioshoot-2025-foto1-1600x1067.jpg\" data-fancybox=\"galery-0\" title=\"\"><br \/>\n\t\t\t\t\t\t\t<img decoding=\"async\" width=\"360\" height=\"270\" src=\"https:\/\/autorai.nl\/wp-content\/uploads\/2024\/12\/ds-automobiles-n8-interieur-studioshoot-2025-foto1-360x270.jpg\" class=\"attachment-small size-small\" alt=\"\" loading=\"lazy\"><i class=\"fa fa-search-plus\" aria-hidden=\"true\"><\/i><br \/>\n\t\t\t\t\t\t<\/span><br \/>\n\t\t\t\t\t<\/figure>\n<figure>\n\t\t\t\t\t<span style=\"cursor: pointer\" data-src=\"https:\/\/autorai.nl\/wp-content\/uploads\/2024\/12\/ds-automobiles-n8-studioshoot-2025-foto3-1600x749.jpg\" data-fancybox=\"galery-0\" title=\"\"><br \/>\n\t\t\t\t\t\t\t<img decoding=\"async\" width=\"360\" height=\"270\" src=\"https:\/\/autorai.nl\/wp-content\/uploads\/2024\/12\/ds-automobiles-n8-studioshoot-2025-foto3-360x270.jpg\" class=\"attachment-small size-small\" alt=\"\" loading=\"lazy\"><i class=\"fa fa-search-plus\" aria-hidden=\"true\"><\/i><br \/>\n\t\t\t\t\t\t<\/span><br \/>\n\t\t\t\t\t<\/figure>\n<figure>\n\t\t\t\t\t<span style=\"cursor: pointer\" data-src=\"https:\/\/autorai.nl\/wp-content\/uploads\/2024\/12\/ds-automobiles-number-8-2025-foto13-1600x1200.jpg\" data-fancybox=\"galery-0\" title=\"\"><br \/>\n\t\t\t\t\t\t\t<img decoding=\"async\" width=\"360\" height=\"270\" src=\"https:\/\/autorai.nl\/wp-content\/uploads\/2024\/12\/ds-automobiles-number-8-2025-foto13-360x270.jpg\" class=\"attachment-small size-small\" alt=\"\" loading=\"lazy\"><i class=\"fa fa-search-plus\" aria-hidden=\"true\"><\/i><br \/>\n\t\t\t\t\t\t<\/span><br \/>\n\t\t\t\t\t<\/figure>\n<figure>\n\t\t\t\t\t<span style=\"cursor: pointer\" data-src=\"https:\/\/autorai.nl\/wp-content\/uploads\/2024\/12\/ds-automobiles-number-8-2025-foto12-1600x1200.jpg\" data-fancybox=\"galery-0\" title=\"\"><br \/>\n\t\t\t\t\t\t\t<img decoding=\"async\" width=\"360\" height=\"270\" src=\"https:\/\/autorai.nl\/wp-content\/uploads\/2024\/12\/ds-automobiles-number-8-2025-foto12-360x270.jpg\" class=\"attachment-small size-small\" alt=\"\" loading=\"lazy\"><i class=\"fa fa-search-plus\" aria-hidden=\"true\"><\/i><br \/>\n\t\t\t\t\t\t<\/span><br \/>\n\t\t\t\t\t<\/figure>\n<figure>\n\t\t\t\t\t<span style=\"cursor: pointer\" data-src=\"https:\/\/autorai.nl\/wp-content\/uploads\/2024\/12\/ds-automobiles-n8-studioshoot-2025-foto2-1600x1067.jpg\" data-fancybox=\"galery-0\" title=\"\"><br \/>\n\t\t\t\t\t\t\t<img decoding=\"async\" width=\"360\" height=\"270\" src=\"https:\/\/autorai.nl\/wp-content\/uploads\/2024\/12\/ds-automobiles-n8-studioshoot-2025-foto2-360x270.jpg\" class=\"attachment-small size-small\" alt=\"\" loading=\"lazy\"><i class=\"fa fa-search-plus\" aria-hidden=\"true\"><\/i><br \/>\n\t\t\t\t\t\t<\/span><br \/>\n\t\t\t\t\t<\/figure>\n<figure>\n\t\t\t\t\t<span style=\"cursor: pointer\" data-src=\"https:\/\/autorai.nl\/wp-content\/uploads\/2024\/12\/ds-automobiles-number-8-2025-foto11-1600x1200.jpg\" data-fancybox=\"galery-0\" title=\"\"><br \/>\n\t\t\t\t\t\t\t<img decoding=\"async\" width=\"360\" height=\"270\" src=\"https:\/\/autorai.nl\/wp-content\/uploads\/2024\/12\/ds-automobiles-number-8-2025-foto11-360x270.jpg\" class=\"attachment-small size-small\" alt=\"\" loading=\"lazy\"><i class=\"fa fa-search-plus\" aria-hidden=\"true\"><\/i><br \/>\n\t\t\t\t\t\t<\/span><br \/>\n\t\t\t\t\t<\/figure>\n<figure>\n\t\t\t\t\t<span style=\"cursor: pointer\" data-src=\"https:\/\/autorai.nl\/wp-content\/uploads\/2024\/12\/ds-automobiles-n8-studioshoot-2025-foto1-1600x1067.jpg\" data-fancybox=\"galery-0\" title=\"\"><br \/>\n\t\t\t\t\t\t\t<img decoding=\"async\" width=\"360\" height=\"270\" src=\"https:\/\/autorai.nl\/wp-content\/uploads\/2024\/12\/ds-automobiles-n8-studioshoot-2025-foto1-360x270.jpg\" class=\"attachment-small size-small\" alt=\"\" loading=\"lazy\"><i class=\"fa fa-search-plus\" aria-hidden=\"true\"><\/i><br \/>\n\t\t\t\t\t\t<\/span><br \/>\n\t\t\t\t\t<\/figure>\n<figure>\n\t\t\t\t\t<span style=\"cursor: pointer\" data-src=\"https:\/\/autorai.nl\/wp-content\/uploads\/2024\/12\/ds-automobiles-number-8-2025-foto10-1600x1200.jpg\" data-fancybox=\"galery-0\" title=\"\"><br \/>\n\t\t\t\t\t\t\t<img decoding=\"async\" width=\"360\" height=\"270\" src=\"https:\/\/autorai.nl\/wp-content\/uploads\/2024\/12\/ds-automobiles-number-8-2025-foto10-360x270.jpg\" class=\"attachment-small size-small\" alt=\"\" loading=\"lazy\"><i class=\"fa fa-search-plus\" aria-hidden=\"true\"><\/i><br \/>\n\t\t\t\t\t\t<\/span><br \/>\n\t\t\t\t\t<\/figure>\n<figure>\n\t\t\t\t\t<span style=\"cursor: pointer\" data-src=\"https:\/\/autorai.nl\/wp-content\/uploads\/2024\/12\/ds-automobiles-number-8-2025-foto9-1600x1200.jpg\" data-fancybox=\"galery-0\" title=\"\"><br \/>\n\t\t\t\t\t\t\t<img decoding=\"async\" width=\"360\" height=\"270\" src=\"https:\/\/autorai.nl\/wp-content\/uploads\/2024\/12\/ds-automobiles-number-8-2025-foto9-360x270.jpg\" class=\"attachment-small size-small\" alt=\"\" loading=\"lazy\"><i class=\"fa fa-search-plus\" aria-hidden=\"true\"><\/i><br \/>\n\t\t\t\t\t\t<\/span><br \/>\n\t\t\t\t\t<\/figure>\n<figure>\n\t\t\t\t\t<span style=\"cursor: pointer\" data-src=\"https:\/\/autorai.nl\/wp-content\/uploads\/2024\/12\/ds-automobiles-number-8-2025-foto8-1600x1200.jpg\" data-fancybox=\"galery-0\" title=\"\"><br \/>\n\t\t\t\t\t\t\t<img decoding=\"async\" width=\"360\" height=\"270\" src=\"https:\/\/autorai.nl\/wp-content\/uploads\/2024\/12\/ds-automobiles-number-8-2025-foto8-360x270.jpg\" class=\"attachment-small size-small\" alt=\"\" loading=\"lazy\"><i class=\"fa fa-search-plus\" aria-hidden=\"true\"><\/i><br \/>\n\t\t\t\t\t\t<\/span><br \/>\n\t\t\t\t\t<\/figure>\n<figure>\n\t\t\t\t\t<span style=\"cursor: pointer\" data-src=\"https:\/\/autorai.nl\/wp-content\/uploads\/2024\/12\/ds-automobiles-number-8-2025-foto7-1600x1200.jpg\" data-fancybox=\"galery-0\" title=\"\"><br \/>\n\t\t\t\t\t\t\t<img decoding=\"async\" width=\"360\" height=\"270\" src=\"https:\/\/autorai.nl\/wp-content\/uploads\/2024\/12\/ds-automobiles-number-8-2025-foto7-360x270.jpg\" class=\"attachment-small size-small\" alt=\"\" loading=\"lazy\"><i class=\"fa fa-search-plus\" aria-hidden=\"true\"><\/i><br \/>\n\t\t\t\t\t\t<\/span><br \/>\n\t\t\t\t\t<\/figure>\n<figure>\n\t\t\t\t\t<span style=\"cursor: pointer\" data-src=\"https:\/\/autorai.nl\/wp-content\/uploads\/2024\/12\/ds-automobiles-number-8-2025-foto6-1600x1200.jpg\" data-fancybox=\"galery-0\" title=\"\"><br \/>\n\t\t\t\t\t\t\t<img decoding=\"async\" width=\"360\" height=\"270\" src=\"https:\/\/autorai.nl\/wp-content\/uploads\/2024\/12\/ds-automobiles-number-8-2025-foto6-360x270.jpg\" class=\"attachment-small size-small\" alt=\"\" loading=\"lazy\"><i class=\"fa fa-search-plus\" aria-hidden=\"true\"><\/i><br \/>\n\t\t\t\t\t\t<\/span><br \/>\n\t\t\t\t\t<\/figure>\n<figure>\n\t\t\t\t\t<span style=\"cursor: pointer\" data-src=\"https:\/\/autorai.nl\/wp-content\/uploads\/2024\/12\/ds-automobiles-number-8-2025-foto5-1600x1200.jpg\" data-fancybox=\"galery-0\" title=\"\"><br \/>\n\t\t\t\t\t\t\t<img decoding=\"async\" width=\"360\" height=\"270\" src=\"https:\/\/autorai.nl\/wp-content\/uploads\/2024\/12\/ds-automobiles-number-8-2025-foto5-360x270.jpg\" class=\"attachment-small size-small\" alt=\"\" loading=\"lazy\"><i class=\"fa fa-search-plus\" aria-hidden=\"true\"><\/i><br \/>\n\t\t\t\t\t\t<\/span><br \/>\n\t\t\t\t\t<\/figure>\n<figure>\n\t\t\t\t\t<span style=\"cursor: pointer\" data-src=\"https:\/\/autorai.nl\/wp-content\/uploads\/2024\/12\/ds-automobiles-number-8-2025-foto4-1600x1200.jpg\" data-fancybox=\"galery-0\" title=\"\"><br \/>\n\t\t\t\t\t\t\t<img decoding=\"async\" width=\"360\" height=\"270\" src=\"https:\/\/autorai.nl\/wp-content\/uploads\/2024\/12\/ds-automobiles-number-8-2025-foto4-360x270.jpg\" class=\"attachment-small size-small\" alt=\"\" loading=\"lazy\"><i class=\"fa fa-search-plus\" aria-hidden=\"true\"><\/i><br \/>\n\t\t\t\t\t\t<\/span><br \/>\n\t\t\t\t\t<\/figure>\n<figure>\n\t\t\t\t\t<span style=\"cursor: pointer\" data-src=\"https:\/\/autorai.nl\/wp-content\/uploads\/2024\/12\/ds-automobiles-number-8-2025-foto3-1600x1200.jpg\" data-fancybox=\"galery-0\" title=\"\"><br \/>\n\t\t\t\t\t\t\t<img decoding=\"async\" width=\"360\" height=\"270\" src=\"https:\/\/autorai.nl\/wp-content\/uploads\/2024\/12\/ds-automobiles-number-8-2025-foto3-360x270.jpg\" class=\"attachment-small size-small\" alt=\"\" loading=\"lazy\"><i class=\"fa fa-search-plus\" aria-hidden=\"true\"><\/i><br \/>\n\t\t\t\t\t\t<\/span><br \/>\n\t\t\t\t\t<\/figure>\n<figure>\n\t\t\t\t\t<span style=\"cursor: pointer\" data-src=\"https:\/\/autorai.nl\/wp-content\/uploads\/2024\/12\/ds-automobiles-number-8-2025-foto2-1600x1200.jpg\" data-fancybox=\"galery-0\" title=\"\"><br \/>\n\t\t\t\t\t\t\t<img decoding=\"async\" width=\"360\" height=\"270\" src=\"https:\/\/autorai.nl\/wp-content\/uploads\/2024\/12\/ds-automobiles-number-8-2025-foto2-360x270.jpg\" class=\"attachment-small size-small\" alt=\"\" loading=\"lazy\"><i class=\"fa fa-search-plus\" aria-hidden=\"true\"><\/i><br \/>\n\t\t\t\t\t\t<\/span><br \/>\n\t\t\t\t\t<\/figure>\n<figure>\n\t\t\t\t\t<span style=\"cursor: pointer\" data-src=\"https:\/\/autorai.nl\/wp-content\/uploads\/2024\/12\/ds-automobiles-number-8-2025-foto1-1600x1200.jpg\" data-fancybox=\"galery-0\" title=\"\"><br \/>\n\t\t\t\t\t\t\t<img decoding=\"async\" width=\"360\" height=\"270\" src=\"https:\/\/autorai.nl\/wp-content\/uploads\/2024\/12\/ds-automobiles-number-8-2025-foto1-360x270.jpg\" class=\"attachment-small size-small\" alt=\"\" loading=\"lazy\"><i class=\"fa fa-search-plus\" aria-hidden=\"true\"><\/i><br \/>\n\t\t\t\t\t\t<\/span><br \/>\n\t\t\t\t\t<\/figure>\n<div class=\"clear\"><\/div>\n<\/div>\n","protected":false},"excerpt":{"rendered":"La DS N\u00b08 est un SUV coup\u00e9, en quelque sorte L'inspiration de cette DS N\u00b08 vient du concept DS Aero\u2026","protected":false},"author":0,"featured_media":150667,"comment_status":"","ping_status":"open","sticky":false,"template":"","format":"standard","meta":{"footnotes":""},"categories":[127],"tags":[],"class_list":["post-152556","post","type-post","status-publish","format-standard","has-post-thumbnail","hentry","category-nouvelles-de-voiture"],"acf":[],"yoast_head":"<!-- This site is optimized with the Yoast SEO plugin v21.2 - https:\/\/yoast.com\/wordpress\/plugins\/seo\/ -->\n<title>DS N\u00b08 : un VE tout sauf ordinaire - premi\u00e8re pr\u00e9sentation - AutoRAI TV - All cars news<\/title>\n<meta name=\"robots\" content=\"index, follow, max-snippet:-1, max-image-preview:large, max-video-preview:-1\" \/>\n<link rel=\"canonical\" href=\"https:\/\/all-car-news.com\/fr\/ds-n8-un-ve-tout-sauf-ordinaire-premiere-presentation-autorai-tv\/\" \/>\n<meta property=\"og:locale\" content=\"fr_FR\" \/>\n<meta property=\"og:type\" content=\"article\" \/>\n<meta property=\"og:title\" content=\"DS N\u00b08 : un VE tout sauf ordinaire - premi\u00e8re pr\u00e9sentation - AutoRAI TV - All cars news\" \/>\n<meta property=\"og:description\" content=\"La DS N\u00b08 est un SUV coup\u00e9, en quelque sorte L&#039;inspiration de cette DS N\u00b08 vient du concept DS Aero Sport Lounge de 2021. C&#039;\u00e9tait un SUV coup\u00e9. Trois essais pour deviner ce qu&#039;est cette voiture fran\u00e7aise. Oui, \u00e9galement un coup\u00e9 SUV, bien que la voiture penche plus vers un crossover, ou quelque chose de difficile \u00e0 cataloguer [...]\" \/>\n<meta property=\"og:url\" content=\"https:\/\/all-car-news.com\/fr\/ds-n8-un-ve-tout-sauf-ordinaire-premiere-presentation-autorai-tv\/\" \/>\n<meta property=\"og:site_name\" content=\"All cars news\" \/>\n<meta property=\"article:published_time\" content=\"2024-12-12T10:01:00+00:00\" \/>\n<meta property=\"og:image\" content=\"https:\/\/autorai.nl\/wp-content\/uploads\/2024\/12\/ds-automobiles-n8-studioshoot-2025-foto23-1140x760.jpg\" \/>\n<meta name=\"twitter:card\" content=\"summary_large_image\" \/>\n<meta name=\"twitter:label1\" content=\"Dur\u00e9e de lecture estim\u00e9e\" \/>\n\t<meta name=\"twitter:data1\" content=\"7 minutes\" \/>\n<script type=\"application\/ld+json\" class=\"yoast-schema-graph\">{\"@context\":\"https:\/\/schema.org\",\"@graph\":[{\"@type\":\"Article\",\"@id\":\"https:\/\/all-car-news.com\/fr\/ds-n8-un-ve-tout-sauf-ordinaire-premiere-presentation-autorai-tv\/#article\",\"isPartOf\":{\"@id\":\"https:\/\/all-car-news.com\/fr\/ds-n8-un-ve-tout-sauf-ordinaire-premiere-presentation-autorai-tv\/\"},\"author\":{\"name\":\"\",\"@id\":\"\"},\"headline\":\"DS N\u00b08 : un VE tout sauf ordinaire &#8211; premi\u00e8re pr\u00e9sentation &#8211; AutoRAI TV\",\"datePublished\":\"2024-12-12T10:01:00+00:00\",\"dateModified\":\"2024-12-12T10:01:00+00:00\",\"mainEntityOfPage\":{\"@id\":\"https:\/\/all-car-news.com\/fr\/ds-n8-un-ve-tout-sauf-ordinaire-premiere-presentation-autorai-tv\/\"},\"wordCount\":1535,\"publisher\":{\"@id\":\"https:\/\/all-car-news.com\/fr\/#organization\"},\"articleSection\":[\"nouvelles de voiture\"],\"inLanguage\":\"fr-FR\"},{\"@type\":\"WebPage\",\"@id\":\"https:\/\/all-car-news.com\/fr\/ds-n8-un-ve-tout-sauf-ordinaire-premiere-presentation-autorai-tv\/\",\"url\":\"https:\/\/all-car-news.com\/fr\/ds-n8-un-ve-tout-sauf-ordinaire-premiere-presentation-autorai-tv\/\",\"name\":\"DS N\u00b08 : un VE tout sauf ordinaire - premi\u00e8re pr\u00e9sentation - AutoRAI TV - All cars news\",\"isPartOf\":{\"@id\":\"https:\/\/all-car-news.com\/fr\/#website\"},\"datePublished\":\"2024-12-12T10:01:00+00:00\",\"dateModified\":\"2024-12-12T10:01:00+00:00\",\"breadcrumb\":{\"@id\":\"https:\/\/all-car-news.com\/fr\/ds-n8-un-ve-tout-sauf-ordinaire-premiere-presentation-autorai-tv\/#breadcrumb\"},\"inLanguage\":\"fr-FR\",\"potentialAction\":[{\"@type\":\"ReadAction\",\"target\":[\"https:\/\/all-car-news.com\/fr\/ds-n8-un-ve-tout-sauf-ordinaire-premiere-presentation-autorai-tv\/\"]}]},{\"@type\":\"BreadcrumbList\",\"@id\":\"https:\/\/all-car-news.com\/fr\/ds-n8-un-ve-tout-sauf-ordinaire-premiere-presentation-autorai-tv\/#breadcrumb\",\"itemListElement\":[{\"@type\":\"ListItem\",\"position\":1,\"name\":\"Home\",\"item\":\"https:\/\/all-car-news.com\/fr\/\"},{\"@type\":\"ListItem\",\"position\":2,\"name\":\"DS N\u00b08 : un VE tout sauf ordinaire &#8211; premi\u00e8re pr\u00e9sentation &#8211; AutoRAI TV\"}]},{\"@type\":\"WebSite\",\"@id\":\"https:\/\/all-car-news.com\/fr\/#website\",\"url\":\"https:\/\/all-car-news.com\/fr\/\",\"name\":\"All cars news\",\"description\":\"\",\"publisher\":{\"@id\":\"https:\/\/all-car-news.com\/fr\/#organization\"},\"potentialAction\":[{\"@type\":\"SearchAction\",\"target\":{\"@type\":\"EntryPoint\",\"urlTemplate\":\"https:\/\/all-car-news.com\/fr\/?s={search_term_string}\"},\"query-input\":\"required name=search_term_string\"}],\"inLanguage\":\"fr-FR\"},{\"@type\":\"Organization\",\"@id\":\"https:\/\/all-car-news.com\/fr\/#organization\",\"name\":\"All cars news\",\"url\":\"https:\/\/all-car-news.com\/fr\/\",\"logo\":{\"@type\":\"ImageObject\",\"inLanguage\":\"fr-FR\",\"@id\":\"https:\/\/all-car-news.com\/fr\/#\/schema\/logo\/image\/\",\"url\":\"https:\/\/all-car-news.com\/wp-content\/uploads\/2022\/02\/CMYK-AllCarNews_LANDSCAPE_300px-1.png\",\"contentUrl\":\"https:\/\/all-car-news.com\/wp-content\/uploads\/2022\/02\/CMYK-AllCarNews_LANDSCAPE_300px-1.png\",\"width\":300,\"height\":100,\"caption\":\"All cars news\"},\"image\":{\"@id\":\"https:\/\/all-car-news.com\/fr\/#\/schema\/logo\/image\/\"}}]}<\/script>\n<!-- \/ Yoast SEO plugin. -->","yoast_head_json":{"title":"DS N\u00b08 : un VE tout sauf ordinaire - premi\u00e8re pr\u00e9sentation - AutoRAI TV - All cars news","robots":{"index":"index","follow":"follow","max-snippet":"max-snippet:-1","max-image-preview":"max-image-preview:large","max-video-preview":"max-video-preview:-1"},"canonical":"https:\/\/all-car-news.com\/fr\/ds-n8-un-ve-tout-sauf-ordinaire-premiere-presentation-autorai-tv\/","og_locale":"fr_FR","og_type":"article","og_title":"DS N\u00b08 : un VE tout sauf ordinaire - premi\u00e8re pr\u00e9sentation - AutoRAI TV - All cars news","og_description":"La DS N\u00b08 est un SUV coup\u00e9, en quelque sorte L'inspiration de cette DS N\u00b08 vient du concept DS Aero Sport Lounge de 2021. C'\u00e9tait un SUV coup\u00e9. Trois essais pour deviner ce qu'est cette voiture fran\u00e7aise. Oui, \u00e9galement un coup\u00e9 SUV, bien que la voiture penche plus vers un crossover, ou quelque chose de difficile \u00e0 cataloguer [...]","og_url":"https:\/\/all-car-news.com\/fr\/ds-n8-un-ve-tout-sauf-ordinaire-premiere-presentation-autorai-tv\/","og_site_name":"All cars news","article_published_time":"2024-12-12T10:01:00+00:00","og_image":[{"url":"https:\/\/autorai.nl\/wp-content\/uploads\/2024\/12\/ds-automobiles-n8-studioshoot-2025-foto23-1140x760.jpg"}],"twitter_card":"summary_large_image","twitter_misc":{"Dur\u00e9e de lecture estim\u00e9e":"7 minutes"},"schema":{"@context":"https:\/\/schema.org","@graph":[{"@type":"Article","@id":"https:\/\/all-car-news.com\/fr\/ds-n8-un-ve-tout-sauf-ordinaire-premiere-presentation-autorai-tv\/#article","isPartOf":{"@id":"https:\/\/all-car-news.com\/fr\/ds-n8-un-ve-tout-sauf-ordinaire-premiere-presentation-autorai-tv\/"},"author":{"name":"","@id":""},"headline":"DS N\u00b08 : un VE tout sauf ordinaire &#8211; premi\u00e8re pr\u00e9sentation &#8211; AutoRAI TV","datePublished":"2024-12-12T10:01:00+00:00","dateModified":"2024-12-12T10:01:00+00:00","mainEntityOfPage":{"@id":"https:\/\/all-car-news.com\/fr\/ds-n8-un-ve-tout-sauf-ordinaire-premiere-presentation-autorai-tv\/"},"wordCount":1535,"publisher":{"@id":"https:\/\/all-car-news.com\/fr\/#organization"},"articleSection":["nouvelles de voiture"],"inLanguage":"fr-FR"},{"@type":"WebPage","@id":"https:\/\/all-car-news.com\/fr\/ds-n8-un-ve-tout-sauf-ordinaire-premiere-presentation-autorai-tv\/","url":"https:\/\/all-car-news.com\/fr\/ds-n8-un-ve-tout-sauf-ordinaire-premiere-presentation-autorai-tv\/","name":"DS N\u00b08 : un VE tout sauf ordinaire - premi\u00e8re pr\u00e9sentation - AutoRAI TV - All cars news","isPartOf":{"@id":"https:\/\/all-car-news.com\/fr\/#website"},"datePublished":"2024-12-12T10:01:00+00:00","dateModified":"2024-12-12T10:01:00+00:00","breadcrumb":{"@id":"https:\/\/all-car-news.com\/fr\/ds-n8-un-ve-tout-sauf-ordinaire-premiere-presentation-autorai-tv\/#breadcrumb"},"inLanguage":"fr-FR","potentialAction":[{"@type":"ReadAction","target":["https:\/\/all-car-news.com\/fr\/ds-n8-un-ve-tout-sauf-ordinaire-premiere-presentation-autorai-tv\/"]}]},{"@type":"BreadcrumbList","@id":"https:\/\/all-car-news.com\/fr\/ds-n8-un-ve-tout-sauf-ordinaire-premiere-presentation-autorai-tv\/#breadcrumb","itemListElement":[{"@type":"ListItem","position":1,"name":"Home","item":"https:\/\/all-car-news.com\/fr\/"},{"@type":"ListItem","position":2,"name":"DS N\u00b08 : un VE tout sauf ordinaire &#8211; premi\u00e8re pr\u00e9sentation &#8211; AutoRAI TV"}]},{"@type":"WebSite","@id":"https:\/\/all-car-news.com\/fr\/#website","url":"https:\/\/all-car-news.com\/fr\/","name":"All cars news","description":"","publisher":{"@id":"https:\/\/all-car-news.com\/fr\/#organization"},"potentialAction":[{"@type":"SearchAction","target":{"@type":"EntryPoint","urlTemplate":"https:\/\/all-car-news.com\/fr\/?s={search_term_string}"},"query-input":"required name=search_term_string"}],"inLanguage":"fr-FR"},{"@type":"Organization","@id":"https:\/\/all-car-news.com\/fr\/#organization","name":"All cars news","url":"https:\/\/all-car-news.com\/fr\/","logo":{"@type":"ImageObject","inLanguage":"fr-FR","@id":"https:\/\/all-car-news.com\/fr\/#\/schema\/logo\/image\/","url":"https:\/\/all-car-news.com\/wp-content\/uploads\/2022\/02\/CMYK-AllCarNews_LANDSCAPE_300px-1.png","contentUrl":"https:\/\/all-car-news.com\/wp-content\/uploads\/2022\/02\/CMYK-AllCarNews_LANDSCAPE_300px-1.png","width":300,"height":100,"caption":"All cars news"},"image":{"@id":"https:\/\/all-car-news.com\/fr\/#\/schema\/logo\/image\/"}}]}},"_links":{"self":[{"href":"https:\/\/all-car-news.com\/fr\/wp-json\/wp\/v2\/posts\/152556","targetHints":{"allow":["GET"]}}],"collection":[{"href":"https:\/\/all-car-news.com\/fr\/wp-json\/wp\/v2\/posts"}],"about":[{"href":"https:\/\/all-car-news.com\/fr\/wp-json\/wp\/v2\/types\/post"}],"replies":[{"embeddable":true,"href":"https:\/\/all-car-news.com\/fr\/wp-json\/wp\/v2\/comments?post=152556"}],"version-history":[{"count":0,"href":"https:\/\/all-car-news.com\/fr\/wp-json\/wp\/v2\/posts\/152556\/revisions"}],"wp:featuredmedia":[{"embeddable":true,"href":"https:\/\/all-car-news.com\/fr\/wp-json\/wp\/v2\/media\/150667"}],"wp:attachment":[{"href":"https:\/\/all-car-news.com\/fr\/wp-json\/wp\/v2\/media?parent=152556"}],"wp:term":[{"taxonomy":"category","embeddable":true,"href":"https:\/\/all-car-news.com\/fr\/wp-json\/wp\/v2\/categories?post=152556"},{"taxonomy":"post_tag","embeddable":true,"href":"https:\/\/all-car-news.com\/fr\/wp-json\/wp\/v2\/tags?post=152556"}],"curies":[{"name":"wp","href":"https:\/\/api.w.org\/{rel}","templated":true}]}}