{"id":152537,"date":"2024-12-20T12:04:39","date_gmt":"2024-12-20T12:04:39","guid":{"rendered":"https:\/\/all-car-news.com\/ici-vous-pourrez-rouler-a-130-km-h-pendant-la-journee-lannee-prochaine\/"},"modified":"2024-12-20T12:04:39","modified_gmt":"2024-12-20T12:04:39","slug":"ici-vous-pourrez-rouler-a-130-km-h-pendant-la-journee-lannee-prochaine","status":"publish","type":"post","link":"https:\/\/all-car-news.com\/fr\/ici-vous-pourrez-rouler-a-130-km-h-pendant-la-journee-lannee-prochaine\/","title":{"rendered":"Ici, vous pourrez rouler \u00e0 130 km\/h pendant la journ\u00e9e l&rsquo;ann\u00e9e prochaine."},"content":{"rendered":"<h2>Trois routes b\u00e9n\u00e9ficient d&rsquo;une limite plus \u00e9lev\u00e9e<\/h2>\n<p>Apr\u00e8s des recherches approfondies, il a \u00e9t\u00e9 d\u00e9termin\u00e9 que l&rsquo;augmentation de la vitesse est possible sur trois tron\u00e7ons sp\u00e9cifiques :<\/p>\n<ul>\n<li><strong>A7 Afsluitdijk<\/strong>: entre les \u00e9cluses de Stevin et les \u00e9cluses de Lorentz<\/li>\n<li><strong>A7 Winschoten-Fronti\u00e8re allemande<\/strong><\/li>\n<li><strong>A6 Lelystad-Nord jusqu&rsquo;au pont de Ketel<\/strong><\/li>\n<\/ul>\n<p>Les modifications seront mises en \u0153uvre au plus tard au deuxi\u00e8me trimestre 2025. Sur un quatri\u00e8me tron\u00e7on, l&rsquo;A37 entre Holssloot et Zwartemeer, l&rsquo;\u00e9tude est toujours en cours. Ses r\u00e9sultats sont attendus pour le d\u00e9but de l&rsquo;ann\u00e9e 2025.  <\/p>\n<h2>Dans la mesure du possible, roulez plus vite<\/h2>\n<p>Selon le ministre Madlener, l&rsquo;augmentation de la vitesse est une \u00e9tape logique pour autant qu&rsquo;elle soit justifi\u00e9e en termes d&rsquo;\u00e9missions d&rsquo;azote, de pollution sonore, de qualit\u00e9 de l&rsquo;air et de s\u00e9curit\u00e9 routi\u00e8re. \u00ab\u00a0Ce n&rsquo;est qu&rsquo;un d\u00e9but. En 2025, nous examinerons d&rsquo;autres tron\u00e7ons afin de proc\u00e9der \u00e0 une extension progressive\u00a0\u00bb, a d\u00e9clar\u00e9 M. Madlener. <\/p>\n<p>Sur l&rsquo;A7 en direction de l&rsquo;Allemagne, une section plus large de l&rsquo;autoroute \u00e9tait initialement pr\u00e9vue, mais en raison des normes de bruit, elle est limit\u00e9e. Une fois que de l&rsquo;asphalte silencieux sera install\u00e9 lors de travaux d&rsquo;entretien majeurs (pr\u00e9vus entre 2028 et 2032), une plus grande section de la route pourrait \u00e9ventuellement b\u00e9n\u00e9ficier de la limite plus \u00e9lev\u00e9e. <\/p>\n<h2>Plan de mobilit\u00e9 \u00e9largi<\/h2>\n<p>L&rsquo;augmentation de la limite de vitesse s&rsquo;inscrit dans le cadre plus large de l&rsquo;Auto Action Agenda du gouvernement. Ce plan vise \u00e0 am\u00e9liorer la mobilit\u00e9 et la s\u00e9curit\u00e9 routi\u00e8re, \u00e0 r\u00e9duire les embouteillages et \u00e0 rendre accessibles les nouvelles zones r\u00e9sidentielles. <\/p>\n<p>Outre les augmentations de vitesse, des mesures telles que le red\u00e9marrage de projets routiers en souffrance, le d\u00e9veloppement de p\u00f4les de mobilit\u00e9 et des projets pilotes de liaisons par bus \u00e0 grande vitesse sur les autoroutes sont prises. Le covoiturage fait \u00e9galement l&rsquo;objet d&rsquo;une plus grande attention afin de promouvoir une utilisation efficace des v\u00e9hicules. <\/p>\n<h4><\/h4>\n<p>Lire aussi : <a href=\"https:\/\/autorai.nl\/utrecht-volgt-amsterdam-30-km-u-op-veel-wegen\/\" target=\"_blank\" rel=\"noreferrer noopener\">Utrecht suit Amsterdam : 30 km\/h sur de nombreuses routes<\/a><\/p>\n<figure class=\"wp-block-embed is-type-wp-embed is-provider-autorai-nl wp-block-embed-autorai-nl\">\n<div class=\"wp-block-embed__wrapper\">\n<blockquote class=\"wp-embedded-content\" data-secret=\"bEyDgoaHcb\"><p><a href=\"https:\/\/autorai.nl\/utrecht-volgt-amsterdam-30-km-u-op-veel-wegen\/\">Utrecht suit Amsterdam : 30 km\/h sur de nombreuses routes<\/a><\/p><\/blockquote>\n<\/div>\n<\/figure>\n","protected":false},"excerpt":{"rendered":"Trois tron\u00e7ons b\u00e9n\u00e9ficient d'une limite plus \u00e9lev\u00e9e Apr\u00e8s des recherches approfondies, il a \u00e9t\u00e9 d\u00e9termin\u00e9 que l'augmentation de la vitesse\u2026","protected":false},"author":0,"featured_media":150826,"comment_status":"","ping_status":"open","sticky":false,"template":"","format":"standard","meta":{"footnotes":""},"categories":[127],"tags":[],"class_list":["post-152537","post","type-post","status-publish","format-standard","has-post-thumbnail","hentry","category-nouvelles-de-voiture"],"acf":[],"yoast_head":"<!-- This site is optimized with the Yoast SEO plugin v21.2 - https:\/\/yoast.com\/wordpress\/plugins\/seo\/ -->\n<title>Ici, vous pourrez rouler \u00e0 130 km\/h pendant la journ\u00e9e l&#039;ann\u00e9e prochaine. - All cars news<\/title>\n<meta name=\"robots\" content=\"index, follow, max-snippet:-1, max-image-preview:large, max-video-preview:-1\" \/>\n<link rel=\"canonical\" href=\"https:\/\/all-car-news.com\/fr\/ici-vous-pourrez-rouler-a-130-km-h-pendant-la-journee-lannee-prochaine\/\" \/>\n<meta property=\"og:locale\" content=\"fr_FR\" \/>\n<meta property=\"og:type\" content=\"article\" \/>\n<meta property=\"og:title\" content=\"Ici, vous pourrez rouler \u00e0 130 km\/h pendant la journ\u00e9e l&#039;ann\u00e9e prochaine. - All cars news\" \/>\n<meta property=\"og:description\" content=\"Trois tron\u00e7ons b\u00e9n\u00e9ficient d&#039;une limite plus \u00e9lev\u00e9e Apr\u00e8s des recherches approfondies, il a \u00e9t\u00e9 d\u00e9termin\u00e9 que l&#039;augmentation de la vitesse est possible sur trois tron\u00e7ons sp\u00e9cifiques : A7 Afsluitdijk : entre les \u00e9cluses de Stevin et les \u00e9cluses de Lorentz A7 Winschoten-fronti\u00e8re allemande A6 Lelystad-Noord jusqu&#039;au Ketelbrug Les ajustements seront mis en \u0153uvre au plus tard au deuxi\u00e8me trimestre 2025. Sur un quatri\u00e8me tron\u00e7on, l&#039;A37 entre Holssloot [...]\" \/>\n<meta property=\"og:url\" content=\"https:\/\/all-car-news.com\/fr\/ici-vous-pourrez-rouler-a-130-km-h-pendant-la-journee-lannee-prochaine\/\" \/>\n<meta property=\"og:site_name\" content=\"All cars news\" \/>\n<meta property=\"article:published_time\" content=\"2024-12-20T12:04:39+00:00\" \/>\n<meta name=\"twitter:card\" content=\"summary_large_image\" \/>\n<meta name=\"twitter:label1\" content=\"Dur\u00e9e de lecture estim\u00e9e\" \/>\n\t<meta name=\"twitter:data1\" content=\"2 minutes\" \/>\n<script type=\"application\/ld+json\" class=\"yoast-schema-graph\">{\"@context\":\"https:\/\/schema.org\",\"@graph\":[{\"@type\":\"Article\",\"@id\":\"https:\/\/all-car-news.com\/fr\/ici-vous-pourrez-rouler-a-130-km-h-pendant-la-journee-lannee-prochaine\/#article\",\"isPartOf\":{\"@id\":\"https:\/\/all-car-news.com\/fr\/ici-vous-pourrez-rouler-a-130-km-h-pendant-la-journee-lannee-prochaine\/\"},\"author\":{\"name\":\"\",\"@id\":\"\"},\"headline\":\"Ici, vous pourrez rouler \u00e0 130 km\/h pendant la journ\u00e9e l&rsquo;ann\u00e9e prochaine.\",\"datePublished\":\"2024-12-20T12:04:39+00:00\",\"dateModified\":\"2024-12-20T12:04:39+00:00\",\"mainEntityOfPage\":{\"@id\":\"https:\/\/all-car-news.com\/fr\/ici-vous-pourrez-rouler-a-130-km-h-pendant-la-journee-lannee-prochaine\/\"},\"wordCount\":364,\"publisher\":{\"@id\":\"https:\/\/all-car-news.com\/fr\/#organization\"},\"articleSection\":[\"nouvelles de voiture\"],\"inLanguage\":\"fr-FR\"},{\"@type\":\"WebPage\",\"@id\":\"https:\/\/all-car-news.com\/fr\/ici-vous-pourrez-rouler-a-130-km-h-pendant-la-journee-lannee-prochaine\/\",\"url\":\"https:\/\/all-car-news.com\/fr\/ici-vous-pourrez-rouler-a-130-km-h-pendant-la-journee-lannee-prochaine\/\",\"name\":\"Ici, vous pourrez rouler \u00e0 130 km\/h pendant la journ\u00e9e l'ann\u00e9e prochaine. - All cars news\",\"isPartOf\":{\"@id\":\"https:\/\/all-car-news.com\/fr\/#website\"},\"datePublished\":\"2024-12-20T12:04:39+00:00\",\"dateModified\":\"2024-12-20T12:04:39+00:00\",\"breadcrumb\":{\"@id\":\"https:\/\/all-car-news.com\/fr\/ici-vous-pourrez-rouler-a-130-km-h-pendant-la-journee-lannee-prochaine\/#breadcrumb\"},\"inLanguage\":\"fr-FR\",\"potentialAction\":[{\"@type\":\"ReadAction\",\"target\":[\"https:\/\/all-car-news.com\/fr\/ici-vous-pourrez-rouler-a-130-km-h-pendant-la-journee-lannee-prochaine\/\"]}]},{\"@type\":\"BreadcrumbList\",\"@id\":\"https:\/\/all-car-news.com\/fr\/ici-vous-pourrez-rouler-a-130-km-h-pendant-la-journee-lannee-prochaine\/#breadcrumb\",\"itemListElement\":[{\"@type\":\"ListItem\",\"position\":1,\"name\":\"Home\",\"item\":\"https:\/\/all-car-news.com\/fr\/\"},{\"@type\":\"ListItem\",\"position\":2,\"name\":\"Ici, vous pourrez rouler \u00e0 130 km\/h pendant la journ\u00e9e l&#8217;ann\u00e9e prochaine.\"}]},{\"@type\":\"WebSite\",\"@id\":\"https:\/\/all-car-news.com\/fr\/#website\",\"url\":\"https:\/\/all-car-news.com\/fr\/\",\"name\":\"All cars news\",\"description\":\"\",\"publisher\":{\"@id\":\"https:\/\/all-car-news.com\/fr\/#organization\"},\"potentialAction\":[{\"@type\":\"SearchAction\",\"target\":{\"@type\":\"EntryPoint\",\"urlTemplate\":\"https:\/\/all-car-news.com\/fr\/?s={search_term_string}\"},\"query-input\":\"required name=search_term_string\"}],\"inLanguage\":\"fr-FR\"},{\"@type\":\"Organization\",\"@id\":\"https:\/\/all-car-news.com\/fr\/#organization\",\"name\":\"All cars news\",\"url\":\"https:\/\/all-car-news.com\/fr\/\",\"logo\":{\"@type\":\"ImageObject\",\"inLanguage\":\"fr-FR\",\"@id\":\"https:\/\/all-car-news.com\/fr\/#\/schema\/logo\/image\/\",\"url\":\"https:\/\/all-car-news.com\/wp-content\/uploads\/2022\/02\/CMYK-AllCarNews_LANDSCAPE_300px-1.png\",\"contentUrl\":\"https:\/\/all-car-news.com\/wp-content\/uploads\/2022\/02\/CMYK-AllCarNews_LANDSCAPE_300px-1.png\",\"width\":300,\"height\":100,\"caption\":\"All cars news\"},\"image\":{\"@id\":\"https:\/\/all-car-news.com\/fr\/#\/schema\/logo\/image\/\"}}]}<\/script>\n<!-- \/ Yoast SEO plugin. -->","yoast_head_json":{"title":"Ici, vous pourrez rouler \u00e0 130 km\/h pendant la journ\u00e9e l'ann\u00e9e prochaine. - All cars news","robots":{"index":"index","follow":"follow","max-snippet":"max-snippet:-1","max-image-preview":"max-image-preview:large","max-video-preview":"max-video-preview:-1"},"canonical":"https:\/\/all-car-news.com\/fr\/ici-vous-pourrez-rouler-a-130-km-h-pendant-la-journee-lannee-prochaine\/","og_locale":"fr_FR","og_type":"article","og_title":"Ici, vous pourrez rouler \u00e0 130 km\/h pendant la journ\u00e9e l'ann\u00e9e prochaine. - All cars news","og_description":"Trois tron\u00e7ons b\u00e9n\u00e9ficient d'une limite plus \u00e9lev\u00e9e Apr\u00e8s des recherches approfondies, il a \u00e9t\u00e9 d\u00e9termin\u00e9 que l'augmentation de la vitesse est possible sur trois tron\u00e7ons sp\u00e9cifiques : A7 Afsluitdijk : entre les \u00e9cluses de Stevin et les \u00e9cluses de Lorentz A7 Winschoten-fronti\u00e8re allemande A6 Lelystad-Noord jusqu'au Ketelbrug Les ajustements seront mis en \u0153uvre au plus tard au deuxi\u00e8me trimestre 2025. Sur un quatri\u00e8me tron\u00e7on, l'A37 entre Holssloot [...]","og_url":"https:\/\/all-car-news.com\/fr\/ici-vous-pourrez-rouler-a-130-km-h-pendant-la-journee-lannee-prochaine\/","og_site_name":"All cars news","article_published_time":"2024-12-20T12:04:39+00:00","twitter_card":"summary_large_image","twitter_misc":{"Dur\u00e9e de lecture estim\u00e9e":"2 minutes"},"schema":{"@context":"https:\/\/schema.org","@graph":[{"@type":"Article","@id":"https:\/\/all-car-news.com\/fr\/ici-vous-pourrez-rouler-a-130-km-h-pendant-la-journee-lannee-prochaine\/#article","isPartOf":{"@id":"https:\/\/all-car-news.com\/fr\/ici-vous-pourrez-rouler-a-130-km-h-pendant-la-journee-lannee-prochaine\/"},"author":{"name":"","@id":""},"headline":"Ici, vous pourrez rouler \u00e0 130 km\/h pendant la journ\u00e9e l&rsquo;ann\u00e9e prochaine.","datePublished":"2024-12-20T12:04:39+00:00","dateModified":"2024-12-20T12:04:39+00:00","mainEntityOfPage":{"@id":"https:\/\/all-car-news.com\/fr\/ici-vous-pourrez-rouler-a-130-km-h-pendant-la-journee-lannee-prochaine\/"},"wordCount":364,"publisher":{"@id":"https:\/\/all-car-news.com\/fr\/#organization"},"articleSection":["nouvelles de voiture"],"inLanguage":"fr-FR"},{"@type":"WebPage","@id":"https:\/\/all-car-news.com\/fr\/ici-vous-pourrez-rouler-a-130-km-h-pendant-la-journee-lannee-prochaine\/","url":"https:\/\/all-car-news.com\/fr\/ici-vous-pourrez-rouler-a-130-km-h-pendant-la-journee-lannee-prochaine\/","name":"Ici, vous pourrez rouler \u00e0 130 km\/h pendant la journ\u00e9e l'ann\u00e9e prochaine. - All cars news","isPartOf":{"@id":"https:\/\/all-car-news.com\/fr\/#website"},"datePublished":"2024-12-20T12:04:39+00:00","dateModified":"2024-12-20T12:04:39+00:00","breadcrumb":{"@id":"https:\/\/all-car-news.com\/fr\/ici-vous-pourrez-rouler-a-130-km-h-pendant-la-journee-lannee-prochaine\/#breadcrumb"},"inLanguage":"fr-FR","potentialAction":[{"@type":"ReadAction","target":["https:\/\/all-car-news.com\/fr\/ici-vous-pourrez-rouler-a-130-km-h-pendant-la-journee-lannee-prochaine\/"]}]},{"@type":"BreadcrumbList","@id":"https:\/\/all-car-news.com\/fr\/ici-vous-pourrez-rouler-a-130-km-h-pendant-la-journee-lannee-prochaine\/#breadcrumb","itemListElement":[{"@type":"ListItem","position":1,"name":"Home","item":"https:\/\/all-car-news.com\/fr\/"},{"@type":"ListItem","position":2,"name":"Ici, vous pourrez rouler \u00e0 130 km\/h pendant la journ\u00e9e l&#8217;ann\u00e9e prochaine."}]},{"@type":"WebSite","@id":"https:\/\/all-car-news.com\/fr\/#website","url":"https:\/\/all-car-news.com\/fr\/","name":"All cars news","description":"","publisher":{"@id":"https:\/\/all-car-news.com\/fr\/#organization"},"potentialAction":[{"@type":"SearchAction","target":{"@type":"EntryPoint","urlTemplate":"https:\/\/all-car-news.com\/fr\/?s={search_term_string}"},"query-input":"required name=search_term_string"}],"inLanguage":"fr-FR"},{"@type":"Organization","@id":"https:\/\/all-car-news.com\/fr\/#organization","name":"All cars news","url":"https:\/\/all-car-news.com\/fr\/","logo":{"@type":"ImageObject","inLanguage":"fr-FR","@id":"https:\/\/all-car-news.com\/fr\/#\/schema\/logo\/image\/","url":"https:\/\/all-car-news.com\/wp-content\/uploads\/2022\/02\/CMYK-AllCarNews_LANDSCAPE_300px-1.png","contentUrl":"https:\/\/all-car-news.com\/wp-content\/uploads\/2022\/02\/CMYK-AllCarNews_LANDSCAPE_300px-1.png","width":300,"height":100,"caption":"All cars news"},"image":{"@id":"https:\/\/all-car-news.com\/fr\/#\/schema\/logo\/image\/"}}]}},"_links":{"self":[{"href":"https:\/\/all-car-news.com\/fr\/wp-json\/wp\/v2\/posts\/152537","targetHints":{"allow":["GET"]}}],"collection":[{"href":"https:\/\/all-car-news.com\/fr\/wp-json\/wp\/v2\/posts"}],"about":[{"href":"https:\/\/all-car-news.com\/fr\/wp-json\/wp\/v2\/types\/post"}],"replies":[{"embeddable":true,"href":"https:\/\/all-car-news.com\/fr\/wp-json\/wp\/v2\/comments?post=152537"}],"version-history":[{"count":0,"href":"https:\/\/all-car-news.com\/fr\/wp-json\/wp\/v2\/posts\/152537\/revisions"}],"wp:featuredmedia":[{"embeddable":true,"href":"https:\/\/all-car-news.com\/fr\/wp-json\/wp\/v2\/media\/150826"}],"wp:attachment":[{"href":"https:\/\/all-car-news.com\/fr\/wp-json\/wp\/v2\/media?parent=152537"}],"wp:term":[{"taxonomy":"category","embeddable":true,"href":"https:\/\/all-car-news.com\/fr\/wp-json\/wp\/v2\/categories?post=152537"},{"taxonomy":"post_tag","embeddable":true,"href":"https:\/\/all-car-news.com\/fr\/wp-json\/wp\/v2\/tags?post=152537"}],"curies":[{"name":"wp","href":"https:\/\/api.w.org\/{rel}","templated":true}]}}