{"id":152515,"date":"2024-12-09T08:48:02","date_gmt":"2024-12-09T08:48:02","guid":{"rendered":"https:\/\/all-car-news.com\/le-pape-devient-electrique-la-premiere-popemobile-electrique-de-mercedes-benz\/"},"modified":"2024-12-09T08:48:02","modified_gmt":"2024-12-09T08:48:02","slug":"le-pape-devient-electrique-la-premiere-popemobile-electrique-de-mercedes-benz","status":"publish","type":"post","link":"https:\/\/all-car-news.com\/fr\/le-pape-devient-electrique-la-premiere-popemobile-electrique-de-mercedes-benz\/","title":{"rendered":"Le pape devient \u00e9lectrique : la premi\u00e8re \u00ab\u00a0Popemobile\u00a0\u00bb \u00e9lectrique de Mercedes-Benz"},"content":{"rendered":"<h2>Ann\u00e9e jubilaire 2025  <\/h2>\n<p>Cela signifie qu&rsquo;au cours de l&rsquo;ann\u00e9e jubilaire 2025 &#8211; un \u00e9v\u00e9nement qui n&rsquo;a lieu que tous les 25 ans et qui attire des millions de p\u00e8lerins \u00e0 Rome &#8211; le pape sera transport\u00e9 localement sans \u00e9missions dans une nouvelle Mercedes-Benz.<\/p>\n<p>Le groupe motopropulseur \u00e9lectrique, qui a \u00e9t\u00e9 adapt\u00e9 aux vitesses particuli\u00e8rement basses en vigueur lors des apparitions publiques, contribue \u00e0 la r\u00e9alisation de l&rsquo;encyclique \u00ab\u00a0Laudato Si\u00a0\u00bb. Dans cette importante lettre papale, le pape Fran\u00e7ois d\u00e9crit la n\u00e9cessit\u00e9 d&rsquo;un d\u00e9veloppement durable. <\/p>\n<h2>D\u00e9claration claire<\/h2>\n<p>Lors de la remise, Ola K\u00e4llenius a remerci\u00e9 le pape Fran\u00e7ois et toutes les personnes impliqu\u00e9es et a soulign\u00e9 la strat\u00e9gie commerciale durable de Mercedes-Benz. M. K\u00e4llenius a d\u00e9clar\u00e9 : \u00ab\u00a0Avec la nouvelle Popemobile, le pape Fran\u00e7ois est le premier pape \u00e0 \u00eatre conduit dans une Mercedes-Benz enti\u00e8rement \u00e9lectrique lors de ses apparitions publiques. C&rsquo;est un honneur particulier pour notre entreprise et je tiens \u00e0 remercier Sa Saintet\u00e9 pour sa confiance. Cette Popemobile est une d\u00e9claration claire en faveur de l&rsquo;\u00e9lectromobilit\u00e9 et de la d\u00e9carbonisation. Mercedes-Benz n&rsquo;est pas seulement synonyme de particularit\u00e9 et d&rsquo;individualit\u00e9, mais aussi de cr\u00e9ation coh\u00e9rente des conditions n\u00e9cessaires \u00e0 la mise en place d&rsquo;une nouvelle gamme de mod\u00e8les nets neutres en CO2 en 2039\u00a0\u00bb. <\/p>\n<figure class=\"wp-block-image size-content\"><img decoding=\"async\" loading=\"lazy\" width=\"1140\" height=\"855\" src=\"https:\/\/autorai.nl\/wp-content\/uploads\/2024\/12\/mercedes-benz-g-klasse-elektrisch-paus-foto8-1140x855.jpg\" alt=\"La nouvelle papamobile : une Mercedes-Benz G580\" class=\"wp-image-190591\"><figcaption>La nouvelle papamobile : une Mercedes-Benz G580<\/figcaption><\/figure>\n<h2>Audience priv\u00e9e avec le Pape<\/h2>\n<p>La remise de la nouvelle Popemobile a \u00e9t\u00e9 suivie d&rsquo;une audience priv\u00e9e avec le Pape. Une \u00e9quipe de sp\u00e9cialistes de Graz (Autriche), Sindelfingen (Allemagne) et Rome (Italie) a travaill\u00e9 ensemble pendant pr\u00e8s d&rsquo;un an sur le projet, qui a \u00e9t\u00e9 dirig\u00e9 par l&rsquo;\u00e9quipe de Rome, tandis que le groupe motopropulseur \u00e9lectrique a \u00e9t\u00e9 modifi\u00e9 par l&rsquo;\u00e9quipe de Graz. Les experts de Sindelfingen ont r\u00e9alis\u00e9 la carrosserie, l&rsquo;int\u00e9rieur et les \u00e9quipements personnalis\u00e9s de mani\u00e8re traditionnelle.  <\/p>\n<h2>Ajustements<\/h2>\n<p>Le si\u00e8ge arri\u00e8re a \u00e9t\u00e9 remplac\u00e9 par un si\u00e8ge unique central et r\u00e9glable en hauteur. Ce si\u00e8ge principal pivotant permet de se d\u00e9placer avec souplesse et de s&rsquo;adresser au public sous diff\u00e9rents angles. Derri\u00e8re ce si\u00e8ge, deux si\u00e8ges individuels sont int\u00e9gr\u00e9s \u00e0 gauche et \u00e0 droite pour les passagers suppl\u00e9mentaires.  <\/p>\n<p>Le toit est retir\u00e9 au niveau du pilier B ; le pilier B lui-m\u00eame se fond harmonieusement dans la paroi lat\u00e9rale pour cr\u00e9er un profil lat\u00e9ral unique. En cas de pluie ou de mauvais temps, un toit rigide s\u00e9par\u00e9 prot\u00e8ge les occupants. La porte arri\u00e8re gauche a \u00e9t\u00e9 d\u00e9pos\u00e9e et reconstruite en une seule pi\u00e8ce par les sp\u00e9cialistes &#8211; dans le style de la carrosserie traditionnelle &#8211; et soud\u00e9e de mani\u00e8re transparente dans la carrosserie. Du c\u00f4t\u00e9 droit, les charni\u00e8res de la porte arri\u00e8re ont \u00e9t\u00e9 d\u00e9plac\u00e9es de l&rsquo;autre c\u00f4t\u00e9.   <\/p>\n<p>Comme les pr\u00e9c\u00e9dentes Popemobiles, la voiture est peinte en blanc perle, dans la peinture classique.<\/p>\n<div class=\"galery galery-0\">\n<figure>\n\t\t\t\t\t<span style=\"cursor: pointer\" data-src=\"https:\/\/autorai.nl\/wp-content\/uploads\/2024\/12\/mercedes-benz-g-klasse-elektrisch-paus-foto1-1600x1200.jpg\" data-fancybox=\"galery-0\" title=\"G580 mit EQ Technologie ( Energieverbrauch kombiniert : 30,4-27,7 kWh\/100 km | CO\u2082-Emissionen kombiniert : 0 g\/km | CO\u2082-Class : A );G580 mit EQ Technologie ( Energieverbrauch kombiniert : 30.4-27.7 kWh\/100 km | CO\u2082-Emissionen kombiniert : 0 g\/km | CO\u2082-Klasse : A )* G580 avec technologie EQ ( consommation d'\u00e9nergie combin\u00e9e : 30.4-27,7 kWh\/100 km | \u00c9missions de CO\u2082 combin\u00e9es : 0 g\/km | Classe de CO\u2082 : A );G580 avec technologie EQ ( consommation d'\u00e9nergie combin\u00e9e : 30,4-27,7 kWh\/100 km | \u00c9missions de CO\u2082 combin\u00e9es : 0 g\/km | Classe de CO\u2082 : A )*\"><br \/>\n\t\t\t\t\t\t\t<img decoding=\"async\" width=\"360\" height=\"270\" src=\"https:\/\/autorai.nl\/wp-content\/uploads\/2024\/12\/mercedes-benz-g-klasse-elektrisch-paus-foto1-360x270.jpg\" class=\"attachment-small size-small\" alt=\"\" loading=\"lazy\"><i class=\"fa fa-search-plus\" aria-hidden=\"true\"><\/i><br \/>\n\t\t\t\t\t\t<\/span><br \/>\n\t\t\t\t\t<\/figure>\n<figure>\n\t\t\t\t\t<span style=\"cursor: pointer\" data-src=\"https:\/\/autorai.nl\/wp-content\/uploads\/2024\/12\/mercedes-benz-g-klasse-elektrisch-paus-foto14-1600x1200.jpg\" data-fancybox=\"galery-0\" title=\"G580 mit EQ Technologie ( Energieverbrauch kombiniert : 30,4-27,7 kWh\/100 km | CO\u2082-Emissionen kombiniert : 0 g\/km | CO\u2082-Class : A );G580 mit EQ Technologie ( Energieverbrauch kombiniert : 30.4-27.7 kWh\/100 km | CO\u2082-Emissionen kombiniert : 0 g\/km | CO\u2082-Klasse : A )* G580 avec technologie EQ ( consommation d'\u00e9nergie combin\u00e9e : 30.4-27,7 kWh\/100 km | \u00c9missions de CO\u2082 combin\u00e9es : 0 g\/km | Classe de CO\u2082 : A );G580 avec technologie EQ ( consommation d'\u00e9nergie combin\u00e9e : 30,4-27,7 kWh\/100 km | \u00c9missions de CO\u2082 combin\u00e9es : 0 g\/km | Classe de CO\u2082 : A )*\"><br \/>\n\t\t\t\t\t\t\t<img decoding=\"async\" width=\"360\" height=\"270\" src=\"https:\/\/autorai.nl\/wp-content\/uploads\/2024\/12\/mercedes-benz-g-klasse-elektrisch-paus-foto14-360x270.jpg\" class=\"attachment-small size-small\" alt=\"\" loading=\"lazy\"><i class=\"fa fa-search-plus\" aria-hidden=\"true\"><\/i><br \/>\n\t\t\t\t\t\t<\/span><br \/>\n\t\t\t\t\t<\/figure>\n<figure>\n\t\t\t\t\t<span style=\"cursor: pointer\" data-src=\"https:\/\/autorai.nl\/wp-content\/uploads\/2024\/12\/mercedes-benz-g-klasse-elektrisch-paus-foto13-1600x1200.jpg\" data-fancybox=\"galery-0\" title=\"G580 mit EQ Technologie ( Energieverbrauch kombiniert : 30,4-27,7 kWh\/100 km | CO\u2082-Emissionen kombiniert : 0 g\/km | CO\u2082-Class : A );G580 mit EQ Technologie ( Energieverbrauch kombiniert : 30,4-27,7 kWh\/100 km | CO\u2082-Emissionen kombiniert : 0 g\/km | CO\u2082-Class : A )* La nouvelle Popemobile : une Mercedes-Benz G580\"><br \/>\n\t\t\t\t\t\t\t<img decoding=\"async\" width=\"360\" height=\"270\" src=\"https:\/\/autorai.nl\/wp-content\/uploads\/2024\/12\/mercedes-benz-g-klasse-elektrisch-paus-foto13-360x270.jpg\" class=\"attachment-small size-small\" alt=\"La nouvelle papamobile : une Mercedes-Benz G580\" loading=\"lazy\"><i class=\"fa fa-search-plus\" aria-hidden=\"true\"><\/i><br \/>\n\t\t\t\t\t\t<\/span><br \/>\n\t\t\t\t\t<\/figure>\n<figure>\n\t\t\t\t\t<span style=\"cursor: pointer\" data-src=\"https:\/\/autorai.nl\/wp-content\/uploads\/2024\/12\/mercedes-benz-g-klasse-elektrisch-paus-foto12-1600x1200.jpg\" data-fancybox=\"galery-0\" title=\"G580 mit EQ Technologie ( Energieverbrauch kombiniert : 30,4-27,7 kWh\/100 km | CO\u2082-Emissionen kombiniert : 0 g\/km | CO\u2082-Class : A );G580 mit EQ Technologie ( Energieverbrauch kombiniert : 30.4-27.7 kWh\/100 km | CO\u2082-Emissionen kombiniert : 0 g\/km | CO\u2082-Klasse : A )* G580 avec technologie EQ ( consommation d'\u00e9nergie combin\u00e9e : 30.4-27,7 kWh\/100 km | \u00c9missions de CO\u2082 combin\u00e9es : 0 g\/km | Classe de CO\u2082 : A );G580 avec technologie EQ ( consommation d'\u00e9nergie combin\u00e9e : 30,4-27,7 kWh\/100 km | \u00c9missions de CO\u2082 combin\u00e9es : 0 g\/km | Classe de CO\u2082 : A )*\"><br \/>\n\t\t\t\t\t\t\t<img decoding=\"async\" width=\"360\" height=\"270\" src=\"https:\/\/autorai.nl\/wp-content\/uploads\/2024\/12\/mercedes-benz-g-klasse-elektrisch-paus-foto12-360x270.jpg\" class=\"attachment-small size-small\" alt=\"\" loading=\"lazy\"><i class=\"fa fa-search-plus\" aria-hidden=\"true\"><\/i><br \/>\n\t\t\t\t\t\t<\/span><br \/>\n\t\t\t\t\t<\/figure>\n<figure>\n\t\t\t\t\t<span style=\"cursor: pointer\" data-src=\"https:\/\/autorai.nl\/wp-content\/uploads\/2024\/12\/mercedes-benz-g-klasse-elektrisch-paus-foto11-1600x1200.jpg\" data-fancybox=\"galery-0\" title=\"G580 mit EQ Technologie ( Energieverbrauch kombiniert : 30,4-27,7 kWh\/100 km | CO\u2082-Emissionen kombiniert : 0 g\/km | CO\u2082-Class : A );G580 mit EQ Technologie ( Energieverbrauch kombiniert : 30.4-27.7 kWh\/100 km | CO\u2082-Emissionen kombiniert : 0 g\/km | CO\u2082-Klasse : A )* G580 avec technologie EQ ( consommation d'\u00e9nergie combin\u00e9e : 30.4-27,7 kWh\/100 km | \u00c9missions de CO\u2082 combin\u00e9es : 0 g\/km | Classe de CO\u2082 : A );G580 avec technologie EQ ( consommation d'\u00e9nergie combin\u00e9e : 30,4-27,7 kWh\/100 km | \u00c9missions de CO\u2082 combin\u00e9es : 0 g\/km | Classe de CO\u2082 : A )*\"><br \/>\n\t\t\t\t\t\t\t<img decoding=\"async\" width=\"360\" height=\"270\" src=\"https:\/\/autorai.nl\/wp-content\/uploads\/2024\/12\/mercedes-benz-g-klasse-elektrisch-paus-foto11-360x270.jpg\" class=\"attachment-small size-small\" alt=\"\" loading=\"lazy\"><i class=\"fa fa-search-plus\" aria-hidden=\"true\"><\/i><br \/>\n\t\t\t\t\t\t<\/span><br \/>\n\t\t\t\t\t<\/figure>\n<figure>\n\t\t\t\t\t<span style=\"cursor: pointer\" data-src=\"https:\/\/autorai.nl\/wp-content\/uploads\/2024\/12\/mercedes-benz-g-klasse-elektrisch-paus-foto10-1600x1200.jpg\" data-fancybox=\"galery-0\" title=\"G580 mit EQ Technologie ( Energieverbrauch kombiniert : 30,4-27,7 kWh\/100 km | CO\u2082-Emissionen kombiniert : 0 g\/km | CO\u2082-Class : A );G580 mit EQ Technologie ( Energieverbrauch kombiniert : 30.4-27.7 kWh\/100 km | CO\u2082-Emissionen kombiniert : 0 g\/km | CO\u2082-Klasse : A )* G580 avec technologie EQ ( consommation d'\u00e9nergie combin\u00e9e : 30.4-27,7 kWh\/100 km | \u00c9missions de CO\u2082 combin\u00e9es : 0 g\/km | Classe de CO\u2082 : A );G580 avec technologie EQ ( consommation d'\u00e9nergie combin\u00e9e : 30,4-27,7 kWh\/100 km | \u00c9missions de CO\u2082 combin\u00e9es : 0 g\/km | Classe de CO\u2082 : A )*\"><br \/>\n\t\t\t\t\t\t\t<img decoding=\"async\" width=\"360\" height=\"270\" src=\"https:\/\/autorai.nl\/wp-content\/uploads\/2024\/12\/mercedes-benz-g-klasse-elektrisch-paus-foto10-360x270.jpg\" class=\"attachment-small size-small\" alt=\"\" loading=\"lazy\"><i class=\"fa fa-search-plus\" aria-hidden=\"true\"><\/i><br \/>\n\t\t\t\t\t\t<\/span><br \/>\n\t\t\t\t\t<\/figure>\n<figure>\n\t\t\t\t\t<span style=\"cursor: pointer\" data-src=\"https:\/\/autorai.nl\/wp-content\/uploads\/2024\/12\/mercedes-benz-g-klasse-elektrisch-paus-foto9-1600x1200.jpg\" data-fancybox=\"galery-0\" title=\"G580 mit EQ Technologie ( Energieverbrauch kombiniert : 30,4-27,7 kWh\/100 km | CO\u2082-Emissionen kombiniert : 0 g\/km | CO\u2082-Class : A );G580 mit EQ Technologie ( Energieverbrauch kombiniert : 30.4-27.7 kWh\/100 km | CO\u2082-Emissionen kombiniert : 0 g\/km | CO\u2082-Klasse : A )* G580 avec technologie EQ ( consommation d'\u00e9nergie combin\u00e9e : 30.4-27,7 kWh\/100 km | \u00c9missions de CO\u2082 combin\u00e9es : 0 g\/km | Classe de CO\u2082 : A );G580 avec technologie EQ ( consommation d'\u00e9nergie combin\u00e9e : 30,4-27,7 kWh\/100 km | \u00c9missions de CO\u2082 combin\u00e9es : 0 g\/km | Classe de CO\u2082 : A )*\"><br \/>\n\t\t\t\t\t\t\t<img decoding=\"async\" width=\"360\" height=\"270\" src=\"https:\/\/autorai.nl\/wp-content\/uploads\/2024\/12\/mercedes-benz-g-klasse-elektrisch-paus-foto9-360x270.jpg\" class=\"attachment-small size-small\" alt=\"\" loading=\"lazy\"><i class=\"fa fa-search-plus\" aria-hidden=\"true\"><\/i><br \/>\n\t\t\t\t\t\t<\/span><br \/>\n\t\t\t\t\t<\/figure>\n<figure>\n\t\t\t\t\t<span style=\"cursor: pointer\" data-src=\"https:\/\/autorai.nl\/wp-content\/uploads\/2024\/12\/mercedes-benz-g-klasse-elektrisch-paus-foto8-1600x1200.jpg\" data-fancybox=\"galery-0\" title=\"La nouvelle papamobile : une Mercedes-Benz G580\"><br \/>\n\t\t\t\t\t\t\t<img decoding=\"async\" width=\"360\" height=\"270\" src=\"https:\/\/autorai.nl\/wp-content\/uploads\/2024\/12\/mercedes-benz-g-klasse-elektrisch-paus-foto8-360x270.jpg\" class=\"attachment-small size-small\" alt=\"La nouvelle papamobile : une Mercedes-Benz G580\" loading=\"lazy\"><i class=\"fa fa-search-plus\" aria-hidden=\"true\"><\/i><br \/>\n\t\t\t\t\t\t<\/span><br \/>\n\t\t\t\t\t<\/figure>\n<figure>\n\t\t\t\t\t<span style=\"cursor: pointer\" data-src=\"https:\/\/autorai.nl\/wp-content\/uploads\/2024\/12\/mercedes-benz-g-klasse-elektrisch-paus-foto7-1600x1200.jpg\" data-fancybox=\"galery-0\" title=\"G580 mit EQ Technologie ( Energieverbrauch kombiniert : 30,4-27,7 kWh\/100 km | CO\u2082-Emissionen kombiniert : 0 g\/km | CO\u2082-Class : A );G580 mit EQ Technologie ( Energieverbrauch kombiniert : 30.4-27.7 kWh\/100 km | CO\u2082-Emissionen kombiniert : 0 g\/km | CO\u2082-Klasse : A )* G580 avec technologie EQ ( consommation d'\u00e9nergie combin\u00e9e : 30.4-27,7 kWh\/100 km | \u00c9missions de CO\u2082 combin\u00e9es : 0 g\/km | Classe de CO\u2082 : A );G580 avec technologie EQ ( consommation d'\u00e9nergie combin\u00e9e : 30,4-27,7 kWh\/100 km | \u00c9missions de CO\u2082 combin\u00e9es : 0 g\/km | Classe de CO\u2082 : A )*\"><br \/>\n\t\t\t\t\t\t\t<img decoding=\"async\" width=\"360\" height=\"270\" src=\"https:\/\/autorai.nl\/wp-content\/uploads\/2024\/12\/mercedes-benz-g-klasse-elektrisch-paus-foto7-360x270.jpg\" class=\"attachment-small size-small\" alt=\"\" loading=\"lazy\"><i class=\"fa fa-search-plus\" aria-hidden=\"true\"><\/i><br \/>\n\t\t\t\t\t\t<\/span><br \/>\n\t\t\t\t\t<\/figure>\n<figure>\n\t\t\t\t\t<span style=\"cursor: pointer\" data-src=\"https:\/\/autorai.nl\/wp-content\/uploads\/2024\/12\/mercedes-benz-g-klasse-elektrisch-paus-foto6-1600x1068.jpg\" data-fancybox=\"galery-0\" title=\"Excellente nouvelle : le pr\u00e9sident Franziskus a nomm\u00e9 des membres de l'\u00e9quipe de Graz, Sindelfingen et Rom. Ola K\u00e4llenius a \u00e9t\u00e9 conseill\u00e9e par Britta Seeger, vice-pr\u00e9sidente charg\u00e9e des ventes et du marketing, ainsi que par Marc Langenbrinck, directeur g\u00e9n\u00e9ral de Mercedes-Benz Italia, lors de la c\u00e9r\u00e9monie d'investiture. Der Heilige Vater trafiquera \u00e9galement les jeunes qui ont con\u00e7u et fabriqu\u00e9 son nouveau v\u00e9hicule. Ainsi, les employ\u00e9s des secteurs de la conception, du d\u00e9veloppement, de la construction et de l'exploitation ont \u00e9t\u00e9 tenus \u00e0 l'\u00e9cart et leur v\u00e9hicule peut \u00eatre utilis\u00e9 par d'autres membres de l'\u00e9quipe.Les \u00e9missions de CO\u2082 ont \u00e9t\u00e9 r\u00e9duites \u00e0 0 g\/km | Classe de CO\u2082 : A* Une exp\u00e9rience unique : le pape Fran\u00e7ois invite les membres des \u00e9quipes participantes de Graz, Sindelfingen et Rome.Ola K\u00e4llenius \u00e9tait accompagn\u00e9e de Britta Seeger, membre du conseil d'administration responsable des ventes et du marketing, et de Marc Langenbrinck, directeur g\u00e9n\u00e9ral de Mercedes-Benz Italia, lors du rendez-vous juste \u00e0 c\u00f4t\u00e9 de la basilique Saint-Pierre. Mais le Saint-P\u00e8re a \u00e9galement rencontr\u00e9 ceux qui ont d\u00e9velopp\u00e9 et construit son nouveau v\u00e9hicule. Les employ\u00e9s des services Conception, Recherche et D\u00e9veloppement, Fabrication et Ventes et Marketing ont donc \u00e9galement \u00e9t\u00e9 invit\u00e9s \u00e0 l'\u00e9v\u00e9nement et ont pu remettre \"leur\" v\u00e9hicule au nom des nombreuses autres personnes impliqu\u00e9es.;Consommation d'\u00e9nergie combin\u00e9e : 30,4-27,7 kWh\/100 km | \u00c9missions de CO\u2082 combin\u00e9es : 0 g\/km | Classe de CO\u2082 : A*\"><br \/>\n\t\t\t\t\t\t\t<img decoding=\"async\" width=\"360\" height=\"270\" src=\"https:\/\/autorai.nl\/wp-content\/uploads\/2024\/12\/mercedes-benz-g-klasse-elektrisch-paus-foto6-360x270.jpg\" class=\"attachment-small size-small\" alt=\"\" loading=\"lazy\"><i class=\"fa fa-search-plus\" aria-hidden=\"true\"><\/i><br \/>\n\t\t\t\t\t\t<\/span><br \/>\n\t\t\t\t\t<\/figure>\n<figure>\n\t\t\t\t\t<span style=\"cursor: pointer\" data-src=\"https:\/\/autorai.nl\/wp-content\/uploads\/2024\/12\/mercedes-benz-g-klasse-elektrisch-paus-foto5-1600x1068.jpg\" data-fancybox=\"galery-0\" title=\"Excellente nouvelle : le pr\u00e9sident Franziskus a nomm\u00e9 des membres de l'\u00e9quipe de Graz, Sindelfingen et Rom. Ola K\u00e4llenius a \u00e9t\u00e9 conseill\u00e9e par Britta Seeger, vice-pr\u00e9sidente charg\u00e9e des ventes et du marketing, ainsi que par Marc Langenbrinck, directeur g\u00e9n\u00e9ral de Mercedes-Benz Italia, lors de la c\u00e9r\u00e9monie d'investiture. Der Heilige Vater trafiquera \u00e9galement les jeunes qui ont con\u00e7u et fabriqu\u00e9 son nouveau v\u00e9hicule. Ainsi, les employ\u00e9s des secteurs de la conception, du d\u00e9veloppement, de la construction et de l'exploitation ont \u00e9t\u00e9 tenus \u00e0 l'\u00e9cart et leur v\u00e9hicule peut \u00eatre utilis\u00e9 par d'autres membres de l'\u00e9quipe.Les \u00e9missions de CO\u2082 ont \u00e9t\u00e9 r\u00e9duites \u00e0 0 g\/km | Classe de CO\u2082 : A* Une exp\u00e9rience unique : le pape Fran\u00e7ois invite les membres des \u00e9quipes participantes de Graz, Sindelfingen et Rome.Ola K\u00e4llenius \u00e9tait accompagn\u00e9e de Britta Seeger, membre du conseil d'administration responsable des ventes et du marketing, et de Marc Langenbrinck, PDG de Mercedes-Benz Italia, lors du rendez-vous juste \u00e0 l'ext\u00e9rieur de la basilique Saint-Pierre. Mais le Saint-P\u00e8re a \u00e9galement rencontr\u00e9 ceux qui ont d\u00e9velopp\u00e9 et construit son nouveau v\u00e9hicule. Les employ\u00e9s des services Conception, Recherche et D\u00e9veloppement, Fabrication et Ventes et Marketing ont donc \u00e9galement \u00e9t\u00e9 invit\u00e9s \u00e0 l'\u00e9v\u00e9nement et ont pu remettre \"leur\" v\u00e9hicule au nom des nombreuses autres personnes impliqu\u00e9es.;Consommation d'\u00e9nergie combin\u00e9e : 30,4-27,7 kWh\/100 km | \u00c9missions de CO\u2082 combin\u00e9es : 0 g\/km | Classe de CO\u2082 : A*\"><br \/>\n\t\t\t\t\t\t\t<img decoding=\"async\" width=\"360\" height=\"270\" src=\"https:\/\/autorai.nl\/wp-content\/uploads\/2024\/12\/mercedes-benz-g-klasse-elektrisch-paus-foto5-360x270.jpg\" class=\"attachment-small size-small\" alt=\"\" loading=\"lazy\"><i class=\"fa fa-search-plus\" aria-hidden=\"true\"><\/i><br \/>\n\t\t\t\t\t\t<\/span><br \/>\n\t\t\t\t\t<\/figure>\n<figure>\n\t\t\t\t\t<span style=\"cursor: pointer\" data-src=\"https:\/\/autorai.nl\/wp-content\/uploads\/2024\/12\/mercedes-benz-g-klasse-elektrisch-paus-foto4-1600x1068.jpg\" data-fancybox=\"galery-0\" title=\"Excellente nouvelle : le pr\u00e9sident Franziskus a nomm\u00e9 des membres de l'\u00e9quipe de Graz, Sindelfingen et Rom. Ola K\u00e4llenius a \u00e9t\u00e9 conseill\u00e9e par Britta Seeger, vice-pr\u00e9sidente charg\u00e9e des ventes et du marketing, ainsi que par Marc Langenbrinck, directeur g\u00e9n\u00e9ral de Mercedes-Benz Italia, lors de la c\u00e9r\u00e9monie d'investiture. Der Heilige Vater trafiquera \u00e9galement les jeunes qui ont con\u00e7u et fabriqu\u00e9 son nouveau v\u00e9hicule. Ainsi, les employ\u00e9s des secteurs de la conception, du d\u00e9veloppement, de la construction et de l'exploitation ont \u00e9t\u00e9 tenus \u00e0 l'\u00e9cart et leur v\u00e9hicule peut \u00eatre utilis\u00e9 par d'autres membres de l'\u00e9quipe.Les \u00e9missions de CO\u2082 ont \u00e9t\u00e9 r\u00e9duites \u00e0 0 g\/km | Classe de CO\u2082 : A* Une exp\u00e9rience unique : le pape Fran\u00e7ois invite les membres des \u00e9quipes participantes de Graz, Sindelfingen et Rome.Ola K\u00e4llenius \u00e9tait accompagn\u00e9e de Britta Seeger, membre du conseil d'administration responsable des ventes et du marketing, et de Marc Langenbrinck, PDG de Mercedes-Benz Italia, lors du rendez-vous juste \u00e0 l'ext\u00e9rieur de la basilique Saint-Pierre. Mais le Saint-P\u00e8re a \u00e9galement rencontr\u00e9 ceux qui ont d\u00e9velopp\u00e9 et construit son nouveau v\u00e9hicule. Les employ\u00e9s des services Conception, Recherche et D\u00e9veloppement, Fabrication et Ventes et Marketing ont donc \u00e9galement \u00e9t\u00e9 invit\u00e9s \u00e0 l'\u00e9v\u00e9nement et ont pu remettre \"leur\" v\u00e9hicule au nom des nombreuses autres personnes impliqu\u00e9es.;Consommation \u00e9nerg\u00e9tique combin\u00e9e : 30,4-27,7 kWh\/100 km | \u00c9missions de CO\u2082 combin\u00e9es : 0 g\/km | Classe de CO\u2082 : A*\"><br \/>\n\t\t\t\t\t\t\t<img decoding=\"async\" width=\"360\" height=\"270\" src=\"https:\/\/autorai.nl\/wp-content\/uploads\/2024\/12\/mercedes-benz-g-klasse-elektrisch-paus-foto4-360x270.jpg\" class=\"attachment-small size-small\" alt=\"\" loading=\"lazy\"><i class=\"fa fa-search-plus\" aria-hidden=\"true\"><\/i><br \/>\n\t\t\t\t\t\t<\/span><br \/>\n\t\t\t\t\t<\/figure>\n<figure>\n\t\t\t\t\t<span style=\"cursor: pointer\" data-src=\"https:\/\/autorai.nl\/wp-content\/uploads\/2024\/12\/mercedes-benz-g-klasse-elektrisch-paus-foto3-1600x1068.jpg\" data-fancybox=\"galery-0\" title=\"Excellente nouvelle : le pr\u00e9sident Franziskus a nomm\u00e9 des membres de l'\u00e9quipe de Graz, Sindelfingen et Rom. Ola K\u00e4llenius a \u00e9t\u00e9 conseill\u00e9e par Britta Seeger, vice-pr\u00e9sidente charg\u00e9e des ventes et du marketing, et par Marc Langenbrinck, directeur g\u00e9n\u00e9ral de Mercedes-Benz Italia, lors de la c\u00e9r\u00e9monie d'investiture. Der Heilige Vater trafiquera \u00e9galement les jeunes qui ont con\u00e7u et fabriqu\u00e9 son nouveau v\u00e9hicule. C'est ainsi que des collaborateurs et collaboratrices des secteurs de la conception, du d\u00e9veloppement, de la construction et de la vente ont \u00e9t\u00e9 impliqu\u00e9s jusqu'\u00e0 la fin du contrat, avec une assistance priv\u00e9e de plus en plus importante, et que \"son\" v\u00e9hicule peut \u00eatre utilis\u00e9 par d'autres partenaires.Les \u00e9missions de CO\u2082 ont \u00e9t\u00e9 r\u00e9duites \u00e0 0 g\/km | Classe de CO\u2082 : A* Une exp\u00e9rience unique : le pape Fran\u00e7ois invite les membres des \u00e9quipes participantes de Graz, Sindelfingen et Rome.Ola K\u00e4llenius \u00e9tait accompagn\u00e9e de Britta Seeger, membre du conseil d'administration responsable des ventes et du marketing, et de Marc Langenbrinck, PDG de Mercedes-Benz Italia, lors du rendez-vous juste \u00e0 l'ext\u00e9rieur de la basilique Saint-Pierre. Mais le Saint-P\u00e8re a \u00e9galement rencontr\u00e9 ceux qui ont d\u00e9velopp\u00e9 et construit son nouveau v\u00e9hicule. Les employ\u00e9s des services Conception, Recherche et D\u00e9veloppement, Fabrication et Ventes et Marketing ont donc \u00e9galement \u00e9t\u00e9 invit\u00e9s \u00e0 l'\u00e9v\u00e9nement et ont pu remettre \"leur\" v\u00e9hicule au nom des nombreuses autres personnes impliqu\u00e9es.;Consommation d'\u00e9nergie combin\u00e9e : 30,4-27,7 kWh\/100 km | \u00c9missions de CO\u2082 combin\u00e9es : 0 g\/km | Classe de CO\u2082 : A*\"><br \/>\n\t\t\t\t\t\t\t<img decoding=\"async\" width=\"360\" height=\"270\" src=\"https:\/\/autorai.nl\/wp-content\/uploads\/2024\/12\/mercedes-benz-g-klasse-elektrisch-paus-foto3-360x270.jpg\" class=\"attachment-small size-small\" alt=\"\" loading=\"lazy\"><i class=\"fa fa-search-plus\" aria-hidden=\"true\"><\/i><br \/>\n\t\t\t\t\t\t<\/span><br \/>\n\t\t\t\t\t<\/figure>\n<figure>\n\t\t\t\t\t<span style=\"cursor: pointer\" data-src=\"https:\/\/autorai.nl\/wp-content\/uploads\/2024\/12\/mercedes-benz-g-klasse-elektrisch-paus-foto2-1600x1068.jpg\" data-fancybox=\"galery-0\" title=\"Excellente nouvelle : le pr\u00e9sident Franziskus a nomm\u00e9 des membres de l'\u00e9quipe de Graz, Sindelfingen et Rom. Ola K\u00e4llenius a \u00e9t\u00e9 conseill\u00e9e par Britta Seeger, vice-pr\u00e9sidente charg\u00e9e des ventes et du marketing, ainsi que par Marc Langenbrinck, directeur g\u00e9n\u00e9ral de Mercedes-Benz Italia, lors de la c\u00e9r\u00e9monie d'investiture. Der Heilige Vater trafiquera \u00e9galement les jeunes qui ont con\u00e7u et fabriqu\u00e9 son nouveau v\u00e9hicule. Ainsi, les employ\u00e9s des secteurs de la conception, du d\u00e9veloppement, de la construction et de l'exploitation ont \u00e9t\u00e9 tenus \u00e0 l'\u00e9cart et leur v\u00e9hicule peut \u00eatre utilis\u00e9 par d'autres membres de l'\u00e9quipe.Les \u00e9missions de CO\u2082 ont \u00e9t\u00e9 r\u00e9duites \u00e0 0 g\/km | Classe de CO\u2082 : A* Une exp\u00e9rience unique : le pape Fran\u00e7ois invite les membres des \u00e9quipes participantes de Graz, Sindelfingen et Rome.Ola K\u00e4llenius \u00e9tait accompagn\u00e9e de Britta Seeger, membre du conseil d'administration responsable des ventes et du marketing, et de Marc Langenbrinck, directeur g\u00e9n\u00e9ral de Mercedes-Benz Italia, lors du rendez-vous juste \u00e0 c\u00f4t\u00e9 de la basilique Saint-Pierre. Mais le Saint-P\u00e8re a \u00e9galement rencontr\u00e9 ceux qui ont d\u00e9velopp\u00e9 et construit son nouveau v\u00e9hicule. Les employ\u00e9s des services Conception, Recherche et D\u00e9veloppement, Fabrication et Ventes et Marketing ont donc \u00e9galement \u00e9t\u00e9 invit\u00e9s \u00e0 l'\u00e9v\u00e9nement et ont pu remettre \"leur\" v\u00e9hicule au nom des nombreuses autres personnes impliqu\u00e9es.;Consommation d'\u00e9nergie combin\u00e9e : 30,4-27,7 kWh\/100 km | \u00c9missions de CO\u2082 combin\u00e9es : 0 g\/km | Classe de CO\u2082 : A*\"><br \/>\n\t\t\t\t\t\t\t<img decoding=\"async\" width=\"360\" height=\"270\" src=\"https:\/\/autorai.nl\/wp-content\/uploads\/2024\/12\/mercedes-benz-g-klasse-elektrisch-paus-foto2-360x270.jpg\" class=\"attachment-small size-small\" alt=\"\" loading=\"lazy\"><i class=\"fa fa-search-plus\" aria-hidden=\"true\"><\/i><br \/>\n\t\t\t\t\t\t<\/span><br \/>\n\t\t\t\t\t<\/figure>\n<div class=\"clear\"><\/div>\n<\/div>\n","protected":false},"excerpt":{"rendered":"Ann\u00e9e jubilaire 2025 Cela signifie qu'au cours de l'ann\u00e9e jubilaire 2025 - un \u00e9v\u00e9nement qui n'a lieu que tous les\u2026","protected":false},"author":0,"featured_media":150557,"comment_status":"","ping_status":"open","sticky":false,"template":"","format":"standard","meta":{"footnotes":""},"categories":[131,127],"tags":[],"class_list":["post-152515","post","type-post","status-publish","format-standard","has-post-thumbnail","hentry","category-fond","category-nouvelles-de-voiture"],"acf":[],"yoast_head":"<!-- This site is optimized with the Yoast SEO plugin v21.2 - https:\/\/yoast.com\/wordpress\/plugins\/seo\/ -->\n<title>Le pape devient \u00e9lectrique : la premi\u00e8re &quot;Popemobile&quot; \u00e9lectrique de Mercedes-Benz - All cars news<\/title>\n<meta name=\"robots\" content=\"index, follow, max-snippet:-1, max-image-preview:large, max-video-preview:-1\" \/>\n<link rel=\"canonical\" href=\"https:\/\/all-car-news.com\/fr\/le-pape-devient-electrique-la-premiere-popemobile-electrique-de-mercedes-benz\/\" \/>\n<meta property=\"og:locale\" content=\"fr_FR\" \/>\n<meta property=\"og:type\" content=\"article\" \/>\n<meta property=\"og:title\" content=\"Le pape devient \u00e9lectrique : la premi\u00e8re &quot;Popemobile&quot; \u00e9lectrique de Mercedes-Benz - All cars news\" \/>\n<meta property=\"og:description\" content=\"Ann\u00e9e jubilaire 2025 Cela signifie qu&#039;au cours de l&#039;ann\u00e9e jubilaire 2025 - un \u00e9v\u00e9nement qui n&#039;a lieu que tous les 25 ans et qui attire des millions de p\u00e8lerins \u00e0 Rome - le pape sera transport\u00e9 localement sans \u00e9missions dans une nouvelle Mercedes-Benz. Le groupe motopropulseur \u00e9lectrique, qui a \u00e9t\u00e9 adapt\u00e9 aux vitesses particuli\u00e8rement basses en vigueur dans les [...]\" \/>\n<meta property=\"og:url\" content=\"https:\/\/all-car-news.com\/fr\/le-pape-devient-electrique-la-premiere-popemobile-electrique-de-mercedes-benz\/\" \/>\n<meta property=\"og:site_name\" content=\"All cars news\" \/>\n<meta property=\"article:published_time\" content=\"2024-12-09T08:48:02+00:00\" \/>\n<meta property=\"og:image\" content=\"https:\/\/autorai.nl\/wp-content\/uploads\/2024\/12\/mercedes-benz-g-klasse-elektrisch-paus-foto8-1140x855.jpg\" \/>\n<meta name=\"twitter:card\" content=\"summary_large_image\" \/>\n<meta name=\"twitter:label1\" content=\"Dur\u00e9e de lecture estim\u00e9e\" \/>\n\t<meta name=\"twitter:data1\" content=\"3 minutes\" \/>\n<script type=\"application\/ld+json\" class=\"yoast-schema-graph\">{\"@context\":\"https:\/\/schema.org\",\"@graph\":[{\"@type\":\"Article\",\"@id\":\"https:\/\/all-car-news.com\/fr\/le-pape-devient-electrique-la-premiere-popemobile-electrique-de-mercedes-benz\/#article\",\"isPartOf\":{\"@id\":\"https:\/\/all-car-news.com\/fr\/le-pape-devient-electrique-la-premiere-popemobile-electrique-de-mercedes-benz\/\"},\"author\":{\"name\":\"\",\"@id\":\"\"},\"headline\":\"Le pape devient \u00e9lectrique : la premi\u00e8re \u00ab\u00a0Popemobile\u00a0\u00bb \u00e9lectrique de Mercedes-Benz\",\"datePublished\":\"2024-12-09T08:48:02+00:00\",\"dateModified\":\"2024-12-09T08:48:02+00:00\",\"mainEntityOfPage\":{\"@id\":\"https:\/\/all-car-news.com\/fr\/le-pape-devient-electrique-la-premiere-popemobile-electrique-de-mercedes-benz\/\"},\"wordCount\":512,\"publisher\":{\"@id\":\"https:\/\/all-car-news.com\/fr\/#organization\"},\"articleSection\":[\"Fond\",\"nouvelles de voiture\"],\"inLanguage\":\"fr-FR\"},{\"@type\":\"WebPage\",\"@id\":\"https:\/\/all-car-news.com\/fr\/le-pape-devient-electrique-la-premiere-popemobile-electrique-de-mercedes-benz\/\",\"url\":\"https:\/\/all-car-news.com\/fr\/le-pape-devient-electrique-la-premiere-popemobile-electrique-de-mercedes-benz\/\",\"name\":\"Le pape devient \u00e9lectrique : la premi\u00e8re \\\"Popemobile\\\" \u00e9lectrique de Mercedes-Benz - All cars news\",\"isPartOf\":{\"@id\":\"https:\/\/all-car-news.com\/fr\/#website\"},\"datePublished\":\"2024-12-09T08:48:02+00:00\",\"dateModified\":\"2024-12-09T08:48:02+00:00\",\"breadcrumb\":{\"@id\":\"https:\/\/all-car-news.com\/fr\/le-pape-devient-electrique-la-premiere-popemobile-electrique-de-mercedes-benz\/#breadcrumb\"},\"inLanguage\":\"fr-FR\",\"potentialAction\":[{\"@type\":\"ReadAction\",\"target\":[\"https:\/\/all-car-news.com\/fr\/le-pape-devient-electrique-la-premiere-popemobile-electrique-de-mercedes-benz\/\"]}]},{\"@type\":\"BreadcrumbList\",\"@id\":\"https:\/\/all-car-news.com\/fr\/le-pape-devient-electrique-la-premiere-popemobile-electrique-de-mercedes-benz\/#breadcrumb\",\"itemListElement\":[{\"@type\":\"ListItem\",\"position\":1,\"name\":\"Home\",\"item\":\"https:\/\/all-car-news.com\/fr\/\"},{\"@type\":\"ListItem\",\"position\":2,\"name\":\"Le pape devient \u00e9lectrique : la premi\u00e8re &#8222;Popemobile&#8220; \u00e9lectrique de Mercedes-Benz\"}]},{\"@type\":\"WebSite\",\"@id\":\"https:\/\/all-car-news.com\/fr\/#website\",\"url\":\"https:\/\/all-car-news.com\/fr\/\",\"name\":\"All cars news\",\"description\":\"\",\"publisher\":{\"@id\":\"https:\/\/all-car-news.com\/fr\/#organization\"},\"potentialAction\":[{\"@type\":\"SearchAction\",\"target\":{\"@type\":\"EntryPoint\",\"urlTemplate\":\"https:\/\/all-car-news.com\/fr\/?s={search_term_string}\"},\"query-input\":\"required name=search_term_string\"}],\"inLanguage\":\"fr-FR\"},{\"@type\":\"Organization\",\"@id\":\"https:\/\/all-car-news.com\/fr\/#organization\",\"name\":\"All cars news\",\"url\":\"https:\/\/all-car-news.com\/fr\/\",\"logo\":{\"@type\":\"ImageObject\",\"inLanguage\":\"fr-FR\",\"@id\":\"https:\/\/all-car-news.com\/fr\/#\/schema\/logo\/image\/\",\"url\":\"https:\/\/all-car-news.com\/wp-content\/uploads\/2022\/02\/CMYK-AllCarNews_LANDSCAPE_300px-1.png\",\"contentUrl\":\"https:\/\/all-car-news.com\/wp-content\/uploads\/2022\/02\/CMYK-AllCarNews_LANDSCAPE_300px-1.png\",\"width\":300,\"height\":100,\"caption\":\"All cars news\"},\"image\":{\"@id\":\"https:\/\/all-car-news.com\/fr\/#\/schema\/logo\/image\/\"}}]}<\/script>\n<!-- \/ Yoast SEO plugin. -->","yoast_head_json":{"title":"Le pape devient \u00e9lectrique : la premi\u00e8re \"Popemobile\" \u00e9lectrique de Mercedes-Benz - All cars news","robots":{"index":"index","follow":"follow","max-snippet":"max-snippet:-1","max-image-preview":"max-image-preview:large","max-video-preview":"max-video-preview:-1"},"canonical":"https:\/\/all-car-news.com\/fr\/le-pape-devient-electrique-la-premiere-popemobile-electrique-de-mercedes-benz\/","og_locale":"fr_FR","og_type":"article","og_title":"Le pape devient \u00e9lectrique : la premi\u00e8re \"Popemobile\" \u00e9lectrique de Mercedes-Benz - All cars news","og_description":"Ann\u00e9e jubilaire 2025 Cela signifie qu'au cours de l'ann\u00e9e jubilaire 2025 - un \u00e9v\u00e9nement qui n'a lieu que tous les 25 ans et qui attire des millions de p\u00e8lerins \u00e0 Rome - le pape sera transport\u00e9 localement sans \u00e9missions dans une nouvelle Mercedes-Benz. Le groupe motopropulseur \u00e9lectrique, qui a \u00e9t\u00e9 adapt\u00e9 aux vitesses particuli\u00e8rement basses en vigueur dans les [...]","og_url":"https:\/\/all-car-news.com\/fr\/le-pape-devient-electrique-la-premiere-popemobile-electrique-de-mercedes-benz\/","og_site_name":"All cars news","article_published_time":"2024-12-09T08:48:02+00:00","og_image":[{"url":"https:\/\/autorai.nl\/wp-content\/uploads\/2024\/12\/mercedes-benz-g-klasse-elektrisch-paus-foto8-1140x855.jpg"}],"twitter_card":"summary_large_image","twitter_misc":{"Dur\u00e9e de lecture estim\u00e9e":"3 minutes"},"schema":{"@context":"https:\/\/schema.org","@graph":[{"@type":"Article","@id":"https:\/\/all-car-news.com\/fr\/le-pape-devient-electrique-la-premiere-popemobile-electrique-de-mercedes-benz\/#article","isPartOf":{"@id":"https:\/\/all-car-news.com\/fr\/le-pape-devient-electrique-la-premiere-popemobile-electrique-de-mercedes-benz\/"},"author":{"name":"","@id":""},"headline":"Le pape devient \u00e9lectrique : la premi\u00e8re \u00ab\u00a0Popemobile\u00a0\u00bb \u00e9lectrique de Mercedes-Benz","datePublished":"2024-12-09T08:48:02+00:00","dateModified":"2024-12-09T08:48:02+00:00","mainEntityOfPage":{"@id":"https:\/\/all-car-news.com\/fr\/le-pape-devient-electrique-la-premiere-popemobile-electrique-de-mercedes-benz\/"},"wordCount":512,"publisher":{"@id":"https:\/\/all-car-news.com\/fr\/#organization"},"articleSection":["Fond","nouvelles de voiture"],"inLanguage":"fr-FR"},{"@type":"WebPage","@id":"https:\/\/all-car-news.com\/fr\/le-pape-devient-electrique-la-premiere-popemobile-electrique-de-mercedes-benz\/","url":"https:\/\/all-car-news.com\/fr\/le-pape-devient-electrique-la-premiere-popemobile-electrique-de-mercedes-benz\/","name":"Le pape devient \u00e9lectrique : la premi\u00e8re \"Popemobile\" \u00e9lectrique de Mercedes-Benz - All cars news","isPartOf":{"@id":"https:\/\/all-car-news.com\/fr\/#website"},"datePublished":"2024-12-09T08:48:02+00:00","dateModified":"2024-12-09T08:48:02+00:00","breadcrumb":{"@id":"https:\/\/all-car-news.com\/fr\/le-pape-devient-electrique-la-premiere-popemobile-electrique-de-mercedes-benz\/#breadcrumb"},"inLanguage":"fr-FR","potentialAction":[{"@type":"ReadAction","target":["https:\/\/all-car-news.com\/fr\/le-pape-devient-electrique-la-premiere-popemobile-electrique-de-mercedes-benz\/"]}]},{"@type":"BreadcrumbList","@id":"https:\/\/all-car-news.com\/fr\/le-pape-devient-electrique-la-premiere-popemobile-electrique-de-mercedes-benz\/#breadcrumb","itemListElement":[{"@type":"ListItem","position":1,"name":"Home","item":"https:\/\/all-car-news.com\/fr\/"},{"@type":"ListItem","position":2,"name":"Le pape devient \u00e9lectrique : la premi\u00e8re &#8222;Popemobile&#8220; \u00e9lectrique de Mercedes-Benz"}]},{"@type":"WebSite","@id":"https:\/\/all-car-news.com\/fr\/#website","url":"https:\/\/all-car-news.com\/fr\/","name":"All cars news","description":"","publisher":{"@id":"https:\/\/all-car-news.com\/fr\/#organization"},"potentialAction":[{"@type":"SearchAction","target":{"@type":"EntryPoint","urlTemplate":"https:\/\/all-car-news.com\/fr\/?s={search_term_string}"},"query-input":"required name=search_term_string"}],"inLanguage":"fr-FR"},{"@type":"Organization","@id":"https:\/\/all-car-news.com\/fr\/#organization","name":"All cars news","url":"https:\/\/all-car-news.com\/fr\/","logo":{"@type":"ImageObject","inLanguage":"fr-FR","@id":"https:\/\/all-car-news.com\/fr\/#\/schema\/logo\/image\/","url":"https:\/\/all-car-news.com\/wp-content\/uploads\/2022\/02\/CMYK-AllCarNews_LANDSCAPE_300px-1.png","contentUrl":"https:\/\/all-car-news.com\/wp-content\/uploads\/2022\/02\/CMYK-AllCarNews_LANDSCAPE_300px-1.png","width":300,"height":100,"caption":"All cars news"},"image":{"@id":"https:\/\/all-car-news.com\/fr\/#\/schema\/logo\/image\/"}}]}},"_links":{"self":[{"href":"https:\/\/all-car-news.com\/fr\/wp-json\/wp\/v2\/posts\/152515","targetHints":{"allow":["GET"]}}],"collection":[{"href":"https:\/\/all-car-news.com\/fr\/wp-json\/wp\/v2\/posts"}],"about":[{"href":"https:\/\/all-car-news.com\/fr\/wp-json\/wp\/v2\/types\/post"}],"replies":[{"embeddable":true,"href":"https:\/\/all-car-news.com\/fr\/wp-json\/wp\/v2\/comments?post=152515"}],"version-history":[{"count":0,"href":"https:\/\/all-car-news.com\/fr\/wp-json\/wp\/v2\/posts\/152515\/revisions"}],"wp:featuredmedia":[{"embeddable":true,"href":"https:\/\/all-car-news.com\/fr\/wp-json\/wp\/v2\/media\/150557"}],"wp:attachment":[{"href":"https:\/\/all-car-news.com\/fr\/wp-json\/wp\/v2\/media?parent=152515"}],"wp:term":[{"taxonomy":"category","embeddable":true,"href":"https:\/\/all-car-news.com\/fr\/wp-json\/wp\/v2\/categories?post=152515"},{"taxonomy":"post_tag","embeddable":true,"href":"https:\/\/all-car-news.com\/fr\/wp-json\/wp\/v2\/tags?post=152515"}],"curies":[{"name":"wp","href":"https:\/\/api.w.org\/{rel}","templated":true}]}}