{"id":152480,"date":"2024-12-02T06:39:13","date_gmt":"2024-12-02T06:39:13","guid":{"rendered":"https:\/\/all-car-news.com\/breaking-carlos-tavares-quitte-stellantis-avec-effet-immediat\/"},"modified":"2024-12-02T06:39:13","modified_gmt":"2024-12-02T06:39:13","slug":"breaking-carlos-tavares-quitte-stellantis-avec-effet-immediat","status":"publish","type":"post","link":"https:\/\/all-car-news.com\/fr\/breaking-carlos-tavares-quitte-stellantis-avec-effet-immediat\/","title":{"rendered":"BREAKING : Carlos Tavares quitte Stellantis avec effet imm\u00e9diat"},"content":{"rendered":"<h2>Nouveau directeur g\u00e9n\u00e9ral<\/h2>\n<p>Le processus de nomination du nouveau directeur g\u00e9n\u00e9ral permanent est en cours. Ce processus de nomination est g\u00e9r\u00e9 par un comit\u00e9 sp\u00e9cial du conseil d&rsquo;administration et sera achev\u00e9 au cours du premier semestre 2025. D&rsquo;ici l\u00e0, un nouveau comit\u00e9 ex\u00e9cutif int\u00e9rimaire, pr\u00e9sid\u00e9 par John Elkann, d\u00e9cidera de la suite des \u00e9v\u00e9nements.  <\/p>\n<h2>Diff\u00e9rents points de vue<\/h2>\n<p>Henri de Castries, Senior Independent Director de Stellantis, a d\u00e9clar\u00e9 : \u00ab\u00a0Le succ\u00e8s de Stellantis depuis sa cr\u00e9ation repose sur un alignement parfait entre les actionnaires de r\u00e9f\u00e9rence, le conseil d&rsquo;administration et le CEO. Cependant, des divergences de vues sont apparues au cours des derni\u00e8res semaines qui ont conduit le Conseil d&rsquo;administration et le CEO \u00e0 prendre cette d\u00e9cision.\u00a0\u00bb<\/p>\n<h2>Merci par Elkann<\/h2>\n<p>Le pr\u00e9sident John Elkann a d\u00e9clar\u00e9 : \u00ab\u00a0Nous remercions Carlos pour ses ann\u00e9es de service d\u00e9vou\u00e9 et pour le r\u00f4le qu&rsquo;il a jou\u00e9 dans la cr\u00e9ation de Stellantis, ainsi que dans le redressement de PSA et d&rsquo;Opel, qui nous a mis sur la voie de devenir un leader mondial dans notre secteur. Je me r\u00e9jouis de travailler avec notre nouveau comit\u00e9 ex\u00e9cutif int\u00e9rimaire, soutenu par tous nos coll\u00e8gues de Stellantis, alors que nous achevons le processus de nomination de notre nouveau PDG. Ensemble, nous assurerons le d\u00e9ploiement continu de la strat\u00e9gie de l&rsquo;entreprise dans l&rsquo;int\u00e9r\u00eat \u00e0 long terme de Stellantis et de toutes ses parties prenantes.<\/p>\n","protected":false},"excerpt":{"rendered":"Nouveau directeur g\u00e9n\u00e9ral Le processus de nomination du nouveau directeur g\u00e9n\u00e9ral permanent est en cours. Ce processus de nomination est\u2026","protected":false},"author":0,"featured_media":150423,"comment_status":"","ping_status":"open","sticky":false,"template":"","format":"standard","meta":{"footnotes":""},"categories":[131,127],"tags":[],"class_list":["post-152480","post","type-post","status-publish","format-standard","has-post-thumbnail","hentry","category-fond","category-nouvelles-de-voiture"],"acf":[],"yoast_head":"<!-- This site is optimized with the Yoast SEO plugin v21.2 - https:\/\/yoast.com\/wordpress\/plugins\/seo\/ -->\n<title>BREAKING : Carlos Tavares quitte Stellantis avec effet imm\u00e9diat - All cars news<\/title>\n<meta name=\"robots\" content=\"index, follow, max-snippet:-1, max-image-preview:large, max-video-preview:-1\" \/>\n<link rel=\"canonical\" href=\"https:\/\/all-car-news.com\/fr\/breaking-carlos-tavares-quitte-stellantis-avec-effet-immediat\/\" \/>\n<meta property=\"og:locale\" content=\"fr_FR\" \/>\n<meta property=\"og:type\" content=\"article\" \/>\n<meta property=\"og:title\" content=\"BREAKING : Carlos Tavares quitte Stellantis avec effet imm\u00e9diat - All cars news\" \/>\n<meta property=\"og:description\" content=\"Nouveau directeur g\u00e9n\u00e9ral Le processus de nomination du nouveau directeur g\u00e9n\u00e9ral permanent est en cours. Ce processus de nomination est g\u00e9r\u00e9 par un comit\u00e9 sp\u00e9cial du conseil d&#039;administration et sera achev\u00e9 au cours du premier semestre 2025. D&#039;ici l\u00e0, un nouveau comit\u00e9 ex\u00e9cutif int\u00e9rimaire, pr\u00e9sid\u00e9 par John Elkann, d\u00e9terminera ce que [...]\" \/>\n<meta property=\"og:url\" content=\"https:\/\/all-car-news.com\/fr\/breaking-carlos-tavares-quitte-stellantis-avec-effet-immediat\/\" \/>\n<meta property=\"og:site_name\" content=\"All cars news\" \/>\n<meta property=\"article:published_time\" content=\"2024-12-02T06:39:13+00:00\" \/>\n<meta name=\"twitter:card\" content=\"summary_large_image\" \/>\n<meta name=\"twitter:label1\" content=\"Dur\u00e9e de lecture estim\u00e9e\" \/>\n\t<meta name=\"twitter:data1\" content=\"1 minute\" \/>\n<script type=\"application\/ld+json\" class=\"yoast-schema-graph\">{\"@context\":\"https:\/\/schema.org\",\"@graph\":[{\"@type\":\"Article\",\"@id\":\"https:\/\/all-car-news.com\/fr\/breaking-carlos-tavares-quitte-stellantis-avec-effet-immediat\/#article\",\"isPartOf\":{\"@id\":\"https:\/\/all-car-news.com\/fr\/breaking-carlos-tavares-quitte-stellantis-avec-effet-immediat\/\"},\"author\":{\"name\":\"\",\"@id\":\"\"},\"headline\":\"BREAKING : Carlos Tavares quitte Stellantis avec effet imm\u00e9diat\",\"datePublished\":\"2024-12-02T06:39:13+00:00\",\"dateModified\":\"2024-12-02T06:39:13+00:00\",\"mainEntityOfPage\":{\"@id\":\"https:\/\/all-car-news.com\/fr\/breaking-carlos-tavares-quitte-stellantis-avec-effet-immediat\/\"},\"wordCount\":263,\"publisher\":{\"@id\":\"https:\/\/all-car-news.com\/fr\/#organization\"},\"articleSection\":[\"Fond\",\"nouvelles de voiture\"],\"inLanguage\":\"fr-FR\"},{\"@type\":\"WebPage\",\"@id\":\"https:\/\/all-car-news.com\/fr\/breaking-carlos-tavares-quitte-stellantis-avec-effet-immediat\/\",\"url\":\"https:\/\/all-car-news.com\/fr\/breaking-carlos-tavares-quitte-stellantis-avec-effet-immediat\/\",\"name\":\"BREAKING : Carlos Tavares quitte Stellantis avec effet imm\u00e9diat - All cars news\",\"isPartOf\":{\"@id\":\"https:\/\/all-car-news.com\/fr\/#website\"},\"datePublished\":\"2024-12-02T06:39:13+00:00\",\"dateModified\":\"2024-12-02T06:39:13+00:00\",\"breadcrumb\":{\"@id\":\"https:\/\/all-car-news.com\/fr\/breaking-carlos-tavares-quitte-stellantis-avec-effet-immediat\/#breadcrumb\"},\"inLanguage\":\"fr-FR\",\"potentialAction\":[{\"@type\":\"ReadAction\",\"target\":[\"https:\/\/all-car-news.com\/fr\/breaking-carlos-tavares-quitte-stellantis-avec-effet-immediat\/\"]}]},{\"@type\":\"BreadcrumbList\",\"@id\":\"https:\/\/all-car-news.com\/fr\/breaking-carlos-tavares-quitte-stellantis-avec-effet-immediat\/#breadcrumb\",\"itemListElement\":[{\"@type\":\"ListItem\",\"position\":1,\"name\":\"Home\",\"item\":\"https:\/\/all-car-news.com\/fr\/\"},{\"@type\":\"ListItem\",\"position\":2,\"name\":\"BREAKING : Carlos Tavares quitte Stellantis avec effet imm\u00e9diat\"}]},{\"@type\":\"WebSite\",\"@id\":\"https:\/\/all-car-news.com\/fr\/#website\",\"url\":\"https:\/\/all-car-news.com\/fr\/\",\"name\":\"All cars news\",\"description\":\"\",\"publisher\":{\"@id\":\"https:\/\/all-car-news.com\/fr\/#organization\"},\"potentialAction\":[{\"@type\":\"SearchAction\",\"target\":{\"@type\":\"EntryPoint\",\"urlTemplate\":\"https:\/\/all-car-news.com\/fr\/?s={search_term_string}\"},\"query-input\":\"required name=search_term_string\"}],\"inLanguage\":\"fr-FR\"},{\"@type\":\"Organization\",\"@id\":\"https:\/\/all-car-news.com\/fr\/#organization\",\"name\":\"All cars news\",\"url\":\"https:\/\/all-car-news.com\/fr\/\",\"logo\":{\"@type\":\"ImageObject\",\"inLanguage\":\"fr-FR\",\"@id\":\"https:\/\/all-car-news.com\/fr\/#\/schema\/logo\/image\/\",\"url\":\"https:\/\/all-car-news.com\/wp-content\/uploads\/2022\/02\/CMYK-AllCarNews_LANDSCAPE_300px-1.png\",\"contentUrl\":\"https:\/\/all-car-news.com\/wp-content\/uploads\/2022\/02\/CMYK-AllCarNews_LANDSCAPE_300px-1.png\",\"width\":300,\"height\":100,\"caption\":\"All cars news\"},\"image\":{\"@id\":\"https:\/\/all-car-news.com\/fr\/#\/schema\/logo\/image\/\"}}]}<\/script>\n<!-- \/ Yoast SEO plugin. -->","yoast_head_json":{"title":"BREAKING : Carlos Tavares quitte Stellantis avec effet imm\u00e9diat - All cars news","robots":{"index":"index","follow":"follow","max-snippet":"max-snippet:-1","max-image-preview":"max-image-preview:large","max-video-preview":"max-video-preview:-1"},"canonical":"https:\/\/all-car-news.com\/fr\/breaking-carlos-tavares-quitte-stellantis-avec-effet-immediat\/","og_locale":"fr_FR","og_type":"article","og_title":"BREAKING : Carlos Tavares quitte Stellantis avec effet imm\u00e9diat - All cars news","og_description":"Nouveau directeur g\u00e9n\u00e9ral Le processus de nomination du nouveau directeur g\u00e9n\u00e9ral permanent est en cours. Ce processus de nomination est g\u00e9r\u00e9 par un comit\u00e9 sp\u00e9cial du conseil d'administration et sera achev\u00e9 au cours du premier semestre 2025. D'ici l\u00e0, un nouveau comit\u00e9 ex\u00e9cutif int\u00e9rimaire, pr\u00e9sid\u00e9 par John Elkann, d\u00e9terminera ce que [...]","og_url":"https:\/\/all-car-news.com\/fr\/breaking-carlos-tavares-quitte-stellantis-avec-effet-immediat\/","og_site_name":"All cars news","article_published_time":"2024-12-02T06:39:13+00:00","twitter_card":"summary_large_image","twitter_misc":{"Dur\u00e9e de lecture estim\u00e9e":"1 minute"},"schema":{"@context":"https:\/\/schema.org","@graph":[{"@type":"Article","@id":"https:\/\/all-car-news.com\/fr\/breaking-carlos-tavares-quitte-stellantis-avec-effet-immediat\/#article","isPartOf":{"@id":"https:\/\/all-car-news.com\/fr\/breaking-carlos-tavares-quitte-stellantis-avec-effet-immediat\/"},"author":{"name":"","@id":""},"headline":"BREAKING : Carlos Tavares quitte Stellantis avec effet imm\u00e9diat","datePublished":"2024-12-02T06:39:13+00:00","dateModified":"2024-12-02T06:39:13+00:00","mainEntityOfPage":{"@id":"https:\/\/all-car-news.com\/fr\/breaking-carlos-tavares-quitte-stellantis-avec-effet-immediat\/"},"wordCount":263,"publisher":{"@id":"https:\/\/all-car-news.com\/fr\/#organization"},"articleSection":["Fond","nouvelles de voiture"],"inLanguage":"fr-FR"},{"@type":"WebPage","@id":"https:\/\/all-car-news.com\/fr\/breaking-carlos-tavares-quitte-stellantis-avec-effet-immediat\/","url":"https:\/\/all-car-news.com\/fr\/breaking-carlos-tavares-quitte-stellantis-avec-effet-immediat\/","name":"BREAKING : Carlos Tavares quitte Stellantis avec effet imm\u00e9diat - All cars news","isPartOf":{"@id":"https:\/\/all-car-news.com\/fr\/#website"},"datePublished":"2024-12-02T06:39:13+00:00","dateModified":"2024-12-02T06:39:13+00:00","breadcrumb":{"@id":"https:\/\/all-car-news.com\/fr\/breaking-carlos-tavares-quitte-stellantis-avec-effet-immediat\/#breadcrumb"},"inLanguage":"fr-FR","potentialAction":[{"@type":"ReadAction","target":["https:\/\/all-car-news.com\/fr\/breaking-carlos-tavares-quitte-stellantis-avec-effet-immediat\/"]}]},{"@type":"BreadcrumbList","@id":"https:\/\/all-car-news.com\/fr\/breaking-carlos-tavares-quitte-stellantis-avec-effet-immediat\/#breadcrumb","itemListElement":[{"@type":"ListItem","position":1,"name":"Home","item":"https:\/\/all-car-news.com\/fr\/"},{"@type":"ListItem","position":2,"name":"BREAKING : Carlos Tavares quitte Stellantis avec effet imm\u00e9diat"}]},{"@type":"WebSite","@id":"https:\/\/all-car-news.com\/fr\/#website","url":"https:\/\/all-car-news.com\/fr\/","name":"All cars news","description":"","publisher":{"@id":"https:\/\/all-car-news.com\/fr\/#organization"},"potentialAction":[{"@type":"SearchAction","target":{"@type":"EntryPoint","urlTemplate":"https:\/\/all-car-news.com\/fr\/?s={search_term_string}"},"query-input":"required name=search_term_string"}],"inLanguage":"fr-FR"},{"@type":"Organization","@id":"https:\/\/all-car-news.com\/fr\/#organization","name":"All cars news","url":"https:\/\/all-car-news.com\/fr\/","logo":{"@type":"ImageObject","inLanguage":"fr-FR","@id":"https:\/\/all-car-news.com\/fr\/#\/schema\/logo\/image\/","url":"https:\/\/all-car-news.com\/wp-content\/uploads\/2022\/02\/CMYK-AllCarNews_LANDSCAPE_300px-1.png","contentUrl":"https:\/\/all-car-news.com\/wp-content\/uploads\/2022\/02\/CMYK-AllCarNews_LANDSCAPE_300px-1.png","width":300,"height":100,"caption":"All cars news"},"image":{"@id":"https:\/\/all-car-news.com\/fr\/#\/schema\/logo\/image\/"}}]}},"_links":{"self":[{"href":"https:\/\/all-car-news.com\/fr\/wp-json\/wp\/v2\/posts\/152480","targetHints":{"allow":["GET"]}}],"collection":[{"href":"https:\/\/all-car-news.com\/fr\/wp-json\/wp\/v2\/posts"}],"about":[{"href":"https:\/\/all-car-news.com\/fr\/wp-json\/wp\/v2\/types\/post"}],"replies":[{"embeddable":true,"href":"https:\/\/all-car-news.com\/fr\/wp-json\/wp\/v2\/comments?post=152480"}],"version-history":[{"count":0,"href":"https:\/\/all-car-news.com\/fr\/wp-json\/wp\/v2\/posts\/152480\/revisions"}],"wp:featuredmedia":[{"embeddable":true,"href":"https:\/\/all-car-news.com\/fr\/wp-json\/wp\/v2\/media\/150423"}],"wp:attachment":[{"href":"https:\/\/all-car-news.com\/fr\/wp-json\/wp\/v2\/media?parent=152480"}],"wp:term":[{"taxonomy":"category","embeddable":true,"href":"https:\/\/all-car-news.com\/fr\/wp-json\/wp\/v2\/categories?post=152480"},{"taxonomy":"post_tag","embeddable":true,"href":"https:\/\/all-car-news.com\/fr\/wp-json\/wp\/v2\/tags?post=152480"}],"curies":[{"name":"wp","href":"https:\/\/api.w.org\/{rel}","templated":true}]}}