{"id":152439,"date":"2024-11-28T09:03:07","date_gmt":"2024-11-28T09:03:07","guid":{"rendered":"https:\/\/all-car-news.com\/utrecht-est-inonde-de-modeles-renault-e-tech\/"},"modified":"2024-11-28T09:03:07","modified_gmt":"2024-11-28T09:03:07","slug":"utrecht-est-inonde-de-modeles-renault-e-tech","status":"publish","type":"post","link":"https:\/\/all-car-news.com\/fr\/utrecht-est-inonde-de-modeles-renault-e-tech\/","title":{"rendered":"Utrecht est inond\u00e9 de mod\u00e8les Renault E-Tech"},"content":{"rendered":"<h2>Technologie de charge bidirectionnelle<\/h2>\n<p>Cette initiative vise \u00e0 faciliter la disponibilit\u00e9 \u00e0 grande \u00e9chelle de la mobilit\u00e9 \u00e9lectrique partag\u00e9e tout en offrant un moyen innovant d&rsquo;\u00e9quilibrer le r\u00e9seau \u00e9lectrique de la ville d&rsquo;Utrecht gr\u00e2ce \u00e0 une technologie de charge bidirectionnelle. Les Pays-Bas sont devenus un leader mondial dans le d\u00e9ploiement de l&rsquo;\u00e9nergie solaire et \u00e9olienne, ce qui pose des probl\u00e8mes au r\u00e9seau \u00e9lectrique. Utrecht est l&rsquo;une des villes europ\u00e9ennes les plus avanc\u00e9es en mati\u00e8re d&rsquo;utilisation des \u00e9nergies renouvelables, avec d\u00e9j\u00e0 35 % des toits couverts de panneaux solaires.  <\/p>\n<h2>500 mod\u00e8les \u00e9lectriques E-Tech<\/h2>\n<p>Dans le cadre de l&rsquo;accord sign\u00e9 le 27 novembre 2024 \u00e0 l&rsquo;ambassade des Pays-Bas \u00e0 Paris, les partenaires pr\u00e9voient de d\u00e9ployer \u00e0 Utrecht une flotte de cinq cents mod\u00e8les Renault E-Tech Electric, compos\u00e9e dans un premier temps de la Renault 5 E-Tech Electric. Ces voitures, disponibles via un service d&rsquo;autopartage g\u00e9r\u00e9 par MyWheels, utiliseront la technologie de recharge bidirectionnelle V2G d\u00e9velopp\u00e9e par Mobilize, la marque du Groupe Renault d\u00e9di\u00e9e aux nouvelles mobilit\u00e9s.   <\/p>\n<figure class=\"wp-block-image size-content\"><img decoding=\"async\" loading=\"lazy\" width=\"1140\" height=\"760\" src=\"https:\/\/autorai.nl\/wp-content\/uploads\/2024\/11\/02-Renaul-Group-We-Drive-Solar-en-MyWheels-slaan-handen-ineen-met-eerste-deelautodienst-met-V2G-scaled-1-1140x760.jpg\" alt=\"\" class=\"wp-image-189811\"><\/figure>\n<h2>500 voitures \u00e0 double sens<\/h2>\n<p>Ce serait la premi\u00e8re fois que cette technologie est utilis\u00e9e au profit d&rsquo;une infrastructure publique. Cinq cents voitures \u00e0 double sens peuvent fournir 10 % de la flexibilit\u00e9 n\u00e9cessaire dans la r\u00e9gion d&rsquo;Utrecht pour \u00e9quilibrer l&rsquo;\u00e9nergie solaire et l&rsquo;\u00e9nergie \u00e9olienne en vue de leur utilisation pendant les heures de pointe. <\/p>\n<h2>Des technologies durables pour tous<\/h2>\n<p>La flotte de voitures partag\u00e9es s&rsquo;\u00e9tendra par la suite aux Renault 4 E-Tech Electric, Megane E-Tech Electric et Scenic E-Tech Electric. L&rsquo;utilisation de la technologie V2G de Mobilize repr\u00e9senterait une avanc\u00e9e significative et permettrait \u00e0 l&rsquo;infrastructure et aux services publics de We Drive Solar de contribuer \u00e0 un syst\u00e8me \u00e9nerg\u00e9tique plus r\u00e9silient et durable \u00e0 grande \u00e9chelle. <\/p>\n<figure class=\"wp-block-image size-content\"><img decoding=\"async\" loading=\"lazy\" width=\"1140\" height=\"760\" src=\"https:\/\/autorai.nl\/wp-content\/uploads\/2024\/11\/03-Renaul-Group-We-Drive-Solar-en-MyWheels-slaan-handen-ineen-met-eerste-deelautodienst-met-V2G-scaled-1-1140x760.jpg\" alt=\"\" class=\"wp-image-189812\"><\/figure>\n<h2>Collaboration<\/h2>\n<p>Les voitures Renault, \u00e9quip\u00e9es de la technologie V2G de Mobilize, devraient commencer \u00e0 permettre aux utilisateurs de charger leurs v\u00e9hicules avec de l&rsquo;\u00e9nergie propre et de r\u00e9injecter de l&rsquo;\u00e9nergie dans le r\u00e9seau lorsque la demande d&rsquo;\u00e9lectricit\u00e9 est \u00e9lev\u00e9e. Cela permet non seulement de r\u00e9duire les co\u00fbts globaux de l&rsquo;\u00e9lectricit\u00e9, mais aussi de stabiliser le r\u00e9seau et d&rsquo;int\u00e9grer davantage les sources d&rsquo;\u00e9nergie renouvelables.   <\/p>\n<p>We Drive Solar, leader international dans le domaine de la recharge intelligente, pr\u00e9voit de fournir ses solutions avanc\u00e9es de recharge bidirectionnelle \u00e0 cette fin. \u00c0 partir d&rsquo;Utrecht, tous les nouveaux chargeurs publics bidirectionnels \u00e0 courant alternatif devront prendre en charge la bo\u00eete \u00e0 outils V2G de Mobilize.   <\/p>\n<p>Les voitures de Renault seront ensuite g\u00e9r\u00e9es par MyWheels, la plus grande soci\u00e9t\u00e9 d&rsquo;autopartage des Pays-Bas. Gr\u00e2ce \u00e0 cette initiative, MyWheels \u00e9tablira une nouvelle norme pour les services d&rsquo;autopartage en int\u00e9grant des solutions de mobilit\u00e9 et d&rsquo;\u00e9nergie pour r\u00e9pondre aux d\u00e9fis urbains modernes. Cette collaboration montre la force de la contribution que les initiatives publiques-priv\u00e9es peuvent apporter \u00e0 des solutions de mobilit\u00e9 durables et efficaces.  <\/p>\n","protected":false},"excerpt":{"rendered":"Technologie de charge bidirectionnelle Cette initiative vise \u00e0 faciliter la disponibilit\u00e9 \u00e0 grande \u00e9chelle de la mobilit\u00e9 \u00e9lectrique partag\u00e9e tout\u2026","protected":false},"author":0,"featured_media":150322,"comment_status":"","ping_status":"open","sticky":false,"template":"","format":"standard","meta":{"footnotes":""},"categories":[131,127],"tags":[],"class_list":["post-152439","post","type-post","status-publish","format-standard","has-post-thumbnail","hentry","category-fond","category-nouvelles-de-voiture"],"acf":[],"yoast_head":"<!-- This site is optimized with the Yoast SEO plugin v21.2 - https:\/\/yoast.com\/wordpress\/plugins\/seo\/ -->\n<title>Utrecht est inond\u00e9 de mod\u00e8les Renault E-Tech - All cars news<\/title>\n<meta name=\"robots\" content=\"index, follow, max-snippet:-1, max-image-preview:large, max-video-preview:-1\" \/>\n<link rel=\"canonical\" href=\"https:\/\/all-car-news.com\/fr\/utrecht-est-inonde-de-modeles-renault-e-tech\/\" \/>\n<meta property=\"og:locale\" content=\"fr_FR\" \/>\n<meta property=\"og:type\" content=\"article\" \/>\n<meta property=\"og:title\" content=\"Utrecht est inond\u00e9 de mod\u00e8les Renault E-Tech - All cars news\" \/>\n<meta property=\"og:description\" content=\"Technologie de charge bidirectionnelle Cette initiative vise \u00e0 faciliter la disponibilit\u00e9 \u00e0 grande \u00e9chelle de la mobilit\u00e9 \u00e9lectrique partag\u00e9e tout en offrant un moyen innovant d&#039;\u00e9quilibrer le r\u00e9seau \u00e9lectrique de la ville d&#039;Utrecht gr\u00e2ce \u00e0 la technologie de charge bidirectionnelle. Les Pays-Bas sont devenus un leader mondial dans le d\u00e9ploiement de l&#039;\u00e9nergie solaire et \u00e9olienne, ce qui pose des d\u00e9fis [...]\" \/>\n<meta property=\"og:url\" content=\"https:\/\/all-car-news.com\/fr\/utrecht-est-inonde-de-modeles-renault-e-tech\/\" \/>\n<meta property=\"og:site_name\" content=\"All cars news\" \/>\n<meta property=\"article:published_time\" content=\"2024-11-28T09:03:07+00:00\" \/>\n<meta property=\"og:image\" content=\"https:\/\/autorai.nl\/wp-content\/uploads\/2024\/11\/02-Renaul-Group-We-Drive-Solar-en-MyWheels-slaan-handen-ineen-met-eerste-deelautodienst-met-V2G-scaled-1-1140x760.jpg\" \/>\n<meta name=\"twitter:card\" content=\"summary_large_image\" \/>\n<meta name=\"twitter:label1\" content=\"Dur\u00e9e de lecture estim\u00e9e\" \/>\n\t<meta name=\"twitter:data1\" content=\"2 minutes\" \/>\n<script type=\"application\/ld+json\" class=\"yoast-schema-graph\">{\"@context\":\"https:\/\/schema.org\",\"@graph\":[{\"@type\":\"Article\",\"@id\":\"https:\/\/all-car-news.com\/fr\/utrecht-est-inonde-de-modeles-renault-e-tech\/#article\",\"isPartOf\":{\"@id\":\"https:\/\/all-car-news.com\/fr\/utrecht-est-inonde-de-modeles-renault-e-tech\/\"},\"author\":{\"name\":\"\",\"@id\":\"\"},\"headline\":\"Utrecht est inond\u00e9 de mod\u00e8les Renault E-Tech\",\"datePublished\":\"2024-11-28T09:03:07+00:00\",\"dateModified\":\"2024-11-28T09:03:07+00:00\",\"mainEntityOfPage\":{\"@id\":\"https:\/\/all-car-news.com\/fr\/utrecht-est-inonde-de-modeles-renault-e-tech\/\"},\"wordCount\":502,\"publisher\":{\"@id\":\"https:\/\/all-car-news.com\/fr\/#organization\"},\"articleSection\":[\"Fond\",\"nouvelles de voiture\"],\"inLanguage\":\"fr-FR\"},{\"@type\":\"WebPage\",\"@id\":\"https:\/\/all-car-news.com\/fr\/utrecht-est-inonde-de-modeles-renault-e-tech\/\",\"url\":\"https:\/\/all-car-news.com\/fr\/utrecht-est-inonde-de-modeles-renault-e-tech\/\",\"name\":\"Utrecht est inond\u00e9 de mod\u00e8les Renault E-Tech - All cars news\",\"isPartOf\":{\"@id\":\"https:\/\/all-car-news.com\/fr\/#website\"},\"datePublished\":\"2024-11-28T09:03:07+00:00\",\"dateModified\":\"2024-11-28T09:03:07+00:00\",\"breadcrumb\":{\"@id\":\"https:\/\/all-car-news.com\/fr\/utrecht-est-inonde-de-modeles-renault-e-tech\/#breadcrumb\"},\"inLanguage\":\"fr-FR\",\"potentialAction\":[{\"@type\":\"ReadAction\",\"target\":[\"https:\/\/all-car-news.com\/fr\/utrecht-est-inonde-de-modeles-renault-e-tech\/\"]}]},{\"@type\":\"BreadcrumbList\",\"@id\":\"https:\/\/all-car-news.com\/fr\/utrecht-est-inonde-de-modeles-renault-e-tech\/#breadcrumb\",\"itemListElement\":[{\"@type\":\"ListItem\",\"position\":1,\"name\":\"Home\",\"item\":\"https:\/\/all-car-news.com\/fr\/\"},{\"@type\":\"ListItem\",\"position\":2,\"name\":\"Utrecht est inond\u00e9 de mod\u00e8les Renault E-Tech\"}]},{\"@type\":\"WebSite\",\"@id\":\"https:\/\/all-car-news.com\/fr\/#website\",\"url\":\"https:\/\/all-car-news.com\/fr\/\",\"name\":\"All cars news\",\"description\":\"\",\"publisher\":{\"@id\":\"https:\/\/all-car-news.com\/fr\/#organization\"},\"potentialAction\":[{\"@type\":\"SearchAction\",\"target\":{\"@type\":\"EntryPoint\",\"urlTemplate\":\"https:\/\/all-car-news.com\/fr\/?s={search_term_string}\"},\"query-input\":\"required name=search_term_string\"}],\"inLanguage\":\"fr-FR\"},{\"@type\":\"Organization\",\"@id\":\"https:\/\/all-car-news.com\/fr\/#organization\",\"name\":\"All cars news\",\"url\":\"https:\/\/all-car-news.com\/fr\/\",\"logo\":{\"@type\":\"ImageObject\",\"inLanguage\":\"fr-FR\",\"@id\":\"https:\/\/all-car-news.com\/fr\/#\/schema\/logo\/image\/\",\"url\":\"https:\/\/all-car-news.com\/wp-content\/uploads\/2022\/02\/CMYK-AllCarNews_LANDSCAPE_300px-1.png\",\"contentUrl\":\"https:\/\/all-car-news.com\/wp-content\/uploads\/2022\/02\/CMYK-AllCarNews_LANDSCAPE_300px-1.png\",\"width\":300,\"height\":100,\"caption\":\"All cars news\"},\"image\":{\"@id\":\"https:\/\/all-car-news.com\/fr\/#\/schema\/logo\/image\/\"}}]}<\/script>\n<!-- \/ Yoast SEO plugin. -->","yoast_head_json":{"title":"Utrecht est inond\u00e9 de mod\u00e8les Renault E-Tech - All cars news","robots":{"index":"index","follow":"follow","max-snippet":"max-snippet:-1","max-image-preview":"max-image-preview:large","max-video-preview":"max-video-preview:-1"},"canonical":"https:\/\/all-car-news.com\/fr\/utrecht-est-inonde-de-modeles-renault-e-tech\/","og_locale":"fr_FR","og_type":"article","og_title":"Utrecht est inond\u00e9 de mod\u00e8les Renault E-Tech - All cars news","og_description":"Technologie de charge bidirectionnelle Cette initiative vise \u00e0 faciliter la disponibilit\u00e9 \u00e0 grande \u00e9chelle de la mobilit\u00e9 \u00e9lectrique partag\u00e9e tout en offrant un moyen innovant d'\u00e9quilibrer le r\u00e9seau \u00e9lectrique de la ville d'Utrecht gr\u00e2ce \u00e0 la technologie de charge bidirectionnelle. Les Pays-Bas sont devenus un leader mondial dans le d\u00e9ploiement de l'\u00e9nergie solaire et \u00e9olienne, ce qui pose des d\u00e9fis [...]","og_url":"https:\/\/all-car-news.com\/fr\/utrecht-est-inonde-de-modeles-renault-e-tech\/","og_site_name":"All cars news","article_published_time":"2024-11-28T09:03:07+00:00","og_image":[{"url":"https:\/\/autorai.nl\/wp-content\/uploads\/2024\/11\/02-Renaul-Group-We-Drive-Solar-en-MyWheels-slaan-handen-ineen-met-eerste-deelautodienst-met-V2G-scaled-1-1140x760.jpg"}],"twitter_card":"summary_large_image","twitter_misc":{"Dur\u00e9e de lecture estim\u00e9e":"2 minutes"},"schema":{"@context":"https:\/\/schema.org","@graph":[{"@type":"Article","@id":"https:\/\/all-car-news.com\/fr\/utrecht-est-inonde-de-modeles-renault-e-tech\/#article","isPartOf":{"@id":"https:\/\/all-car-news.com\/fr\/utrecht-est-inonde-de-modeles-renault-e-tech\/"},"author":{"name":"","@id":""},"headline":"Utrecht est inond\u00e9 de mod\u00e8les Renault E-Tech","datePublished":"2024-11-28T09:03:07+00:00","dateModified":"2024-11-28T09:03:07+00:00","mainEntityOfPage":{"@id":"https:\/\/all-car-news.com\/fr\/utrecht-est-inonde-de-modeles-renault-e-tech\/"},"wordCount":502,"publisher":{"@id":"https:\/\/all-car-news.com\/fr\/#organization"},"articleSection":["Fond","nouvelles de voiture"],"inLanguage":"fr-FR"},{"@type":"WebPage","@id":"https:\/\/all-car-news.com\/fr\/utrecht-est-inonde-de-modeles-renault-e-tech\/","url":"https:\/\/all-car-news.com\/fr\/utrecht-est-inonde-de-modeles-renault-e-tech\/","name":"Utrecht est inond\u00e9 de mod\u00e8les Renault E-Tech - All cars news","isPartOf":{"@id":"https:\/\/all-car-news.com\/fr\/#website"},"datePublished":"2024-11-28T09:03:07+00:00","dateModified":"2024-11-28T09:03:07+00:00","breadcrumb":{"@id":"https:\/\/all-car-news.com\/fr\/utrecht-est-inonde-de-modeles-renault-e-tech\/#breadcrumb"},"inLanguage":"fr-FR","potentialAction":[{"@type":"ReadAction","target":["https:\/\/all-car-news.com\/fr\/utrecht-est-inonde-de-modeles-renault-e-tech\/"]}]},{"@type":"BreadcrumbList","@id":"https:\/\/all-car-news.com\/fr\/utrecht-est-inonde-de-modeles-renault-e-tech\/#breadcrumb","itemListElement":[{"@type":"ListItem","position":1,"name":"Home","item":"https:\/\/all-car-news.com\/fr\/"},{"@type":"ListItem","position":2,"name":"Utrecht est inond\u00e9 de mod\u00e8les Renault E-Tech"}]},{"@type":"WebSite","@id":"https:\/\/all-car-news.com\/fr\/#website","url":"https:\/\/all-car-news.com\/fr\/","name":"All cars news","description":"","publisher":{"@id":"https:\/\/all-car-news.com\/fr\/#organization"},"potentialAction":[{"@type":"SearchAction","target":{"@type":"EntryPoint","urlTemplate":"https:\/\/all-car-news.com\/fr\/?s={search_term_string}"},"query-input":"required name=search_term_string"}],"inLanguage":"fr-FR"},{"@type":"Organization","@id":"https:\/\/all-car-news.com\/fr\/#organization","name":"All cars news","url":"https:\/\/all-car-news.com\/fr\/","logo":{"@type":"ImageObject","inLanguage":"fr-FR","@id":"https:\/\/all-car-news.com\/fr\/#\/schema\/logo\/image\/","url":"https:\/\/all-car-news.com\/wp-content\/uploads\/2022\/02\/CMYK-AllCarNews_LANDSCAPE_300px-1.png","contentUrl":"https:\/\/all-car-news.com\/wp-content\/uploads\/2022\/02\/CMYK-AllCarNews_LANDSCAPE_300px-1.png","width":300,"height":100,"caption":"All cars news"},"image":{"@id":"https:\/\/all-car-news.com\/fr\/#\/schema\/logo\/image\/"}}]}},"_links":{"self":[{"href":"https:\/\/all-car-news.com\/fr\/wp-json\/wp\/v2\/posts\/152439","targetHints":{"allow":["GET"]}}],"collection":[{"href":"https:\/\/all-car-news.com\/fr\/wp-json\/wp\/v2\/posts"}],"about":[{"href":"https:\/\/all-car-news.com\/fr\/wp-json\/wp\/v2\/types\/post"}],"replies":[{"embeddable":true,"href":"https:\/\/all-car-news.com\/fr\/wp-json\/wp\/v2\/comments?post=152439"}],"version-history":[{"count":0,"href":"https:\/\/all-car-news.com\/fr\/wp-json\/wp\/v2\/posts\/152439\/revisions"}],"wp:featuredmedia":[{"embeddable":true,"href":"https:\/\/all-car-news.com\/fr\/wp-json\/wp\/v2\/media\/150322"}],"wp:attachment":[{"href":"https:\/\/all-car-news.com\/fr\/wp-json\/wp\/v2\/media?parent=152439"}],"wp:term":[{"taxonomy":"category","embeddable":true,"href":"https:\/\/all-car-news.com\/fr\/wp-json\/wp\/v2\/categories?post=152439"},{"taxonomy":"post_tag","embeddable":true,"href":"https:\/\/all-car-news.com\/fr\/wp-json\/wp\/v2\/tags?post=152439"}],"curies":[{"name":"wp","href":"https:\/\/api.w.org\/{rel}","templated":true}]}}