{"id":152187,"date":"2025-02-07T10:27:50","date_gmt":"2025-02-07T10:27:50","guid":{"rendered":"https:\/\/all-car-news.com\/volkswagen-propose-un-modele-electrique-sous-id-2\/"},"modified":"2025-02-07T10:27:50","modified_gmt":"2025-02-07T10:27:50","slug":"volkswagen-propose-un-modele-electrique-sous-id-2","status":"publish","type":"post","link":"https:\/\/all-car-news.com\/fr\/volkswagen-propose-un-modele-electrique-sous-id-2\/","title":{"rendered":"Volkswagen propose un mod\u00e8le \u00e9lectrique sous ID.2"},"content":{"rendered":"<h2>Plan global pour l&rsquo;avenir Volkswagen<\/h2>\n<p>\u00ab\u00a0Sur la base des r\u00e9sultats des n\u00e9gociations de d\u00e9cembre dernier, nous nous sommes engag\u00e9s dans le plan d&rsquo;avenir le plus complet de l&rsquo;histoire de Volkswagen. Nous suivons maintenant une voie ambitieuse pour atteindre les objectifs que nous avons fix\u00e9s ensemble. Il s&rsquo;agit d&rsquo;une \u00e9tape importante pour rendre l&rsquo;\u00e9lectromobilit\u00e9 plus attrayante et accessible \u00e0 tous, ce qui est au c\u0153ur de notre marque\u00a0\u00bb, a d\u00e9clar\u00e9 le PDG Sch\u00e4fer.<\/p>\n<h2>Wolfsburg<\/h2>\n<p>Dans le m\u00eame temps, le PDG de Volkswagen a soulign\u00e9 que Wolfsburg restait le centre de l&rsquo;innovation et de la production, l&rsquo;usine principale de Volkswagen devant \u00e9tablir de nouvelles normes en mati\u00e8re de production automobile.<\/p>\n<h2>Une voiture d&rsquo;exposition d&rsquo;abord, la production suivra en 2027<\/h2>\n<p>D\u00e9but mars 2025, Volkswagen pr\u00e9sentera un show car bas\u00e9 sur la nouvelle petite voiture \u00e9lectrique. La premi\u00e8re mondiale du mod\u00e8le de production est pr\u00e9vue pour 2027. Avec un prix de d\u00e9part d&rsquo;environ 20 000 euros, le nouveau mod\u00e8le \u00e9lectrique d&rsquo;entr\u00e9e de gamme sera attrayant et accessible \u00e0 un large groupe de consommateurs, une Volkswagen au sens propre du terme. Sch\u00e4fer : \u00ab\u00a0Ce sera une Volkswagen \u00e9lectrique abordable, de haute qualit\u00e9 et rentable, de l&rsquo;Europe pour l&rsquo;Europe !\u00a0\u00bb   <\/p>\n<figure class=\"wp-block-image size-content\"><img decoding=\"async\" loading=\"lazy\" width=\"1140\" height=\"641\" src=\"https:\/\/autorai.nl\/wp-content\/uploads\/2025\/02\/volkswagen-id1-teaser-foto-1140x641.jpg\" alt=\"Premier aper\u00e7u du nouveau mod\u00e8le \u00e9lectrique d'entr\u00e9e de gamme de Volkswagen.\" class=\"wp-image-193797\"><figcaption>Premier aper\u00e7u du nouveau mod\u00e8le \u00e9lectrique d&rsquo;entr\u00e9e de gamme de Volkswagen.<\/figcaption><\/figure>\n<h2>L&rsquo;\u00e8re \u00e9lectrique<\/h2>\n<p>L&rsquo;\u00e9lectromobilit\u00e9 abordable dans la cat\u00e9gorie des petites voitures \u00e0 l&rsquo;\u00e8re de l&rsquo;\u00e9lectricit\u00e9 sera l&rsquo;un des fers de lance du plan d&rsquo;avenir de Volkswagen. Avec la version de s\u00e9rie de l&rsquo;ID. 2all, le nouveau mod\u00e8le \u00e9lectrique d&rsquo;entr\u00e9e de gamme fait partie de la nouvelle famille de petites voitures \u00e9lectriques d\u00e9velopp\u00e9es sous l&rsquo;\u00e9gide du Brand Group Core au sein du groupe Volkswagen.    <\/p>\n<h2>Plateforme MEB<\/h2>\n<p>La famille de mod\u00e8les comprend des voitures compactes enti\u00e8rement \u00e9lectriques bas\u00e9es sur une version \u00e9volu\u00e9e de la plateforme \u00e9lectrique modulaire MEB du groupe Volkswagen. Le premier nouveau mod\u00e8le sur cette plateforme sera la version de production du prototype ID. 2all, qui devrait arriver chez les concessionnaires en 2026 en tant que premi\u00e8re voiture compacte enti\u00e8rement \u00e9lectrique de Volkswagen, avec un prix de d\u00e9part inf\u00e9rieur \u00e0 25 000 euros.  <\/p>\n<h2>Famille ID<\/h2>\n<p>Volkswagen occupe d\u00e9j\u00e0 une position forte dans le domaine des v\u00e9hicules tout \u00e9lectriques (BEV). Depuis le lancement de la famille ID.en 2019, la marque a d\u00e9j\u00e0 vendu au total plus de 1,35 million de mod\u00e8les ID.dans le monde, dont environ 500 000 ID.3. L&rsquo;ann\u00e9e derni\u00e8re, la marque Volkswagen a vendu 383 100 voitures enti\u00e8rement \u00e9lectriques.<\/p>\n<h2>Des perspectives claires pour l&rsquo;usine de Wolfsburg<\/h2>\n<p>Dans le m\u00eame temps, Thomas Sch\u00e4fer souligne que l&rsquo;usine de Wolfsburg restera le c\u0153ur de la marque Volkswagen, m\u00eame \u00e0 l&rsquo;\u00e8re de l&rsquo;\u00e9lectricit\u00e9 : \u00ab\u00a0L&rsquo;usine de Wolfsburg a une perspective d&rsquo;avenir claire. Le d\u00e9m\u00e9nagement convenu du Golfe au Mexique cr\u00e9e de l&rsquo;espace pour les futurs mod\u00e8les. Nous pr\u00e9voyons d&rsquo;y produire le successeur \u00e9lectrique de la Golf sur la nouvelle plateforme SSP, ainsi que le T-Roc \u00e9lectrique.\u00a0\u00bb<\/p>\n<p>La Scalable Systems Platform (SSP) est la prochaine g\u00e9n\u00e9ration d&rsquo;une plateforme m\u00e9catronique enti\u00e8rement \u00e9lectrique, enti\u00e8rement num\u00e9ris\u00e9e et hautement \u00e9volutive, bas\u00e9e sur une architecture de syst\u00e8me unifi\u00e9e. Le d\u00e9partement de d\u00e9veloppement technique de Volkswagen d\u00e9veloppe cette plateforme SSP qui sera utilis\u00e9e par toutes les autres marques de voitures du groupe Volkswagen. <\/p>\n<h2>Le plan \u00ab\u00a0Triple A\u00a0\u00bb de Volkswagen : acc\u00e9l\u00e9rer, attaquer et r\u00e9aliser<\/h2>\n<p>Avec \u00ab\u00a0Zukunft Volkswagen\u00a0\u00bb (Avenir Volkswagen), Volkswagen AG a conclu fin d\u00e9cembre 2024 un accord avec les repr\u00e9sentants des salari\u00e9s sur une vision de l&rsquo;avenir qui allie stabilit\u00e9 \u00e9conomique, emploi et leadership technologique dans le domaine de la mobilit\u00e9 durable. Les objectifs contraignants et les mesures convenues pour les atteindre jettent les bases des projets futurs. L&rsquo;objectif convenu conjointement est que les voitures particuli\u00e8res Volkswagen &#8211; en tant que c\u0153ur de Volkswagen AG &#8211; soient le premier constructeur mondial en volume sur le plan technologique d&rsquo;ici \u00e0 2030.  <\/p>\n<p><strong>\u00c0 cette fin, Volkswagen a donn\u00e9 le feu vert \u00e0 un plan ambitieux en trois phases :<\/strong><\/p>\n<ul>\n<li><strong>Rattrapage<\/strong>: la comp\u00e9titivit\u00e9 doit \u00eatre renforc\u00e9e par l&rsquo;optimisation des structures de co\u00fbts et l&rsquo;\u00e9largissement cibl\u00e9 du portefeuille de mod\u00e8les existants.  <\/li>\n<li><strong>Attaque<\/strong>: il y aura neuf nouveaux mod\u00e8les d&rsquo;ici 2027, dont la version de s\u00e9rie de l&rsquo;ID.2all avec un prix de d\u00e9part inf\u00e9rieur \u00e0 25 000 euros et le nouveau mod\u00e8le \u00e9lectrique d&rsquo;entr\u00e9e de gamme \u00e0 partir d&rsquo;environ 20 000 euros.  <\/li>\n<li><strong>\u00c0 la pointe de la<\/strong> technologie : en tant que marque \u00e0 la pointe de la technologie dans le segment de volume, Volkswagen \u00e9tablit de nouvelles normes et ouvre la voie \u00e0 la mobilit\u00e9 dans le monde entier.<\/li>\n<\/ul>\n","protected":false},"excerpt":{"rendered":"Plan d'avenir complet Volkswagen \"Sur la base des r\u00e9sultats des n\u00e9gociations de d\u00e9cembre dernier, nous avons lanc\u00e9 le plan d'avenir\u2026","protected":false},"author":0,"featured_media":152161,"comment_status":"","ping_status":"open","sticky":false,"template":"","format":"standard","meta":{"footnotes":""},"categories":[131,127],"tags":[],"class_list":["post-152187","post","type-post","status-publish","format-standard","has-post-thumbnail","hentry","category-fond","category-nouvelles-de-voiture"],"acf":[],"yoast_head":"<!-- This site is optimized with the Yoast SEO plugin v21.2 - https:\/\/yoast.com\/wordpress\/plugins\/seo\/ -->\n<title>Volkswagen propose un mod\u00e8le \u00e9lectrique sous ID.2 - All cars news<\/title>\n<meta name=\"robots\" content=\"index, follow, max-snippet:-1, max-image-preview:large, max-video-preview:-1\" \/>\n<link rel=\"canonical\" href=\"https:\/\/all-car-news.com\/fr\/volkswagen-propose-un-modele-electrique-sous-id-2\/\" \/>\n<meta property=\"og:locale\" content=\"fr_FR\" \/>\n<meta property=\"og:type\" content=\"article\" \/>\n<meta property=\"og:title\" content=\"Volkswagen propose un mod\u00e8le \u00e9lectrique sous ID.2 - All cars news\" \/>\n<meta property=\"og:description\" content=\"Plan d&#039;avenir complet Volkswagen &quot;Sur la base des r\u00e9sultats des n\u00e9gociations de d\u00e9cembre dernier, nous avons lanc\u00e9 le plan d&#039;avenir le plus complet de l&#039;histoire de Volkswagen. Nous suivons maintenant une voie ambitieuse pour atteindre les objectifs que nous avons fix\u00e9s ensemble. Il s&#039;agit d&#039;une \u00e9tape importante pour rendre l&#039;\u00e9lectromobilit\u00e9 plus attrayante [...]\" \/>\n<meta property=\"og:url\" content=\"https:\/\/all-car-news.com\/fr\/volkswagen-propose-un-modele-electrique-sous-id-2\/\" \/>\n<meta property=\"og:site_name\" content=\"All cars news\" \/>\n<meta property=\"article:published_time\" content=\"2025-02-07T10:27:50+00:00\" \/>\n<meta property=\"og:image\" content=\"https:\/\/autorai.nl\/wp-content\/uploads\/2025\/02\/volkswagen-id1-teaser-foto-1140x641.jpg\" \/>\n<meta name=\"twitter:card\" content=\"summary_large_image\" \/>\n<meta name=\"twitter:label1\" content=\"Dur\u00e9e de lecture estim\u00e9e\" \/>\n\t<meta name=\"twitter:data1\" content=\"4 minutes\" \/>\n<script type=\"application\/ld+json\" class=\"yoast-schema-graph\">{\"@context\":\"https:\/\/schema.org\",\"@graph\":[{\"@type\":\"Article\",\"@id\":\"https:\/\/all-car-news.com\/fr\/volkswagen-propose-un-modele-electrique-sous-id-2\/#article\",\"isPartOf\":{\"@id\":\"https:\/\/all-car-news.com\/fr\/volkswagen-propose-un-modele-electrique-sous-id-2\/\"},\"author\":{\"name\":\"\",\"@id\":\"\"},\"headline\":\"Volkswagen propose un mod\u00e8le \u00e9lectrique sous ID.2\",\"datePublished\":\"2025-02-07T10:27:50+00:00\",\"dateModified\":\"2025-02-07T10:27:50+00:00\",\"mainEntityOfPage\":{\"@id\":\"https:\/\/all-car-news.com\/fr\/volkswagen-propose-un-modele-electrique-sous-id-2\/\"},\"wordCount\":795,\"publisher\":{\"@id\":\"https:\/\/all-car-news.com\/fr\/#organization\"},\"articleSection\":[\"Fond\",\"nouvelles de voiture\"],\"inLanguage\":\"fr-FR\"},{\"@type\":\"WebPage\",\"@id\":\"https:\/\/all-car-news.com\/fr\/volkswagen-propose-un-modele-electrique-sous-id-2\/\",\"url\":\"https:\/\/all-car-news.com\/fr\/volkswagen-propose-un-modele-electrique-sous-id-2\/\",\"name\":\"Volkswagen propose un mod\u00e8le \u00e9lectrique sous ID.2 - All cars news\",\"isPartOf\":{\"@id\":\"https:\/\/all-car-news.com\/fr\/#website\"},\"datePublished\":\"2025-02-07T10:27:50+00:00\",\"dateModified\":\"2025-02-07T10:27:50+00:00\",\"breadcrumb\":{\"@id\":\"https:\/\/all-car-news.com\/fr\/volkswagen-propose-un-modele-electrique-sous-id-2\/#breadcrumb\"},\"inLanguage\":\"fr-FR\",\"potentialAction\":[{\"@type\":\"ReadAction\",\"target\":[\"https:\/\/all-car-news.com\/fr\/volkswagen-propose-un-modele-electrique-sous-id-2\/\"]}]},{\"@type\":\"BreadcrumbList\",\"@id\":\"https:\/\/all-car-news.com\/fr\/volkswagen-propose-un-modele-electrique-sous-id-2\/#breadcrumb\",\"itemListElement\":[{\"@type\":\"ListItem\",\"position\":1,\"name\":\"Home\",\"item\":\"https:\/\/all-car-news.com\/fr\/\"},{\"@type\":\"ListItem\",\"position\":2,\"name\":\"Volkswagen propose un mod\u00e8le \u00e9lectrique sous ID.2\"}]},{\"@type\":\"WebSite\",\"@id\":\"https:\/\/all-car-news.com\/fr\/#website\",\"url\":\"https:\/\/all-car-news.com\/fr\/\",\"name\":\"All cars news\",\"description\":\"\",\"publisher\":{\"@id\":\"https:\/\/all-car-news.com\/fr\/#organization\"},\"potentialAction\":[{\"@type\":\"SearchAction\",\"target\":{\"@type\":\"EntryPoint\",\"urlTemplate\":\"https:\/\/all-car-news.com\/fr\/?s={search_term_string}\"},\"query-input\":\"required name=search_term_string\"}],\"inLanguage\":\"fr-FR\"},{\"@type\":\"Organization\",\"@id\":\"https:\/\/all-car-news.com\/fr\/#organization\",\"name\":\"All cars news\",\"url\":\"https:\/\/all-car-news.com\/fr\/\",\"logo\":{\"@type\":\"ImageObject\",\"inLanguage\":\"fr-FR\",\"@id\":\"https:\/\/all-car-news.com\/fr\/#\/schema\/logo\/image\/\",\"url\":\"https:\/\/all-car-news.com\/wp-content\/uploads\/2022\/02\/CMYK-AllCarNews_LANDSCAPE_300px-1.png\",\"contentUrl\":\"https:\/\/all-car-news.com\/wp-content\/uploads\/2022\/02\/CMYK-AllCarNews_LANDSCAPE_300px-1.png\",\"width\":300,\"height\":100,\"caption\":\"All cars news\"},\"image\":{\"@id\":\"https:\/\/all-car-news.com\/fr\/#\/schema\/logo\/image\/\"}}]}<\/script>\n<!-- \/ Yoast SEO plugin. -->","yoast_head_json":{"title":"Volkswagen propose un mod\u00e8le \u00e9lectrique sous ID.2 - All cars news","robots":{"index":"index","follow":"follow","max-snippet":"max-snippet:-1","max-image-preview":"max-image-preview:large","max-video-preview":"max-video-preview:-1"},"canonical":"https:\/\/all-car-news.com\/fr\/volkswagen-propose-un-modele-electrique-sous-id-2\/","og_locale":"fr_FR","og_type":"article","og_title":"Volkswagen propose un mod\u00e8le \u00e9lectrique sous ID.2 - All cars news","og_description":"Plan d'avenir complet Volkswagen \"Sur la base des r\u00e9sultats des n\u00e9gociations de d\u00e9cembre dernier, nous avons lanc\u00e9 le plan d'avenir le plus complet de l'histoire de Volkswagen. Nous suivons maintenant une voie ambitieuse pour atteindre les objectifs que nous avons fix\u00e9s ensemble. Il s'agit d'une \u00e9tape importante pour rendre l'\u00e9lectromobilit\u00e9 plus attrayante [...]","og_url":"https:\/\/all-car-news.com\/fr\/volkswagen-propose-un-modele-electrique-sous-id-2\/","og_site_name":"All cars news","article_published_time":"2025-02-07T10:27:50+00:00","og_image":[{"url":"https:\/\/autorai.nl\/wp-content\/uploads\/2025\/02\/volkswagen-id1-teaser-foto-1140x641.jpg"}],"twitter_card":"summary_large_image","twitter_misc":{"Dur\u00e9e de lecture estim\u00e9e":"4 minutes"},"schema":{"@context":"https:\/\/schema.org","@graph":[{"@type":"Article","@id":"https:\/\/all-car-news.com\/fr\/volkswagen-propose-un-modele-electrique-sous-id-2\/#article","isPartOf":{"@id":"https:\/\/all-car-news.com\/fr\/volkswagen-propose-un-modele-electrique-sous-id-2\/"},"author":{"name":"","@id":""},"headline":"Volkswagen propose un mod\u00e8le \u00e9lectrique sous ID.2","datePublished":"2025-02-07T10:27:50+00:00","dateModified":"2025-02-07T10:27:50+00:00","mainEntityOfPage":{"@id":"https:\/\/all-car-news.com\/fr\/volkswagen-propose-un-modele-electrique-sous-id-2\/"},"wordCount":795,"publisher":{"@id":"https:\/\/all-car-news.com\/fr\/#organization"},"articleSection":["Fond","nouvelles de voiture"],"inLanguage":"fr-FR"},{"@type":"WebPage","@id":"https:\/\/all-car-news.com\/fr\/volkswagen-propose-un-modele-electrique-sous-id-2\/","url":"https:\/\/all-car-news.com\/fr\/volkswagen-propose-un-modele-electrique-sous-id-2\/","name":"Volkswagen propose un mod\u00e8le \u00e9lectrique sous ID.2 - All cars news","isPartOf":{"@id":"https:\/\/all-car-news.com\/fr\/#website"},"datePublished":"2025-02-07T10:27:50+00:00","dateModified":"2025-02-07T10:27:50+00:00","breadcrumb":{"@id":"https:\/\/all-car-news.com\/fr\/volkswagen-propose-un-modele-electrique-sous-id-2\/#breadcrumb"},"inLanguage":"fr-FR","potentialAction":[{"@type":"ReadAction","target":["https:\/\/all-car-news.com\/fr\/volkswagen-propose-un-modele-electrique-sous-id-2\/"]}]},{"@type":"BreadcrumbList","@id":"https:\/\/all-car-news.com\/fr\/volkswagen-propose-un-modele-electrique-sous-id-2\/#breadcrumb","itemListElement":[{"@type":"ListItem","position":1,"name":"Home","item":"https:\/\/all-car-news.com\/fr\/"},{"@type":"ListItem","position":2,"name":"Volkswagen propose un mod\u00e8le \u00e9lectrique sous ID.2"}]},{"@type":"WebSite","@id":"https:\/\/all-car-news.com\/fr\/#website","url":"https:\/\/all-car-news.com\/fr\/","name":"All cars news","description":"","publisher":{"@id":"https:\/\/all-car-news.com\/fr\/#organization"},"potentialAction":[{"@type":"SearchAction","target":{"@type":"EntryPoint","urlTemplate":"https:\/\/all-car-news.com\/fr\/?s={search_term_string}"},"query-input":"required name=search_term_string"}],"inLanguage":"fr-FR"},{"@type":"Organization","@id":"https:\/\/all-car-news.com\/fr\/#organization","name":"All cars news","url":"https:\/\/all-car-news.com\/fr\/","logo":{"@type":"ImageObject","inLanguage":"fr-FR","@id":"https:\/\/all-car-news.com\/fr\/#\/schema\/logo\/image\/","url":"https:\/\/all-car-news.com\/wp-content\/uploads\/2022\/02\/CMYK-AllCarNews_LANDSCAPE_300px-1.png","contentUrl":"https:\/\/all-car-news.com\/wp-content\/uploads\/2022\/02\/CMYK-AllCarNews_LANDSCAPE_300px-1.png","width":300,"height":100,"caption":"All cars news"},"image":{"@id":"https:\/\/all-car-news.com\/fr\/#\/schema\/logo\/image\/"}}]}},"_links":{"self":[{"href":"https:\/\/all-car-news.com\/fr\/wp-json\/wp\/v2\/posts\/152187","targetHints":{"allow":["GET"]}}],"collection":[{"href":"https:\/\/all-car-news.com\/fr\/wp-json\/wp\/v2\/posts"}],"about":[{"href":"https:\/\/all-car-news.com\/fr\/wp-json\/wp\/v2\/types\/post"}],"replies":[{"embeddable":true,"href":"https:\/\/all-car-news.com\/fr\/wp-json\/wp\/v2\/comments?post=152187"}],"version-history":[{"count":0,"href":"https:\/\/all-car-news.com\/fr\/wp-json\/wp\/v2\/posts\/152187\/revisions"}],"wp:featuredmedia":[{"embeddable":true,"href":"https:\/\/all-car-news.com\/fr\/wp-json\/wp\/v2\/media\/152161"}],"wp:attachment":[{"href":"https:\/\/all-car-news.com\/fr\/wp-json\/wp\/v2\/media?parent=152187"}],"wp:term":[{"taxonomy":"category","embeddable":true,"href":"https:\/\/all-car-news.com\/fr\/wp-json\/wp\/v2\/categories?post=152187"},{"taxonomy":"post_tag","embeddable":true,"href":"https:\/\/all-car-news.com\/fr\/wp-json\/wp\/v2\/tags?post=152187"}],"curies":[{"name":"wp","href":"https:\/\/api.w.org\/{rel}","templated":true}]}}