{"id":152182,"date":"2025-02-07T12:47:59","date_gmt":"2025-02-07T12:47:59","guid":{"rendered":"https:\/\/all-car-news.com\/renault-plonge-dans-le-passe-a-retromobile\/"},"modified":"2025-02-07T12:47:59","modified_gmt":"2025-02-07T12:47:59","slug":"renault-plonge-dans-le-passe-a-retromobile","status":"publish","type":"post","link":"https:\/\/all-car-news.com\/fr\/renault-plonge-dans-le-passe-a-retromobile\/","title":{"rendered":"Renault plonge dans le pass\u00e9 \u00e0 R\u00e9tromobile"},"content":{"rendered":"<h3>Un stand charg\u00e9 d&rsquo;histoire<\/h3>\n<p>Cette ann\u00e9e, Renault a mis le paquet \u00e0 R\u00e9tromobile. Le stand s&rsquo;\u00e9tend sur 605 m\u00b2 et pr\u00e9sente huit mod\u00e8les qui illustrent l&rsquo;\u00e9volution de la marque au fil des ans. Des classiques l\u00e9gendaires aux variantes \u00e9lectriques modernes. Jusqu&rsquo;au 9 f\u00e9vrier, les visiteurs peuvent se plonger dans la riche histoire de Renault sur le stand<strong>.<\/strong>   <\/p>\n<figure class=\"wp-block-image size-content\"><img decoding=\"async\" loading=\"lazy\" width=\"1140\" height=\"760\" src=\"https:\/\/autorai.nl\/wp-content\/uploads\/2025\/02\/Retromobile-2025-2-1140x760.jpg\" alt=\"\" class=\"wp-image-193856\"><\/figure>\n<h2>Renault 40 CV des records et Filante Record 2025<\/h2>\n<p>L&rsquo;attraction du stand est la Filante Record 2025, une monoplace futuriste qui rend hommage \u00e0 la Renault 40 CV des records de 1926. \u00c0 l&rsquo;\u00e9poque, le vieux bolide bleu avait atteint une vitesse de pointe de 190 km\/h \u00e0 Montlh\u00e9ry, gr\u00e2ce \u00e0 un design \u00e9pur\u00e9 &#8211; pour l&rsquo;\u00e9poque &#8211; et \u00e0 un colossal moteur \u00e0 essence de 9,0 litres. La Filante Record 2025 moderne vise un tout autre record : tirer le meilleur parti de sa batterie de 87 kWh. Renault a programm\u00e9 la tentative de record au printemps, mais pour l&rsquo;instant, il garde le secret sur le record qu&rsquo;il veut battre.   <\/p>\n<figure class=\"wp-block-image size-content\"><img decoding=\"async\" loading=\"lazy\" width=\"1140\" height=\"760\" src=\"https:\/\/autorai.nl\/wp-content\/uploads\/2025\/02\/W-1140x760.jpg\" alt=\"\" class=\"wp-image-193843\"><\/figure>\n<figure class=\"wp-block-image size-content\"><img decoding=\"async\" loading=\"lazy\" width=\"1140\" height=\"760\" src=\"https:\/\/autorai.nl\/wp-content\/uploads\/2025\/02\/EW-1140x760.jpg\" alt=\"\" class=\"wp-image-193844\"><\/figure>\n<h3>Renault 17 : r\u00e9tro et restomod<\/h3>\n<p>Autre curiosit\u00e9 : la Renault 17 TS, un coup\u00e9 sportif des ann\u00e9es 1970. Renault n&rsquo;envisage pas dans l&rsquo;imm\u00e9diat de commercialiser une version moderne de ce mod\u00e8le, mais a d\u00e9voil\u00e9 en 2024 une version restomod\u00e9e : la <a href=\"https:\/\/autorai.nl\/renault-17-electric-restomod-is-jammie\/\" target=\"_blank\" rel=\"noreferrer noopener\">R17 Electric x Ora \u00efto<\/a>. Ce restomod est dot\u00e9 d&rsquo;une motorisation \u00e9lectrique et d&rsquo;un design \u00e9pur\u00e9 qui rend hommage \u00e0 l&rsquo;original.    <\/p>\n<figure class=\"wp-block-image size-content\"><img decoding=\"async\" loading=\"lazy\" width=\"1140\" height=\"760\" src=\"https:\/\/autorai.nl\/wp-content\/uploads\/2025\/02\/ZFAF-1140x760.jpg\" alt=\"\" class=\"wp-image-193841\"><\/figure>\n<figure class=\"wp-block-image size-content\"><img decoding=\"async\" loading=\"lazy\" width=\"1140\" height=\"760\" src=\"https:\/\/autorai.nl\/wp-content\/uploads\/2025\/02\/1-1140x760.jpg\" alt=\"\" class=\"wp-image-193842\"><\/figure>\n<h3>Renault 5 : de l&rsquo;ic\u00f4ne au v\u00e9hicule \u00e9lectrique<\/h3>\n<p>Une autre vedette du stand est la Renault 5 TL, la joyeuse voiture \u00e0 hayon qui a conquis bien des c\u0153urs depuis les ann\u00e9es 1970. Son design compact et reconnaissable a fait son succ\u00e8s. Elle se trouve sur le stand en face de sa r\u00e9interpr\u00e9tation moderne : la <a href=\"https:\/\/youtu.be\/5oLZ2qeK9c8?si=HwKAiEMEiTRn3KCT\" target=\"_blank\" rel=\"noreferrer noopener\">Renault 5 E-Tech \u00e9lectrique<\/a>, qui a \u00e9t\u00e9 \u00e9lue Voiture de l&rsquo;ann\u00e9e 2025 cette ann\u00e9e.    <\/p>\n<figure class=\"wp-block-image size-content\"><img decoding=\"async\" loading=\"lazy\" width=\"1140\" height=\"760\" src=\"https:\/\/autorai.nl\/wp-content\/uploads\/2025\/02\/SD-1140x760.jpg\" alt=\"\" class=\"wp-image-193839\"><\/figure>\n<figure class=\"wp-block-image size-content\"><img decoding=\"async\" loading=\"lazy\" width=\"1140\" height=\"760\" src=\"https:\/\/autorai.nl\/wp-content\/uploads\/2025\/02\/AA-1140x760.jpg\" alt=\"\" class=\"wp-image-193840\"><\/figure>\n<h3>Ancienne et nouvelle Renault 4 fraternellement c\u00f4te \u00e0 c\u00f4te<\/h3>\n<p>La nouvelle Renault 4 fera son apparition sur le march\u00e9 au cours de l&rsquo;\u00e9t\u00e9, mais \u00e0 R\u00e9tromobile, vous pourrez la d\u00e9couvrir en avant-premi\u00e8re. Renault place la classique 4 Super de 1961 \u00e0 c\u00f4t\u00e9 de son successeur moderne. Au cours des prochains mois, vous pourrez \u00e9galement rencontrer la nouvelle Renault 4 lors des \u00e9v\u00e9nements suivants :  <\/p>\n<ul>\n<li>Les 19 et 20 f\u00e9vrier au village du rallye 4L Trophy \u00e0 Biarritz<\/li>\n<li>du 19 mai au 8 juin \u00e0 Roland Garros, tournoi de tennis de Roland Garros, dont Renault est partenaire pour la quatri\u00e8me ann\u00e9e cons\u00e9cutive<\/li>\n<li>Du 20 au 22 juin, le nouveau mod\u00e8le sera pr\u00e9sent \u00e0 festiv4L, un \u00e9v\u00e9nement musical au Chalet des \u00celes du Bois de Boulogne \u00e0 Paris.<\/li>\n<li>En juillet, la Renault 4 E-Tech \u00e9lectrique sera pr\u00e9sente \u00e0 l&rsquo;ouverture du Renault Carwalk au c\u00e9l\u00e8bre Atelier Renault sur les Champs-\u00c9lys\u00e9es.<\/li>\n<\/ul>\n<figure class=\"wp-block-image size-content\"><img decoding=\"async\" loading=\"lazy\" width=\"1140\" height=\"760\" src=\"https:\/\/autorai.nl\/wp-content\/uploads\/2025\/02\/ZZZ-1140x760.jpg\" alt=\"\" class=\"wp-image-193837\"><\/figure>\n<figure class=\"wp-block-image size-content\"><img decoding=\"async\" loading=\"lazy\" width=\"1140\" height=\"760\" src=\"https:\/\/autorai.nl\/wp-content\/uploads\/2025\/02\/ZZF-1140x760.jpg\" alt=\"\" class=\"wp-image-193838\"><\/figure>\n","protected":false},"excerpt":{"rendered":"Un stand charg\u00e9 d'histoire Renault fait le plein \u00e0 R\u00e9tromobile cette ann\u00e9e. Le stand s'\u00e9tend sur pas moins de 605\u2026","protected":false},"author":0,"featured_media":152149,"comment_status":"","ping_status":"open","sticky":false,"template":"","format":"standard","meta":{"footnotes":""},"categories":[131,127],"tags":[],"class_list":["post-152182","post","type-post","status-publish","format-standard","has-post-thumbnail","hentry","category-fond","category-nouvelles-de-voiture"],"acf":[],"yoast_head":"<!-- This site is optimized with the Yoast SEO plugin v21.2 - https:\/\/yoast.com\/wordpress\/plugins\/seo\/ -->\n<title>Renault plonge dans le pass\u00e9 \u00e0 R\u00e9tromobile - All cars news<\/title>\n<meta name=\"robots\" content=\"index, follow, max-snippet:-1, max-image-preview:large, max-video-preview:-1\" \/>\n<link rel=\"canonical\" href=\"https:\/\/all-car-news.com\/fr\/renault-plonge-dans-le-passe-a-retromobile\/\" \/>\n<meta property=\"og:locale\" content=\"fr_FR\" \/>\n<meta property=\"og:type\" content=\"article\" \/>\n<meta property=\"og:title\" content=\"Renault plonge dans le pass\u00e9 \u00e0 R\u00e9tromobile - All cars news\" \/>\n<meta property=\"og:description\" content=\"Un stand charg\u00e9 d&#039;histoire Renault fait le plein \u00e0 R\u00e9tromobile cette ann\u00e9e. Le stand s&#039;\u00e9tend sur pas moins de 605 m\u00b2 et pr\u00e9sente huit mod\u00e8les qui t\u00e9moignent de l&#039;\u00e9volution de la marque au fil des ans. Des classiques l\u00e9gendaires aux variantes \u00e9lectriques modernes. Jusqu&#039;au 9 f\u00e9vrier, vous pouvez visiter le stand [...]\" \/>\n<meta property=\"og:url\" content=\"https:\/\/all-car-news.com\/fr\/renault-plonge-dans-le-passe-a-retromobile\/\" \/>\n<meta property=\"og:site_name\" content=\"All cars news\" \/>\n<meta property=\"article:published_time\" content=\"2025-02-07T12:47:59+00:00\" \/>\n<meta property=\"og:image\" content=\"https:\/\/autorai.nl\/wp-content\/uploads\/2025\/02\/Retromobile-2025-2-1140x760.jpg\" \/>\n<meta name=\"twitter:card\" content=\"summary_large_image\" \/>\n<meta name=\"twitter:label1\" content=\"Dur\u00e9e de lecture estim\u00e9e\" \/>\n\t<meta name=\"twitter:data1\" content=\"2 minutes\" \/>\n<script type=\"application\/ld+json\" class=\"yoast-schema-graph\">{\"@context\":\"https:\/\/schema.org\",\"@graph\":[{\"@type\":\"Article\",\"@id\":\"https:\/\/all-car-news.com\/fr\/renault-plonge-dans-le-passe-a-retromobile\/#article\",\"isPartOf\":{\"@id\":\"https:\/\/all-car-news.com\/fr\/renault-plonge-dans-le-passe-a-retromobile\/\"},\"author\":{\"name\":\"\",\"@id\":\"\"},\"headline\":\"Renault plonge dans le pass\u00e9 \u00e0 R\u00e9tromobile\",\"datePublished\":\"2025-02-07T12:47:59+00:00\",\"dateModified\":\"2025-02-07T12:47:59+00:00\",\"mainEntityOfPage\":{\"@id\":\"https:\/\/all-car-news.com\/fr\/renault-plonge-dans-le-passe-a-retromobile\/\"},\"wordCount\":448,\"publisher\":{\"@id\":\"https:\/\/all-car-news.com\/fr\/#organization\"},\"articleSection\":[\"Fond\",\"nouvelles de voiture\"],\"inLanguage\":\"fr-FR\"},{\"@type\":\"WebPage\",\"@id\":\"https:\/\/all-car-news.com\/fr\/renault-plonge-dans-le-passe-a-retromobile\/\",\"url\":\"https:\/\/all-car-news.com\/fr\/renault-plonge-dans-le-passe-a-retromobile\/\",\"name\":\"Renault plonge dans le pass\u00e9 \u00e0 R\u00e9tromobile - All cars news\",\"isPartOf\":{\"@id\":\"https:\/\/all-car-news.com\/fr\/#website\"},\"datePublished\":\"2025-02-07T12:47:59+00:00\",\"dateModified\":\"2025-02-07T12:47:59+00:00\",\"breadcrumb\":{\"@id\":\"https:\/\/all-car-news.com\/fr\/renault-plonge-dans-le-passe-a-retromobile\/#breadcrumb\"},\"inLanguage\":\"fr-FR\",\"potentialAction\":[{\"@type\":\"ReadAction\",\"target\":[\"https:\/\/all-car-news.com\/fr\/renault-plonge-dans-le-passe-a-retromobile\/\"]}]},{\"@type\":\"BreadcrumbList\",\"@id\":\"https:\/\/all-car-news.com\/fr\/renault-plonge-dans-le-passe-a-retromobile\/#breadcrumb\",\"itemListElement\":[{\"@type\":\"ListItem\",\"position\":1,\"name\":\"Home\",\"item\":\"https:\/\/all-car-news.com\/fr\/\"},{\"@type\":\"ListItem\",\"position\":2,\"name\":\"Renault plonge dans le pass\u00e9 \u00e0 R\u00e9tromobile\"}]},{\"@type\":\"WebSite\",\"@id\":\"https:\/\/all-car-news.com\/fr\/#website\",\"url\":\"https:\/\/all-car-news.com\/fr\/\",\"name\":\"All cars news\",\"description\":\"\",\"publisher\":{\"@id\":\"https:\/\/all-car-news.com\/fr\/#organization\"},\"potentialAction\":[{\"@type\":\"SearchAction\",\"target\":{\"@type\":\"EntryPoint\",\"urlTemplate\":\"https:\/\/all-car-news.com\/fr\/?s={search_term_string}\"},\"query-input\":\"required name=search_term_string\"}],\"inLanguage\":\"fr-FR\"},{\"@type\":\"Organization\",\"@id\":\"https:\/\/all-car-news.com\/fr\/#organization\",\"name\":\"All cars news\",\"url\":\"https:\/\/all-car-news.com\/fr\/\",\"logo\":{\"@type\":\"ImageObject\",\"inLanguage\":\"fr-FR\",\"@id\":\"https:\/\/all-car-news.com\/fr\/#\/schema\/logo\/image\/\",\"url\":\"https:\/\/all-car-news.com\/wp-content\/uploads\/2022\/02\/CMYK-AllCarNews_LANDSCAPE_300px-1.png\",\"contentUrl\":\"https:\/\/all-car-news.com\/wp-content\/uploads\/2022\/02\/CMYK-AllCarNews_LANDSCAPE_300px-1.png\",\"width\":300,\"height\":100,\"caption\":\"All cars news\"},\"image\":{\"@id\":\"https:\/\/all-car-news.com\/fr\/#\/schema\/logo\/image\/\"}}]}<\/script>\n<!-- \/ Yoast SEO plugin. -->","yoast_head_json":{"title":"Renault plonge dans le pass\u00e9 \u00e0 R\u00e9tromobile - All cars news","robots":{"index":"index","follow":"follow","max-snippet":"max-snippet:-1","max-image-preview":"max-image-preview:large","max-video-preview":"max-video-preview:-1"},"canonical":"https:\/\/all-car-news.com\/fr\/renault-plonge-dans-le-passe-a-retromobile\/","og_locale":"fr_FR","og_type":"article","og_title":"Renault plonge dans le pass\u00e9 \u00e0 R\u00e9tromobile - All cars news","og_description":"Un stand charg\u00e9 d'histoire Renault fait le plein \u00e0 R\u00e9tromobile cette ann\u00e9e. Le stand s'\u00e9tend sur pas moins de 605 m\u00b2 et pr\u00e9sente huit mod\u00e8les qui t\u00e9moignent de l'\u00e9volution de la marque au fil des ans. Des classiques l\u00e9gendaires aux variantes \u00e9lectriques modernes. Jusqu'au 9 f\u00e9vrier, vous pouvez visiter le stand [...]","og_url":"https:\/\/all-car-news.com\/fr\/renault-plonge-dans-le-passe-a-retromobile\/","og_site_name":"All cars news","article_published_time":"2025-02-07T12:47:59+00:00","og_image":[{"url":"https:\/\/autorai.nl\/wp-content\/uploads\/2025\/02\/Retromobile-2025-2-1140x760.jpg"}],"twitter_card":"summary_large_image","twitter_misc":{"Dur\u00e9e de lecture estim\u00e9e":"2 minutes"},"schema":{"@context":"https:\/\/schema.org","@graph":[{"@type":"Article","@id":"https:\/\/all-car-news.com\/fr\/renault-plonge-dans-le-passe-a-retromobile\/#article","isPartOf":{"@id":"https:\/\/all-car-news.com\/fr\/renault-plonge-dans-le-passe-a-retromobile\/"},"author":{"name":"","@id":""},"headline":"Renault plonge dans le pass\u00e9 \u00e0 R\u00e9tromobile","datePublished":"2025-02-07T12:47:59+00:00","dateModified":"2025-02-07T12:47:59+00:00","mainEntityOfPage":{"@id":"https:\/\/all-car-news.com\/fr\/renault-plonge-dans-le-passe-a-retromobile\/"},"wordCount":448,"publisher":{"@id":"https:\/\/all-car-news.com\/fr\/#organization"},"articleSection":["Fond","nouvelles de voiture"],"inLanguage":"fr-FR"},{"@type":"WebPage","@id":"https:\/\/all-car-news.com\/fr\/renault-plonge-dans-le-passe-a-retromobile\/","url":"https:\/\/all-car-news.com\/fr\/renault-plonge-dans-le-passe-a-retromobile\/","name":"Renault plonge dans le pass\u00e9 \u00e0 R\u00e9tromobile - All cars news","isPartOf":{"@id":"https:\/\/all-car-news.com\/fr\/#website"},"datePublished":"2025-02-07T12:47:59+00:00","dateModified":"2025-02-07T12:47:59+00:00","breadcrumb":{"@id":"https:\/\/all-car-news.com\/fr\/renault-plonge-dans-le-passe-a-retromobile\/#breadcrumb"},"inLanguage":"fr-FR","potentialAction":[{"@type":"ReadAction","target":["https:\/\/all-car-news.com\/fr\/renault-plonge-dans-le-passe-a-retromobile\/"]}]},{"@type":"BreadcrumbList","@id":"https:\/\/all-car-news.com\/fr\/renault-plonge-dans-le-passe-a-retromobile\/#breadcrumb","itemListElement":[{"@type":"ListItem","position":1,"name":"Home","item":"https:\/\/all-car-news.com\/fr\/"},{"@type":"ListItem","position":2,"name":"Renault plonge dans le pass\u00e9 \u00e0 R\u00e9tromobile"}]},{"@type":"WebSite","@id":"https:\/\/all-car-news.com\/fr\/#website","url":"https:\/\/all-car-news.com\/fr\/","name":"All cars news","description":"","publisher":{"@id":"https:\/\/all-car-news.com\/fr\/#organization"},"potentialAction":[{"@type":"SearchAction","target":{"@type":"EntryPoint","urlTemplate":"https:\/\/all-car-news.com\/fr\/?s={search_term_string}"},"query-input":"required name=search_term_string"}],"inLanguage":"fr-FR"},{"@type":"Organization","@id":"https:\/\/all-car-news.com\/fr\/#organization","name":"All cars news","url":"https:\/\/all-car-news.com\/fr\/","logo":{"@type":"ImageObject","inLanguage":"fr-FR","@id":"https:\/\/all-car-news.com\/fr\/#\/schema\/logo\/image\/","url":"https:\/\/all-car-news.com\/wp-content\/uploads\/2022\/02\/CMYK-AllCarNews_LANDSCAPE_300px-1.png","contentUrl":"https:\/\/all-car-news.com\/wp-content\/uploads\/2022\/02\/CMYK-AllCarNews_LANDSCAPE_300px-1.png","width":300,"height":100,"caption":"All cars news"},"image":{"@id":"https:\/\/all-car-news.com\/fr\/#\/schema\/logo\/image\/"}}]}},"_links":{"self":[{"href":"https:\/\/all-car-news.com\/fr\/wp-json\/wp\/v2\/posts\/152182","targetHints":{"allow":["GET"]}}],"collection":[{"href":"https:\/\/all-car-news.com\/fr\/wp-json\/wp\/v2\/posts"}],"about":[{"href":"https:\/\/all-car-news.com\/fr\/wp-json\/wp\/v2\/types\/post"}],"replies":[{"embeddable":true,"href":"https:\/\/all-car-news.com\/fr\/wp-json\/wp\/v2\/comments?post=152182"}],"version-history":[{"count":0,"href":"https:\/\/all-car-news.com\/fr\/wp-json\/wp\/v2\/posts\/152182\/revisions"}],"wp:featuredmedia":[{"embeddable":true,"href":"https:\/\/all-car-news.com\/fr\/wp-json\/wp\/v2\/media\/152149"}],"wp:attachment":[{"href":"https:\/\/all-car-news.com\/fr\/wp-json\/wp\/v2\/media?parent=152182"}],"wp:term":[{"taxonomy":"category","embeddable":true,"href":"https:\/\/all-car-news.com\/fr\/wp-json\/wp\/v2\/categories?post=152182"},{"taxonomy":"post_tag","embeddable":true,"href":"https:\/\/all-car-news.com\/fr\/wp-json\/wp\/v2\/tags?post=152182"}],"curies":[{"name":"wp","href":"https:\/\/api.w.org\/{rel}","templated":true}]}}