{"id":151962,"date":"2025-01-29T12:22:20","date_gmt":"2025-01-29T12:22:20","guid":{"rendered":"https:\/\/all-car-news.com\/opel-combo-4x4-pour-un-travail-plus-serieux\/"},"modified":"2025-01-29T12:22:20","modified_gmt":"2025-01-29T12:22:20","slug":"opel-combo-4x4-pour-un-travail-plus-serieux","status":"publish","type":"post","link":"https:\/\/all-car-news.com\/fr\/opel-combo-4x4-pour-un-travail-plus-serieux\/","title":{"rendered":"Opel Combo 4\u00d74 : pour un travail plus s\u00e9rieux"},"content":{"rendered":"<h2>Une Opel Combo \u00e0 transmission int\u00e9grale<\/h2>\n<p>L&rsquo;Opel Combo Cargo 4\u00d74 est \u00e9quip\u00e9 d&rsquo;une transmission int\u00e9grale intelligente qui s&rsquo;active automatiquement en cas de perte d&rsquo;adh\u00e9rence. La puissance du moteur turbo diesel 1,5 litre de 96 kW (130 ch), coupl\u00e9 \u00e0 une bo\u00eete de vitesses automatique \u00e0 8 rapports, n&rsquo;est pas r\u00e9partie entre les essieux avant et arri\u00e8re comme dans le cas d&rsquo;une transmission int\u00e9grale conventionnelle. Dans le Combo 4\u00d74, c&rsquo;est l&rsquo;essieu arri\u00e8re \u00e0 entra\u00eenement \u00e9lectrique qui fournit la puissance suppl\u00e9mentaire n\u00e9cessaire \u00e0 la propulsion.  <\/p>\n<h2>protection<\/h2>\n<p>Le Combo 4\u00d74 est construit avec une protection suppl\u00e9mentaire pour le moteur, la bo\u00eete de vitesses et le r\u00e9servoir de carburant, et sa carrosserie est sur\u00e9lev\u00e9e de 90 mm. Les clients peuvent choisir entre deux variantes : L1 d&rsquo;une longueur de 4 401 mm et L2 d&rsquo;une longueur de 4 751 mm. <\/p>\n<h2>Avec batterie de 48 volts<\/h2>\n<p>Le Combo 4\u00d74 contribue \u00e0 la strat\u00e9gie \u00ab\u00a0Greenovation\u00a0\u00bb d&rsquo;Opel. Le mod\u00e8le est \u00e9quip\u00e9 d&rsquo;une batterie de 48 volts d&rsquo;une capacit\u00e9 de 4,8 kWh. Le conducteur peut choisir entre deux modes de conduite (LOW et 4\u00d74 standard) dans lesquels le couple de l&rsquo;essieu arri\u00e8re varie. Cela permet au conducteur d&rsquo;optimiser l&rsquo;efficacit\u00e9 et les performances du Combo 4\u00d74. La batterie est recharg\u00e9e de mani\u00e8re autonome, pendant la conduite &#8211; une source d&rsquo;\u00e9nergie durable.    <\/p>\n<h2>\u00c9quipement<\/h2>\n<p>Opel a encore am\u00e9lior\u00e9 le cockpit de la g\u00e9n\u00e9ration Combo pour une plus grande facilit\u00e9 d&rsquo;utilisation et une meilleure ergonomie. Il y a deux \u00e9crans couleur de 10 pouces pour des fonctions graphiques, multim\u00e9dias et de connectivit\u00e9 de pointe. L&rsquo;int\u00e9gration sans fil des smartphones via Apple CarPlay et Android Auto fait partie de l&rsquo;\u00e9quipement de s\u00e9rie. Les conducteurs peuvent \u00e9galement utiliser leur propre smartphone comme syst\u00e8me d&rsquo;infodivertissement via le support innovant pour smartphone s&rsquo;ils le souhaitent ; ils peuvent ensuite le contr\u00f4ler via les boutons sur le volant. Le Combo 4\u00d74 offre en outre, selon la version, jusqu&rsquo;\u00e0 18 syst\u00e8mes avanc\u00e9s d&rsquo;aide \u00e0 la conduite. Le point fort est le syst\u00e8me Dynamic Surround View, avec deux cam\u00e9ras &#8211; une au-dessus des portes arri\u00e8re et une sous le r\u00e9troviseur de l&rsquo;aile droite &#8211; dont les images peuvent \u00eatre visualis\u00e9es dans le r\u00e9troviseur num\u00e9rique. Ce syst\u00e8me augmente la visibilit\u00e9 autour du Combo, ce qui est id\u00e9al pour les situations complexes.      <\/p>\n<figure class=\"wp-block-image size-content\"><img decoding=\"async\" loading=\"lazy\" width=\"1140\" height=\"687\" src=\"https:\/\/autorai.nl\/wp-content\/uploads\/2025\/01\/opel-combo-vierwielaandrijving-2025-1140x687.jpeg\" alt=\"Opel Combo 4x4\" class=\"wp-image-193465\"><\/figure><\/p>\n","protected":false},"excerpt":{"rendered":"Un Opel Combo avec transmission int\u00e9grale L'Opel Combo Cargo 4\u00d74 est \u00e9quip\u00e9 d'une transmission int\u00e9grale intelligente qui s'active automatiquement en\u2026","protected":false},"author":0,"featured_media":151926,"comment_status":"","ping_status":"open","sticky":false,"template":"","format":"standard","meta":{"footnotes":""},"categories":[127],"tags":[],"class_list":["post-151962","post","type-post","status-publish","format-standard","has-post-thumbnail","hentry","category-nouvelles-de-voiture"],"acf":[],"yoast_head":"<!-- This site is optimized with the Yoast SEO plugin v21.2 - https:\/\/yoast.com\/wordpress\/plugins\/seo\/ -->\n<title>Opel Combo 4\u00d74 : pour un travail plus s\u00e9rieux - All cars news<\/title>\n<meta name=\"robots\" content=\"index, follow, max-snippet:-1, max-image-preview:large, max-video-preview:-1\" \/>\n<link rel=\"canonical\" href=\"https:\/\/all-car-news.com\/fr\/opel-combo-4x4-pour-un-travail-plus-serieux\/\" \/>\n<meta property=\"og:locale\" content=\"fr_FR\" \/>\n<meta property=\"og:type\" content=\"article\" \/>\n<meta property=\"og:title\" content=\"Opel Combo 4\u00d74 : pour un travail plus s\u00e9rieux - All cars news\" \/>\n<meta property=\"og:description\" content=\"Un Opel Combo avec transmission int\u00e9grale L&#039;Opel Combo Cargo 4\u00d74 est \u00e9quip\u00e9 d&#039;une transmission int\u00e9grale intelligente qui s&#039;active automatiquement en cas de perte d&#039;adh\u00e9rence. La puissance du moteur turbo diesel 1,5 litre de 96 kW (130 ch), coupl\u00e9 \u00e0 une bo\u00eete de vitesses automatique \u00e0 8 rapports, n&#039;est pas r\u00e9partie entre les essieux avant et arri\u00e8re comme dans le cas d&#039;une transmission int\u00e9grale classique. Dans le Combo 4\u00d74, le moteur \u00e9lectrique [...]\" \/>\n<meta property=\"og:url\" content=\"https:\/\/all-car-news.com\/fr\/opel-combo-4x4-pour-un-travail-plus-serieux\/\" \/>\n<meta property=\"og:site_name\" content=\"All cars news\" \/>\n<meta property=\"article:published_time\" content=\"2025-01-29T12:22:20+00:00\" \/>\n<meta property=\"og:image\" content=\"https:\/\/autorai.nl\/wp-content\/uploads\/2025\/01\/opel-combo-vierwielaandrijving-2025-1140x687.jpeg\" \/>\n<meta name=\"twitter:card\" content=\"summary_large_image\" \/>\n<meta name=\"twitter:label1\" content=\"Dur\u00e9e de lecture estim\u00e9e\" \/>\n\t<meta name=\"twitter:data1\" content=\"2 minutes\" \/>\n<script type=\"application\/ld+json\" class=\"yoast-schema-graph\">{\"@context\":\"https:\/\/schema.org\",\"@graph\":[{\"@type\":\"Article\",\"@id\":\"https:\/\/all-car-news.com\/fr\/opel-combo-4x4-pour-un-travail-plus-serieux\/#article\",\"isPartOf\":{\"@id\":\"https:\/\/all-car-news.com\/fr\/opel-combo-4x4-pour-un-travail-plus-serieux\/\"},\"author\":{\"name\":\"\",\"@id\":\"\"},\"headline\":\"Opel Combo 4\u00d74 : pour un travail plus s\u00e9rieux\",\"datePublished\":\"2025-01-29T12:22:20+00:00\",\"dateModified\":\"2025-01-29T12:22:20+00:00\",\"mainEntityOfPage\":{\"@id\":\"https:\/\/all-car-news.com\/fr\/opel-combo-4x4-pour-un-travail-plus-serieux\/\"},\"wordCount\":391,\"publisher\":{\"@id\":\"https:\/\/all-car-news.com\/fr\/#organization\"},\"articleSection\":[\"nouvelles de voiture\"],\"inLanguage\":\"fr-FR\"},{\"@type\":\"WebPage\",\"@id\":\"https:\/\/all-car-news.com\/fr\/opel-combo-4x4-pour-un-travail-plus-serieux\/\",\"url\":\"https:\/\/all-car-news.com\/fr\/opel-combo-4x4-pour-un-travail-plus-serieux\/\",\"name\":\"Opel Combo 4\u00d74 : pour un travail plus s\u00e9rieux - All cars news\",\"isPartOf\":{\"@id\":\"https:\/\/all-car-news.com\/fr\/#website\"},\"datePublished\":\"2025-01-29T12:22:20+00:00\",\"dateModified\":\"2025-01-29T12:22:20+00:00\",\"breadcrumb\":{\"@id\":\"https:\/\/all-car-news.com\/fr\/opel-combo-4x4-pour-un-travail-plus-serieux\/#breadcrumb\"},\"inLanguage\":\"fr-FR\",\"potentialAction\":[{\"@type\":\"ReadAction\",\"target\":[\"https:\/\/all-car-news.com\/fr\/opel-combo-4x4-pour-un-travail-plus-serieux\/\"]}]},{\"@type\":\"BreadcrumbList\",\"@id\":\"https:\/\/all-car-news.com\/fr\/opel-combo-4x4-pour-un-travail-plus-serieux\/#breadcrumb\",\"itemListElement\":[{\"@type\":\"ListItem\",\"position\":1,\"name\":\"Home\",\"item\":\"https:\/\/all-car-news.com\/fr\/\"},{\"@type\":\"ListItem\",\"position\":2,\"name\":\"Opel Combo 4\u00d74 : pour un travail plus s\u00e9rieux\"}]},{\"@type\":\"WebSite\",\"@id\":\"https:\/\/all-car-news.com\/fr\/#website\",\"url\":\"https:\/\/all-car-news.com\/fr\/\",\"name\":\"All cars news\",\"description\":\"\",\"publisher\":{\"@id\":\"https:\/\/all-car-news.com\/fr\/#organization\"},\"potentialAction\":[{\"@type\":\"SearchAction\",\"target\":{\"@type\":\"EntryPoint\",\"urlTemplate\":\"https:\/\/all-car-news.com\/fr\/?s={search_term_string}\"},\"query-input\":\"required name=search_term_string\"}],\"inLanguage\":\"fr-FR\"},{\"@type\":\"Organization\",\"@id\":\"https:\/\/all-car-news.com\/fr\/#organization\",\"name\":\"All cars news\",\"url\":\"https:\/\/all-car-news.com\/fr\/\",\"logo\":{\"@type\":\"ImageObject\",\"inLanguage\":\"fr-FR\",\"@id\":\"https:\/\/all-car-news.com\/fr\/#\/schema\/logo\/image\/\",\"url\":\"https:\/\/all-car-news.com\/wp-content\/uploads\/2022\/02\/CMYK-AllCarNews_LANDSCAPE_300px-1.png\",\"contentUrl\":\"https:\/\/all-car-news.com\/wp-content\/uploads\/2022\/02\/CMYK-AllCarNews_LANDSCAPE_300px-1.png\",\"width\":300,\"height\":100,\"caption\":\"All cars news\"},\"image\":{\"@id\":\"https:\/\/all-car-news.com\/fr\/#\/schema\/logo\/image\/\"}}]}<\/script>\n<!-- \/ Yoast SEO plugin. -->","yoast_head_json":{"title":"Opel Combo 4\u00d74 : pour un travail plus s\u00e9rieux - All cars news","robots":{"index":"index","follow":"follow","max-snippet":"max-snippet:-1","max-image-preview":"max-image-preview:large","max-video-preview":"max-video-preview:-1"},"canonical":"https:\/\/all-car-news.com\/fr\/opel-combo-4x4-pour-un-travail-plus-serieux\/","og_locale":"fr_FR","og_type":"article","og_title":"Opel Combo 4\u00d74 : pour un travail plus s\u00e9rieux - All cars news","og_description":"Un Opel Combo avec transmission int\u00e9grale L'Opel Combo Cargo 4\u00d74 est \u00e9quip\u00e9 d'une transmission int\u00e9grale intelligente qui s'active automatiquement en cas de perte d'adh\u00e9rence. La puissance du moteur turbo diesel 1,5 litre de 96 kW (130 ch), coupl\u00e9 \u00e0 une bo\u00eete de vitesses automatique \u00e0 8 rapports, n'est pas r\u00e9partie entre les essieux avant et arri\u00e8re comme dans le cas d'une transmission int\u00e9grale classique. Dans le Combo 4\u00d74, le moteur \u00e9lectrique [...]","og_url":"https:\/\/all-car-news.com\/fr\/opel-combo-4x4-pour-un-travail-plus-serieux\/","og_site_name":"All cars news","article_published_time":"2025-01-29T12:22:20+00:00","og_image":[{"url":"https:\/\/autorai.nl\/wp-content\/uploads\/2025\/01\/opel-combo-vierwielaandrijving-2025-1140x687.jpeg"}],"twitter_card":"summary_large_image","twitter_misc":{"Dur\u00e9e de lecture estim\u00e9e":"2 minutes"},"schema":{"@context":"https:\/\/schema.org","@graph":[{"@type":"Article","@id":"https:\/\/all-car-news.com\/fr\/opel-combo-4x4-pour-un-travail-plus-serieux\/#article","isPartOf":{"@id":"https:\/\/all-car-news.com\/fr\/opel-combo-4x4-pour-un-travail-plus-serieux\/"},"author":{"name":"","@id":""},"headline":"Opel Combo 4\u00d74 : pour un travail plus s\u00e9rieux","datePublished":"2025-01-29T12:22:20+00:00","dateModified":"2025-01-29T12:22:20+00:00","mainEntityOfPage":{"@id":"https:\/\/all-car-news.com\/fr\/opel-combo-4x4-pour-un-travail-plus-serieux\/"},"wordCount":391,"publisher":{"@id":"https:\/\/all-car-news.com\/fr\/#organization"},"articleSection":["nouvelles de voiture"],"inLanguage":"fr-FR"},{"@type":"WebPage","@id":"https:\/\/all-car-news.com\/fr\/opel-combo-4x4-pour-un-travail-plus-serieux\/","url":"https:\/\/all-car-news.com\/fr\/opel-combo-4x4-pour-un-travail-plus-serieux\/","name":"Opel Combo 4\u00d74 : pour un travail plus s\u00e9rieux - All cars news","isPartOf":{"@id":"https:\/\/all-car-news.com\/fr\/#website"},"datePublished":"2025-01-29T12:22:20+00:00","dateModified":"2025-01-29T12:22:20+00:00","breadcrumb":{"@id":"https:\/\/all-car-news.com\/fr\/opel-combo-4x4-pour-un-travail-plus-serieux\/#breadcrumb"},"inLanguage":"fr-FR","potentialAction":[{"@type":"ReadAction","target":["https:\/\/all-car-news.com\/fr\/opel-combo-4x4-pour-un-travail-plus-serieux\/"]}]},{"@type":"BreadcrumbList","@id":"https:\/\/all-car-news.com\/fr\/opel-combo-4x4-pour-un-travail-plus-serieux\/#breadcrumb","itemListElement":[{"@type":"ListItem","position":1,"name":"Home","item":"https:\/\/all-car-news.com\/fr\/"},{"@type":"ListItem","position":2,"name":"Opel Combo 4\u00d74 : pour un travail plus s\u00e9rieux"}]},{"@type":"WebSite","@id":"https:\/\/all-car-news.com\/fr\/#website","url":"https:\/\/all-car-news.com\/fr\/","name":"All cars news","description":"","publisher":{"@id":"https:\/\/all-car-news.com\/fr\/#organization"},"potentialAction":[{"@type":"SearchAction","target":{"@type":"EntryPoint","urlTemplate":"https:\/\/all-car-news.com\/fr\/?s={search_term_string}"},"query-input":"required name=search_term_string"}],"inLanguage":"fr-FR"},{"@type":"Organization","@id":"https:\/\/all-car-news.com\/fr\/#organization","name":"All cars news","url":"https:\/\/all-car-news.com\/fr\/","logo":{"@type":"ImageObject","inLanguage":"fr-FR","@id":"https:\/\/all-car-news.com\/fr\/#\/schema\/logo\/image\/","url":"https:\/\/all-car-news.com\/wp-content\/uploads\/2022\/02\/CMYK-AllCarNews_LANDSCAPE_300px-1.png","contentUrl":"https:\/\/all-car-news.com\/wp-content\/uploads\/2022\/02\/CMYK-AllCarNews_LANDSCAPE_300px-1.png","width":300,"height":100,"caption":"All cars news"},"image":{"@id":"https:\/\/all-car-news.com\/fr\/#\/schema\/logo\/image\/"}}]}},"_links":{"self":[{"href":"https:\/\/all-car-news.com\/fr\/wp-json\/wp\/v2\/posts\/151962","targetHints":{"allow":["GET"]}}],"collection":[{"href":"https:\/\/all-car-news.com\/fr\/wp-json\/wp\/v2\/posts"}],"about":[{"href":"https:\/\/all-car-news.com\/fr\/wp-json\/wp\/v2\/types\/post"}],"replies":[{"embeddable":true,"href":"https:\/\/all-car-news.com\/fr\/wp-json\/wp\/v2\/comments?post=151962"}],"version-history":[{"count":0,"href":"https:\/\/all-car-news.com\/fr\/wp-json\/wp\/v2\/posts\/151962\/revisions"}],"wp:featuredmedia":[{"embeddable":true,"href":"https:\/\/all-car-news.com\/fr\/wp-json\/wp\/v2\/media\/151926"}],"wp:attachment":[{"href":"https:\/\/all-car-news.com\/fr\/wp-json\/wp\/v2\/media?parent=151962"}],"wp:term":[{"taxonomy":"category","embeddable":true,"href":"https:\/\/all-car-news.com\/fr\/wp-json\/wp\/v2\/categories?post=151962"},{"taxonomy":"post_tag","embeddable":true,"href":"https:\/\/all-car-news.com\/fr\/wp-json\/wp\/v2\/tags?post=151962"}],"curies":[{"name":"wp","href":"https:\/\/api.w.org\/{rel}","templated":true}]}}