{"id":151301,"date":"2025-01-08T08:40:38","date_gmt":"2025-01-08T08:40:38","guid":{"rendered":"https:\/\/all-car-news.com\/des-ve-radicaux-honda-0-saloon-et-honda-0-suv\/"},"modified":"2025-01-08T08:40:38","modified_gmt":"2025-01-08T08:40:38","slug":"des-ve-radicaux-honda-0-saloon-et-honda-0-suv","status":"publish","type":"post","link":"https:\/\/all-car-news.com\/fr\/des-ve-radicaux-honda-0-saloon-et-honda-0-suv\/","title":{"rendered":"Des VE radicaux : Honda 0 Saloon et Honda 0 SUV"},"content":{"rendered":"<h2>&nbsp;Honda 0 Berline<\/h2>\n<p>Les mod\u00e8les conceptuels de Honda peuvent \u00eatre d\u00e9crits comme \u00e9tant pr\u00eats pour la production. Le prototype Honda 0 Saloon a donc \u00e9t\u00e9 d\u00e9velopp\u00e9 en vue de son lancement sur le march\u00e9 en 2026. Le prototype conserve le design exact du mod\u00e8le conceptuel, la faible hauteur et le style sportif distinguant la berline des autres voitures \u00e9lectriques. Selon Honda, l&rsquo;int\u00e9rieur est plus spacieux que ce \u00e0 quoi les gens s&rsquo;attendent au vu des dimensions ext\u00e9rieures.   <\/p>\n<p>La Honda 0 Saloon, mod\u00e8le phare de la s\u00e9rie Honda 0, sera bas\u00e9e sur la nouvelle architecture d\u00e9di\u00e9e aux v\u00e9hicules \u00e9lectriques. La voiture a \u00e9t\u00e9 d\u00e9velopp\u00e9e selon la philosophie \u00ab\u00a0Thin, Light and Wise\u00a0\u00bb (mince, l\u00e9ger et sage). <\/p>\n<p>Au CES 2025, Honda se concentre sur l&rsquo;introduction de certaines technologies et caract\u00e9ristiques qui contribuent \u00e0 la valeur \u00ab\u00a0Wise\u00a0\u00bb de la Honda 0 Saloon. Il s&rsquo;agit notamment de la technologie fiable de conduite automatis\u00e9e de niveau 3, que Honda est le premier au monde \u00e0 mettre en pratique, et de l'\u00a0\u00bboptimisation hautement personnalis\u00e9e\u00a0\u00bb qui offre une exp\u00e9rience de mobilit\u00e9 adapt\u00e9e \u00e0 chaque utilisateur, gr\u00e2ce \u00e0 ASIMO OS.  Nous y reviendrons plus tard.<\/p>\n<p>&nbsp;Il est pr\u00e9vu d&rsquo;introduire le mod\u00e8le de production de la Honda 0 Saloon d&rsquo;abord sur le march\u00e9 nord-am\u00e9ricain en 2026, puis sur les march\u00e9s du monde entier, y compris le Japon et l&rsquo;Europe.&nbsp;<\/p>\n<figure class=\"wp-block-image size-content\"><img decoding=\"async\" loading=\"lazy\" width=\"1140\" height=\"760\" src=\"https:\/\/autorai.nl\/wp-content\/uploads\/2025\/01\/525398_Honda_Presents_World_Premiere_of_Honda_0_Saloon_and_Honda_0_SUV_Prototypes-1140x760.jpg\" alt=\"Honda 0 Berline\" class=\"wp-image-191899\"><\/figure>\n<h2>&nbsp;Honda 0 SUV<\/h2>\n<p>Le Honda 0 SUV est un SUV \u00e9lectrique de taille moyenne. En appliquant l&rsquo;approche \u00ab\u00a0Thin, Light, and Wise\u00a0\u00bb \u00e0 un SUV, l&rsquo;espace int\u00e9rieur a encore \u00e9t\u00e9 augment\u00e9 et un habitacle spacieux a \u00e9t\u00e9 obtenu. En plus de son large \u00e9ventail de technologies, le Honda 0 SUV utilisera une estimation de l&rsquo;orientation et un contr\u00f4le de stabilisation de haute pr\u00e9cision. Ce contr\u00f4le sera bas\u00e9 sur des capteurs gyroscopiques 3D, une technologie dont Honda a acquis l&rsquo;exp\u00e9rience gr\u00e2ce au d\u00e9veloppement de ses technologies robotiques originales, afin d&rsquo;offrir au conducteur une dynamique adapt\u00e9e \u00e0 ses besoins sur diff\u00e9rents rev\u00eatements routiers.   <\/p>\n<p>&nbsp;Il est pr\u00e9vu d&rsquo;introduire le mod\u00e8le de production du SUV Honda 0 d&rsquo;abord sur le march\u00e9 nord-am\u00e9ricain au cours du premier semestre 2026, puis sur les march\u00e9s du monde entier, y compris le Japon et l&rsquo;Europe.&nbsp;<\/p>\n<figure class=\"wp-block-image size-content\"><img decoding=\"async\" loading=\"lazy\" width=\"1140\" height=\"760\" src=\"https:\/\/autorai.nl\/wp-content\/uploads\/2025\/01\/525402_Honda_Presents_World_Premiere_of_Honda_0_Saloon_and_Honda_0_SUV_Prototypes-1140x760.jpg\" alt=\"Honda 0 Berline\" class=\"wp-image-191903\"><\/figure>\n<h2>Honda ASIMO OS : un nouveau syst\u00e8me d&rsquo;exploitation<\/h2>\n<p>&nbsp;Les mod\u00e8les de la s\u00e9rie 0 de Honda seront \u00e9quip\u00e9s de l&rsquo;ASIMO OS, un syst\u00e8me original de contr\u00f4le des v\u00e9hicules d\u00e9velopp\u00e9 par Honda. ASIMO \u00e9tait un robot humano\u00efde autonome, d\u00e9velopp\u00e9 dans le cadre de la recherche technologique de base par Honda dans le but d&rsquo;aider les gens sans perturber la soci\u00e9t\u00e9. Honda a commenc\u00e9 la recherche et le d\u00e9veloppement en robotique en 1986 et a pr\u00e9sent\u00e9 ASIMO en 2000. Dans les ann\u00e9es 2000 et 2010, il est devenu une ic\u00f4ne dans le domaine de la robotique et a \u00e9t\u00e9 appr\u00e9ci\u00e9 dans le monde entier.   <\/p>\n<p>M\u00eame apr\u00e8s l&rsquo;ach\u00e8vement du d\u00e9veloppement d&rsquo;ASIMO, Honda a continu\u00e9 \u00e0 d\u00e9velopper ses technologies robotiques, y compris les technologies de reconnaissance des environnements ext\u00e9rieurs et les technologies de contr\u00f4le comportemental autonome, permettant \u00e0 ASIMO de comprendre les intentions des personnes qui l&rsquo;entourent.&nbsp;En combinant ces technologies robotiques avec des technologies d&rsquo;intelligence avanc\u00e9es pour la s\u00e9rie 0 de Honda, l&rsquo;entreprise vise \u00e0 apporter une valeur ajout\u00e9e unique aux v\u00e9hicules d\u00e9finis par logiciel (SDV). <\/p>\n<p>La plateforme logicielle ASIMO OS int\u00e8gre le contr\u00f4le des unit\u00e9s de contr\u00f4le \u00e9lectronique (ECU) pour les syst\u00e8mes automobiles tels que les syst\u00e8mes de conduite automatis\u00e9e et d&rsquo;aide \u00e0 la conduite avanc\u00e9e (AD\/ADAS) et le syst\u00e8me d&rsquo;infodivertissement embarqu\u00e9 (IVI).<\/p>\n<h2>Mises \u00e0 jour en direct<\/h2>\n<p>En actualisant constamment le logiciel du v\u00e9hicule par le biais de mises \u00e0 jour OTA (over-the-air), m\u00eame apr\u00e8s l&rsquo;achat du v\u00e9hicule, les fonctions et les services sont continuellement am\u00e9lior\u00e9s en fonction des pr\u00e9f\u00e9rences et des besoins de chaque utilisateur. Les fonctions et services mis \u00e0 jour en permanence comprennent des fonctions qui am\u00e9liorent la valeur de l&rsquo;espace et l&rsquo;exp\u00e9rience num\u00e9rique de l&rsquo;utilisateur, en offrant une exp\u00e9rience de mobilit\u00e9 agr\u00e9able et confortable. Le contr\u00f4le int\u00e9gr\u00e9 de la dynamique, qui d\u00e9termine le plaisir de conduire, est \u00e9galement unique \u00e0 Honda. Le conducteur se sent ainsi en harmonie avec le v\u00e9hicule.   <\/p>\n<div class=\"galery galery-0\">\n<figure>\n\t\t\t\t\t<span style=\"cursor: pointer\" data-src=\"https:\/\/autorai.nl\/wp-content\/uploads\/2025\/01\/525402_Honda_Presents_World_Premiere_of_Honda_0_Saloon_and_Honda_0_SUV_Prototypes-1600x1067.jpg\" data-fancybox=\"galery-0\" title=\"Honda pr\u00e9sente en premi\u00e8re mondiale les prototypes Honda 0 Saloon et Honda 0 SUV au CES 2025 - avec ASIMO OS, un syst\u00e8me d'exploitation pour v\u00e9hicules d'origine Honda\"><br \/>\n\t\t\t\t\t\t\t<img decoding=\"async\" width=\"360\" height=\"270\" src=\"https:\/\/autorai.nl\/wp-content\/uploads\/2025\/01\/525402_Honda_Presents_World_Premiere_of_Honda_0_Saloon_and_Honda_0_SUV_Prototypes-360x270.jpg\" class=\"attachment-small size-small\" alt=\"Honda 0 Berline\" loading=\"lazy\"><i class=\"fa fa-search-plus\" aria-hidden=\"true\"><\/i><br \/>\n\t\t\t\t\t\t<\/span><br \/>\n\t\t\t\t\t<\/figure>\n<figure>\n\t\t\t\t\t<span style=\"cursor: pointer\" data-src=\"https:\/\/autorai.nl\/wp-content\/uploads\/2025\/01\/525401_Honda_Presents_World_Premiere_of_Honda_0_Saloon_and_Honda_0_SUV_Prototypes-1600x1067.jpg\" data-fancybox=\"galery-0\" title=\"Honda pr\u00e9sente en premi\u00e8re mondiale les prototypes Honda 0 Saloon et Honda 0 SUV au CES 2025 - avec ASIMO OS, un syst\u00e8me d'exploitation pour v\u00e9hicules d'origine Honda\"><br \/>\n\t\t\t\t\t\t\t<img decoding=\"async\" width=\"360\" height=\"270\" src=\"https:\/\/autorai.nl\/wp-content\/uploads\/2025\/01\/525401_Honda_Presents_World_Premiere_of_Honda_0_Saloon_and_Honda_0_SUV_Prototypes-360x270.jpg\" class=\"attachment-small size-small\" alt=\"Honda 0 SUV\" loading=\"lazy\"><i class=\"fa fa-search-plus\" aria-hidden=\"true\"><\/i><br \/>\n\t\t\t\t\t\t<\/span><br \/>\n\t\t\t\t\t<\/figure>\n<figure>\n\t\t\t\t\t<span style=\"cursor: pointer\" data-src=\"https:\/\/autorai.nl\/wp-content\/uploads\/2025\/01\/525400_Honda_Presents_World_Premiere_of_Honda_0_Saloon_and_Honda_0_SUV_Prototypes-1600x1067.jpg\" data-fancybox=\"galery-0\" title=\"Honda pr\u00e9sente en premi\u00e8re mondiale les prototypes Honda 0 Saloon et Honda 0 SUV au CES 2025 - avec ASIMO OS, un syst\u00e8me d'exploitation pour v\u00e9hicules d'origine Honda\"><br \/>\n\t\t\t\t\t\t\t<img decoding=\"async\" width=\"360\" height=\"270\" src=\"https:\/\/autorai.nl\/wp-content\/uploads\/2025\/01\/525400_Honda_Presents_World_Premiere_of_Honda_0_Saloon_and_Honda_0_SUV_Prototypes-360x270.jpg\" class=\"attachment-small size-small\" alt=\"\" loading=\"lazy\"><i class=\"fa fa-search-plus\" aria-hidden=\"true\"><\/i><br \/>\n\t\t\t\t\t\t<\/span><br \/>\n\t\t\t\t\t<\/figure>\n<figure>\n\t\t\t\t\t<span style=\"cursor: pointer\" data-src=\"https:\/\/autorai.nl\/wp-content\/uploads\/2025\/01\/525399_Honda_Presents_World_Premiere_of_Honda_0_Saloon_and_Honda_0_SUV_Prototypes-1600x1067.jpg\" data-fancybox=\"galery-0\" title=\"Honda pr\u00e9sente en premi\u00e8re mondiale les prototypes Honda 0 Saloon et Honda 0 SUV au CES 2025 - avec ASIMO OS, un syst\u00e8me d'exploitation pour v\u00e9hicules d'origine Honda\"><br \/>\n\t\t\t\t\t\t\t<img decoding=\"async\" width=\"360\" height=\"270\" src=\"https:\/\/autorai.nl\/wp-content\/uploads\/2025\/01\/525399_Honda_Presents_World_Premiere_of_Honda_0_Saloon_and_Honda_0_SUV_Prototypes-360x270.jpg\" class=\"attachment-small size-small\" alt=\"\" loading=\"lazy\"><i class=\"fa fa-search-plus\" aria-hidden=\"true\"><\/i><br \/>\n\t\t\t\t\t\t<\/span><br \/>\n\t\t\t\t\t<\/figure>\n<figure>\n\t\t\t\t\t<span style=\"cursor: pointer\" data-src=\"https:\/\/autorai.nl\/wp-content\/uploads\/2025\/01\/525398_Honda_Presents_World_Premiere_of_Honda_0_Saloon_and_Honda_0_SUV_Prototypes-1600x1067.jpg\" data-fancybox=\"galery-0\" title=\"Honda pr\u00e9sente en premi\u00e8re mondiale les prototypes Honda 0 Saloon et Honda 0 SUV au CES 2025 - avec ASIMO OS, un syst\u00e8me d'exploitation pour v\u00e9hicules d'origine Honda\"><br \/>\n\t\t\t\t\t\t\t<img decoding=\"async\" width=\"360\" height=\"270\" src=\"https:\/\/autorai.nl\/wp-content\/uploads\/2025\/01\/525398_Honda_Presents_World_Premiere_of_Honda_0_Saloon_and_Honda_0_SUV_Prototypes-360x270.jpg\" class=\"attachment-small size-small\" alt=\"Honda 0 Berline\" loading=\"lazy\"><i class=\"fa fa-search-plus\" aria-hidden=\"true\"><\/i><br \/>\n\t\t\t\t\t\t<\/span><br \/>\n\t\t\t\t\t<\/figure>\n<figure>\n\t\t\t\t\t<span style=\"cursor: pointer\" data-src=\"https:\/\/autorai.nl\/wp-content\/uploads\/2025\/01\/525397_Honda_Presents_World_Premiere_of_Honda_0_Saloon_and_Honda_0_SUV_Prototypes-1600x1067.jpg\" data-fancybox=\"galery-0\" title=\"Honda pr\u00e9sente en premi\u00e8re mondiale les prototypes Honda 0 Saloon et Honda 0 SUV au CES 2025 - avec ASIMO OS, un syst\u00e8me d'exploitation pour v\u00e9hicules d'origine Honda\"><br \/>\n\t\t\t\t\t\t\t<img decoding=\"async\" width=\"360\" height=\"270\" src=\"https:\/\/autorai.nl\/wp-content\/uploads\/2025\/01\/525397_Honda_Presents_World_Premiere_of_Honda_0_Saloon_and_Honda_0_SUV_Prototypes-360x270.jpg\" class=\"attachment-small size-small\" alt=\"\" loading=\"lazy\"><i class=\"fa fa-search-plus\" aria-hidden=\"true\"><\/i><br \/>\n\t\t\t\t\t\t<\/span><br \/>\n\t\t\t\t\t<\/figure>\n<figure>\n\t\t\t\t\t<span style=\"cursor: pointer\" data-src=\"https:\/\/autorai.nl\/wp-content\/uploads\/2025\/01\/525396_Honda_Presents_World_Premiere_of_Honda_0_Saloon_and_Honda_0_SUV_Prototypes-1600x1067.jpg\" data-fancybox=\"galery-0\" title=\"Honda pr\u00e9sente en premi\u00e8re mondiale les prototypes Honda 0 Saloon et Honda 0 SUV au CES 2025 - avec ASIMO OS, un syst\u00e8me d'exploitation pour v\u00e9hicules d'origine Honda\"><br \/>\n\t\t\t\t\t\t\t<img decoding=\"async\" width=\"360\" height=\"270\" src=\"https:\/\/autorai.nl\/wp-content\/uploads\/2025\/01\/525396_Honda_Presents_World_Premiere_of_Honda_0_Saloon_and_Honda_0_SUV_Prototypes-360x270.jpg\" class=\"attachment-small size-small\" alt=\"\" loading=\"lazy\"><i class=\"fa fa-search-plus\" aria-hidden=\"true\"><\/i><br \/>\n\t\t\t\t\t\t<\/span><br \/>\n\t\t\t\t\t<\/figure>\n<figure>\n\t\t\t\t\t<span style=\"cursor: pointer\" data-src=\"https:\/\/autorai.nl\/wp-content\/uploads\/2025\/01\/525395_Honda_Presents_World_Premiere_of_Honda_0_Saloon_and_Honda_0_SUV_Prototypes-1600x1067.jpg\" data-fancybox=\"galery-0\" title=\"Honda pr\u00e9sente en premi\u00e8re mondiale les prototypes Honda 0 Saloon et Honda 0 SUV au CES 2025 - avec ASIMO OS, un syst\u00e8me d'exploitation pour v\u00e9hicules d'origine Honda\"><br \/>\n\t\t\t\t\t\t\t<img decoding=\"async\" width=\"360\" height=\"270\" src=\"https:\/\/autorai.nl\/wp-content\/uploads\/2025\/01\/525395_Honda_Presents_World_Premiere_of_Honda_0_Saloon_and_Honda_0_SUV_Prototypes-360x270.jpg\" class=\"attachment-small size-small\" alt=\"\" loading=\"lazy\"><i class=\"fa fa-search-plus\" aria-hidden=\"true\"><\/i><br \/>\n\t\t\t\t\t\t<\/span><br \/>\n\t\t\t\t\t<\/figure>\n<figure>\n\t\t\t\t\t<span style=\"cursor: pointer\" data-src=\"https:\/\/autorai.nl\/wp-content\/uploads\/2025\/01\/525394_Honda_Presents_World_Premiere_of_Honda_0_Saloon_and_Honda_0_SUV_Prototypes-1600x900.jpg\" data-fancybox=\"galery-0\" title=\"Honda pr\u00e9sente en premi\u00e8re mondiale les prototypes Honda 0 Saloon et Honda 0 SUV au CES 2025 - avec ASIMO OS, un syst\u00e8me d'exploitation pour v\u00e9hicules d'origine Honda\"><br \/>\n\t\t\t\t\t\t\t<img decoding=\"async\" width=\"360\" height=\"270\" src=\"https:\/\/autorai.nl\/wp-content\/uploads\/2025\/01\/525394_Honda_Presents_World_Premiere_of_Honda_0_Saloon_and_Honda_0_SUV_Prototypes-360x270.jpg\" class=\"attachment-small size-small\" alt=\"\" loading=\"lazy\"><i class=\"fa fa-search-plus\" aria-hidden=\"true\"><\/i><br \/>\n\t\t\t\t\t\t<\/span><br \/>\n\t\t\t\t\t<\/figure>\n<figure>\n\t\t\t\t\t<span style=\"cursor: pointer\" data-src=\"https:\/\/autorai.nl\/wp-content\/uploads\/2025\/01\/525393_Honda_Presents_World_Premiere_of_Honda_0_Saloon_and_Honda_0_SUV_Prototypes-1600x900.jpg\" data-fancybox=\"galery-0\" title=\"Honda pr\u00e9sente en premi\u00e8re mondiale les prototypes Honda 0 Saloon et Honda 0 SUV au CES 2025 - avec ASIMO OS, un syst\u00e8me d'exploitation pour v\u00e9hicules d'origine Honda\"><br \/>\n\t\t\t\t\t\t\t<img decoding=\"async\" width=\"360\" height=\"270\" src=\"https:\/\/autorai.nl\/wp-content\/uploads\/2025\/01\/525393_Honda_Presents_World_Premiere_of_Honda_0_Saloon_and_Honda_0_SUV_Prototypes-360x270.jpg\" class=\"attachment-small size-small\" alt=\"\" loading=\"lazy\"><i class=\"fa fa-search-plus\" aria-hidden=\"true\"><\/i><br \/>\n\t\t\t\t\t\t<\/span><br \/>\n\t\t\t\t\t<\/figure>\n<div class=\"clear\"><\/div>\n<\/div>\n","protected":false},"excerpt":{"rendered":"&nbsp;Honda 0 Saloon Pr\u00eat pour la production, c'est ainsi que l'on peut qualifier les mod\u00e8les conceptuels de Honda. Le prototype\u2026","protected":false},"author":0,"featured_media":151288,"comment_status":"","ping_status":"open","sticky":false,"template":"","format":"standard","meta":{"footnotes":""},"categories":[127],"tags":[],"class_list":["post-151301","post","type-post","status-publish","format-standard","has-post-thumbnail","hentry","category-nouvelles-de-voiture"],"acf":[],"yoast_head":"<!-- This site is optimized with the Yoast SEO plugin v21.2 - https:\/\/yoast.com\/wordpress\/plugins\/seo\/ -->\n<title>Des VE radicaux : Honda 0 Saloon et Honda 0 SUV - All cars news<\/title>\n<meta name=\"robots\" content=\"index, follow, max-snippet:-1, max-image-preview:large, max-video-preview:-1\" \/>\n<link rel=\"canonical\" href=\"https:\/\/all-car-news.com\/fr\/des-ve-radicaux-honda-0-saloon-et-honda-0-suv\/\" \/>\n<meta property=\"og:locale\" content=\"fr_FR\" \/>\n<meta property=\"og:type\" content=\"article\" \/>\n<meta property=\"og:title\" content=\"Des VE radicaux : Honda 0 Saloon et Honda 0 SUV - All cars news\" \/>\n<meta property=\"og:description\" content=\"&nbsp;Honda 0 Saloon Pr\u00eat pour la production, c&#039;est ainsi que l&#039;on peut qualifier les mod\u00e8les conceptuels de Honda. Le prototype Honda 0 Saloon a donc \u00e9t\u00e9 d\u00e9velopp\u00e9 en vue de son lancement sur le march\u00e9 en 2026. Le prototype conserve le design exact du mod\u00e8le conceptuel, la faible hauteur et le style sportif distinguant la berline des autres v\u00e9hicules \u00e9lectriques.\" \/>\n<meta property=\"og:url\" content=\"https:\/\/all-car-news.com\/fr\/des-ve-radicaux-honda-0-saloon-et-honda-0-suv\/\" \/>\n<meta property=\"og:site_name\" content=\"All cars news\" \/>\n<meta property=\"article:published_time\" content=\"2025-01-08T08:40:38+00:00\" \/>\n<meta property=\"og:image\" content=\"https:\/\/autorai.nl\/wp-content\/uploads\/2025\/01\/525398_Honda_Presents_World_Premiere_of_Honda_0_Saloon_and_Honda_0_SUV_Prototypes-1140x760.jpg\" \/>\n<meta name=\"twitter:card\" content=\"summary_large_image\" \/>\n<meta name=\"twitter:label1\" content=\"Dur\u00e9e de lecture estim\u00e9e\" \/>\n\t<meta name=\"twitter:data1\" content=\"4 minutes\" \/>\n<script type=\"application\/ld+json\" class=\"yoast-schema-graph\">{\"@context\":\"https:\/\/schema.org\",\"@graph\":[{\"@type\":\"Article\",\"@id\":\"https:\/\/all-car-news.com\/fr\/des-ve-radicaux-honda-0-saloon-et-honda-0-suv\/#article\",\"isPartOf\":{\"@id\":\"https:\/\/all-car-news.com\/fr\/des-ve-radicaux-honda-0-saloon-et-honda-0-suv\/\"},\"author\":{\"name\":\"\",\"@id\":\"\"},\"headline\":\"Des VE radicaux : Honda 0 Saloon et Honda 0 SUV\",\"datePublished\":\"2025-01-08T08:40:38+00:00\",\"dateModified\":\"2025-01-08T08:40:38+00:00\",\"mainEntityOfPage\":{\"@id\":\"https:\/\/all-car-news.com\/fr\/des-ve-radicaux-honda-0-saloon-et-honda-0-suv\/\"},\"wordCount\":744,\"publisher\":{\"@id\":\"https:\/\/all-car-news.com\/fr\/#organization\"},\"articleSection\":[\"nouvelles de voiture\"],\"inLanguage\":\"fr-FR\"},{\"@type\":\"WebPage\",\"@id\":\"https:\/\/all-car-news.com\/fr\/des-ve-radicaux-honda-0-saloon-et-honda-0-suv\/\",\"url\":\"https:\/\/all-car-news.com\/fr\/des-ve-radicaux-honda-0-saloon-et-honda-0-suv\/\",\"name\":\"Des VE radicaux : Honda 0 Saloon et Honda 0 SUV - All cars news\",\"isPartOf\":{\"@id\":\"https:\/\/all-car-news.com\/fr\/#website\"},\"datePublished\":\"2025-01-08T08:40:38+00:00\",\"dateModified\":\"2025-01-08T08:40:38+00:00\",\"breadcrumb\":{\"@id\":\"https:\/\/all-car-news.com\/fr\/des-ve-radicaux-honda-0-saloon-et-honda-0-suv\/#breadcrumb\"},\"inLanguage\":\"fr-FR\",\"potentialAction\":[{\"@type\":\"ReadAction\",\"target\":[\"https:\/\/all-car-news.com\/fr\/des-ve-radicaux-honda-0-saloon-et-honda-0-suv\/\"]}]},{\"@type\":\"BreadcrumbList\",\"@id\":\"https:\/\/all-car-news.com\/fr\/des-ve-radicaux-honda-0-saloon-et-honda-0-suv\/#breadcrumb\",\"itemListElement\":[{\"@type\":\"ListItem\",\"position\":1,\"name\":\"Home\",\"item\":\"https:\/\/all-car-news.com\/fr\/\"},{\"@type\":\"ListItem\",\"position\":2,\"name\":\"Des VE radicaux : Honda 0 Saloon et Honda 0 SUV\"}]},{\"@type\":\"WebSite\",\"@id\":\"https:\/\/all-car-news.com\/fr\/#website\",\"url\":\"https:\/\/all-car-news.com\/fr\/\",\"name\":\"All cars news\",\"description\":\"\",\"publisher\":{\"@id\":\"https:\/\/all-car-news.com\/fr\/#organization\"},\"potentialAction\":[{\"@type\":\"SearchAction\",\"target\":{\"@type\":\"EntryPoint\",\"urlTemplate\":\"https:\/\/all-car-news.com\/fr\/?s={search_term_string}\"},\"query-input\":\"required name=search_term_string\"}],\"inLanguage\":\"fr-FR\"},{\"@type\":\"Organization\",\"@id\":\"https:\/\/all-car-news.com\/fr\/#organization\",\"name\":\"All cars news\",\"url\":\"https:\/\/all-car-news.com\/fr\/\",\"logo\":{\"@type\":\"ImageObject\",\"inLanguage\":\"fr-FR\",\"@id\":\"https:\/\/all-car-news.com\/fr\/#\/schema\/logo\/image\/\",\"url\":\"https:\/\/all-car-news.com\/wp-content\/uploads\/2022\/02\/CMYK-AllCarNews_LANDSCAPE_300px-1.png\",\"contentUrl\":\"https:\/\/all-car-news.com\/wp-content\/uploads\/2022\/02\/CMYK-AllCarNews_LANDSCAPE_300px-1.png\",\"width\":300,\"height\":100,\"caption\":\"All cars news\"},\"image\":{\"@id\":\"https:\/\/all-car-news.com\/fr\/#\/schema\/logo\/image\/\"}}]}<\/script>\n<!-- \/ Yoast SEO plugin. -->","yoast_head_json":{"title":"Des VE radicaux : Honda 0 Saloon et Honda 0 SUV - All cars news","robots":{"index":"index","follow":"follow","max-snippet":"max-snippet:-1","max-image-preview":"max-image-preview:large","max-video-preview":"max-video-preview:-1"},"canonical":"https:\/\/all-car-news.com\/fr\/des-ve-radicaux-honda-0-saloon-et-honda-0-suv\/","og_locale":"fr_FR","og_type":"article","og_title":"Des VE radicaux : Honda 0 Saloon et Honda 0 SUV - All cars news","og_description":"&nbsp;Honda 0 Saloon Pr\u00eat pour la production, c'est ainsi que l'on peut qualifier les mod\u00e8les conceptuels de Honda. Le prototype Honda 0 Saloon a donc \u00e9t\u00e9 d\u00e9velopp\u00e9 en vue de son lancement sur le march\u00e9 en 2026. Le prototype conserve le design exact du mod\u00e8le conceptuel, la faible hauteur et le style sportif distinguant la berline des autres v\u00e9hicules \u00e9lectriques.","og_url":"https:\/\/all-car-news.com\/fr\/des-ve-radicaux-honda-0-saloon-et-honda-0-suv\/","og_site_name":"All cars news","article_published_time":"2025-01-08T08:40:38+00:00","og_image":[{"url":"https:\/\/autorai.nl\/wp-content\/uploads\/2025\/01\/525398_Honda_Presents_World_Premiere_of_Honda_0_Saloon_and_Honda_0_SUV_Prototypes-1140x760.jpg"}],"twitter_card":"summary_large_image","twitter_misc":{"Dur\u00e9e de lecture estim\u00e9e":"4 minutes"},"schema":{"@context":"https:\/\/schema.org","@graph":[{"@type":"Article","@id":"https:\/\/all-car-news.com\/fr\/des-ve-radicaux-honda-0-saloon-et-honda-0-suv\/#article","isPartOf":{"@id":"https:\/\/all-car-news.com\/fr\/des-ve-radicaux-honda-0-saloon-et-honda-0-suv\/"},"author":{"name":"","@id":""},"headline":"Des VE radicaux : Honda 0 Saloon et Honda 0 SUV","datePublished":"2025-01-08T08:40:38+00:00","dateModified":"2025-01-08T08:40:38+00:00","mainEntityOfPage":{"@id":"https:\/\/all-car-news.com\/fr\/des-ve-radicaux-honda-0-saloon-et-honda-0-suv\/"},"wordCount":744,"publisher":{"@id":"https:\/\/all-car-news.com\/fr\/#organization"},"articleSection":["nouvelles de voiture"],"inLanguage":"fr-FR"},{"@type":"WebPage","@id":"https:\/\/all-car-news.com\/fr\/des-ve-radicaux-honda-0-saloon-et-honda-0-suv\/","url":"https:\/\/all-car-news.com\/fr\/des-ve-radicaux-honda-0-saloon-et-honda-0-suv\/","name":"Des VE radicaux : Honda 0 Saloon et Honda 0 SUV - All cars news","isPartOf":{"@id":"https:\/\/all-car-news.com\/fr\/#website"},"datePublished":"2025-01-08T08:40:38+00:00","dateModified":"2025-01-08T08:40:38+00:00","breadcrumb":{"@id":"https:\/\/all-car-news.com\/fr\/des-ve-radicaux-honda-0-saloon-et-honda-0-suv\/#breadcrumb"},"inLanguage":"fr-FR","potentialAction":[{"@type":"ReadAction","target":["https:\/\/all-car-news.com\/fr\/des-ve-radicaux-honda-0-saloon-et-honda-0-suv\/"]}]},{"@type":"BreadcrumbList","@id":"https:\/\/all-car-news.com\/fr\/des-ve-radicaux-honda-0-saloon-et-honda-0-suv\/#breadcrumb","itemListElement":[{"@type":"ListItem","position":1,"name":"Home","item":"https:\/\/all-car-news.com\/fr\/"},{"@type":"ListItem","position":2,"name":"Des VE radicaux : Honda 0 Saloon et Honda 0 SUV"}]},{"@type":"WebSite","@id":"https:\/\/all-car-news.com\/fr\/#website","url":"https:\/\/all-car-news.com\/fr\/","name":"All cars news","description":"","publisher":{"@id":"https:\/\/all-car-news.com\/fr\/#organization"},"potentialAction":[{"@type":"SearchAction","target":{"@type":"EntryPoint","urlTemplate":"https:\/\/all-car-news.com\/fr\/?s={search_term_string}"},"query-input":"required name=search_term_string"}],"inLanguage":"fr-FR"},{"@type":"Organization","@id":"https:\/\/all-car-news.com\/fr\/#organization","name":"All cars news","url":"https:\/\/all-car-news.com\/fr\/","logo":{"@type":"ImageObject","inLanguage":"fr-FR","@id":"https:\/\/all-car-news.com\/fr\/#\/schema\/logo\/image\/","url":"https:\/\/all-car-news.com\/wp-content\/uploads\/2022\/02\/CMYK-AllCarNews_LANDSCAPE_300px-1.png","contentUrl":"https:\/\/all-car-news.com\/wp-content\/uploads\/2022\/02\/CMYK-AllCarNews_LANDSCAPE_300px-1.png","width":300,"height":100,"caption":"All cars news"},"image":{"@id":"https:\/\/all-car-news.com\/fr\/#\/schema\/logo\/image\/"}}]}},"_links":{"self":[{"href":"https:\/\/all-car-news.com\/fr\/wp-json\/wp\/v2\/posts\/151301","targetHints":{"allow":["GET"]}}],"collection":[{"href":"https:\/\/all-car-news.com\/fr\/wp-json\/wp\/v2\/posts"}],"about":[{"href":"https:\/\/all-car-news.com\/fr\/wp-json\/wp\/v2\/types\/post"}],"replies":[{"embeddable":true,"href":"https:\/\/all-car-news.com\/fr\/wp-json\/wp\/v2\/comments?post=151301"}],"version-history":[{"count":0,"href":"https:\/\/all-car-news.com\/fr\/wp-json\/wp\/v2\/posts\/151301\/revisions"}],"wp:featuredmedia":[{"embeddable":true,"href":"https:\/\/all-car-news.com\/fr\/wp-json\/wp\/v2\/media\/151288"}],"wp:attachment":[{"href":"https:\/\/all-car-news.com\/fr\/wp-json\/wp\/v2\/media?parent=151301"}],"wp:term":[{"taxonomy":"category","embeddable":true,"href":"https:\/\/all-car-news.com\/fr\/wp-json\/wp\/v2\/categories?post=151301"},{"taxonomy":"post_tag","embeddable":true,"href":"https:\/\/all-car-news.com\/fr\/wp-json\/wp\/v2\/tags?post=151301"}],"curies":[{"name":"wp","href":"https:\/\/api.w.org\/{rel}","templated":true}]}}