{"id":150278,"date":"2024-11-26T08:36:56","date_gmt":"2024-11-26T08:36:56","guid":{"rendered":"https:\/\/all-car-news.com\/officiel-gm-cadillac-rejoint-la-formule-1-en-tant-que-11e-equipe-en-2026\/"},"modified":"2024-11-26T08:36:56","modified_gmt":"2024-11-26T08:36:56","slug":"officiel-gm-cadillac-rejoint-la-formule-1-en-tant-que-11e-equipe-en-2026","status":"publish","type":"post","link":"https:\/\/all-car-news.com\/fr\/officiel-gm-cadillac-rejoint-la-formule-1-en-tant-que-11e-equipe-en-2026\/","title":{"rendered":"Officiel : GM\/Cadillac rejoint la Formule 1 en tant que 11e \u00e9quipe en 2026"},"content":{"rendered":"<h2>Conversations fructueuses<\/h2>\n<p>La Formule 1 a engag\u00e9 un dialogue avec General Motors et ses partenaires de TWG Global sur la faisabilit\u00e9 d&rsquo;une adh\u00e9sion, \u00e0 la suite de l&rsquo;examen commercial de la Formule 1 et de la d\u00e9cision prise en janvier 2024. Au cours de cette ann\u00e9e, GM\/Cadillac a franchi des \u00e9tapes op\u00e9rationnelles et a clairement d\u00e9montr\u00e9 son engagement \u00e0 devenir la 11e \u00e9quipe du championnat de F1. En outre, GM rejoindra l&rsquo;\u00e9curie en tant que fournisseur de moteurs \u00e0 une date ult\u00e9rieure.  <\/p>\n<h2><strong>Stefano Domenicali<\/strong><\/h2>\n<p>Stefano Domenicali, pr\u00e9sident-directeur g\u00e9n\u00e9ral de la Formule 1, a d\u00e9clar\u00e9 : \u00ab\u00a0Avec les plans de croissance continue de la Formule 1 aux \u00c9tats-Unis, nous avons toujours pens\u00e9 que l&rsquo;accueil d&rsquo;une marque am\u00e9ricaine impressionnante comme GM\/Cadillac sur la grille, et de GM en tant que futur fournisseur de groupes motopropulseurs, pouvait ajouter de la valeur et de l&rsquo;int\u00e9r\u00eat \u00e0 ce sport. Nous f\u00e9licitons les dirigeants de General Motors et leurs partenaires pour les progr\u00e8s significatifs qu&rsquo;ils ont r\u00e9alis\u00e9s dans leur pr\u00e9paration \u00e0 rejoindre la Formule 1, et nous sommes ravis de poursuivre le processus de candidature de l&rsquo;\u00e9quipe GM\/Cadillac en vue d&rsquo;une participation au championnat en 2026\u00a0\u00bb.<\/p>\n<h2>Mohammed Ben Sulayem, pr\u00e9sident de la FIA<\/h2>\n<p>Mohammed Ben Sulayem, pr\u00e9sident de la FIA : \u00ab\u00a0General Motors est une grande marque mondiale et une puissance dans le monde des \u00e9quipementiers, qui travaille avec des partenaires impressionnants. Je soutiens pleinement les efforts de la FIA, de Formula One, de GM et de l&rsquo;\u00e9quipe pour poursuivre le dialogue et parvenir \u00e0 ce r\u00e9sultat : un accord de principe pour poursuivre la candidature et ajouter une \u00e9quipe GM\/Cadillac \u00e0 la grille de d\u00e9part du Championnat du monde de Formule 1 de la FIA en 2026. Toutes les parties, y compris la FIA, continueront \u00e0 travailler ensemble pour s&rsquo;assurer que le processus se d\u00e9roule sans heurts.<\/p>\n<h2>Mark Reuss, pr\u00e9sident de General Motors<\/h2>\n<p>Mark Reuss, pr\u00e9sident de General Motors : \u00ab\u00a0En tant que sommet du sport automobile, la F1 exige une innovation r\u00e9volutionnaire et l&rsquo;excellence. C&rsquo;est un honneur pour General Motors et Cadillac de rejoindre la s\u00e9rie de courses la plus prestigieuse au monde et nous sommes d\u00e9termin\u00e9s \u00e0 nous battre avec passion et int\u00e9grit\u00e9 pour amener le sport \u00e0 un niveau sup\u00e9rieur pour les fans de course du monde entier. Nous sommes d\u00e9termin\u00e9s \u00e0 nous battre avec passion et int\u00e9grit\u00e9 pour amener le sport \u00e0 un niveau sup\u00e9rieur pour les fans de course automobile du monde entier.<\/p>\n<h2>Dan Towriss, directeur g\u00e9n\u00e9ral de la division sport automobile de TWG Global<\/h2>\n<p>Dan Towriss, PDG de la division sport automobile de TWG Global, a d\u00e9clar\u00e9 : \u00ab\u00a0Nous sommes ravis de nous associer \u00e0 General Motors et d&rsquo;apporter une pr\u00e9sence dynamique \u00e0 la Formule 1. Ensemble, nous mettons sur pied une \u00e9quipe de classe mondiale qui incarne l&rsquo;innovation am\u00e9ricaine et offre des moments inoubliables aux amateurs de course automobile du monde entier. Nous appr\u00e9cions le soutien de la FIA et de la FOM \u00e0 notre candidature et leur reconnaissance de la valeur ajout\u00e9e que nous pouvons apporter au championnat.\u00a0\u00bb<\/p>\n<h2>Nouvelle \u00e9quipe : Cadillac<\/h2>\n<p>Cadillac serait la premi\u00e8re nouvelle \u00e9quipe \u00e0 rejoindre la F1 depuis 2016. Cadillac sera la 11e \u00e9quipe sur la grille. Depuis que la candidature de GM pour rejoindre la F1 a \u00e9t\u00e9 annonc\u00e9e en janvier 2023, Cadillac Formula 1 a r\u00e9uni une \u00e9quipe exp\u00e9riment\u00e9e pour travailler sur l&rsquo;a\u00e9rodynamique, le d\u00e9veloppement du ch\u00e2ssis et des composants, les logiciels et la simulation de la dynamique du v\u00e9hicule. L&rsquo;\u00e9quipe dispose d&rsquo;installations \u00e0 Fishers (Indiana), Charlotte (Caroline du Nord), Warren (Michigan) et Silverstone (Angleterre). GM a des d\u00e9cennies de succ\u00e8s en course et une riche histoire dans le d\u00e9veloppement de groupes motopropulseurs de haute performance avec plus de 3 000 victoires et plus de 100 championnats de sport automobile pour les pilotes et les fabricants.    <\/p>\n","protected":false},"excerpt":{"rendered":"Discussions fructueuses La Formule 1 a entam\u00e9 un dialogue avec General Motors et ses partenaires de TWG Global sur la\u2026","protected":false},"author":0,"featured_media":150262,"comment_status":"","ping_status":"open","sticky":false,"template":"","format":"standard","meta":{"footnotes":""},"categories":[127],"tags":[],"class_list":["post-150278","post","type-post","status-publish","format-standard","has-post-thumbnail","hentry","category-nouvelles-de-voiture"],"acf":[],"yoast_head":"<!-- This site is optimized with the Yoast SEO plugin v21.2 - https:\/\/yoast.com\/wordpress\/plugins\/seo\/ -->\n<title>Officiel : GM\/Cadillac rejoint la Formule 1 en tant que 11e \u00e9quipe en 2026 - All cars news<\/title>\n<meta name=\"robots\" content=\"index, follow, max-snippet:-1, max-image-preview:large, max-video-preview:-1\" \/>\n<link rel=\"canonical\" href=\"https:\/\/all-car-news.com\/fr\/officiel-gm-cadillac-rejoint-la-formule-1-en-tant-que-11e-equipe-en-2026\/\" \/>\n<meta property=\"og:locale\" content=\"fr_FR\" \/>\n<meta property=\"og:type\" content=\"article\" \/>\n<meta property=\"og:title\" content=\"Officiel : GM\/Cadillac rejoint la Formule 1 en tant que 11e \u00e9quipe en 2026 - All cars news\" \/>\n<meta property=\"og:description\" content=\"Discussions fructueuses La Formule 1 a entam\u00e9 un dialogue avec General Motors et ses partenaires de TWG Global sur la faisabilit\u00e9 d&#039;une adh\u00e9sion, \u00e0 la suite de l&#039;examen commercial de la Formule 1 et de la d\u00e9cision prise en janvier 2024. Au cours de cette ann\u00e9e, GM\/Cadillac a franchi des \u00e9tapes op\u00e9rationnelles et a clairement d\u00e9montr\u00e9 son engagement \u00e0 rejoindre la 11e [...]\" \/>\n<meta property=\"og:url\" content=\"https:\/\/all-car-news.com\/fr\/officiel-gm-cadillac-rejoint-la-formule-1-en-tant-que-11e-equipe-en-2026\/\" \/>\n<meta property=\"og:site_name\" content=\"All cars news\" \/>\n<meta property=\"article:published_time\" content=\"2024-11-26T08:36:56+00:00\" \/>\n<meta name=\"twitter:card\" content=\"summary_large_image\" \/>\n<meta name=\"twitter:label1\" content=\"Dur\u00e9e de lecture estim\u00e9e\" \/>\n\t<meta name=\"twitter:data1\" content=\"3 minutes\" \/>\n<script type=\"application\/ld+json\" class=\"yoast-schema-graph\">{\"@context\":\"https:\/\/schema.org\",\"@graph\":[{\"@type\":\"Article\",\"@id\":\"https:\/\/all-car-news.com\/fr\/officiel-gm-cadillac-rejoint-la-formule-1-en-tant-que-11e-equipe-en-2026\/#article\",\"isPartOf\":{\"@id\":\"https:\/\/all-car-news.com\/fr\/officiel-gm-cadillac-rejoint-la-formule-1-en-tant-que-11e-equipe-en-2026\/\"},\"author\":{\"name\":\"\",\"@id\":\"\"},\"headline\":\"Officiel : GM\/Cadillac rejoint la Formule 1 en tant que 11e \u00e9quipe en 2026\",\"datePublished\":\"2024-11-26T08:36:56+00:00\",\"dateModified\":\"2024-11-26T08:36:56+00:00\",\"mainEntityOfPage\":{\"@id\":\"https:\/\/all-car-news.com\/fr\/officiel-gm-cadillac-rejoint-la-formule-1-en-tant-que-11e-equipe-en-2026\/\"},\"wordCount\":661,\"publisher\":{\"@id\":\"https:\/\/all-car-news.com\/fr\/#organization\"},\"articleSection\":[\"nouvelles de voiture\"],\"inLanguage\":\"fr-FR\"},{\"@type\":\"WebPage\",\"@id\":\"https:\/\/all-car-news.com\/fr\/officiel-gm-cadillac-rejoint-la-formule-1-en-tant-que-11e-equipe-en-2026\/\",\"url\":\"https:\/\/all-car-news.com\/fr\/officiel-gm-cadillac-rejoint-la-formule-1-en-tant-que-11e-equipe-en-2026\/\",\"name\":\"Officiel : GM\/Cadillac rejoint la Formule 1 en tant que 11e \u00e9quipe en 2026 - All cars news\",\"isPartOf\":{\"@id\":\"https:\/\/all-car-news.com\/fr\/#website\"},\"datePublished\":\"2024-11-26T08:36:56+00:00\",\"dateModified\":\"2024-11-26T08:36:56+00:00\",\"breadcrumb\":{\"@id\":\"https:\/\/all-car-news.com\/fr\/officiel-gm-cadillac-rejoint-la-formule-1-en-tant-que-11e-equipe-en-2026\/#breadcrumb\"},\"inLanguage\":\"fr-FR\",\"potentialAction\":[{\"@type\":\"ReadAction\",\"target\":[\"https:\/\/all-car-news.com\/fr\/officiel-gm-cadillac-rejoint-la-formule-1-en-tant-que-11e-equipe-en-2026\/\"]}]},{\"@type\":\"BreadcrumbList\",\"@id\":\"https:\/\/all-car-news.com\/fr\/officiel-gm-cadillac-rejoint-la-formule-1-en-tant-que-11e-equipe-en-2026\/#breadcrumb\",\"itemListElement\":[{\"@type\":\"ListItem\",\"position\":1,\"name\":\"Home\",\"item\":\"https:\/\/all-car-news.com\/fr\/\"},{\"@type\":\"ListItem\",\"position\":2,\"name\":\"Officiel : GM\/Cadillac rejoint la Formule 1 en tant que 11e \u00e9quipe en 2026\"}]},{\"@type\":\"WebSite\",\"@id\":\"https:\/\/all-car-news.com\/fr\/#website\",\"url\":\"https:\/\/all-car-news.com\/fr\/\",\"name\":\"All cars news\",\"description\":\"\",\"publisher\":{\"@id\":\"https:\/\/all-car-news.com\/fr\/#organization\"},\"potentialAction\":[{\"@type\":\"SearchAction\",\"target\":{\"@type\":\"EntryPoint\",\"urlTemplate\":\"https:\/\/all-car-news.com\/fr\/?s={search_term_string}\"},\"query-input\":\"required name=search_term_string\"}],\"inLanguage\":\"fr-FR\"},{\"@type\":\"Organization\",\"@id\":\"https:\/\/all-car-news.com\/fr\/#organization\",\"name\":\"All cars news\",\"url\":\"https:\/\/all-car-news.com\/fr\/\",\"logo\":{\"@type\":\"ImageObject\",\"inLanguage\":\"fr-FR\",\"@id\":\"https:\/\/all-car-news.com\/fr\/#\/schema\/logo\/image\/\",\"url\":\"https:\/\/all-car-news.com\/wp-content\/uploads\/2022\/02\/CMYK-AllCarNews_LANDSCAPE_300px-1.png\",\"contentUrl\":\"https:\/\/all-car-news.com\/wp-content\/uploads\/2022\/02\/CMYK-AllCarNews_LANDSCAPE_300px-1.png\",\"width\":300,\"height\":100,\"caption\":\"All cars news\"},\"image\":{\"@id\":\"https:\/\/all-car-news.com\/fr\/#\/schema\/logo\/image\/\"}}]}<\/script>\n<!-- \/ Yoast SEO plugin. -->","yoast_head_json":{"title":"Officiel : GM\/Cadillac rejoint la Formule 1 en tant que 11e \u00e9quipe en 2026 - All cars news","robots":{"index":"index","follow":"follow","max-snippet":"max-snippet:-1","max-image-preview":"max-image-preview:large","max-video-preview":"max-video-preview:-1"},"canonical":"https:\/\/all-car-news.com\/fr\/officiel-gm-cadillac-rejoint-la-formule-1-en-tant-que-11e-equipe-en-2026\/","og_locale":"fr_FR","og_type":"article","og_title":"Officiel : GM\/Cadillac rejoint la Formule 1 en tant que 11e \u00e9quipe en 2026 - All cars news","og_description":"Discussions fructueuses La Formule 1 a entam\u00e9 un dialogue avec General Motors et ses partenaires de TWG Global sur la faisabilit\u00e9 d'une adh\u00e9sion, \u00e0 la suite de l'examen commercial de la Formule 1 et de la d\u00e9cision prise en janvier 2024. Au cours de cette ann\u00e9e, GM\/Cadillac a franchi des \u00e9tapes op\u00e9rationnelles et a clairement d\u00e9montr\u00e9 son engagement \u00e0 rejoindre la 11e [...]","og_url":"https:\/\/all-car-news.com\/fr\/officiel-gm-cadillac-rejoint-la-formule-1-en-tant-que-11e-equipe-en-2026\/","og_site_name":"All cars news","article_published_time":"2024-11-26T08:36:56+00:00","twitter_card":"summary_large_image","twitter_misc":{"Dur\u00e9e de lecture estim\u00e9e":"3 minutes"},"schema":{"@context":"https:\/\/schema.org","@graph":[{"@type":"Article","@id":"https:\/\/all-car-news.com\/fr\/officiel-gm-cadillac-rejoint-la-formule-1-en-tant-que-11e-equipe-en-2026\/#article","isPartOf":{"@id":"https:\/\/all-car-news.com\/fr\/officiel-gm-cadillac-rejoint-la-formule-1-en-tant-que-11e-equipe-en-2026\/"},"author":{"name":"","@id":""},"headline":"Officiel : GM\/Cadillac rejoint la Formule 1 en tant que 11e \u00e9quipe en 2026","datePublished":"2024-11-26T08:36:56+00:00","dateModified":"2024-11-26T08:36:56+00:00","mainEntityOfPage":{"@id":"https:\/\/all-car-news.com\/fr\/officiel-gm-cadillac-rejoint-la-formule-1-en-tant-que-11e-equipe-en-2026\/"},"wordCount":661,"publisher":{"@id":"https:\/\/all-car-news.com\/fr\/#organization"},"articleSection":["nouvelles de voiture"],"inLanguage":"fr-FR"},{"@type":"WebPage","@id":"https:\/\/all-car-news.com\/fr\/officiel-gm-cadillac-rejoint-la-formule-1-en-tant-que-11e-equipe-en-2026\/","url":"https:\/\/all-car-news.com\/fr\/officiel-gm-cadillac-rejoint-la-formule-1-en-tant-que-11e-equipe-en-2026\/","name":"Officiel : GM\/Cadillac rejoint la Formule 1 en tant que 11e \u00e9quipe en 2026 - All cars news","isPartOf":{"@id":"https:\/\/all-car-news.com\/fr\/#website"},"datePublished":"2024-11-26T08:36:56+00:00","dateModified":"2024-11-26T08:36:56+00:00","breadcrumb":{"@id":"https:\/\/all-car-news.com\/fr\/officiel-gm-cadillac-rejoint-la-formule-1-en-tant-que-11e-equipe-en-2026\/#breadcrumb"},"inLanguage":"fr-FR","potentialAction":[{"@type":"ReadAction","target":["https:\/\/all-car-news.com\/fr\/officiel-gm-cadillac-rejoint-la-formule-1-en-tant-que-11e-equipe-en-2026\/"]}]},{"@type":"BreadcrumbList","@id":"https:\/\/all-car-news.com\/fr\/officiel-gm-cadillac-rejoint-la-formule-1-en-tant-que-11e-equipe-en-2026\/#breadcrumb","itemListElement":[{"@type":"ListItem","position":1,"name":"Home","item":"https:\/\/all-car-news.com\/fr\/"},{"@type":"ListItem","position":2,"name":"Officiel : GM\/Cadillac rejoint la Formule 1 en tant que 11e \u00e9quipe en 2026"}]},{"@type":"WebSite","@id":"https:\/\/all-car-news.com\/fr\/#website","url":"https:\/\/all-car-news.com\/fr\/","name":"All cars news","description":"","publisher":{"@id":"https:\/\/all-car-news.com\/fr\/#organization"},"potentialAction":[{"@type":"SearchAction","target":{"@type":"EntryPoint","urlTemplate":"https:\/\/all-car-news.com\/fr\/?s={search_term_string}"},"query-input":"required name=search_term_string"}],"inLanguage":"fr-FR"},{"@type":"Organization","@id":"https:\/\/all-car-news.com\/fr\/#organization","name":"All cars news","url":"https:\/\/all-car-news.com\/fr\/","logo":{"@type":"ImageObject","inLanguage":"fr-FR","@id":"https:\/\/all-car-news.com\/fr\/#\/schema\/logo\/image\/","url":"https:\/\/all-car-news.com\/wp-content\/uploads\/2022\/02\/CMYK-AllCarNews_LANDSCAPE_300px-1.png","contentUrl":"https:\/\/all-car-news.com\/wp-content\/uploads\/2022\/02\/CMYK-AllCarNews_LANDSCAPE_300px-1.png","width":300,"height":100,"caption":"All cars news"},"image":{"@id":"https:\/\/all-car-news.com\/fr\/#\/schema\/logo\/image\/"}}]}},"_links":{"self":[{"href":"https:\/\/all-car-news.com\/fr\/wp-json\/wp\/v2\/posts\/150278","targetHints":{"allow":["GET"]}}],"collection":[{"href":"https:\/\/all-car-news.com\/fr\/wp-json\/wp\/v2\/posts"}],"about":[{"href":"https:\/\/all-car-news.com\/fr\/wp-json\/wp\/v2\/types\/post"}],"replies":[{"embeddable":true,"href":"https:\/\/all-car-news.com\/fr\/wp-json\/wp\/v2\/comments?post=150278"}],"version-history":[{"count":0,"href":"https:\/\/all-car-news.com\/fr\/wp-json\/wp\/v2\/posts\/150278\/revisions"}],"wp:featuredmedia":[{"embeddable":true,"href":"https:\/\/all-car-news.com\/fr\/wp-json\/wp\/v2\/media\/150262"}],"wp:attachment":[{"href":"https:\/\/all-car-news.com\/fr\/wp-json\/wp\/v2\/media?parent=150278"}],"wp:term":[{"taxonomy":"category","embeddable":true,"href":"https:\/\/all-car-news.com\/fr\/wp-json\/wp\/v2\/categories?post=150278"},{"taxonomy":"post_tag","embeddable":true,"href":"https:\/\/all-car-news.com\/fr\/wp-json\/wp\/v2\/tags?post=150278"}],"curies":[{"name":"wp","href":"https:\/\/api.w.org\/{rel}","templated":true}]}}