{"id":150124,"date":"2024-11-18T07:21:55","date_gmt":"2024-11-18T07:21:55","guid":{"rendered":"https:\/\/all-car-news.com\/le-gouvernement-investit-des-millions-deuros-dans-ces-routes-pour-les-annees-a-venir\/"},"modified":"2024-11-18T07:21:55","modified_gmt":"2024-11-18T07:21:55","slug":"le-gouvernement-investit-des-millions-deuros-dans-ces-routes-pour-les-annees-a-venir","status":"publish","type":"post","link":"https:\/\/all-car-news.com\/fr\/le-gouvernement-investit-des-millions-deuros-dans-ces-routes-pour-les-annees-a-venir\/","title":{"rendered":"Le gouvernement investit des millions d&rsquo;euros dans ces routes pour les ann\u00e9es \u00e0 venir"},"content":{"rendered":"<h2>La plus grande op\u00e9ration de maintenance jamais r\u00e9alis\u00e9e sur nos routes<\/h2>\n<p>Gouvernement central : \u00ab\u00a0Dans les ann\u00e9es \u00e0 venir, nous serons confront\u00e9s \u00e0 la plus grande t\u00e2che d&rsquo;entretien jamais r\u00e9alis\u00e9e pour nos routes, nos voies navigables et nos chemins de fer. Cela n\u00e9cessite beaucoup de main-d&rsquo;\u0153uvre, de mat\u00e9riaux et d&rsquo;investissements, mais l&rsquo;entretien est n\u00e9cessaire pour que les Pays-Bas puissent continuer \u00e0 se d\u00e9placer aujourd&rsquo;hui et \u00e0 l&rsquo;avenir. Par cons\u00e9quent, il y a moins d&rsquo;argent disponible pour de nouveaux investissements majeurs dans l&rsquo;infrastructure n\u00e9erlandaise. Les nouveaux projets, en particulier la construction de routes, sont \u00e9galement difficiles \u00e0 mettre en \u0153uvre en raison du manque de ressources financi\u00e8res, d&rsquo;espace azot\u00e9 et de capacit\u00e9 humaine. Mais nous examinons ce qui peut \u00eatre fait pour que les Pays-Bas restent accessibles et pour am\u00e9liorer l&rsquo;accessibilit\u00e9 l\u00e0 o\u00f9 c&rsquo;est possible.<\/p>\n<h2>2,5 milliards d&rsquo;euros<\/h2>\n<p>Le gouvernement dispose de 2,5 milliards d&rsquo;euros pour faciliter l&rsquo;acc\u00e8s aux nouvelles zones r\u00e9sidentielles. Le gouvernement souhaite ainsi encourager et faciliter la construction de nouveaux logements. Il s&rsquo;agit de mesures dans des endroits o\u00f9 de nouvelles maisons peuvent \u00eatre construites \u00e0 court terme. Les projets concern\u00e9s seront d\u00e9termin\u00e9s ult\u00e9rieurement.   <\/p>\n<p>Bien que certains grands projets de construction aient \u00e9t\u00e9 interrompus au cours de la pr\u00e9c\u00e9dente l\u00e9gislature, environ 700 millions d&rsquo;euros sont investis dans la r\u00e9fection des routes et les mesures d&rsquo;accessibilit\u00e9 dans les r\u00e9gions.<\/p>\n<p>La semaine derni\u00e8re, le ministre Barry Madlener et le secr\u00e9taire d&rsquo;\u00c9tat Chris Jansen, ainsi que la ministre du logement et de l&rsquo;am\u00e9nagement du territoire Mona Keijzer, ont rencontr\u00e9 les provinces pour discuter de leurs projets pour les ann\u00e9es \u00e0 venir.<\/p>\n<h2>700 millions d&rsquo;euros pour les routes et la fluidit\u00e9 du trafic<\/h2>\n<p>Le gouvernement souhaite r\u00e9server 200 millions d&rsquo;euros pour lancer des projets routiers qui avaient \u00e9t\u00e9 interrompus. Les r\u00e9gions o\u00f9 les projets ont \u00e9t\u00e9 suspendus ont soumis plusieurs propositions pour am\u00e9liorer l&rsquo;accessibilit\u00e9. 206 millions d&rsquo;euros seront consacr\u00e9s \u00e0 des am\u00e9nagements routiers ou \u00e0 d&rsquo;autres mesures visant \u00e0 am\u00e9liorer la fluidit\u00e9 de la circulation. Sur ce montant, 47 millions d&rsquo;euros seront consacr\u00e9s \u00e0 des mesures sur les autoroutes A1\/A30 et A4 Haaglanden-N14 et 159 millions d&rsquo;euros seront mis \u00e0 disposition pour des mesures visant \u00e0 r\u00e9duire les goulets d&rsquo;\u00e9tranglement, telles que la lutte contre le trafic de transit, l&rsquo;encouragement des transports publics et du cyclisme et\/ou une approche ax\u00e9e sur l&#8217;employeur. Ces mesures seront mises en \u0153uvre par les r\u00e9gions elles-m\u00eames.    <\/p>\n<p><strong>Les projets suivants sont concern\u00e9s :  <\/strong><\/p>\n<ul>\n<li>dans la r\u00e9gion de Breda-Tilburg (23 millions d&rsquo;euros)<\/li>\n<li>A2 Deil-Vught (54 millions d&rsquo;euros)<\/li>\n<li>A15 Papendrecht-Gorinchem (16 millions d&rsquo;euros)<\/li>\n<li>A4 Haaglanden-N14 (16 millions d&rsquo;euros)<\/li>\n<li>Jonction A1\/A28 \u00e0 Hoevelaken (50 millions d&rsquo;euros)<\/li>\n<\/ul>\n<p>Pour am\u00e9liorer la circulation sur le r\u00e9seau routier principal, le cabinet souhaite r\u00e9server 290 millions d&rsquo;euros. Les partenaires r\u00e9gionaux peuvent proposer de petites mesures pour am\u00e9liorer la circulation sur le r\u00e9seau routier national au cours de la p\u00e9riode \u00e0 venir. Les d\u00e9cisions finales concernant les mesures d&rsquo;am\u00e9lioration de la circulation et le lancement des projets de routes en pause seront prises au printemps 2025.  <\/p>\n<p>Le ministre Madlener : \u00ab\u00a0Pour que les Pays-Bas restent accessibles, nous devons investir massivement dans l&rsquo;entretien, mais aussi dans la construction.&nbsp;Les projets qui ont \u00e9t\u00e9 interrompus doivent \u00eatre relanc\u00e9s d\u00e8s que possible, afin que les usagers de la route puissent bient\u00f4t circuler \u00e0 nouveau dans de meilleures conditions. La voiture, et donc nos routes, sont une condition importante du sentiment de libert\u00e9. C&rsquo;est pourquoi nous investissons \u00e9galement 700 millions d&rsquo;euros dans des mesures plus modestes visant \u00e0 am\u00e9liorer la fluidit\u00e9 du trafic sur le r\u00e9seau routier et l&rsquo;accessibilit\u00e9 dans les r\u00e9gions.\u00a0\u00bb   <\/p>\n<h2>Nord et Est des Pays-Bas<\/h2>\n<p>Au cours des discussions sur les Pays-Bas du Nord, aucune d\u00e9cision n&rsquo;a encore \u00e9t\u00e9 prise sur la mani\u00e8re de proc\u00e9der avec la ligne Lely et la ligne de Basse-Saxe. Ces deux lignes ferroviaires pourraient offrir davantage de possibilit\u00e9s d&#8217;emploi aux habitants des Pays-Bas septentrionaux et faciliter l&rsquo;acc\u00e8s \u00e0 des infrastructures importantes telles que les h\u00f4pitaux, les \u00e9coles et les institutions culturelles.&nbsp;En outre, les lignes ferroviaires pourraient permettre la construction de nombreux logements, mais ces deux projets n\u00e9cessitent des investissements consid\u00e9rables. Le gouvernement central et les Pays-Bas septentrionaux ont convenu qu&rsquo;il fallait poursuivre les discussions dans la p\u00e9riode \u00e0 venir avant de d\u00e9cider de la suite \u00e0 donner \u00e0 ces projets.   <\/p>\n<h2>De grandes ambitions<\/h2>\n<p>Le secr\u00e9taire d&rsquo;\u00c9tat Chris Jansen : \u00ab\u00a0Le programme de la coalition et l&rsquo;accord-cadre mentionnent la ligne Lely et la ligne de Basse-Saxe comme des lignes ferroviaires importantes. J&rsquo;aimerais donc faire avancer ces deux projets. Toutefois, le moment n&rsquo;est pas encore venu de le faire. Le cabinet n&rsquo;a pas encore pris position sur la meilleure fa\u00e7on de poursuivre ces deux projets. D&rsquo;une part, nous avons de grandes ambitions et nous pensons que les deux lignes ferroviaires peuvent apporter une grande valeur ajout\u00e9e au nord des Pays-Bas. D&rsquo;autre part, il n&rsquo;y a actuellement aucune visibilit\u00e9 sur les ressources financi\u00e8res n\u00e9cessaires \u00e0 ces projets. C&rsquo;est pourquoi j&rsquo;ai convenu avec les partis r\u00e9gionaux du Nord que nous nous rencontrerons \u00e0 nouveau avant la fin de l&rsquo;ann\u00e9e pour discuter d&rsquo;un suivi de la ligne Lely et de la ligne de Basse-Saxe.<\/p>\n<p>Les Pays-Bas du Nord se sont mis d&rsquo;accord sur un montant de 75 millions d&rsquo;euros qui avait \u00e9t\u00e9 mis \u00e0 disposition pour des ajustements \u00e0 la gare de Meppel. L&rsquo;argent servira notamment \u00e0 modifier la gare de triage de Meppel par la construction d&rsquo;une quatri\u00e8me voie de quai. Cela permettra d&rsquo;augmenter la capacit\u00e9 et d&rsquo;am\u00e9liorer la fiabilit\u00e9 des horaires.  <\/p>\n<h2>N33 Moyen et Nord<\/h2>\n<p>Il a \u00e9t\u00e9 convenu avec la r\u00e9gion de combiner les deux sections de la N33 en un seul projet. Une \u00e9tude MIRT est actuellement men\u00e9e pour la N33 Nord (Appingedam-Eemshaven). Les r\u00e9sultats de cette \u00e9tude seront discut\u00e9s d&rsquo;ici la fin de l&rsquo;ann\u00e9e 2025. Auparavant, des fonds ont \u00e9t\u00e9 d\u00e9bloqu\u00e9s pour la N33 Midden (Zuidbroek &#8211; Appingedam) dans le cadre du plan de relance de Groningue. Ce projet devrait \u00eatre relanc\u00e9 d\u00e8s que possible. Cela sera fait d\u00e8s que l&rsquo;espace d&rsquo;azote, l&rsquo;argent et le personnel n\u00e9cessaires seront disponibles.     <\/p>\n<h2>ViA15<\/h2>\n<p>D\u00e9but octobre, le Conseil d&rsquo;\u00c9tat a d\u00e9clar\u00e9 irr\u00e9vocable la d\u00e9cision relative au trac\u00e9 de la ViA15. Cela signifie que l&rsquo;A15 sera reli\u00e9e \u00e0 l&rsquo;A12, am\u00e9liorant ainsi l&rsquo;accessibilit\u00e9 dans et \u00e0 travers la r\u00e9gion d&rsquo;Arnhem-Nim\u00e8gue. C&rsquo;est une bonne nouvelle pour la r\u00e9gion, mais aussi pour l&rsquo;accessibilit\u00e9 entre le port de Rotterdam et l&rsquo;Allemagne. En raison de la longue proc\u00e9dure d&rsquo;appel, le projet est rest\u00e9 longtemps au point mort et les \u00e9quipes de projet ont \u00e9t\u00e9 r\u00e9duites. Au cours de la p\u00e9riode \u00e0 venir, les organisations de projet du groupement d&rsquo;entrepreneurs et du Rijkswaterstaat seront reconstitu\u00e9es et l&rsquo;on travaillera, entre autres, sur une nouvelle planification du projet.    <\/p>\n<h2>Nord-ouest, sud-ouest et sud des Pays-Bas<\/h2>\n<p>Le gouvernement central et la r\u00e9gion d&rsquo;Amsterdam ont sign\u00e9 l&rsquo;accord de coop\u00e9ration pour le MIRT-Verkenning OV-Verbinding Amsterdam Sloterdijk-Amsterdam Centrum. Par cet accord, les parties d\u00e9finissent des accords de coop\u00e9ration pour la phase d&rsquo;exploration. L&rsquo;\u00e9tude porte sur l&rsquo;am\u00e9lioration de l&rsquo;accessibilit\u00e9 et de la desserte par les transports publics entre Sloterdijk et le centre-ville d&rsquo;Amsterdam, en particulier pour la premi\u00e8re phase du grand projet immobilier de Port-City. Cet accord de coop\u00e9ration est une \u00e9tape importante dans la suite du processus.   <\/p>\n<p>L&rsquo;ann\u00e9e derni\u00e8re, la r\u00e9gion m\u00e9tropolitaine de Rotterdam et le minist\u00e8re ont convenu d&rsquo;investir conjointement 550 millions d&rsquo;euros dans l&rsquo;expansion du r\u00e9seau m\u00e9tropolitain de Rotterdam et du Randstadrail. Ces accords ont \u00e9t\u00e9 concr\u00e9tis\u00e9s cette ann\u00e9e. Par exemple, la capacit\u00e9 de la station de m\u00e9tro Beurs sera augment\u00e9e et la circulation am\u00e9lior\u00e9e. De m\u00eame, la s\u00e9curit\u00e9 des voies communes RandstadRail et Metronet sera am\u00e9lior\u00e9e pour permettre des d\u00e9placements plus fr\u00e9quents.   <\/p>\n<h2>Accessibilit\u00e9 de la r\u00e9gion m\u00e9tropolitaine de Rotterdam-La Haye<\/h2>\n<p>Chris Jansen, secr\u00e9taire d&rsquo;\u00c9tat : \u00ab\u00a0Beaucoup de nouvelles maisons seront construites dans les ann\u00e9es \u00e0 venir. Cela signifie qu&rsquo;il y aura davantage de voyageurs. C&rsquo;est pourquoi le gouvernement national et la r\u00e9gion investissent ensemble massivement dans l&rsquo;accessibilit\u00e9 de la r\u00e9gion m\u00e9tropolitaine de Rotterdam-La Haye. Avec 550 millions d&rsquo;euros, nous veillons \u00e0 ce que les transports publics de la r\u00e9gion puissent faire face \u00e0 l&rsquo;augmentation du nombre de voyageurs. Par exemple, les voyageurs pourront bient\u00f4t prendre le m\u00e9tro sur la ligne Rotterdam-La Haye toutes les cinq minutes au lieu de toutes les dix minutes.<\/p>\n<h2>Deuxi\u00e8me train Drieland<\/h2>\n<p>Dans la r\u00e9gion Sud, la province du Limbourg et l&rsquo;\u00c9tat ont conclu des accords sur la r\u00e9affectation de la contribution de l&rsquo;\u00c9tat de 36,7 millions d&rsquo;euros qui \u00e9tait destin\u00e9e au tramway entre Hasselt et Maastricht. Le tramway n&rsquo;aura pas lieu, mais l&rsquo;argent sera d\u00e9sormais consacr\u00e9, entre autres, \u00e0 la s\u00e9curit\u00e9 des passages \u00e0 niveau entre Maastricht et Eijsden, \u00e0 la possibilit\u00e9 de faire circuler un deuxi\u00e8me train Drielands et \u00e0 la d\u00e9molition d&rsquo;un ancien pont ferroviaire sur la Meuse. En outre, la province conclura des accords avec la municipalit\u00e9 de Maastricht pour contribuer \u00e0 la construction d&rsquo;une passerelle pour bicyclettes sur la Meuse.  <\/p>\n<p>La phase de construction du projet Wilhelminakanaal Sluis II peut commencer. Ce projet permettra au Wilhelminakanaal d&rsquo;accueillir des navires de classe IV, am\u00e9liorant ainsi l&rsquo;accessibilit\u00e9 de l&rsquo;important centre de Tilburg. Les accords de cofinancement avec la province du Brabant-Septentrional et la municipalit\u00e9 de Tilburg seront d\u00e9finis dans un accord de gestion au d\u00e9but de l&rsquo;ann\u00e9e prochaine.  &nbsp; &nbsp;<\/p>\n<h2>Investissements aux Pays-Bas<\/h2>\n<p>Deux projets pilotes de bus rapides seront men\u00e9s dans le Brabant et en Hollande-Septentrionale. Le bus rapide est un syst\u00e8me de bus qui utilise une fr\u00e9quence et une vitesse \u00e9lev\u00e9es. Le gouvernement central et la r\u00e9gion ont convenu de fournir conjointement jusqu&rsquo;\u00e0 2 millions d&rsquo;euros pour les projets pilotes. Eindhoven (A50) &#8211; Meierij et Haarlem &#8211; Schiphol &#8211; Amsterdam sont les itin\u00e9raires choisis pour ces projets pilotes.   <\/p>\n<h2>La prise en charge du v\u00e9lo devrait porter ses fruits<\/h2>\n<p>Il doit rester attrayant de prendre le v\u00e9lo. Pour ce faire, il est important de disposer de bons itin\u00e9raires cyclables de transit. Gr\u00e2ce \u00e0 ces itin\u00e9raires, vous pouvez rouler en toute s\u00e9curit\u00e9 et confortablement d&rsquo;un point A \u00e0 un point B, sans interruption. Le gouvernement central y contribuera de mani\u00e8re structurelle. De 2024 \u00e0 2026, un total de 18 millions d&rsquo;euros sera investi. Cet argent sera r\u00e9parti sur 12 projets diff\u00e9rents \u00e0 travers les Pays-Bas. Par exemple, plus de 1,3 million d&rsquo;euros seront investis dans l&rsquo;itin\u00e9raire cyclable de transit The Pico Bello Path entre Ede et Wageningen. L&rsquo;objectif est d&rsquo;achever ces itin\u00e9raires d&rsquo;ici 2028 afin que tout le monde puisse les emprunter.       <\/p>\n","protected":false},"excerpt":{"rendered":"La plus grande t\u00e2che d'entretien jamais r\u00e9alis\u00e9e pour nos routes Gouvernement central : \"Dans les ann\u00e9es \u00e0 venir, nous serons\u2026","protected":false},"author":0,"featured_media":150056,"comment_status":"","ping_status":"open","sticky":false,"template":"","format":"standard","meta":{"footnotes":""},"categories":[131,127],"tags":[],"class_list":["post-150124","post","type-post","status-publish","format-standard","has-post-thumbnail","hentry","category-fond","category-nouvelles-de-voiture"],"acf":[],"yoast_head":"<!-- This site is optimized with the Yoast SEO plugin v21.2 - https:\/\/yoast.com\/wordpress\/plugins\/seo\/ -->\n<title>Le gouvernement investit des millions d&#039;euros dans ces routes pour les ann\u00e9es \u00e0 venir - All cars news<\/title>\n<meta name=\"robots\" content=\"index, follow, max-snippet:-1, max-image-preview:large, max-video-preview:-1\" \/>\n<link rel=\"canonical\" href=\"https:\/\/all-car-news.com\/fr\/le-gouvernement-investit-des-millions-deuros-dans-ces-routes-pour-les-annees-a-venir\/\" \/>\n<meta property=\"og:locale\" content=\"fr_FR\" \/>\n<meta property=\"og:type\" content=\"article\" \/>\n<meta property=\"og:title\" content=\"Le gouvernement investit des millions d&#039;euros dans ces routes pour les ann\u00e9es \u00e0 venir - All cars news\" \/>\n<meta property=\"og:description\" content=\"La plus grande t\u00e2che d&#039;entretien jamais r\u00e9alis\u00e9e pour nos routes Gouvernement central : &quot;Dans les ann\u00e9es \u00e0 venir, nous serons confront\u00e9s \u00e0 la plus grande t\u00e2che d&#039;entretien jamais r\u00e9alis\u00e9e pour nos routes, nos voies navigables et nos chemins de fer. Cela n\u00e9cessite beaucoup de main-d&#039;\u0153uvre, de mat\u00e9riaux et d&#039;investissements, mais l&#039;entretien est n\u00e9cessaire pour que les Pays-Bas puissent continuer \u00e0 se d\u00e9placer aujourd&#039;hui et \u00e0 l&#039;avenir. Par cons\u00e9quent, moins d&#039;argent est disponible pour de nouvelles [...]\" \/>\n<meta property=\"og:url\" content=\"https:\/\/all-car-news.com\/fr\/le-gouvernement-investit-des-millions-deuros-dans-ces-routes-pour-les-annees-a-venir\/\" \/>\n<meta property=\"og:site_name\" content=\"All cars news\" \/>\n<meta property=\"article:published_time\" content=\"2024-11-18T07:21:55+00:00\" \/>\n<meta name=\"twitter:card\" content=\"summary_large_image\" \/>\n<meta name=\"twitter:label1\" content=\"Dur\u00e9e de lecture estim\u00e9e\" \/>\n\t<meta name=\"twitter:data1\" content=\"9 minutes\" \/>\n<script type=\"application\/ld+json\" class=\"yoast-schema-graph\">{\"@context\":\"https:\/\/schema.org\",\"@graph\":[{\"@type\":\"Article\",\"@id\":\"https:\/\/all-car-news.com\/fr\/le-gouvernement-investit-des-millions-deuros-dans-ces-routes-pour-les-annees-a-venir\/#article\",\"isPartOf\":{\"@id\":\"https:\/\/all-car-news.com\/fr\/le-gouvernement-investit-des-millions-deuros-dans-ces-routes-pour-les-annees-a-venir\/\"},\"author\":{\"name\":\"\",\"@id\":\"\"},\"headline\":\"Le gouvernement investit des millions d&rsquo;euros dans ces routes pour les ann\u00e9es \u00e0 venir\",\"datePublished\":\"2024-11-18T07:21:55+00:00\",\"dateModified\":\"2024-11-18T07:21:55+00:00\",\"mainEntityOfPage\":{\"@id\":\"https:\/\/all-car-news.com\/fr\/le-gouvernement-investit-des-millions-deuros-dans-ces-routes-pour-les-annees-a-venir\/\"},\"wordCount\":1823,\"publisher\":{\"@id\":\"https:\/\/all-car-news.com\/fr\/#organization\"},\"articleSection\":[\"Fond\",\"nouvelles de voiture\"],\"inLanguage\":\"fr-FR\"},{\"@type\":\"WebPage\",\"@id\":\"https:\/\/all-car-news.com\/fr\/le-gouvernement-investit-des-millions-deuros-dans-ces-routes-pour-les-annees-a-venir\/\",\"url\":\"https:\/\/all-car-news.com\/fr\/le-gouvernement-investit-des-millions-deuros-dans-ces-routes-pour-les-annees-a-venir\/\",\"name\":\"Le gouvernement investit des millions d'euros dans ces routes pour les ann\u00e9es \u00e0 venir - All cars news\",\"isPartOf\":{\"@id\":\"https:\/\/all-car-news.com\/fr\/#website\"},\"datePublished\":\"2024-11-18T07:21:55+00:00\",\"dateModified\":\"2024-11-18T07:21:55+00:00\",\"breadcrumb\":{\"@id\":\"https:\/\/all-car-news.com\/fr\/le-gouvernement-investit-des-millions-deuros-dans-ces-routes-pour-les-annees-a-venir\/#breadcrumb\"},\"inLanguage\":\"fr-FR\",\"potentialAction\":[{\"@type\":\"ReadAction\",\"target\":[\"https:\/\/all-car-news.com\/fr\/le-gouvernement-investit-des-millions-deuros-dans-ces-routes-pour-les-annees-a-venir\/\"]}]},{\"@type\":\"BreadcrumbList\",\"@id\":\"https:\/\/all-car-news.com\/fr\/le-gouvernement-investit-des-millions-deuros-dans-ces-routes-pour-les-annees-a-venir\/#breadcrumb\",\"itemListElement\":[{\"@type\":\"ListItem\",\"position\":1,\"name\":\"Home\",\"item\":\"https:\/\/all-car-news.com\/fr\/\"},{\"@type\":\"ListItem\",\"position\":2,\"name\":\"Le gouvernement investit des millions d&rsquo;euros dans ces routes pour les ann\u00e9es \u00e0 venir\"}]},{\"@type\":\"WebSite\",\"@id\":\"https:\/\/all-car-news.com\/fr\/#website\",\"url\":\"https:\/\/all-car-news.com\/fr\/\",\"name\":\"All cars news\",\"description\":\"\",\"publisher\":{\"@id\":\"https:\/\/all-car-news.com\/fr\/#organization\"},\"potentialAction\":[{\"@type\":\"SearchAction\",\"target\":{\"@type\":\"EntryPoint\",\"urlTemplate\":\"https:\/\/all-car-news.com\/fr\/?s={search_term_string}\"},\"query-input\":\"required name=search_term_string\"}],\"inLanguage\":\"fr-FR\"},{\"@type\":\"Organization\",\"@id\":\"https:\/\/all-car-news.com\/fr\/#organization\",\"name\":\"All cars news\",\"url\":\"https:\/\/all-car-news.com\/fr\/\",\"logo\":{\"@type\":\"ImageObject\",\"inLanguage\":\"fr-FR\",\"@id\":\"https:\/\/all-car-news.com\/fr\/#\/schema\/logo\/image\/\",\"url\":\"https:\/\/all-car-news.com\/wp-content\/uploads\/2022\/02\/CMYK-AllCarNews_LANDSCAPE_300px-1.png\",\"contentUrl\":\"https:\/\/all-car-news.com\/wp-content\/uploads\/2022\/02\/CMYK-AllCarNews_LANDSCAPE_300px-1.png\",\"width\":300,\"height\":100,\"caption\":\"All cars news\"},\"image\":{\"@id\":\"https:\/\/all-car-news.com\/fr\/#\/schema\/logo\/image\/\"}}]}<\/script>\n<!-- \/ Yoast SEO plugin. -->","yoast_head_json":{"title":"Le gouvernement investit des millions d'euros dans ces routes pour les ann\u00e9es \u00e0 venir - All cars news","robots":{"index":"index","follow":"follow","max-snippet":"max-snippet:-1","max-image-preview":"max-image-preview:large","max-video-preview":"max-video-preview:-1"},"canonical":"https:\/\/all-car-news.com\/fr\/le-gouvernement-investit-des-millions-deuros-dans-ces-routes-pour-les-annees-a-venir\/","og_locale":"fr_FR","og_type":"article","og_title":"Le gouvernement investit des millions d'euros dans ces routes pour les ann\u00e9es \u00e0 venir - All cars news","og_description":"La plus grande t\u00e2che d'entretien jamais r\u00e9alis\u00e9e pour nos routes Gouvernement central : \"Dans les ann\u00e9es \u00e0 venir, nous serons confront\u00e9s \u00e0 la plus grande t\u00e2che d'entretien jamais r\u00e9alis\u00e9e pour nos routes, nos voies navigables et nos chemins de fer. Cela n\u00e9cessite beaucoup de main-d'\u0153uvre, de mat\u00e9riaux et d'investissements, mais l'entretien est n\u00e9cessaire pour que les Pays-Bas puissent continuer \u00e0 se d\u00e9placer aujourd'hui et \u00e0 l'avenir. Par cons\u00e9quent, moins d'argent est disponible pour de nouvelles [...]","og_url":"https:\/\/all-car-news.com\/fr\/le-gouvernement-investit-des-millions-deuros-dans-ces-routes-pour-les-annees-a-venir\/","og_site_name":"All cars news","article_published_time":"2024-11-18T07:21:55+00:00","twitter_card":"summary_large_image","twitter_misc":{"Dur\u00e9e de lecture estim\u00e9e":"9 minutes"},"schema":{"@context":"https:\/\/schema.org","@graph":[{"@type":"Article","@id":"https:\/\/all-car-news.com\/fr\/le-gouvernement-investit-des-millions-deuros-dans-ces-routes-pour-les-annees-a-venir\/#article","isPartOf":{"@id":"https:\/\/all-car-news.com\/fr\/le-gouvernement-investit-des-millions-deuros-dans-ces-routes-pour-les-annees-a-venir\/"},"author":{"name":"","@id":""},"headline":"Le gouvernement investit des millions d&rsquo;euros dans ces routes pour les ann\u00e9es \u00e0 venir","datePublished":"2024-11-18T07:21:55+00:00","dateModified":"2024-11-18T07:21:55+00:00","mainEntityOfPage":{"@id":"https:\/\/all-car-news.com\/fr\/le-gouvernement-investit-des-millions-deuros-dans-ces-routes-pour-les-annees-a-venir\/"},"wordCount":1823,"publisher":{"@id":"https:\/\/all-car-news.com\/fr\/#organization"},"articleSection":["Fond","nouvelles de voiture"],"inLanguage":"fr-FR"},{"@type":"WebPage","@id":"https:\/\/all-car-news.com\/fr\/le-gouvernement-investit-des-millions-deuros-dans-ces-routes-pour-les-annees-a-venir\/","url":"https:\/\/all-car-news.com\/fr\/le-gouvernement-investit-des-millions-deuros-dans-ces-routes-pour-les-annees-a-venir\/","name":"Le gouvernement investit des millions d'euros dans ces routes pour les ann\u00e9es \u00e0 venir - All cars news","isPartOf":{"@id":"https:\/\/all-car-news.com\/fr\/#website"},"datePublished":"2024-11-18T07:21:55+00:00","dateModified":"2024-11-18T07:21:55+00:00","breadcrumb":{"@id":"https:\/\/all-car-news.com\/fr\/le-gouvernement-investit-des-millions-deuros-dans-ces-routes-pour-les-annees-a-venir\/#breadcrumb"},"inLanguage":"fr-FR","potentialAction":[{"@type":"ReadAction","target":["https:\/\/all-car-news.com\/fr\/le-gouvernement-investit-des-millions-deuros-dans-ces-routes-pour-les-annees-a-venir\/"]}]},{"@type":"BreadcrumbList","@id":"https:\/\/all-car-news.com\/fr\/le-gouvernement-investit-des-millions-deuros-dans-ces-routes-pour-les-annees-a-venir\/#breadcrumb","itemListElement":[{"@type":"ListItem","position":1,"name":"Home","item":"https:\/\/all-car-news.com\/fr\/"},{"@type":"ListItem","position":2,"name":"Le gouvernement investit des millions d&rsquo;euros dans ces routes pour les ann\u00e9es \u00e0 venir"}]},{"@type":"WebSite","@id":"https:\/\/all-car-news.com\/fr\/#website","url":"https:\/\/all-car-news.com\/fr\/","name":"All cars news","description":"","publisher":{"@id":"https:\/\/all-car-news.com\/fr\/#organization"},"potentialAction":[{"@type":"SearchAction","target":{"@type":"EntryPoint","urlTemplate":"https:\/\/all-car-news.com\/fr\/?s={search_term_string}"},"query-input":"required name=search_term_string"}],"inLanguage":"fr-FR"},{"@type":"Organization","@id":"https:\/\/all-car-news.com\/fr\/#organization","name":"All cars news","url":"https:\/\/all-car-news.com\/fr\/","logo":{"@type":"ImageObject","inLanguage":"fr-FR","@id":"https:\/\/all-car-news.com\/fr\/#\/schema\/logo\/image\/","url":"https:\/\/all-car-news.com\/wp-content\/uploads\/2022\/02\/CMYK-AllCarNews_LANDSCAPE_300px-1.png","contentUrl":"https:\/\/all-car-news.com\/wp-content\/uploads\/2022\/02\/CMYK-AllCarNews_LANDSCAPE_300px-1.png","width":300,"height":100,"caption":"All cars news"},"image":{"@id":"https:\/\/all-car-news.com\/fr\/#\/schema\/logo\/image\/"}}]}},"_links":{"self":[{"href":"https:\/\/all-car-news.com\/fr\/wp-json\/wp\/v2\/posts\/150124","targetHints":{"allow":["GET"]}}],"collection":[{"href":"https:\/\/all-car-news.com\/fr\/wp-json\/wp\/v2\/posts"}],"about":[{"href":"https:\/\/all-car-news.com\/fr\/wp-json\/wp\/v2\/types\/post"}],"replies":[{"embeddable":true,"href":"https:\/\/all-car-news.com\/fr\/wp-json\/wp\/v2\/comments?post=150124"}],"version-history":[{"count":0,"href":"https:\/\/all-car-news.com\/fr\/wp-json\/wp\/v2\/posts\/150124\/revisions"}],"wp:featuredmedia":[{"embeddable":true,"href":"https:\/\/all-car-news.com\/fr\/wp-json\/wp\/v2\/media\/150056"}],"wp:attachment":[{"href":"https:\/\/all-car-news.com\/fr\/wp-json\/wp\/v2\/media?parent=150124"}],"wp:term":[{"taxonomy":"category","embeddable":true,"href":"https:\/\/all-car-news.com\/fr\/wp-json\/wp\/v2\/categories?post=150124"},{"taxonomy":"post_tag","embeddable":true,"href":"https:\/\/all-car-news.com\/fr\/wp-json\/wp\/v2\/tags?post=150124"}],"curies":[{"name":"wp","href":"https:\/\/api.w.org\/{rel}","templated":true}]}}