{"id":150104,"date":"2024-11-11T08:50:00","date_gmt":"2024-11-11T08:50:00","guid":{"rendered":"https:\/\/all-car-news.com\/interview-florian-huettl-pdg-dopel-lindustrie-automobile-est-en-pleine-transition\/"},"modified":"2024-11-11T08:50:00","modified_gmt":"2024-11-11T08:50:00","slug":"interview-florian-huettl-pdg-dopel-lindustrie-automobile-est-en-pleine-transition","status":"publish","type":"post","link":"https:\/\/all-car-news.com\/fr\/interview-florian-huettl-pdg-dopel-lindustrie-automobile-est-en-pleine-transition\/","title":{"rendered":"Interview Florian Huettl, PDG d&rsquo;Opel : \u00ab\u00a0L&rsquo;industrie automobile est en pleine transition\u00a0\u00bb."},"content":{"rendered":"<h2>Comment voyez-vous le r\u00f4le d&rsquo;Opel au sein de Stellantis ? Quel est l&rsquo;USP d&rsquo;Opel, son ADN ? <\/h2>\n<p>\u00ab\u00a0Je ne pense pas que le client s&rsquo;en pr\u00e9occupe beaucoup. Le design, la technologie et le rapport qualit\u00e9-prix, ces trois aspects ont toujours \u00e9t\u00e9 tr\u00e8s importants pour Opel. Opel reste une marque allemande avec des caract\u00e9ristiques de conduite dignes d&rsquo;une voiture allemande. Nous accordons une grande importance aux caract\u00e9ristiques de conduite, \u00e0 l&rsquo;\u00e9clairage intelligent, \u00e0 la beaut\u00e9 du design et nous nous engageons pleinement dans \u00ab\u00a0Greenovation\u00a0\u00bb, notre vision du d\u00e9veloppement durable. Dans l&rsquo;ensemble, c&rsquo;est une offre globale int\u00e9ressante pour le client.<\/p>\n<h2>Comment voyez-vous personnellement l&rsquo;\u00e9lectrification ?<\/h2>\n<p>\u00ab\u00a0L&rsquo;\u00e9lectrification est extr\u00eamement importante : la mobilit\u00e9 \u00e0 faible \u00e9mission de carbone ou, au contraire, sans \u00e9mission locale devient de plus en plus importante. Cela fait des ann\u00e9es que nous nous dirigeons vers l&rsquo;\u00e9lectrification. L&rsquo;ann\u00e9e 2024 est \u00e9galement un moment important pour nous dans ce sens, car gr\u00e2ce aux nouveaux Frontera et Grandland, nous disposons d\u00e9sormais d&rsquo;une gamme compl\u00e8te de BEV. Tous les mod\u00e8les que nous fournissons sont disponibles avec un groupe motopropulseur \u00e9lectrique \u00e0 batterie. Naturellement, nous esp\u00e9rons que nos clients nous suivront dans cette transformation vers la conduite \u00e9lectrique. Bien entendu, la Vauxhall d&rsquo;aujourd&rsquo;hui ne peut \u00eatre compar\u00e9e \u00e0 la Vauxhall d&rsquo;il y a dix ans. De tr\u00e8s grandes \u00e9tapes ont \u00e9t\u00e9 franchies. Notre t\u00e2che consiste maintenant \u00e0 nous assurer que les choix que nous faisons plaisent \u00e0 un grand nombre de personnes. En Allemagne, par exemple, notre croissance est tr\u00e8s forte.        <\/p>\n<h2><strong>Opel s&rsquo;attend donc \u00e0 ce qu&rsquo;il n&rsquo;y ait plus de moteur \u00e0 combustion interne d&rsquo;ici \u00e0 2035 ?<\/strong><\/h2>\n<p>\u00ab\u00a0L&rsquo;interdiction des ventes de moteurs \u00e0 combustion interne en 2035 n&rsquo;est pas encore connue. L&rsquo;Union europ\u00e9enne a donn\u00e9 des orientations claires et impos\u00e9 des r\u00e9glementations. En tant que marque europ\u00e9enne, nous travaillons dans un environnement europ\u00e9en et nous voulons nous conformer aux r\u00e8gles qui nous sont impos\u00e9es. Il n&rsquo;y a pas de retour en arri\u00e8re possible si les clients conduisent des BEV. Il y a eu une transition claire vers cette technologie. Opel est d\u00e9j\u00e0 pr\u00eate \u00e0 l&rsquo;accueillir. Nous pouvons basculer en un rien de temps. D&rsquo;ailleurs, les objectifs de CO2 impos\u00e9s sont tr\u00e8s stricts, mais nous avons tout ce qu&rsquo;il faut pour les atteindre. Mais permettez-moi de dire ceci : la route vers un avenir sans CO2 ne peut \u00eatre parcourue par l&rsquo;industrie automobile seule. Nous avons \u00e9galement besoin d&rsquo;\u00e9nergie verte et d&rsquo;une infrastructure de recharge d\u00e9cente capable de g\u00e9rer toute cette \u00e9nergie. En fin de compte, nous devons le faire ensemble. Nous comptons tout particuli\u00e8rement sur le soutien des gouvernements qui mettent en place des r\u00e9glementations stables.\u00a0\u00bb<\/p>\n<figure class=\"wp-block-image size-content\"><img decoding=\"async\" loading=\"lazy\" width=\"1140\" height=\"855\" src=\"https:\/\/autorai.nl\/wp-content\/uploads\/2024\/11\/interview-opel-florian-huettl-oktober-2024-foto1-1140x855.jpg\" alt=\"Florian Huettl, PDG d'Opel\" class=\"wp-image-188862\"><\/figure>\n<h2>Est-il vrai que le co\u00fbt du kWh va chuter de fa\u00e7on spectaculaire ?<\/h2>\n<p>\u00ab\u00a0La technologie des batteries est encore co\u00fbteuse, de sorte que les BEV sont encore un peu plus chers que les hybrides. C&rsquo;est un fait. Il est important pour nous que les BEV deviennent attractifs et abordables. Par exemple, l&rsquo;Opel Mokka Electric est r\u00e9cemment devenue moins ch\u00e8re. La nouvelle Frontera est \u00e9galement tr\u00e8s abordable. Le prix de l&rsquo;Opel Corsa \u00e9lectrique a \u00e9galement baiss\u00e9. C&rsquo;est parce que nous faisons constamment des progr\u00e8s. Fabriquer des batteries en Europe est incroyablement important, nous devons en prendre conscience. Dans ce domaine, nous avons vraiment perdu du terrain par rapport \u00e0 la Chine. L&rsquo;ensemble de l&rsquo;\u00e9cosyst\u00e8me des batteries doit faire partie de notre cha\u00eene de valeur europ\u00e9enne, au lieu d&rsquo;acheter des batteries ailleurs. Nous prenons d\u00e9j\u00e0 des mesures importantes. Par exemple, les batteries du nouveau Grandland &#8211; qui est construit \u00e0 Eisenach &#8211; proviennent de la Gigafactory d&rsquo;ACC en France. Les investissements sont \u00e9normes, mais n\u00e9cessaires\u00a0\u00bb.<\/p>\n<h2>Opel proposera-t-elle une petite voiture \u00e9lectrique bas\u00e9e sur la nouvelle Fiat Grande Panda ?<\/h2>\n<p>\u00ab\u00a0Des voitures \u00e9lectriques \u00e0 batterie plus attrayantes et moins ch\u00e8res sont souhaitables. Si vous regardez la nouvelle Frontera, ce mod\u00e8le est bas\u00e9 sur la plateforme Smartcar. Cette plateforme est \u00e9galement optimis\u00e9e pour les BEV modernes. Bien s\u00fbr, d&rsquo;autres mod\u00e8les sont pr\u00eats, comme la nouvelle Manta. Je ne peux pas en dire plus pour l&rsquo;instant.\u00a0\u00bb<\/p>\n<h2>Vous pouvez constater que Renault met clairement l&rsquo;accent sur le design r\u00e9tro. Il suffit de regarder la Renault 4 E-Tech et la Renault 5 E-Tech. Opel a \u00e9galement une belle histoire, avec les nombreuses g\u00e9n\u00e9rations de Kadett, par exemple. Opel envisage-t-il de suivre la m\u00eame strat\u00e9gie que Renault : cr\u00e9er des voitures au design r\u00e9tro et une gamme de mod\u00e8les conventionnels ?   <\/h2>\n<p>\u00ab\u00a0Opel est une <em>marque tourn\u00e9e vers l&rsquo;avenir<\/em>. Ce que nous voulons, c&rsquo;est que notre langage stylistique utilise les aspects r\u00e9tro qui ont fait d&rsquo;Opel une Opel. Pensez au Vizor, par exemple, comme une r\u00e9f\u00e9rence \u00e0 la Manta, mais aussi \u00e0 la g\u00e9om\u00e9trie d&rsquo;une voiture. Si vous achetez une Opel aujourd&rsquo;hui, il y a toujours des interfaces avec les Opel d&rsquo;il y a dix ou vingt ans. Il y a donc un peu de design r\u00e9tro dans chaque Vauxhall. Nous fabriquons des voitures modernes qui plaisent aux acheteurs d&rsquo;aujourd&rsquo;hui, nous sommes donc principalement tourn\u00e9s vers l&rsquo;avenir. Mon objectif est de fabriquer des voitures pertinentes pour aujourd&rsquo;hui et pour demain. En ce sens, l&rsquo;Opel Experimental Concept est une voiture que nous allons vraiment retrouver* sous une forme ou une autre dans la gamme Opel.       <\/p>\n<p><em>*Huettl fait r\u00e9f\u00e9rence \u00e0 la nouvelle g\u00e9n\u00e9ration d&rsquo;Opel Manta.<\/em><\/p>\n<h2>Opel est-elle \u00e0 la tra\u00eene en mati\u00e8re de num\u00e9risation ?<\/h2>\n<p>\u00ab\u00a0Non, parce qu&rsquo;il y a plusieurs d\u00e9veloppements en cours dans le domaine de la num\u00e9risation. Par exemple, nous disposons d&rsquo;une application mobile de nouvelle g\u00e9n\u00e9ration dot\u00e9e de diverses fonctionnalit\u00e9s. Nous mettons \u00e9galement en \u0153uvre le ChatGPT dans nos mod\u00e8les. Les mises \u00e0 jour automatiques sont d\u00e9j\u00e0 la norme dans nos voitures. Pas \u00e0 pas, les fonctionnalit\u00e9s se d\u00e9veloppent. En coulisses, nous d\u00e9veloppons \u00e9galement une architecture logicielle de nouvelle g\u00e9n\u00e9ration.     <\/p>\n<h2>L&rsquo;industrie automobile est en pleine transition, est-ce difficile ?<\/h2>\n<p>\u00ab\u00a0L&rsquo;industrie automobile vit une p\u00e9riode absolument passionnante. L&rsquo;ensemble du secteur conna\u00eet actuellement une transition massive vers la neutralit\u00e9 carbone. Cela concerne tous les aspects de l&rsquo;industrie. Opel a fait des choix clairs quant \u00e0 son identit\u00e9 et \u00e0 son orientation strat\u00e9gique. La rentabilit\u00e9 est extr\u00eamement importante, tout comme la transformation vers la mobilit\u00e9 \u00e9lectrique. Nous \u00e9tendons \u00e9galement nos ailes vers d&rsquo;autres pays du monde. Avant tout, nous consid\u00e9rons cette transformation comme une opportunit\u00e9. En d\u00e9veloppant des plateformes multi-\u00e9nergies, nous pouvons offrir \u00e0 nos clients, partout dans le monde, ce qui convient le mieux \u00e0 leur situation. Nous envisageons l&rsquo;avenir avec confiance.<\/p>\n<\/p>\n<p><strong>LIRE AUSSI :<\/strong><\/p>\n<figure class=\"wp-block-embed is-type-wp-embed is-provider-autorai-nl wp-block-embed-autorai-nl\">\n<div class=\"wp-block-embed__wrapper\">\n<blockquote class=\"wp-embedded-content\" data-secret=\"AekkzmMdoZ\"><p><a href=\"https:\/\/autorai.nl\/opel-ceo-over-importtarieven-op-chinese-evs-verder-fragmenteren-van-wereld-niet-wenselijk\/\">Le PDG d&rsquo;Opel \u00e0 propos des droits de douane sur les VE chinois : \u00ab\u00a0Une nouvelle fragmentation du monde n&rsquo;est pas souhaitable\u00a0\u00bb.<\/a><\/p><\/blockquote>\n<\/div>\n<\/figure>\n","protected":false},"excerpt":{"rendered":"Comment voyez-vous le r\u00f4le d'Opel au sein de Stellantis ? Quel est le point fort d'Opel, son ADN ? \"Je\u2026","protected":false},"author":0,"featured_media":149887,"comment_status":"","ping_status":"open","sticky":false,"template":"","format":"standard","meta":{"footnotes":""},"categories":[131,216,127],"tags":[],"class_list":["post-150104","post","type-post","status-publish","format-standard","has-post-thumbnail","hentry","category-fond","category-interview-fr","category-nouvelles-de-voiture"],"acf":[],"yoast_head":"<!-- This site is optimized with the Yoast SEO plugin v21.2 - https:\/\/yoast.com\/wordpress\/plugins\/seo\/ -->\n<title>Interview Florian Huettl, PDG d&#039;Opel : &quot;L&#039;industrie automobile est en pleine transition&quot;. - All cars news<\/title>\n<meta name=\"robots\" content=\"index, follow, max-snippet:-1, max-image-preview:large, max-video-preview:-1\" \/>\n<link rel=\"canonical\" href=\"https:\/\/all-car-news.com\/fr\/interview-florian-huettl-pdg-dopel-lindustrie-automobile-est-en-pleine-transition\/\" \/>\n<meta property=\"og:locale\" content=\"fr_FR\" \/>\n<meta property=\"og:type\" content=\"article\" \/>\n<meta property=\"og:title\" content=\"Interview Florian Huettl, PDG d&#039;Opel : &quot;L&#039;industrie automobile est en pleine transition&quot;. - All cars news\" \/>\n<meta property=\"og:description\" content=\"Comment voyez-vous le r\u00f4le d&#039;Opel au sein de Stellantis ? Quel est le point fort d&#039;Opel, son ADN ? &quot;Je ne pense pas que le client s&#039;en pr\u00e9occupe beaucoup. Le design, la technologie et le rapport qualit\u00e9-prix, ces trois aspects ont toujours \u00e9t\u00e9 tr\u00e8s importants pour Opel. Opel reste une marque allemande avec des caract\u00e9ristiques de conduite qui [...]\" \/>\n<meta property=\"og:url\" content=\"https:\/\/all-car-news.com\/fr\/interview-florian-huettl-pdg-dopel-lindustrie-automobile-est-en-pleine-transition\/\" \/>\n<meta property=\"og:site_name\" content=\"All cars news\" \/>\n<meta property=\"article:published_time\" content=\"2024-11-11T08:50:00+00:00\" \/>\n<meta property=\"og:image\" content=\"https:\/\/autorai.nl\/wp-content\/uploads\/2024\/11\/interview-opel-florian-huettl-oktober-2024-foto1-1140x855.jpg\" \/>\n<meta name=\"twitter:card\" content=\"summary_large_image\" \/>\n<meta name=\"twitter:label1\" content=\"Dur\u00e9e de lecture estim\u00e9e\" \/>\n\t<meta name=\"twitter:data1\" content=\"6 minutes\" \/>\n<script type=\"application\/ld+json\" class=\"yoast-schema-graph\">{\"@context\":\"https:\/\/schema.org\",\"@graph\":[{\"@type\":\"Article\",\"@id\":\"https:\/\/all-car-news.com\/fr\/interview-florian-huettl-pdg-dopel-lindustrie-automobile-est-en-pleine-transition\/#article\",\"isPartOf\":{\"@id\":\"https:\/\/all-car-news.com\/fr\/interview-florian-huettl-pdg-dopel-lindustrie-automobile-est-en-pleine-transition\/\"},\"author\":{\"name\":\"\",\"@id\":\"\"},\"headline\":\"Interview Florian Huettl, PDG d&rsquo;Opel : \u00ab\u00a0L&rsquo;industrie automobile est en pleine transition\u00a0\u00bb.\",\"datePublished\":\"2024-11-11T08:50:00+00:00\",\"dateModified\":\"2024-11-11T08:50:00+00:00\",\"mainEntityOfPage\":{\"@id\":\"https:\/\/all-car-news.com\/fr\/interview-florian-huettl-pdg-dopel-lindustrie-automobile-est-en-pleine-transition\/\"},\"wordCount\":1151,\"publisher\":{\"@id\":\"https:\/\/all-car-news.com\/fr\/#organization\"},\"articleSection\":[\"Fond\",\"Interview\",\"nouvelles de voiture\"],\"inLanguage\":\"fr-FR\"},{\"@type\":\"WebPage\",\"@id\":\"https:\/\/all-car-news.com\/fr\/interview-florian-huettl-pdg-dopel-lindustrie-automobile-est-en-pleine-transition\/\",\"url\":\"https:\/\/all-car-news.com\/fr\/interview-florian-huettl-pdg-dopel-lindustrie-automobile-est-en-pleine-transition\/\",\"name\":\"Interview Florian Huettl, PDG d'Opel : \\\"L'industrie automobile est en pleine transition\\\". - All cars news\",\"isPartOf\":{\"@id\":\"https:\/\/all-car-news.com\/fr\/#website\"},\"datePublished\":\"2024-11-11T08:50:00+00:00\",\"dateModified\":\"2024-11-11T08:50:00+00:00\",\"breadcrumb\":{\"@id\":\"https:\/\/all-car-news.com\/fr\/interview-florian-huettl-pdg-dopel-lindustrie-automobile-est-en-pleine-transition\/#breadcrumb\"},\"inLanguage\":\"fr-FR\",\"potentialAction\":[{\"@type\":\"ReadAction\",\"target\":[\"https:\/\/all-car-news.com\/fr\/interview-florian-huettl-pdg-dopel-lindustrie-automobile-est-en-pleine-transition\/\"]}]},{\"@type\":\"BreadcrumbList\",\"@id\":\"https:\/\/all-car-news.com\/fr\/interview-florian-huettl-pdg-dopel-lindustrie-automobile-est-en-pleine-transition\/#breadcrumb\",\"itemListElement\":[{\"@type\":\"ListItem\",\"position\":1,\"name\":\"Home\",\"item\":\"https:\/\/all-car-news.com\/fr\/\"},{\"@type\":\"ListItem\",\"position\":2,\"name\":\"Interview Florian Huettl, PDG d&#8217;Opel : &#8222;L&#8217;industrie automobile est en pleine transition&#8220;.\"}]},{\"@type\":\"WebSite\",\"@id\":\"https:\/\/all-car-news.com\/fr\/#website\",\"url\":\"https:\/\/all-car-news.com\/fr\/\",\"name\":\"All cars news\",\"description\":\"\",\"publisher\":{\"@id\":\"https:\/\/all-car-news.com\/fr\/#organization\"},\"potentialAction\":[{\"@type\":\"SearchAction\",\"target\":{\"@type\":\"EntryPoint\",\"urlTemplate\":\"https:\/\/all-car-news.com\/fr\/?s={search_term_string}\"},\"query-input\":\"required name=search_term_string\"}],\"inLanguage\":\"fr-FR\"},{\"@type\":\"Organization\",\"@id\":\"https:\/\/all-car-news.com\/fr\/#organization\",\"name\":\"All cars news\",\"url\":\"https:\/\/all-car-news.com\/fr\/\",\"logo\":{\"@type\":\"ImageObject\",\"inLanguage\":\"fr-FR\",\"@id\":\"https:\/\/all-car-news.com\/fr\/#\/schema\/logo\/image\/\",\"url\":\"https:\/\/all-car-news.com\/wp-content\/uploads\/2022\/02\/CMYK-AllCarNews_LANDSCAPE_300px-1.png\",\"contentUrl\":\"https:\/\/all-car-news.com\/wp-content\/uploads\/2022\/02\/CMYK-AllCarNews_LANDSCAPE_300px-1.png\",\"width\":300,\"height\":100,\"caption\":\"All cars news\"},\"image\":{\"@id\":\"https:\/\/all-car-news.com\/fr\/#\/schema\/logo\/image\/\"}}]}<\/script>\n<!-- \/ Yoast SEO plugin. -->","yoast_head_json":{"title":"Interview Florian Huettl, PDG d'Opel : \"L'industrie automobile est en pleine transition\". - All cars news","robots":{"index":"index","follow":"follow","max-snippet":"max-snippet:-1","max-image-preview":"max-image-preview:large","max-video-preview":"max-video-preview:-1"},"canonical":"https:\/\/all-car-news.com\/fr\/interview-florian-huettl-pdg-dopel-lindustrie-automobile-est-en-pleine-transition\/","og_locale":"fr_FR","og_type":"article","og_title":"Interview Florian Huettl, PDG d'Opel : \"L'industrie automobile est en pleine transition\". - All cars news","og_description":"Comment voyez-vous le r\u00f4le d'Opel au sein de Stellantis ? Quel est le point fort d'Opel, son ADN ? \"Je ne pense pas que le client s'en pr\u00e9occupe beaucoup. Le design, la technologie et le rapport qualit\u00e9-prix, ces trois aspects ont toujours \u00e9t\u00e9 tr\u00e8s importants pour Opel. Opel reste une marque allemande avec des caract\u00e9ristiques de conduite qui [...]","og_url":"https:\/\/all-car-news.com\/fr\/interview-florian-huettl-pdg-dopel-lindustrie-automobile-est-en-pleine-transition\/","og_site_name":"All cars news","article_published_time":"2024-11-11T08:50:00+00:00","og_image":[{"url":"https:\/\/autorai.nl\/wp-content\/uploads\/2024\/11\/interview-opel-florian-huettl-oktober-2024-foto1-1140x855.jpg"}],"twitter_card":"summary_large_image","twitter_misc":{"Dur\u00e9e de lecture estim\u00e9e":"6 minutes"},"schema":{"@context":"https:\/\/schema.org","@graph":[{"@type":"Article","@id":"https:\/\/all-car-news.com\/fr\/interview-florian-huettl-pdg-dopel-lindustrie-automobile-est-en-pleine-transition\/#article","isPartOf":{"@id":"https:\/\/all-car-news.com\/fr\/interview-florian-huettl-pdg-dopel-lindustrie-automobile-est-en-pleine-transition\/"},"author":{"name":"","@id":""},"headline":"Interview Florian Huettl, PDG d&rsquo;Opel : \u00ab\u00a0L&rsquo;industrie automobile est en pleine transition\u00a0\u00bb.","datePublished":"2024-11-11T08:50:00+00:00","dateModified":"2024-11-11T08:50:00+00:00","mainEntityOfPage":{"@id":"https:\/\/all-car-news.com\/fr\/interview-florian-huettl-pdg-dopel-lindustrie-automobile-est-en-pleine-transition\/"},"wordCount":1151,"publisher":{"@id":"https:\/\/all-car-news.com\/fr\/#organization"},"articleSection":["Fond","Interview","nouvelles de voiture"],"inLanguage":"fr-FR"},{"@type":"WebPage","@id":"https:\/\/all-car-news.com\/fr\/interview-florian-huettl-pdg-dopel-lindustrie-automobile-est-en-pleine-transition\/","url":"https:\/\/all-car-news.com\/fr\/interview-florian-huettl-pdg-dopel-lindustrie-automobile-est-en-pleine-transition\/","name":"Interview Florian Huettl, PDG d'Opel : \"L'industrie automobile est en pleine transition\". - All cars news","isPartOf":{"@id":"https:\/\/all-car-news.com\/fr\/#website"},"datePublished":"2024-11-11T08:50:00+00:00","dateModified":"2024-11-11T08:50:00+00:00","breadcrumb":{"@id":"https:\/\/all-car-news.com\/fr\/interview-florian-huettl-pdg-dopel-lindustrie-automobile-est-en-pleine-transition\/#breadcrumb"},"inLanguage":"fr-FR","potentialAction":[{"@type":"ReadAction","target":["https:\/\/all-car-news.com\/fr\/interview-florian-huettl-pdg-dopel-lindustrie-automobile-est-en-pleine-transition\/"]}]},{"@type":"BreadcrumbList","@id":"https:\/\/all-car-news.com\/fr\/interview-florian-huettl-pdg-dopel-lindustrie-automobile-est-en-pleine-transition\/#breadcrumb","itemListElement":[{"@type":"ListItem","position":1,"name":"Home","item":"https:\/\/all-car-news.com\/fr\/"},{"@type":"ListItem","position":2,"name":"Interview Florian Huettl, PDG d&#8217;Opel : &#8222;L&#8217;industrie automobile est en pleine transition&#8220;."}]},{"@type":"WebSite","@id":"https:\/\/all-car-news.com\/fr\/#website","url":"https:\/\/all-car-news.com\/fr\/","name":"All cars news","description":"","publisher":{"@id":"https:\/\/all-car-news.com\/fr\/#organization"},"potentialAction":[{"@type":"SearchAction","target":{"@type":"EntryPoint","urlTemplate":"https:\/\/all-car-news.com\/fr\/?s={search_term_string}"},"query-input":"required name=search_term_string"}],"inLanguage":"fr-FR"},{"@type":"Organization","@id":"https:\/\/all-car-news.com\/fr\/#organization","name":"All cars news","url":"https:\/\/all-car-news.com\/fr\/","logo":{"@type":"ImageObject","inLanguage":"fr-FR","@id":"https:\/\/all-car-news.com\/fr\/#\/schema\/logo\/image\/","url":"https:\/\/all-car-news.com\/wp-content\/uploads\/2022\/02\/CMYK-AllCarNews_LANDSCAPE_300px-1.png","contentUrl":"https:\/\/all-car-news.com\/wp-content\/uploads\/2022\/02\/CMYK-AllCarNews_LANDSCAPE_300px-1.png","width":300,"height":100,"caption":"All cars news"},"image":{"@id":"https:\/\/all-car-news.com\/fr\/#\/schema\/logo\/image\/"}}]}},"_links":{"self":[{"href":"https:\/\/all-car-news.com\/fr\/wp-json\/wp\/v2\/posts\/150104","targetHints":{"allow":["GET"]}}],"collection":[{"href":"https:\/\/all-car-news.com\/fr\/wp-json\/wp\/v2\/posts"}],"about":[{"href":"https:\/\/all-car-news.com\/fr\/wp-json\/wp\/v2\/types\/post"}],"replies":[{"embeddable":true,"href":"https:\/\/all-car-news.com\/fr\/wp-json\/wp\/v2\/comments?post=150104"}],"version-history":[{"count":0,"href":"https:\/\/all-car-news.com\/fr\/wp-json\/wp\/v2\/posts\/150104\/revisions"}],"wp:featuredmedia":[{"embeddable":true,"href":"https:\/\/all-car-news.com\/fr\/wp-json\/wp\/v2\/media\/149887"}],"wp:attachment":[{"href":"https:\/\/all-car-news.com\/fr\/wp-json\/wp\/v2\/media?parent=150104"}],"wp:term":[{"taxonomy":"category","embeddable":true,"href":"https:\/\/all-car-news.com\/fr\/wp-json\/wp\/v2\/categories?post=150104"},{"taxonomy":"post_tag","embeddable":true,"href":"https:\/\/all-car-news.com\/fr\/wp-json\/wp\/v2\/tags?post=150104"}],"curies":[{"name":"wp","href":"https:\/\/api.w.org\/{rel}","templated":true}]}}