{"id":150023,"date":"2024-11-15T10:17:00","date_gmt":"2024-11-15T10:17:00","guid":{"rendered":"https:\/\/all-car-news.com\/reperee-une-buick-regal-limited-1992\/"},"modified":"2024-11-15T10:17:00","modified_gmt":"2024-11-15T10:17:00","slug":"reperee-une-buick-regal-limited-1992","status":"publish","type":"post","link":"https:\/\/all-car-news.com\/fr\/reperee-une-buick-regal-limited-1992\/","title":{"rendered":"Rep\u00e9r\u00e9e : une Buick Regal Limited 1992"},"content":{"rendered":"<h2><strong>La troisi\u00e8me g\u00e9n\u00e9ration de Buick Regal<\/strong><\/h2>\n<p>Une toute nouvelle g\u00e9n\u00e9ration de Buick Regal est apparue pour l&rsquo;ann\u00e9e mod\u00e8le 1988. Avec le <a href=\"https:\/\/autorai.nl\/gespot-een-buick-regal-uit-1979\/\" target=\"_blank\" rel=\"noreferrer noopener\">mod\u00e8le pr\u00e9c\u00e9dent<\/a>, Buick s&rsquo;\u00e9tait r\u00e9solument tourn\u00e9 vers la sportivit\u00e9, avec m\u00eame un certain nombre de mod\u00e8les qui pouvaient \u00e0 juste titre \u00eatre qualifi\u00e9s de \u00ab\u00a0muscle cars\u00a0\u00bb. Avec le nouveau mod\u00e8le, Buick a d\u00e9cid\u00e9 de revenir aux racines m\u00eames du mod\u00e8le : le march\u00e9 des \u00ab\u00a0voitures de luxe personnelles\u00a0\u00bb.  <\/p>\n<p>Au d\u00e9part, la voiture n&rsquo;\u00e9tait disponible que sous la forme d&rsquo;un coup\u00e9 \u00e0 deux portes et il n&rsquo;existait pas de version plus sportive. Il n&rsquo;y avait pas non plus de V8 ni m\u00eame de moteur turbocompress\u00e9 dans la liste des prix. La gamme de moteurs ne comprenait qu&rsquo;un V6 de 2,8 litres de Chevrolet, d&rsquo;une puissance modeste de 92 kW (125 ch). La bo\u00eete de vitesses \u00e9tait une automatique \u00e0 quatre rapports. La Regal \u00e9tait \u00e9galement \u00e9quip\u00e9e pour la premi\u00e8re fois d&rsquo;une traction avant. Premi\u00e8re voiture du groupe, la Regal \u00e9tait construite sur la nouvelle plate-forme W, qu&rsquo;elle partagerait plus tard avec la Chevrolet Lumina, l&rsquo;Oldsmobile Cutlass Supreme et la Pontiac Grand Prix.     <\/p>\n<div class=\"galery shuffle galery-0\">\n<figure>\n\t\t\t\t\t<span style=\"cursor: pointer\" data-src=\"https:\/\/autorai.nl\/wp-content\/uploads\/2024\/11\/Buick-Regal-1-1600x1200.jpg\" data-fancybox=\"galery-0\" title=\"\"><br \/>\n\t\t\t\t\t\t\t<img decoding=\"async\" width=\"640\" height=\"480\" src=\"https:\/\/autorai.nl\/wp-content\/uploads\/2024\/11\/Buick-Regal-1-640x480.jpg\" class=\"attachment-medium size-medium\" alt=\"\" loading=\"lazy\"><i class=\"fa fa-search-plus\" aria-hidden=\"true\"><\/i><br \/>\n\t\t\t\t\t\t<\/span><br \/>\n\t\t\t\t\t<\/figure>\n<figure>\n\t\t\t\t\t<span style=\"cursor: pointer\" data-src=\"https:\/\/autorai.nl\/wp-content\/uploads\/2024\/11\/Buick-Regal-2-1600x1200.jpg\" data-fancybox=\"galery-0\" title=\"\"><br \/>\n\t\t\t\t\t\t\t<img decoding=\"async\" width=\"360\" height=\"270\" src=\"https:\/\/autorai.nl\/wp-content\/uploads\/2024\/11\/Buick-Regal-2-360x270.jpg\" class=\"attachment-small size-small\" alt=\"\" loading=\"lazy\"><i class=\"fa fa-search-plus\" aria-hidden=\"true\"><\/i><br \/>\n\t\t\t\t\t\t<\/span><br \/>\n\t\t\t\t\t<\/figure>\n<figure>\n\t\t\t\t\t<span style=\"cursor: pointer\" data-src=\"https:\/\/autorai.nl\/wp-content\/uploads\/2024\/11\/Buick-Regal-3-1600x1200.jpg\" data-fancybox=\"galery-0\" title=\"\"><br \/>\n\t\t\t\t\t\t\t<img decoding=\"async\" width=\"360\" height=\"270\" src=\"https:\/\/autorai.nl\/wp-content\/uploads\/2024\/11\/Buick-Regal-3-360x270.jpg\" class=\"attachment-small size-small\" alt=\"\" loading=\"lazy\"><i class=\"fa fa-search-plus\" aria-hidden=\"true\"><\/i><br \/>\n\t\t\t\t\t\t<\/span><br \/>\n\t\t\t\t\t<\/figure>\n<div class=\"clear\"><\/div>\n<\/div>\n<h2><strong>Buick Regal Custom et Limited<\/strong><\/h2>\n<p>Lors de son lancement, la Regal \u00e9tait disponible en version Custom et en version Limited plus luxueuse, qui a \u00e9t\u00e9 compl\u00e9t\u00e9e pour l&rsquo;ann\u00e9e-mod\u00e8le 1989 par la Gran Sport, un ensemble de finitions semi-sportives. Pour le m\u00eame mill\u00e9sime, le V6 de 2,8 litres a \u00e9t\u00e9 remplac\u00e9 par un 3,1 litres de 103 kW (140 ch), \u00e9galement de Chevrolet. <\/p>\n<h2><strong>La Regal aussi en berline<\/strong><\/h2>\n<p>Cependant, le march\u00e9 des \u00ab\u00a0voitures de luxe personnelles\u00a0\u00bb a commenc\u00e9 \u00e0 s&rsquo;effondrer \u00e0 la fin des ann\u00e9es 1980. C&rsquo;est ainsi qu&rsquo;en 1990, pour l&rsquo;ann\u00e9e mod\u00e8le 1991, une version berline a \u00e9t\u00e9 ajout\u00e9e \u00e0 la gamme Regal. Cette version avait le m\u00eame empattement, mais bien s\u00fbr quatre portes et ses propres avant et arri\u00e8re, d&rsquo;aspect un peu plus moderne. En outre, cette ann\u00e9e-l\u00e0, la gamme de moteurs s&rsquo;est enrichie d&rsquo;un V6 3,8 litres de 125 kW (170 ch) en option. Il s&rsquo;agissait d&rsquo;un bloc de Buick lui-m\u00eame, qui, dans le cadre de la plate-forme W, n&rsquo;\u00e9tait fourni que pour la Regal.    <\/p>\n<figure class=\"wp-block-image size-content\"><img decoding=\"async\" loading=\"lazy\" width=\"1140\" height=\"755\" src=\"https:\/\/autorai.nl\/wp-content\/uploads\/2024\/11\/Buick-Regal-4-1140x755.jpg\" alt=\"\" class=\"wp-image-188697\"><\/figure>\n<h2><strong>Mises \u00e0 jour<\/strong><\/h2>\n<p>Pour l&rsquo;ann\u00e9e mod\u00e8le 1992, l&rsquo;ABS est devenu un \u00e9quipement de s\u00e9rie, \u00e0 l&rsquo;exception de la Custom. Pour la mise \u00e0 jour de l&rsquo;ann\u00e9e mod\u00e8le 1993, les changements ont \u00e9t\u00e9 plus substantiels. La berline re\u00e7oit une calandre et des feux arri\u00e8re l\u00e9g\u00e8rement plus grands. Le coup\u00e9 re\u00e7oit des pare-chocs plus \u00e9troits, une nouvelle calandre l\u00e9g\u00e8rement plus petite et des feux l\u00e9g\u00e8rement modifi\u00e9s. Sous la carrosserie, la transmission est d\u00e9sormais \u00e0 commande \u00e9lectronique et le moteur d&rsquo;entr\u00e9e de gamme gagne 15 kW (20 ch). En termes d&rsquo;\u00e9quipement, l&rsquo;ABS est d\u00e9sormais de s\u00e9rie sur toutes les versions, de m\u00eame que l&rsquo;introduction d&rsquo;un airbag pour le conducteur. Les vitres \u00e9lectriques sont \u00e9galement de s\u00e9rie. Par ailleurs, la version Limited dispara\u00eet pour le Coup\u00e9.       <\/p>\n<p>Ce n&rsquo;est que pour l&rsquo;ann\u00e9e mod\u00e8le 1995 que l&rsquo;int\u00e9rieur a \u00e9galement subi un lifting, rempla\u00e7ant le tableau de bord \u00e9pur\u00e9 des ann\u00e9es 1980 par un tableau de bord rond des ann\u00e9es 1990 avec deux airbags. Enfin, la mise \u00e0 jour de l&rsquo;ann\u00e9e mod\u00e8le 1996 a apport\u00e9 26 kW (35 ch) de plus au V6 de 3,8 litres. Ce fut la derni\u00e8re ann\u00e9e mod\u00e8le de la voiture. Les ventes se sont poursuivies jusqu&rsquo;en 1997, ann\u00e9e o\u00f9 la voiture a \u00e9t\u00e9 remplac\u00e9e par une nouvelle g\u00e9n\u00e9ration de mod\u00e8les.   <\/p>\n<div class=\"galery shuffle galery-1\">\n<figure>\n\t\t\t\t\t<span style=\"cursor: pointer\" data-src=\"https:\/\/autorai.nl\/wp-content\/uploads\/2024\/11\/Buick-Regal-5-1600x1200.jpg\" data-fancybox=\"galery-1\" title=\"\"><br \/>\n\t\t\t\t\t\t\t<img decoding=\"async\" width=\"640\" height=\"480\" src=\"https:\/\/autorai.nl\/wp-content\/uploads\/2024\/11\/Buick-Regal-5-640x480.jpg\" class=\"attachment-medium size-medium\" alt=\"\" loading=\"lazy\"><i class=\"fa fa-search-plus\" aria-hidden=\"true\"><\/i><br \/>\n\t\t\t\t\t\t<\/span><br \/>\n\t\t\t\t\t<\/figure>\n<figure>\n\t\t\t\t\t<span style=\"cursor: pointer\" data-src=\"https:\/\/autorai.nl\/wp-content\/uploads\/2024\/11\/Buick-Regal-6-1600x1200.jpg\" data-fancybox=\"galery-1\" title=\"\"><br \/>\n\t\t\t\t\t\t\t<img decoding=\"async\" width=\"360\" height=\"270\" src=\"https:\/\/autorai.nl\/wp-content\/uploads\/2024\/11\/Buick-Regal-6-360x270.jpg\" class=\"attachment-small size-small\" alt=\"\" loading=\"lazy\"><i class=\"fa fa-search-plus\" aria-hidden=\"true\"><\/i><br \/>\n\t\t\t\t\t\t<\/span><br \/>\n\t\t\t\t\t<\/figure>\n<figure>\n\t\t\t\t\t<span style=\"cursor: pointer\" data-src=\"https:\/\/autorai.nl\/wp-content\/uploads\/2024\/11\/Buick-Regal-7-1600x1120.jpg\" data-fancybox=\"galery-1\" title=\"\"><br \/>\n\t\t\t\t\t\t\t<img decoding=\"async\" width=\"360\" height=\"270\" src=\"https:\/\/autorai.nl\/wp-content\/uploads\/2024\/11\/Buick-Regal-7-360x270.jpg\" class=\"attachment-small size-small\" alt=\"\" loading=\"lazy\"><i class=\"fa fa-search-plus\" aria-hidden=\"true\"><\/i><br \/>\n\t\t\t\t\t\t<\/span><br \/>\n\t\t\t\t\t<\/figure>\n<div class=\"clear\"><\/div>\n<\/div>\n<h2><strong>La Buick Regal devient une Opel<\/strong><\/h2>\n<p>Cela a dur\u00e9 jusqu&rsquo;en 2004, apr\u00e8s quoi la ligne Regal s&rsquo;est arr\u00eat\u00e9e. Le nom du type a \u00e9t\u00e9 repris en 2011, et depuis lors, l&rsquo;Opel Insignia est vendue en Am\u00e9rique du Nord et dans certains autres pays sous le nom de Buick Regal. En 2020, Buick a d\u00e9cid\u00e9 de se concentrer enti\u00e8rement sur les mod\u00e8les SUV aux \u00c9tats-Unis, mais la Regal (avec un lifting local) est toujours vendue en Chine.  <\/p>\n<div class=\"galery shuffle galery-2\">\n<figure>\n\t\t\t\t\t<span style=\"cursor: pointer\" data-src=\"https:\/\/autorai.nl\/wp-content\/uploads\/2024\/11\/Buick-Regal-8-1600x1200.jpg\" data-fancybox=\"galery-2\" title=\"2002 Buick Regal LS (X2BU_RG01)\"><br \/>\n\t\t\t\t\t\t\t<img decoding=\"async\" width=\"640\" height=\"480\" src=\"https:\/\/autorai.nl\/wp-content\/uploads\/2024\/11\/Buick-Regal-8-640x480.jpg\" class=\"attachment-medium size-medium\" alt=\"\" loading=\"lazy\"><i class=\"fa fa-search-plus\" aria-hidden=\"true\"><\/i><br \/>\n\t\t\t\t\t\t<\/span><br \/>\n\t\t\t\t\t<\/figure>\n<figure>\n\t\t\t\t\t<span style=\"cursor: pointer\" data-src=\"https:\/\/autorai.nl\/wp-content\/uploads\/2024\/11\/Buick-Regal-9-1600x1200.jpg\" data-fancybox=\"galery-2\" title=\"\"><br \/>\n\t\t\t\t\t\t\t<img decoding=\"async\" width=\"360\" height=\"270\" src=\"https:\/\/autorai.nl\/wp-content\/uploads\/2024\/11\/Buick-Regal-9-360x270.jpg\" class=\"attachment-small size-small\" alt=\"\" loading=\"lazy\"><i class=\"fa fa-search-plus\" aria-hidden=\"true\"><\/i><br \/>\n\t\t\t\t\t\t<\/span><br \/>\n\t\t\t\t\t<\/figure>\n<figure>\n\t\t\t\t\t<span style=\"cursor: pointer\" data-src=\"https:\/\/autorai.nl\/wp-content\/uploads\/2024\/11\/Buick-Regal-10-1600x1200.jpg\" data-fancybox=\"galery-2\" title=\"\"><br \/>\n\t\t\t\t\t\t\t<img decoding=\"async\" width=\"360\" height=\"270\" src=\"https:\/\/autorai.nl\/wp-content\/uploads\/2024\/11\/Buick-Regal-10-360x270.jpg\" class=\"attachment-small size-small\" alt=\"\" loading=\"lazy\"><i class=\"fa fa-search-plus\" aria-hidden=\"true\"><\/i><br \/>\n\t\t\t\t\t\t<\/span><br \/>\n\t\t\t\t\t<\/figure>\n<div class=\"clear\"><\/div>\n<\/div>\n<h2><strong>La Buick Regal aux Pays-Bas<\/strong><\/h2>\n<p>Les trois premi\u00e8res g\u00e9n\u00e9rations de mod\u00e8les de la Buick Regal ont \u00e9galement \u00e9t\u00e9 officiellement livr\u00e9es aux Pays-Bas, y compris le mod\u00e8le rep\u00e9r\u00e9. Au total, 99 Buick Regal se trouvent encore aux Pays-Bas, dont 31 de cette troisi\u00e8me g\u00e9n\u00e9ration. Outre les exemplaires n\u00e9erlandais d&rsquo;origine, quelques exemplaires ont \u00e9galement \u00e9t\u00e9 import\u00e9s. Il est int\u00e9ressant de noter que quelqu&rsquo;un a \u00e9galement import\u00e9 une Buick Regal 2016, bien qu&rsquo;il s&rsquo;agisse en fait d&rsquo;une Opel Insignia.   <\/p>\n<h2><strong>Le sp\u00e9cimen tachet\u00e9<\/strong><\/h2>\n<p>Dans la banlieue de Houten, nous avons vu cette Buick Regal Limited de 1992. Pour moi, c&rsquo;est la premi\u00e8re fois que je rencontre une Buick Regal de cette g\u00e9n\u00e9ration aux Pays-Bas, \u00e0 part la mienne bien s\u00fbr. Cette Limited est aux Pays-Bas depuis 2017, ce qui en fait l&rsquo;une des voitures import\u00e9es. D&rsquo;ailleurs, la Regal rep\u00e9r\u00e9e date de la fin de l&rsquo;ann\u00e9e 1992, vous pouvez donc d\u00e9j\u00e0 voir ici le premier mod\u00e8le facelift de 1993. Elle a le V6 de 3,8 litres sous le capot, tout comme ma propre Regal.    <\/p>\n<p>Gr\u00e2ce en partie \u00e0 son tableau de bord ant\u00e9rieur au lifting, l&rsquo;exemplaire rep\u00e9r\u00e9 semble encore plus am\u00e9ricain que ma propre Regal, mais pour \u00eatre honn\u00eate, je pense que la mienne est un peu plus belle, \u00e0 la fois en termes d&rsquo;apparence et d&rsquo;\u00e9tat. Sur l&rsquo;exemplaire rep\u00e9r\u00e9, la couche sup\u00e9rieure de peinture du capot s&rsquo;\u00e9caille et il manque l&rsquo;ornement du capot et l&rsquo;une des pi\u00e8ces chrom\u00e9es de l&rsquo;aile. Les autocollants d\u00e9color\u00e9s et les \u00e9cussons suppl\u00e9mentaires \u00e0 l&rsquo;arri\u00e8re n&rsquo;am\u00e9liorent pas non plus l&rsquo;aspect de la voiture. Par contre, je ne vois aucune trace de rouille sur cette Regal et je ne peux pas en dire autant de la mienne. Pour \u00eatre complet : la Regal grise sur les derni\u00e8res photos est ma propre Buick Regal : une Custom de fin 1994 (donc ann\u00e9e mod\u00e8le 1995, avec le nouveau tableau de bord).    <\/p>\n<div class=\"galery galery-3\">\n<figure>\n\t\t\t\t\t<span style=\"cursor: pointer\" data-src=\"https:\/\/autorai.nl\/wp-content\/uploads\/2024\/11\/AutoRAI-Gespot-Buick-Regal-3.8-Limited-2-1600x1200.jpg\" data-fancybox=\"galery-3\" title=\"\"><br \/>\n\t\t\t\t\t\t\t<img decoding=\"async\" width=\"360\" height=\"270\" src=\"https:\/\/autorai.nl\/wp-content\/uploads\/2024\/11\/AutoRAI-Gespot-Buick-Regal-3.8-Limited-2-360x270.jpg\" class=\"attachment-small size-small\" alt=\"\" loading=\"lazy\"><i class=\"fa fa-search-plus\" aria-hidden=\"true\"><\/i><br \/>\n\t\t\t\t\t\t<\/span><br \/>\n\t\t\t\t\t<\/figure>\n<figure>\n\t\t\t\t\t<span style=\"cursor: pointer\" data-src=\"https:\/\/autorai.nl\/wp-content\/uploads\/2024\/11\/AutoRAI-Gespot-Buick-Regal-3.8-Limited-4-1600x1200.jpg\" data-fancybox=\"galery-3\" title=\"\"><br \/>\n\t\t\t\t\t\t\t<img decoding=\"async\" width=\"360\" height=\"270\" src=\"https:\/\/autorai.nl\/wp-content\/uploads\/2024\/11\/AutoRAI-Gespot-Buick-Regal-3.8-Limited-4-360x270.jpg\" class=\"attachment-small size-small\" alt=\"\" loading=\"lazy\"><i class=\"fa fa-search-plus\" aria-hidden=\"true\"><\/i><br \/>\n\t\t\t\t\t\t<\/span><br \/>\n\t\t\t\t\t<\/figure>\n<figure>\n\t\t\t\t\t<span style=\"cursor: pointer\" data-src=\"https:\/\/autorai.nl\/wp-content\/uploads\/2024\/11\/AutoRAI-Gespot-Buick-Regal-3.8-Limited-1-1600x1200.jpg\" data-fancybox=\"galery-3\" title=\"\"><br \/>\n\t\t\t\t\t\t\t<img decoding=\"async\" width=\"360\" height=\"270\" src=\"https:\/\/autorai.nl\/wp-content\/uploads\/2024\/11\/AutoRAI-Gespot-Buick-Regal-3.8-Limited-1-360x270.jpg\" class=\"attachment-small size-small\" alt=\"\" loading=\"lazy\"><i class=\"fa fa-search-plus\" aria-hidden=\"true\"><\/i><br \/>\n\t\t\t\t\t\t<\/span><br \/>\n\t\t\t\t\t<\/figure>\n<figure>\n\t\t\t\t\t<span style=\"cursor: pointer\" data-src=\"https:\/\/autorai.nl\/wp-content\/uploads\/2024\/11\/AutoRAI-Gespot-Buick-Regal-3.8-Limited-3-1600x1200.jpg\" data-fancybox=\"galery-3\" title=\"\"><br \/>\n\t\t\t\t\t\t\t<img decoding=\"async\" width=\"360\" height=\"270\" src=\"https:\/\/autorai.nl\/wp-content\/uploads\/2024\/11\/AutoRAI-Gespot-Buick-Regal-3.8-Limited-3-360x270.jpg\" class=\"attachment-small size-small\" alt=\"\" loading=\"lazy\"><i class=\"fa fa-search-plus\" aria-hidden=\"true\"><\/i><br \/>\n\t\t\t\t\t\t<\/span><br \/>\n\t\t\t\t\t<\/figure>\n<figure>\n\t\t\t\t\t<span style=\"cursor: pointer\" data-src=\"https:\/\/autorai.nl\/wp-content\/uploads\/2024\/11\/AutoRAI-Gespot-Buick-Regal-3.8-Custom-3-1600x1200.jpg\" data-fancybox=\"galery-3\" title=\"\"><br \/>\n\t\t\t\t\t\t\t<img decoding=\"async\" width=\"360\" height=\"270\" src=\"https:\/\/autorai.nl\/wp-content\/uploads\/2024\/11\/AutoRAI-Gespot-Buick-Regal-3.8-Custom-3-360x270.jpg\" class=\"attachment-small size-small\" alt=\"\" loading=\"lazy\"><i class=\"fa fa-search-plus\" aria-hidden=\"true\"><\/i><br \/>\n\t\t\t\t\t\t<\/span><br \/>\n\t\t\t\t\t<\/figure>\n<figure>\n\t\t\t\t\t<span style=\"cursor: pointer\" data-src=\"https:\/\/autorai.nl\/wp-content\/uploads\/2024\/11\/AutoRAI-Gespot-Buick-Regal-3.8-Custom-4-1600x1200.jpg\" data-fancybox=\"galery-3\" title=\"\"><br \/>\n\t\t\t\t\t\t\t<img decoding=\"async\" width=\"360\" height=\"270\" src=\"https:\/\/autorai.nl\/wp-content\/uploads\/2024\/11\/AutoRAI-Gespot-Buick-Regal-3.8-Custom-4-360x270.jpg\" class=\"attachment-small size-small\" alt=\"\" loading=\"lazy\"><i class=\"fa fa-search-plus\" aria-hidden=\"true\"><\/i><br \/>\n\t\t\t\t\t\t<\/span><br \/>\n\t\t\t\t\t<\/figure>\n<figure>\n\t\t\t\t\t<span style=\"cursor: pointer\" data-src=\"https:\/\/autorai.nl\/wp-content\/uploads\/2024\/11\/AutoRAI-Gespot-Buick-Regal-3.8-Custom-1-1600x1200.jpg\" data-fancybox=\"galery-3\" title=\"\"><br \/>\n\t\t\t\t\t\t\t<img decoding=\"async\" width=\"360\" height=\"270\" src=\"https:\/\/autorai.nl\/wp-content\/uploads\/2024\/11\/AutoRAI-Gespot-Buick-Regal-3.8-Custom-1-360x270.jpg\" class=\"attachment-small size-small\" alt=\"\" loading=\"lazy\"><i class=\"fa fa-search-plus\" aria-hidden=\"true\"><\/i><br \/>\n\t\t\t\t\t\t<\/span><br \/>\n\t\t\t\t\t<\/figure>\n<figure>\n\t\t\t\t\t<span style=\"cursor: pointer\" data-src=\"https:\/\/autorai.nl\/wp-content\/uploads\/2024\/11\/AutoRAI-Gespot-Buick-Regal-3.8-Custom-2-1600x1200.jpg\" data-fancybox=\"galery-3\" title=\"\"><br \/>\n\t\t\t\t\t\t\t<img decoding=\"async\" width=\"360\" height=\"270\" src=\"https:\/\/autorai.nl\/wp-content\/uploads\/2024\/11\/AutoRAI-Gespot-Buick-Regal-3.8-Custom-2-360x270.jpg\" class=\"attachment-small size-small\" alt=\"\" loading=\"lazy\"><i class=\"fa fa-search-plus\" aria-hidden=\"true\"><\/i><br \/>\n\t\t\t\t\t\t<\/span><br \/>\n\t\t\t\t\t<\/figure>\n<div class=\"clear\"><\/div>\n<\/div>\n","protected":false},"excerpt":{"rendered":"Cette fois, un Spotted avec une touche personnelle. Cette semaine, une Buick Regal du m\u00eame type que votre serviteur brille\u2026","protected":false},"author":0,"featured_media":150001,"comment_status":"","ping_status":"open","sticky":false,"template":"","format":"standard","meta":{"footnotes":""},"categories":[177,127],"tags":[],"class_list":["post-150023","post","type-post","status-publish","format-standard","has-post-thumbnail","hentry","category-fun-fr","category-nouvelles-de-voiture"],"acf":[],"yoast_head":"<!-- This site is optimized with the Yoast SEO plugin v21.2 - https:\/\/yoast.com\/wordpress\/plugins\/seo\/ -->\n<title>Rep\u00e9r\u00e9e : une Buick Regal Limited 1992 - All cars news<\/title>\n<meta name=\"robots\" content=\"index, follow, max-snippet:-1, max-image-preview:large, max-video-preview:-1\" \/>\n<link rel=\"canonical\" href=\"https:\/\/all-car-news.com\/fr\/reperee-une-buick-regal-limited-1992\/\" \/>\n<meta property=\"og:locale\" content=\"fr_FR\" \/>\n<meta property=\"og:type\" content=\"article\" \/>\n<meta property=\"og:title\" content=\"Rep\u00e9r\u00e9e : une Buick Regal Limited 1992 - All cars news\" \/>\n<meta property=\"og:description\" content=\"Cette fois, un Spotted avec une touche personnelle. Cette semaine, une Buick Regal du m\u00eame type que votre serviteur brille dans cette rubrique. J&#039;ai achet\u00e9 ma Buick en partie parce que c&#039;est une voiture que l&#039;on ne rencontre pas souvent. Lorsque vous en voyez une autre, elle est encore plus belle.\" \/>\n<meta property=\"og:url\" content=\"https:\/\/all-car-news.com\/fr\/reperee-une-buick-regal-limited-1992\/\" \/>\n<meta property=\"og:site_name\" content=\"All cars news\" \/>\n<meta property=\"article:published_time\" content=\"2024-11-15T10:17:00+00:00\" \/>\n<meta property=\"og:image\" content=\"https:\/\/autorai.nl\/wp-content\/uploads\/2024\/11\/Buick-Regal-1-640x480.jpg\" \/>\n<meta name=\"twitter:card\" content=\"summary_large_image\" \/>\n<meta name=\"twitter:label1\" content=\"Dur\u00e9e de lecture estim\u00e9e\" \/>\n\t<meta name=\"twitter:data1\" content=\"5 minutes\" \/>\n<script type=\"application\/ld+json\" class=\"yoast-schema-graph\">{\"@context\":\"https:\/\/schema.org\",\"@graph\":[{\"@type\":\"Article\",\"@id\":\"https:\/\/all-car-news.com\/fr\/reperee-une-buick-regal-limited-1992\/#article\",\"isPartOf\":{\"@id\":\"https:\/\/all-car-news.com\/fr\/reperee-une-buick-regal-limited-1992\/\"},\"author\":{\"name\":\"\",\"@id\":\"\"},\"headline\":\"Rep\u00e9r\u00e9e : une Buick Regal Limited 1992\",\"datePublished\":\"2024-11-15T10:17:00+00:00\",\"dateModified\":\"2024-11-15T10:17:00+00:00\",\"mainEntityOfPage\":{\"@id\":\"https:\/\/all-car-news.com\/fr\/reperee-une-buick-regal-limited-1992\/\"},\"wordCount\":1021,\"publisher\":{\"@id\":\"https:\/\/all-car-news.com\/fr\/#organization\"},\"articleSection\":[\"Fun\",\"nouvelles de voiture\"],\"inLanguage\":\"fr-FR\"},{\"@type\":\"WebPage\",\"@id\":\"https:\/\/all-car-news.com\/fr\/reperee-une-buick-regal-limited-1992\/\",\"url\":\"https:\/\/all-car-news.com\/fr\/reperee-une-buick-regal-limited-1992\/\",\"name\":\"Rep\u00e9r\u00e9e : une Buick Regal Limited 1992 - All cars news\",\"isPartOf\":{\"@id\":\"https:\/\/all-car-news.com\/fr\/#website\"},\"datePublished\":\"2024-11-15T10:17:00+00:00\",\"dateModified\":\"2024-11-15T10:17:00+00:00\",\"breadcrumb\":{\"@id\":\"https:\/\/all-car-news.com\/fr\/reperee-une-buick-regal-limited-1992\/#breadcrumb\"},\"inLanguage\":\"fr-FR\",\"potentialAction\":[{\"@type\":\"ReadAction\",\"target\":[\"https:\/\/all-car-news.com\/fr\/reperee-une-buick-regal-limited-1992\/\"]}]},{\"@type\":\"BreadcrumbList\",\"@id\":\"https:\/\/all-car-news.com\/fr\/reperee-une-buick-regal-limited-1992\/#breadcrumb\",\"itemListElement\":[{\"@type\":\"ListItem\",\"position\":1,\"name\":\"Home\",\"item\":\"https:\/\/all-car-news.com\/fr\/\"},{\"@type\":\"ListItem\",\"position\":2,\"name\":\"Rep\u00e9r\u00e9e : une Buick Regal Limited 1992\"}]},{\"@type\":\"WebSite\",\"@id\":\"https:\/\/all-car-news.com\/fr\/#website\",\"url\":\"https:\/\/all-car-news.com\/fr\/\",\"name\":\"All cars news\",\"description\":\"\",\"publisher\":{\"@id\":\"https:\/\/all-car-news.com\/fr\/#organization\"},\"potentialAction\":[{\"@type\":\"SearchAction\",\"target\":{\"@type\":\"EntryPoint\",\"urlTemplate\":\"https:\/\/all-car-news.com\/fr\/?s={search_term_string}\"},\"query-input\":\"required name=search_term_string\"}],\"inLanguage\":\"fr-FR\"},{\"@type\":\"Organization\",\"@id\":\"https:\/\/all-car-news.com\/fr\/#organization\",\"name\":\"All cars news\",\"url\":\"https:\/\/all-car-news.com\/fr\/\",\"logo\":{\"@type\":\"ImageObject\",\"inLanguage\":\"fr-FR\",\"@id\":\"https:\/\/all-car-news.com\/fr\/#\/schema\/logo\/image\/\",\"url\":\"https:\/\/all-car-news.com\/wp-content\/uploads\/2022\/02\/CMYK-AllCarNews_LANDSCAPE_300px-1.png\",\"contentUrl\":\"https:\/\/all-car-news.com\/wp-content\/uploads\/2022\/02\/CMYK-AllCarNews_LANDSCAPE_300px-1.png\",\"width\":300,\"height\":100,\"caption\":\"All cars news\"},\"image\":{\"@id\":\"https:\/\/all-car-news.com\/fr\/#\/schema\/logo\/image\/\"}}]}<\/script>\n<!-- \/ Yoast SEO plugin. -->","yoast_head_json":{"title":"Rep\u00e9r\u00e9e : une Buick Regal Limited 1992 - All cars news","robots":{"index":"index","follow":"follow","max-snippet":"max-snippet:-1","max-image-preview":"max-image-preview:large","max-video-preview":"max-video-preview:-1"},"canonical":"https:\/\/all-car-news.com\/fr\/reperee-une-buick-regal-limited-1992\/","og_locale":"fr_FR","og_type":"article","og_title":"Rep\u00e9r\u00e9e : une Buick Regal Limited 1992 - All cars news","og_description":"Cette fois, un Spotted avec une touche personnelle. Cette semaine, une Buick Regal du m\u00eame type que votre serviteur brille dans cette rubrique. J'ai achet\u00e9 ma Buick en partie parce que c'est une voiture que l'on ne rencontre pas souvent. Lorsque vous en voyez une autre, elle est encore plus belle.","og_url":"https:\/\/all-car-news.com\/fr\/reperee-une-buick-regal-limited-1992\/","og_site_name":"All cars news","article_published_time":"2024-11-15T10:17:00+00:00","og_image":[{"url":"https:\/\/autorai.nl\/wp-content\/uploads\/2024\/11\/Buick-Regal-1-640x480.jpg"}],"twitter_card":"summary_large_image","twitter_misc":{"Dur\u00e9e de lecture estim\u00e9e":"5 minutes"},"schema":{"@context":"https:\/\/schema.org","@graph":[{"@type":"Article","@id":"https:\/\/all-car-news.com\/fr\/reperee-une-buick-regal-limited-1992\/#article","isPartOf":{"@id":"https:\/\/all-car-news.com\/fr\/reperee-une-buick-regal-limited-1992\/"},"author":{"name":"","@id":""},"headline":"Rep\u00e9r\u00e9e : une Buick Regal Limited 1992","datePublished":"2024-11-15T10:17:00+00:00","dateModified":"2024-11-15T10:17:00+00:00","mainEntityOfPage":{"@id":"https:\/\/all-car-news.com\/fr\/reperee-une-buick-regal-limited-1992\/"},"wordCount":1021,"publisher":{"@id":"https:\/\/all-car-news.com\/fr\/#organization"},"articleSection":["Fun","nouvelles de voiture"],"inLanguage":"fr-FR"},{"@type":"WebPage","@id":"https:\/\/all-car-news.com\/fr\/reperee-une-buick-regal-limited-1992\/","url":"https:\/\/all-car-news.com\/fr\/reperee-une-buick-regal-limited-1992\/","name":"Rep\u00e9r\u00e9e : une Buick Regal Limited 1992 - All cars news","isPartOf":{"@id":"https:\/\/all-car-news.com\/fr\/#website"},"datePublished":"2024-11-15T10:17:00+00:00","dateModified":"2024-11-15T10:17:00+00:00","breadcrumb":{"@id":"https:\/\/all-car-news.com\/fr\/reperee-une-buick-regal-limited-1992\/#breadcrumb"},"inLanguage":"fr-FR","potentialAction":[{"@type":"ReadAction","target":["https:\/\/all-car-news.com\/fr\/reperee-une-buick-regal-limited-1992\/"]}]},{"@type":"BreadcrumbList","@id":"https:\/\/all-car-news.com\/fr\/reperee-une-buick-regal-limited-1992\/#breadcrumb","itemListElement":[{"@type":"ListItem","position":1,"name":"Home","item":"https:\/\/all-car-news.com\/fr\/"},{"@type":"ListItem","position":2,"name":"Rep\u00e9r\u00e9e : une Buick Regal Limited 1992"}]},{"@type":"WebSite","@id":"https:\/\/all-car-news.com\/fr\/#website","url":"https:\/\/all-car-news.com\/fr\/","name":"All cars news","description":"","publisher":{"@id":"https:\/\/all-car-news.com\/fr\/#organization"},"potentialAction":[{"@type":"SearchAction","target":{"@type":"EntryPoint","urlTemplate":"https:\/\/all-car-news.com\/fr\/?s={search_term_string}"},"query-input":"required name=search_term_string"}],"inLanguage":"fr-FR"},{"@type":"Organization","@id":"https:\/\/all-car-news.com\/fr\/#organization","name":"All cars news","url":"https:\/\/all-car-news.com\/fr\/","logo":{"@type":"ImageObject","inLanguage":"fr-FR","@id":"https:\/\/all-car-news.com\/fr\/#\/schema\/logo\/image\/","url":"https:\/\/all-car-news.com\/wp-content\/uploads\/2022\/02\/CMYK-AllCarNews_LANDSCAPE_300px-1.png","contentUrl":"https:\/\/all-car-news.com\/wp-content\/uploads\/2022\/02\/CMYK-AllCarNews_LANDSCAPE_300px-1.png","width":300,"height":100,"caption":"All cars news"},"image":{"@id":"https:\/\/all-car-news.com\/fr\/#\/schema\/logo\/image\/"}}]}},"_links":{"self":[{"href":"https:\/\/all-car-news.com\/fr\/wp-json\/wp\/v2\/posts\/150023","targetHints":{"allow":["GET"]}}],"collection":[{"href":"https:\/\/all-car-news.com\/fr\/wp-json\/wp\/v2\/posts"}],"about":[{"href":"https:\/\/all-car-news.com\/fr\/wp-json\/wp\/v2\/types\/post"}],"replies":[{"embeddable":true,"href":"https:\/\/all-car-news.com\/fr\/wp-json\/wp\/v2\/comments?post=150023"}],"version-history":[{"count":0,"href":"https:\/\/all-car-news.com\/fr\/wp-json\/wp\/v2\/posts\/150023\/revisions"}],"wp:featuredmedia":[{"embeddable":true,"href":"https:\/\/all-car-news.com\/fr\/wp-json\/wp\/v2\/media\/150001"}],"wp:attachment":[{"href":"https:\/\/all-car-news.com\/fr\/wp-json\/wp\/v2\/media?parent=150023"}],"wp:term":[{"taxonomy":"category","embeddable":true,"href":"https:\/\/all-car-news.com\/fr\/wp-json\/wp\/v2\/categories?post=150023"},{"taxonomy":"post_tag","embeddable":true,"href":"https:\/\/all-car-news.com\/fr\/wp-json\/wp\/v2\/tags?post=150023"}],"curies":[{"name":"wp","href":"https:\/\/api.w.org\/{rel}","templated":true}]}}