{"id":149744,"date":"2024-11-05T15:11:00","date_gmt":"2024-11-05T15:11:00","guid":{"rendered":"https:\/\/all-car-news.com\/bmw-serie-1-histoire-et-points-forts-dune-championne-de-la-categorie-compacte\/"},"modified":"2024-11-05T15:11:00","modified_gmt":"2024-11-05T15:11:00","slug":"bmw-serie-1-histoire-et-points-forts-dune-championne-de-la-categorie-compacte","status":"publish","type":"post","link":"https:\/\/all-car-news.com\/fr\/bmw-serie-1-histoire-et-points-forts-dune-championne-de-la-categorie-compacte\/","title":{"rendered":"BMW S\u00e9rie 1 : histoire et points forts d&rsquo;une championne de la cat\u00e9gorie compacte"},"content":{"rendered":"<p>Depuis son lancement en 2004, la BMW S\u00e9rie 1 s&rsquo;est rapidement impos\u00e9e comme une r\u00e9f\u00e9rence dans la cat\u00e9gorie des voitures compactes. Avec un \u00e9quilibre parfait entre sportivit\u00e9, innovation et confort, BMW a une fois de plus prouv\u00e9 pourquoi la marque est au sommet. Que vous recherchiez la pr\u00e9cision dans la tenue de route, l&rsquo;efficacit\u00e9 en mati\u00e8re de consommation de carburant ou un design \u00e9l\u00e9gant, la BMW S\u00e9rie 1 a tout ce qu&rsquo;il faut. Plongeons dans l&rsquo;histoire de la BMW S\u00e9rie 1, o\u00f9 nous examinerons chaque g\u00e9n\u00e9ration et les caract\u00e9ristiques uniques qui la distinguent de la concurrence.   <\/p>\n<figure class=\"wp-block-image size-full\"><img decoding=\"async\" loading=\"lazy\" width=\"975\" height=\"669\" src=\"https:\/\/autorai.nl\/wp-content\/uploads\/2024\/11\/bmw-e87.jpg\" alt=\"BMW E87\" class=\"wp-image-188836\"><\/figure>\n<h2>La BMW s\u00e9rie 1 de premi\u00e8re g\u00e9n\u00e9ration (E87, 2004-2013)<\/h2>\n<p>Lanc\u00e9e en 2004, la BMW S\u00e9rie 1 a marqu\u00e9 l&rsquo;entr\u00e9e officielle de BMW dans la cat\u00e9gorie des voitures compactes. Ce qui rend cette g\u00e9n\u00e9ration si particuli\u00e8re, c&rsquo;est non seulement l&rsquo;\u00e9quilibre impressionnant entre la tenue de route sportive et le confort quotidien, mais aussi les avanc\u00e9es technologiques qu&rsquo;elle a apport\u00e9es. Pour une voiture compacte, la premi\u00e8re g\u00e9n\u00e9ration avait un empattement remarquablement long, ce qui am\u00e9liorait la stabilit\u00e9 et le confort, en particulier sur les longues distances.  <\/p>\n<p>L&rsquo;une des innovations les plus remarquables de cette g\u00e9n\u00e9ration a \u00e9t\u00e9 l&rsquo;introduction du syst\u00e8me iDrive de BMW, qui permet au conducteur de contr\u00f4ler intuitivement les fonctions centrales de la voiture. Ce syst\u00e8me, qui \u00e9quipe aujourd&rsquo;hui de nombreux mod\u00e8les BMW, \u00e9tait \u00e0 l&rsquo;\u00e9poque une premi\u00e8re dans la cat\u00e9gorie des voitures compactes. En outre, la premi\u00e8re g\u00e9n\u00e9ration a \u00e9t\u00e9 la premi\u00e8re de son segment \u00e0 \u00eatre \u00e9quip\u00e9e d&rsquo;un feu stop \u00e0 deux niveaux, ce qui a consid\u00e9rablement am\u00e9lior\u00e9 la s\u00e9curit\u00e9 au volant.  <\/p>\n<p>Ce qui distingue cette g\u00e9n\u00e9ration, c&rsquo;est la fa\u00e7on dont BMW associe le plaisir de conduire classique \u00e0 des innovations de haute technologie. Avec des moteurs allant de 1,6 \u00e0 3,0 litres, dont de puissants quatre et six cylindres, la s\u00e9rie 1 offrait non seulement de la vitesse, mais aussi une pr\u00e9cision et un contr\u00f4le impressionnants. C&rsquo;\u00e9tait une voiture qui ne se contentait pas d&rsquo;\u00eatre performante sur les routes sinueuses, mais qui \u00e9tait \u00e9galement agr\u00e9able \u00e0 conduire en ville.  <\/p>\n<figure class=\"wp-block-image size-content\"><img decoding=\"async\" loading=\"lazy\" width=\"1140\" height=\"855\" src=\"https:\/\/autorai.nl\/wp-content\/uploads\/2024\/11\/bmw-f20-1140x855.jpg\" alt=\"BMW F20\" class=\"wp-image-188837\"><\/figure>\n<h2>La BMW s\u00e9rie 1 de deuxi\u00e8me g\u00e9n\u00e9ration (F20, 2011-2019)<\/h2>\n<p>En 2011, la deuxi\u00e8me g\u00e9n\u00e9ration de la BMW S\u00e9rie 1 a fait son entr\u00e9e sur le march\u00e9, avec un design actualis\u00e9 qui mettait encore plus en valeur la nature sportive du v\u00e9hicule. Les lignes ont \u00e9t\u00e9 resserr\u00e9es et l&rsquo;a\u00e9rodynamisme am\u00e9lior\u00e9, ce qui a permis d&rsquo;accro\u00eetre non seulement les performances, mais aussi la consommation de carburant. Cette g\u00e9n\u00e9ration a \u00e9galement introduit de nouvelles technologies telles que BMW ConnectedDrive, qui permet aux conducteurs de rester connect\u00e9s au monde ext\u00e9rieur gr\u00e2ce \u00e0 des services en ligne avanc\u00e9s.  <\/p>\n<p>L&rsquo;une des grandes avanc\u00e9es de cette g\u00e9n\u00e9ration a \u00e9t\u00e9 l&rsquo;introduction de plusieurs syst\u00e8mes d&rsquo;aide \u00e0 la conduite, tels que des capteurs de stationnement et une cam\u00e9ra de recul. Ces syst\u00e8mes ont consid\u00e9rablement am\u00e9lior\u00e9 l&rsquo;exp\u00e9rience de conduite globale, en facilitant le stationnement et les man\u0153uvres en ville. <\/p>\n<p>Un autre point fort a \u00e9t\u00e9 le lancement de la BMW M135i, une voiture puissante qui non seulement offre des performances impressionnantes avec ses 320 ch, mais aussi un \u00e9quilibre in\u00e9gal\u00e9 entre la puissance et le contr\u00f4le. Pour les amateurs de conduite dynamique, ce mod\u00e8le a \u00e9t\u00e9 un succ\u00e8s. De plus, sa r\u00e9partition des masses de pr\u00e8s de 50\/50 a permis \u00e0 la BMW S\u00e9rie 1 d&rsquo;\u00eatre toujours stable, quelles que soient les conditions.  <\/p>\n<figure class=\"wp-block-image size-content\"><img decoding=\"async\" loading=\"lazy\" width=\"1140\" height=\"678\" src=\"https:\/\/autorai.nl\/wp-content\/uploads\/2024\/11\/bmw-f40-1140x678.jpg\" alt=\"BMW F40\" class=\"wp-image-188838\"><\/figure>\n<h2>La BMW s\u00e9rie 1 de troisi\u00e8me g\u00e9n\u00e9ration (F40, 2019-pr\u00e9sent)<\/h2>\n<p>La derni\u00e8re g\u00e9n\u00e9ration de la BMW S\u00e9rie 1, lanc\u00e9e en 2019, a port\u00e9 sa compacit\u00e9 et sa sportivit\u00e9 \u00e0 un niveau sup\u00e9rieur. La caract\u00e9ristique la plus frappante de cette g\u00e9n\u00e9ration est le passage \u00e0 la traction avant, un changement radical pour BMW, qui s&rsquo;en tenait historiquement \u00e0 la propulsion arri\u00e8re pour ses mod\u00e8les sportifs. Bien que ce choix ait surpris certains puristes, BMW a prouv\u00e9 que m\u00eame avec la traction avant, l&rsquo;exp\u00e9rience de conduite dynamique reste intacte.  <\/p>\n<p>Ce qui frappe d&#8217;embl\u00e9e dans le design de cette g\u00e9n\u00e9ration, c&rsquo;est son style moderne et agressif. De la calandre \u00e0 double rein pro\u00e9minente aux lignes tr\u00e8s marqu\u00e9es qui courent de l&rsquo;avant \u00e0 l&rsquo;arri\u00e8re, cette BMW d\u00e9gage une grande autorit\u00e9 sur la route. Les moteurs ont \u00e9galement \u00e9t\u00e9 am\u00e9lior\u00e9s, notamment la BMW 128ti, une variante sportive de 265 ch qui correspond parfaitement au caract\u00e8re de la s\u00e9rie 1.  <\/p>\n<p>Sur le plan technologique, la BMW S\u00e9rie 1 de troisi\u00e8me g\u00e9n\u00e9ration est \u00e9quip\u00e9e des syst\u00e8mes d&rsquo;aide \u00e0 la conduite les plus r\u00e9cents, notamment le freinage d&rsquo;urgence automatique et le r\u00e9gulateur de vitesse adaptatif. Ces syst\u00e8mes rendent la conduite non seulement plus s\u00fbre, mais aussi plus d\u00e9tendue, aussi bien sur l&rsquo;autoroute que dans la circulation urbaine dense. Avec la suspension sport adaptative et la bo\u00eete Steptronic Sport \u00e0 8 rapports en option, la s\u00e9rie 1 offre une combinaison in\u00e9gal\u00e9e de confort et de performance.  <\/p>\n<figure class=\"wp-block-image size-content\"><img decoding=\"async\" loading=\"lazy\" width=\"1140\" height=\"713\" src=\"https:\/\/autorai.nl\/wp-content\/uploads\/2024\/11\/bmw-1-serie-rijd-1140x713.jpg\" alt=\"BMW S\u00e9rie 1 en mouvement\" class=\"wp-image-188839\"><\/figure>\n<h2>Pourquoi la BMW S\u00e9rie 1 se distingue-t-elle dans la cat\u00e9gorie des compactes ?<\/h2>\n<p>Ce qui rend la BMW S\u00e9rie 1 si unique, c&rsquo;est l&rsquo;\u00e9quilibre parfait entre les performances sportives et le confort quotidien. Que vous optiez pour une balade en ville ou un long trajet sur l&rsquo;autoroute, la S\u00e9rie 1 offre une exp\u00e9rience de conduite qui r\u00e9pond toujours \u00e0 des attentes \u00e9lev\u00e9es. C&rsquo;est donc une voiture id\u00e9ale non seulement pour les particuliers, mais aussi pour les conducteurs professionnels \u00e0 la recherche d&rsquo;efficacit\u00e9 et de classe. Pour ceux qui sont int\u00e9ress\u00e9s par un leasing professionnel,<a href=\"https:\/\/www.superlease.nl\/zakelijke-lease\/merken-en-modellen\/bmw\/bmw-1-serie\"> le leasing de<\/a> la<a href=\"https:\/\/www.superlease.nl\/zakelijke-lease\/merken-en-modellen\/bmw\/bmw-1-serie\"> BMW S\u00e9rie 1<\/a> est un excellent choix gr\u00e2ce \u00e0 sa combinaison de luxe, de technologie et de solutions \u00e9conomiques.   <\/p>\n<p>En outre, la BMW S\u00e9rie 1 est \u00e9quip\u00e9e des technologies les plus r\u00e9centes, telles que BMW ConnectedDrive et une gamme de syst\u00e8mes d&rsquo;aide \u00e0 la conduite qui rendent la conduite quotidienne plus facile et plus s\u00fbre. La combinaison de performances sportives, d&rsquo;\u00e9quipements high-tech et du design typique de BMW fait de la S\u00e9rie 1 une v\u00e9ritable gagnante dans la cat\u00e9gorie des compactes. <\/p>\n<h2>Un choix intemporel pour le conducteur moderne<\/h2>\n<p>La BMW S\u00e9rie 1 a r\u00e9sist\u00e9 \u00e0 l&rsquo;\u00e9preuve du temps gr\u00e2ce \u00e0 des innovations continues et \u00e0 des performances solides. Chaque g\u00e9n\u00e9ration s&rsquo;appuie sur les bases solides de la pr\u00e9c\u00e9dente, avec des technologies am\u00e9lior\u00e9es et une exp\u00e9rience de conduite de plus en plus raffin\u00e9e. Que vous recherchiez une voiture pour un usage quotidien ou pour parcourir de longues distances, la BMW S\u00e9rie 1 offre un excellent \u00e9quilibre entre confort, sportivit\u00e9 et innovation.  <\/p>\n<p>Pour ceux qui recherchent une voiture compacte sans compromis sur les performances, la BMW S\u00e9rie 1 est un choix logique. Ce classique intemporel continue de dominer son segment ann\u00e9e apr\u00e8s ann\u00e9e, ce qui en fait le partenaire id\u00e9al du conducteur moderne. <\/p>\n","protected":false},"excerpt":{"rendered":"Depuis son lancement en 2004, la BMW S\u00e9rie 1 s'est rapidement impos\u00e9e comme une r\u00e9f\u00e9rence dans la cat\u00e9gorie des voitures\u2026","protected":false},"author":0,"featured_media":149719,"comment_status":"","ping_status":"open","sticky":false,"template":"","format":"standard","meta":{"footnotes":""},"categories":[127],"tags":[],"class_list":["post-149744","post","type-post","status-publish","format-standard","has-post-thumbnail","hentry","category-nouvelles-de-voiture"],"acf":[],"yoast_head":"<!-- This site is optimized with the Yoast SEO plugin v21.2 - https:\/\/yoast.com\/wordpress\/plugins\/seo\/ -->\n<title>BMW S\u00e9rie 1 : histoire et points forts d&#039;une championne de la cat\u00e9gorie compacte - All cars news<\/title>\n<meta name=\"robots\" content=\"index, follow, max-snippet:-1, max-image-preview:large, max-video-preview:-1\" \/>\n<link rel=\"canonical\" href=\"https:\/\/all-car-news.com\/fr\/bmw-serie-1-histoire-et-points-forts-dune-championne-de-la-categorie-compacte\/\" \/>\n<meta property=\"og:locale\" content=\"fr_FR\" \/>\n<meta property=\"og:type\" content=\"article\" \/>\n<meta property=\"og:title\" content=\"BMW S\u00e9rie 1 : histoire et points forts d&#039;une championne de la cat\u00e9gorie compacte - All cars news\" \/>\n<meta property=\"og:description\" content=\"Depuis son lancement en 2004, la BMW S\u00e9rie 1 s&#039;est rapidement impos\u00e9e comme une r\u00e9f\u00e9rence dans la cat\u00e9gorie des voitures compactes. Avec un \u00e9quilibre parfait entre sportivit\u00e9, innovation et confort, BMW a une fois de plus prouv\u00e9 pourquoi la marque est au sommet. Que vous recherchiez la pr\u00e9cision dans la conduite, l&#039;efficacit\u00e9 dans la consommation de carburant ou un design \u00e9l\u00e9gant, la [...]\" \/>\n<meta property=\"og:url\" content=\"https:\/\/all-car-news.com\/fr\/bmw-serie-1-histoire-et-points-forts-dune-championne-de-la-categorie-compacte\/\" \/>\n<meta property=\"og:site_name\" content=\"All cars news\" \/>\n<meta property=\"article:published_time\" content=\"2024-11-05T15:11:00+00:00\" \/>\n<meta property=\"og:image\" content=\"https:\/\/autorai.nl\/wp-content\/uploads\/2024\/11\/bmw-e87.jpg\" \/>\n<meta name=\"twitter:card\" content=\"summary_large_image\" \/>\n<meta name=\"twitter:label1\" content=\"Dur\u00e9e de lecture estim\u00e9e\" \/>\n\t<meta name=\"twitter:data1\" content=\"6 minutes\" \/>\n<script type=\"application\/ld+json\" class=\"yoast-schema-graph\">{\"@context\":\"https:\/\/schema.org\",\"@graph\":[{\"@type\":\"Article\",\"@id\":\"https:\/\/all-car-news.com\/fr\/bmw-serie-1-histoire-et-points-forts-dune-championne-de-la-categorie-compacte\/#article\",\"isPartOf\":{\"@id\":\"https:\/\/all-car-news.com\/fr\/bmw-serie-1-histoire-et-points-forts-dune-championne-de-la-categorie-compacte\/\"},\"author\":{\"name\":\"\",\"@id\":\"\"},\"headline\":\"BMW S\u00e9rie 1 : histoire et points forts d&rsquo;une championne de la cat\u00e9gorie compacte\",\"datePublished\":\"2024-11-05T15:11:00+00:00\",\"dateModified\":\"2024-11-05T15:11:00+00:00\",\"mainEntityOfPage\":{\"@id\":\"https:\/\/all-car-news.com\/fr\/bmw-serie-1-histoire-et-points-forts-dune-championne-de-la-categorie-compacte\/\"},\"wordCount\":1224,\"publisher\":{\"@id\":\"https:\/\/all-car-news.com\/fr\/#organization\"},\"articleSection\":[\"nouvelles de voiture\"],\"inLanguage\":\"fr-FR\"},{\"@type\":\"WebPage\",\"@id\":\"https:\/\/all-car-news.com\/fr\/bmw-serie-1-histoire-et-points-forts-dune-championne-de-la-categorie-compacte\/\",\"url\":\"https:\/\/all-car-news.com\/fr\/bmw-serie-1-histoire-et-points-forts-dune-championne-de-la-categorie-compacte\/\",\"name\":\"BMW S\u00e9rie 1 : histoire et points forts d'une championne de la cat\u00e9gorie compacte - All cars news\",\"isPartOf\":{\"@id\":\"https:\/\/all-car-news.com\/fr\/#website\"},\"datePublished\":\"2024-11-05T15:11:00+00:00\",\"dateModified\":\"2024-11-05T15:11:00+00:00\",\"breadcrumb\":{\"@id\":\"https:\/\/all-car-news.com\/fr\/bmw-serie-1-histoire-et-points-forts-dune-championne-de-la-categorie-compacte\/#breadcrumb\"},\"inLanguage\":\"fr-FR\",\"potentialAction\":[{\"@type\":\"ReadAction\",\"target\":[\"https:\/\/all-car-news.com\/fr\/bmw-serie-1-histoire-et-points-forts-dune-championne-de-la-categorie-compacte\/\"]}]},{\"@type\":\"BreadcrumbList\",\"@id\":\"https:\/\/all-car-news.com\/fr\/bmw-serie-1-histoire-et-points-forts-dune-championne-de-la-categorie-compacte\/#breadcrumb\",\"itemListElement\":[{\"@type\":\"ListItem\",\"position\":1,\"name\":\"Home\",\"item\":\"https:\/\/all-car-news.com\/fr\/\"},{\"@type\":\"ListItem\",\"position\":2,\"name\":\"BMW S\u00e9rie 1 : histoire et points forts d&rsquo;une championne de la cat\u00e9gorie compacte\"}]},{\"@type\":\"WebSite\",\"@id\":\"https:\/\/all-car-news.com\/fr\/#website\",\"url\":\"https:\/\/all-car-news.com\/fr\/\",\"name\":\"All cars news\",\"description\":\"\",\"publisher\":{\"@id\":\"https:\/\/all-car-news.com\/fr\/#organization\"},\"potentialAction\":[{\"@type\":\"SearchAction\",\"target\":{\"@type\":\"EntryPoint\",\"urlTemplate\":\"https:\/\/all-car-news.com\/fr\/?s={search_term_string}\"},\"query-input\":\"required name=search_term_string\"}],\"inLanguage\":\"fr-FR\"},{\"@type\":\"Organization\",\"@id\":\"https:\/\/all-car-news.com\/fr\/#organization\",\"name\":\"All cars news\",\"url\":\"https:\/\/all-car-news.com\/fr\/\",\"logo\":{\"@type\":\"ImageObject\",\"inLanguage\":\"fr-FR\",\"@id\":\"https:\/\/all-car-news.com\/fr\/#\/schema\/logo\/image\/\",\"url\":\"https:\/\/all-car-news.com\/wp-content\/uploads\/2022\/02\/CMYK-AllCarNews_LANDSCAPE_300px-1.png\",\"contentUrl\":\"https:\/\/all-car-news.com\/wp-content\/uploads\/2022\/02\/CMYK-AllCarNews_LANDSCAPE_300px-1.png\",\"width\":300,\"height\":100,\"caption\":\"All cars news\"},\"image\":{\"@id\":\"https:\/\/all-car-news.com\/fr\/#\/schema\/logo\/image\/\"}}]}<\/script>\n<!-- \/ Yoast SEO plugin. -->","yoast_head_json":{"title":"BMW S\u00e9rie 1 : histoire et points forts d'une championne de la cat\u00e9gorie compacte - All cars news","robots":{"index":"index","follow":"follow","max-snippet":"max-snippet:-1","max-image-preview":"max-image-preview:large","max-video-preview":"max-video-preview:-1"},"canonical":"https:\/\/all-car-news.com\/fr\/bmw-serie-1-histoire-et-points-forts-dune-championne-de-la-categorie-compacte\/","og_locale":"fr_FR","og_type":"article","og_title":"BMW S\u00e9rie 1 : histoire et points forts d'une championne de la cat\u00e9gorie compacte - All cars news","og_description":"Depuis son lancement en 2004, la BMW S\u00e9rie 1 s'est rapidement impos\u00e9e comme une r\u00e9f\u00e9rence dans la cat\u00e9gorie des voitures compactes. Avec un \u00e9quilibre parfait entre sportivit\u00e9, innovation et confort, BMW a une fois de plus prouv\u00e9 pourquoi la marque est au sommet. Que vous recherchiez la pr\u00e9cision dans la conduite, l'efficacit\u00e9 dans la consommation de carburant ou un design \u00e9l\u00e9gant, la [...]","og_url":"https:\/\/all-car-news.com\/fr\/bmw-serie-1-histoire-et-points-forts-dune-championne-de-la-categorie-compacte\/","og_site_name":"All cars news","article_published_time":"2024-11-05T15:11:00+00:00","og_image":[{"url":"https:\/\/autorai.nl\/wp-content\/uploads\/2024\/11\/bmw-e87.jpg"}],"twitter_card":"summary_large_image","twitter_misc":{"Dur\u00e9e de lecture estim\u00e9e":"6 minutes"},"schema":{"@context":"https:\/\/schema.org","@graph":[{"@type":"Article","@id":"https:\/\/all-car-news.com\/fr\/bmw-serie-1-histoire-et-points-forts-dune-championne-de-la-categorie-compacte\/#article","isPartOf":{"@id":"https:\/\/all-car-news.com\/fr\/bmw-serie-1-histoire-et-points-forts-dune-championne-de-la-categorie-compacte\/"},"author":{"name":"","@id":""},"headline":"BMW S\u00e9rie 1 : histoire et points forts d&rsquo;une championne de la cat\u00e9gorie compacte","datePublished":"2024-11-05T15:11:00+00:00","dateModified":"2024-11-05T15:11:00+00:00","mainEntityOfPage":{"@id":"https:\/\/all-car-news.com\/fr\/bmw-serie-1-histoire-et-points-forts-dune-championne-de-la-categorie-compacte\/"},"wordCount":1224,"publisher":{"@id":"https:\/\/all-car-news.com\/fr\/#organization"},"articleSection":["nouvelles de voiture"],"inLanguage":"fr-FR"},{"@type":"WebPage","@id":"https:\/\/all-car-news.com\/fr\/bmw-serie-1-histoire-et-points-forts-dune-championne-de-la-categorie-compacte\/","url":"https:\/\/all-car-news.com\/fr\/bmw-serie-1-histoire-et-points-forts-dune-championne-de-la-categorie-compacte\/","name":"BMW S\u00e9rie 1 : histoire et points forts d'une championne de la cat\u00e9gorie compacte - All cars news","isPartOf":{"@id":"https:\/\/all-car-news.com\/fr\/#website"},"datePublished":"2024-11-05T15:11:00+00:00","dateModified":"2024-11-05T15:11:00+00:00","breadcrumb":{"@id":"https:\/\/all-car-news.com\/fr\/bmw-serie-1-histoire-et-points-forts-dune-championne-de-la-categorie-compacte\/#breadcrumb"},"inLanguage":"fr-FR","potentialAction":[{"@type":"ReadAction","target":["https:\/\/all-car-news.com\/fr\/bmw-serie-1-histoire-et-points-forts-dune-championne-de-la-categorie-compacte\/"]}]},{"@type":"BreadcrumbList","@id":"https:\/\/all-car-news.com\/fr\/bmw-serie-1-histoire-et-points-forts-dune-championne-de-la-categorie-compacte\/#breadcrumb","itemListElement":[{"@type":"ListItem","position":1,"name":"Home","item":"https:\/\/all-car-news.com\/fr\/"},{"@type":"ListItem","position":2,"name":"BMW S\u00e9rie 1 : histoire et points forts d&rsquo;une championne de la cat\u00e9gorie compacte"}]},{"@type":"WebSite","@id":"https:\/\/all-car-news.com\/fr\/#website","url":"https:\/\/all-car-news.com\/fr\/","name":"All cars news","description":"","publisher":{"@id":"https:\/\/all-car-news.com\/fr\/#organization"},"potentialAction":[{"@type":"SearchAction","target":{"@type":"EntryPoint","urlTemplate":"https:\/\/all-car-news.com\/fr\/?s={search_term_string}"},"query-input":"required name=search_term_string"}],"inLanguage":"fr-FR"},{"@type":"Organization","@id":"https:\/\/all-car-news.com\/fr\/#organization","name":"All cars news","url":"https:\/\/all-car-news.com\/fr\/","logo":{"@type":"ImageObject","inLanguage":"fr-FR","@id":"https:\/\/all-car-news.com\/fr\/#\/schema\/logo\/image\/","url":"https:\/\/all-car-news.com\/wp-content\/uploads\/2022\/02\/CMYK-AllCarNews_LANDSCAPE_300px-1.png","contentUrl":"https:\/\/all-car-news.com\/wp-content\/uploads\/2022\/02\/CMYK-AllCarNews_LANDSCAPE_300px-1.png","width":300,"height":100,"caption":"All cars news"},"image":{"@id":"https:\/\/all-car-news.com\/fr\/#\/schema\/logo\/image\/"}}]}},"_links":{"self":[{"href":"https:\/\/all-car-news.com\/fr\/wp-json\/wp\/v2\/posts\/149744","targetHints":{"allow":["GET"]}}],"collection":[{"href":"https:\/\/all-car-news.com\/fr\/wp-json\/wp\/v2\/posts"}],"about":[{"href":"https:\/\/all-car-news.com\/fr\/wp-json\/wp\/v2\/types\/post"}],"replies":[{"embeddable":true,"href":"https:\/\/all-car-news.com\/fr\/wp-json\/wp\/v2\/comments?post=149744"}],"version-history":[{"count":0,"href":"https:\/\/all-car-news.com\/fr\/wp-json\/wp\/v2\/posts\/149744\/revisions"}],"wp:featuredmedia":[{"embeddable":true,"href":"https:\/\/all-car-news.com\/fr\/wp-json\/wp\/v2\/media\/149719"}],"wp:attachment":[{"href":"https:\/\/all-car-news.com\/fr\/wp-json\/wp\/v2\/media?parent=149744"}],"wp:term":[{"taxonomy":"category","embeddable":true,"href":"https:\/\/all-car-news.com\/fr\/wp-json\/wp\/v2\/categories?post=149744"},{"taxonomy":"post_tag","embeddable":true,"href":"https:\/\/all-car-news.com\/fr\/wp-json\/wp\/v2\/tags?post=149744"}],"curies":[{"name":"wp","href":"https:\/\/api.w.org\/{rel}","templated":true}]}}