{"id":149483,"date":"2024-10-22T07:16:00","date_gmt":"2024-10-22T07:16:00","guid":{"rendered":"https:\/\/all-car-news.com\/bmw-serie-2-gran-coupe-avec-de-nombreuses-nouveautes\/"},"modified":"2024-10-22T07:16:00","modified_gmt":"2024-10-22T07:16:00","slug":"bmw-serie-2-gran-coupe-avec-de-nombreuses-nouveautes","status":"publish","type":"post","link":"https:\/\/all-car-news.com\/fr\/bmw-serie-2-gran-coupe-avec-de-nombreuses-nouveautes\/","title":{"rendered":"BMW S\u00e9rie 2 Gran Coup\u00e9 avec de nombreuses nouveaut\u00e9s"},"content":{"rendered":"<h2>Une face avant modifi\u00e9e et un cul diff\u00e9rent<\/h2>\n<p>La BMW S\u00e9rie 2 Gran Coup\u00e9 adopte les m\u00eames am\u00e9liorations que la BMW S\u00e9rie 1 r\u00e9cemment remani\u00e9e. Ainsi, la partie avant du Gran Coup\u00e9 ressemble beaucoup \u00e0 celle de la S\u00e9rie 1, et la partie arri\u00e8re a \u00e9galement \u00e9t\u00e9 modifi\u00e9e. La S\u00e9rie 2 Gran Coup\u00e9 est \u00e9quip\u00e9e de s\u00e9rie de phares \u00e0 LED avec des \u00e9l\u00e9ments verticaux pour les feux de jour et les clignotants. Des phares adaptatifs \u00e0 LED avec feux de route matriciels non \u00e9blouissants, feux de virage et accents bleus sont disponibles en option. La calandre BMW Iconic Glow sera disponible \u00e0 partir de mars 2025, si cela vous tente.    <\/p>\n<h2>Nouvelles couleurs BMW S\u00e9rie 2 Gran Coup\u00e9<\/h2>\n<p>De nouvelles couleurs sont \u00e9galement propos\u00e9es pour la BMW S\u00e9rie 2 Gran Coup\u00e9. La gamme de couleurs comprend deux couleurs Uni et sept couleurs m\u00e9tallis\u00e9es, ainsi que quatre couleurs BMW Individual. La BMW S\u00e9rie 2 Gran Coup\u00e9, comme la BMW S\u00e9rie 1, propose pour la premi\u00e8re fois en option un toit noir brillant contrast\u00e9.    <\/p>\n<h2>Dimensions de la BMW S\u00e9rie 2 Gran Coup\u00e9<\/h2>\n<p>La nouvelle g\u00e9n\u00e9ration de la BMW S\u00e9rie 2 Gran Coup\u00e9 a \u00e9t\u00e9 allong\u00e9e de 20 millim\u00e8tres pour atteindre 4 546 millim\u00e8tres, tandis que l&#8217;empattement mesure 2 670 millim\u00e8tres. La largeur du v\u00e9hicule est de 1 800 millim\u00e8tres et la hauteur a \u00e9t\u00e9 augment\u00e9e de 25 millim\u00e8tres pour atteindre 1 445 millim\u00e8tres. Les si\u00e8ges arri\u00e8re offrent de s\u00e9rie une r\u00e9partition 40:20:40, tandis que le volume de rangement est de 430 litres. (BMW 220 Gran Coup\u00e9, BMW 220d Gran Coup\u00e9 : 360 litres).   <\/p>\n<figure class=\"wp-block-image size-content\"><img decoding=\"async\" loading=\"lazy\" width=\"1140\" height=\"760\" src=\"https:\/\/autorai.nl\/wp-content\/uploads\/2024\/10\/bmw-2-serie-gran-coupe-2025-foto33-1140x760.jpg\" alt=\"BMW S\u00e9rie 2 Gran Coup\u00e9\" class=\"wp-image-187978\"><\/figure>\n<h2>M Sport Design<\/h2>\n<p>Pour souligner encore davantage la sportivit\u00e9 de la nouvelle BMW S\u00e9rie 2 Gran Coup\u00e9, la version \u00ab\u00a0M Sport Design\u00a0\u00bb, au prix comp\u00e9titif, sera disponible d\u00e8s le d\u00e9but de la production. Elle comprend tous les \u00e9l\u00e9ments ext\u00e9rieurs du pack M Sport et peut \u00eatre command\u00e9e d\u00e8s le d\u00e9but de la production. La version M Sport Design comprend tous les \u00e9l\u00e9ments ext\u00e9rieurs du pack M Sport :  <\/p>\n<ul>\n<li>Grandes prises d&rsquo;air dans le pare-chocs avant<\/li>\n<li>Extensions de seuil plus importantes<\/li>\n<li>Pare-chocs arri\u00e8re avec diffuseur<\/li>\n<li>Jantes M en alliage l\u00e9ger de 18 pouces Style 975M<\/li>\n<\/ul>\n<p>Le prix de vente recommand\u00e9 de la version M Sport Design est de 1 270 euros.<\/p>\n<h2>BMW M235 xDrive Gran Coup\u00e9 : le mod\u00e8le haut de gamme<\/h2>\n<p>La BMW M235 xDrive Gran Coup\u00e9 vient compl\u00e9ter la gamme. Cette variante est anim\u00e9e par un moteur 4 cylindres de 221 kW (300 ch), qui permet de passer de 0 \u00e0 100 en 4,9 secondes. <\/p>\n<h2>Int\u00e9rieur enti\u00e8rement d\u00e9pourvu de cuir<\/h2>\n<p>L&rsquo;int\u00e9rieur nouvellement con\u00e7u de la BMW S\u00e9rie 2 Gran Coup\u00e9 est enti\u00e8rement d\u00e9pourvu de cuir de s\u00e9rie. Une sellerie Veganza\/Alcantara est disponible en option, associ\u00e9e \u00e0 des coutures contrast\u00e9es pour le tableau de bord. <\/p>\n<h2>Moteurs de nouvelle g\u00e9n\u00e9ration, transmission Steptronic \u00e0 7 vitesses de s\u00e9rie.<\/h2>\n<p>Avec le trois cylindres 125 kW\/170 ch sur la nouvelle BMW 220 Gran Coup\u00e9 et le quatre cylindres 120 kW\/163 ch sur la nouvelle BMW 220d Gran Coup\u00e9 et 110 kW\/150 ch sur la nouvelle BMW 218d Gran Coup\u00e9. Tous les moteurs transmettent leur puissance \u00e0 la route par l&rsquo;interm\u00e9diaire d&rsquo;une bo\u00eete de vitesses Steptronic \u00e0 double embrayage \u00e0 7 rapports de s\u00e9rie. Le groupe motopropulseur de la BMW 220 Gran Coup\u00e9 et de la BMW 220d Gran Coup\u00e9 est \u00e9lectrifi\u00e9 gr\u00e2ce \u00e0 la technologie Mild Hybrid de 48 volts.  <\/p>\n<h2>Rigidit\u00e9 accrue<\/h2>\n<p>La rigidit\u00e9 accrue de la structure de la carrosserie et des articulations du ch\u00e2ssis permet \u00e0 la nouvelle BMW S\u00e9rie 2 Gran Coup\u00e9 d&rsquo;am\u00e9liorer son agilit\u00e9, la pr\u00e9cision de sa direction et sa dynamique dans les virages. Le raffinement du ch\u00e2ssis se traduit par une cin\u00e9matique optimis\u00e9e et une nouvelle technologie d&rsquo;amortisseurs. L&rsquo;augmentation du d\u00e9port de chasse des roues avant assure une conduite stable en ligne droite et une sensation de direction optimis\u00e9e.  <\/p>\n<figure class=\"wp-block-image size-content\"><img decoding=\"async\" loading=\"lazy\" width=\"1140\" height=\"761\" src=\"https:\/\/autorai.nl\/wp-content\/uploads\/2024\/10\/bmw-2-serie-gran-coupe-2025-foto35-1140x761.jpg\" alt=\"BMW S\u00e9rie 2 Gran Coup\u00e9 - int\u00e9rieur\" class=\"wp-image-187980\"><\/figure>\n<h2>Jantes en alliage l\u00e9ger<\/h2>\n<p>L&rsquo;\u00e9quipement de s\u00e9rie comprend \u00e9galement un syst\u00e8me de freinage int\u00e9gr\u00e9 et des jantes en alliage de 17 pouces (BMW M235 xDrive Gran Coup\u00e9 : 18 pouces). Le pack M Sport comprend la suspension M adaptative avec une suspension abaiss\u00e9e, un volant sport et des jantes en alliage de 18 pouces. Les options comprennent des jantes en alliage jusqu&rsquo;\u00e0 19 pouces et un syst\u00e8me de freinage M Sport.  <\/p>\n<h2>Syst\u00e8mes d&rsquo;aide \u00e0 la conduite<\/h2>\n<p>Les syst\u00e8mes d&rsquo;aide \u00e0 la conduite de s\u00e9rie et en option disponibles pour la nouvelle BMW S\u00e9rie 2 Gran Coup\u00e9 \u00e9tablissent des normes parmi la concurrence en termes de gamme fonctionnelle et de fiabilit\u00e9. L&rsquo;\u00e9quipement de s\u00e9rie comprend l&rsquo;assistant de conduite avec l&rsquo;alerte de collision frontale, l&rsquo;alerte de franchissement de ligne, l&rsquo;alerte de sortie de route et l&rsquo;information sur les limitations de vitesse, ainsi que l&rsquo;assistant de stationnement avec l&rsquo;assistant de marche arri\u00e8re. Les options comprennent l&rsquo;assistant de direction et de contr\u00f4le de la voie, l&rsquo;assistant automatique de limitation de vitesse et le r\u00e9gulateur de vitesse actif avec fonction Stop &amp; Go. L&rsquo;Assistant de stationnement professionnel est \u00e9galement disponible pour les mod\u00e8les BMW 220 Gran Coup\u00e9 et BMW 220d Gran Coup\u00e9 : il permet aux conducteurs de contr\u00f4ler les man\u0153uvres de stationnement depuis l&rsquo;ext\u00e9rieur de leur v\u00e9hicule \u00e0 l&rsquo;aide d&rsquo;un smartphone et de l&rsquo;application My BMW App.   <\/p>\n<h2>Equipement de s\u00e9rie BMW S\u00e9rie 2 Gran Coup\u00e9<\/h2>\n<p>La gamme d&rsquo;\u00e9quipements de s\u00e9rie consid\u00e9rablement \u00e9largie de la nouvelle BMW S\u00e9rie 2 Gran Coup\u00e9 comprend \u00e9galement le BMW Live Cockpit Plus avec le syst\u00e8me de navigation bas\u00e9 sur le cloud BMW Maps. De nouveaux packs d&rsquo;\u00e9quipements optionnels permettent une personnalisation cibl\u00e9e. Le Pack Innovation, par exemple, comprend le BMW Live Cockpit Professional avec l&rsquo;affichage t\u00eate haute BMW et la vue augment\u00e9e sur l&rsquo;\u00e9cran de contr\u00f4le, ainsi que l&rsquo;Assistant de stationnement Plus.    <\/p>\n<p>Le Pack Premium comprend la recharge sans fil, l&rsquo;acc\u00e8s confort, la projection du logo sur les r\u00e9troviseurs ext\u00e9rieurs, l&rsquo;assombrissement automatique des r\u00e9troviseurs int\u00e9rieurs et les phares LED adaptatifs. Le programme d&rsquo;options comprend \u00e9galement la climatisation automatique \u00e0 deux zones, un toit ouvrant panoramique en verre et le syst\u00e8me audio Harman Kardon. <\/p>\n<div class=\"galery galery-0\">\n<figure>\n\t\t\t\t\t<span style=\"cursor: pointer\" data-src=\"https:\/\/autorai.nl\/wp-content\/uploads\/2024\/10\/bmw-2-serie-gran-coupe-2025-foto38-1600x1068.jpg\" data-fancybox=\"galery-0\" title=\"\"><br \/>\n\t\t\t\t\t\t\t<img decoding=\"async\" width=\"360\" height=\"270\" src=\"https:\/\/autorai.nl\/wp-content\/uploads\/2024\/10\/bmw-2-serie-gran-coupe-2025-foto38-360x270.jpg\" class=\"attachment-small size-small\" alt=\"\" loading=\"lazy\"><i class=\"fa fa-search-plus\" aria-hidden=\"true\"><\/i><br \/>\n\t\t\t\t\t\t<\/span><br \/>\n\t\t\t\t\t<\/figure>\n<figure>\n\t\t\t\t\t<span style=\"cursor: pointer\" data-src=\"https:\/\/autorai.nl\/wp-content\/uploads\/2024\/10\/bmw-2-serie-gran-coupe-2025-foto37-1600x1067.jpg\" data-fancybox=\"galery-0\" title=\"\"><br \/>\n\t\t\t\t\t\t\t<img decoding=\"async\" width=\"360\" height=\"270\" src=\"https:\/\/autorai.nl\/wp-content\/uploads\/2024\/10\/bmw-2-serie-gran-coupe-2025-foto37-360x270.jpg\" class=\"attachment-small size-small\" alt=\"\" loading=\"lazy\"><i class=\"fa fa-search-plus\" aria-hidden=\"true\"><\/i><br \/>\n\t\t\t\t\t\t<\/span><br \/>\n\t\t\t\t\t<\/figure>\n<figure>\n\t\t\t\t\t<span style=\"cursor: pointer\" data-src=\"https:\/\/autorai.nl\/wp-content\/uploads\/2024\/10\/bmw-2-serie-gran-coupe-2025-foto36-1600x1067.jpg\" data-fancybox=\"galery-0\" title=\"\"><br \/>\n\t\t\t\t\t\t\t<img decoding=\"async\" width=\"360\" height=\"270\" src=\"https:\/\/autorai.nl\/wp-content\/uploads\/2024\/10\/bmw-2-serie-gran-coupe-2025-foto36-360x270.jpg\" class=\"attachment-small size-small\" alt=\"\" loading=\"lazy\"><i class=\"fa fa-search-plus\" aria-hidden=\"true\"><\/i><br \/>\n\t\t\t\t\t\t<\/span><br \/>\n\t\t\t\t\t<\/figure>\n<figure>\n\t\t\t\t\t<span style=\"cursor: pointer\" data-src=\"https:\/\/autorai.nl\/wp-content\/uploads\/2024\/10\/bmw-2-serie-gran-coupe-2025-foto35-1600x1068.jpg\" data-fancybox=\"galery-0\" title=\"\"><br \/>\n\t\t\t\t\t\t\t<img decoding=\"async\" width=\"360\" height=\"270\" src=\"https:\/\/autorai.nl\/wp-content\/uploads\/2024\/10\/bmw-2-serie-gran-coupe-2025-foto35-360x270.jpg\" class=\"attachment-small size-small\" alt=\"BMW S\u00e9rie 2 Gran Coup\u00e9 - int\u00e9rieur\" loading=\"lazy\"><i class=\"fa fa-search-plus\" aria-hidden=\"true\"><\/i><br \/>\n\t\t\t\t\t\t<\/span><br \/>\n\t\t\t\t\t<\/figure>\n<figure>\n\t\t\t\t\t<span style=\"cursor: pointer\" data-src=\"https:\/\/autorai.nl\/wp-content\/uploads\/2024\/10\/bmw-2-serie-gran-coupe-2025-foto34-1600x1067.jpg\" data-fancybox=\"galery-0\" title=\"\"><br \/>\n\t\t\t\t\t\t\t<img decoding=\"async\" width=\"360\" height=\"270\" src=\"https:\/\/autorai.nl\/wp-content\/uploads\/2024\/10\/bmw-2-serie-gran-coupe-2025-foto34-360x270.jpg\" class=\"attachment-small size-small\" alt=\"\" loading=\"lazy\"><i class=\"fa fa-search-plus\" aria-hidden=\"true\"><\/i><br \/>\n\t\t\t\t\t\t<\/span><br \/>\n\t\t\t\t\t<\/figure>\n<figure>\n\t\t\t\t\t<span style=\"cursor: pointer\" data-src=\"https:\/\/autorai.nl\/wp-content\/uploads\/2024\/10\/bmw-2-serie-gran-coupe-2025-foto33-1600x1067.jpg\" data-fancybox=\"galery-0\" title=\"\"><br \/>\n\t\t\t\t\t\t\t<img decoding=\"async\" width=\"360\" height=\"270\" src=\"https:\/\/autorai.nl\/wp-content\/uploads\/2024\/10\/bmw-2-serie-gran-coupe-2025-foto33-360x270.jpg\" class=\"attachment-small size-small\" alt=\"BMW S\u00e9rie 2 Gran Coup\u00e9\" loading=\"lazy\"><i class=\"fa fa-search-plus\" aria-hidden=\"true\"><\/i><br \/>\n\t\t\t\t\t\t<\/span><br \/>\n\t\t\t\t\t<\/figure>\n<figure>\n\t\t\t\t\t<span style=\"cursor: pointer\" data-src=\"https:\/\/autorai.nl\/wp-content\/uploads\/2024\/10\/bmw-2-serie-gran-coupe-2025-foto32-1600x1067.jpg\" data-fancybox=\"galery-0\" title=\"\"><br \/>\n\t\t\t\t\t\t\t<img decoding=\"async\" width=\"360\" height=\"270\" src=\"https:\/\/autorai.nl\/wp-content\/uploads\/2024\/10\/bmw-2-serie-gran-coupe-2025-foto32-360x270.jpg\" class=\"attachment-small size-small\" alt=\"\" loading=\"lazy\"><i class=\"fa fa-search-plus\" aria-hidden=\"true\"><\/i><br \/>\n\t\t\t\t\t\t<\/span><br \/>\n\t\t\t\t\t<\/figure>\n<figure>\n\t\t\t\t\t<span style=\"cursor: pointer\" data-src=\"https:\/\/autorai.nl\/wp-content\/uploads\/2024\/10\/bmw-2-serie-gran-coupe-2025-foto31-1600x1067.jpg\" data-fancybox=\"galery-0\" title=\"\"><br \/>\n\t\t\t\t\t\t\t<img decoding=\"async\" width=\"360\" height=\"270\" src=\"https:\/\/autorai.nl\/wp-content\/uploads\/2024\/10\/bmw-2-serie-gran-coupe-2025-foto31-360x270.jpg\" class=\"attachment-small size-small\" alt=\"\" loading=\"lazy\"><i class=\"fa fa-search-plus\" aria-hidden=\"true\"><\/i><br \/>\n\t\t\t\t\t\t<\/span><br \/>\n\t\t\t\t\t<\/figure>\n<figure>\n\t\t\t\t\t<span style=\"cursor: pointer\" data-src=\"https:\/\/autorai.nl\/wp-content\/uploads\/2024\/10\/bmw-2-serie-gran-coupe-2025-foto30-1600x1067.jpg\" data-fancybox=\"galery-0\" title=\"\"><br \/>\n\t\t\t\t\t\t\t<img decoding=\"async\" width=\"360\" height=\"270\" src=\"https:\/\/autorai.nl\/wp-content\/uploads\/2024\/10\/bmw-2-serie-gran-coupe-2025-foto30-360x270.jpg\" class=\"attachment-small size-small\" alt=\"\" loading=\"lazy\"><i class=\"fa fa-search-plus\" aria-hidden=\"true\"><\/i><br \/>\n\t\t\t\t\t\t<\/span><br \/>\n\t\t\t\t\t<\/figure>\n<figure>\n\t\t\t\t\t<span style=\"cursor: pointer\" data-src=\"https:\/\/autorai.nl\/wp-content\/uploads\/2024\/10\/bmw-2-serie-gran-coupe-2025-foto29-1600x1067.jpg\" data-fancybox=\"galery-0\" title=\"\"><br \/>\n\t\t\t\t\t\t\t<img decoding=\"async\" width=\"360\" height=\"270\" src=\"https:\/\/autorai.nl\/wp-content\/uploads\/2024\/10\/bmw-2-serie-gran-coupe-2025-foto29-360x270.jpg\" class=\"attachment-small size-small\" alt=\"BMW S\u00e9rie 2 Gran Coup\u00e9 2025\" loading=\"lazy\"><i class=\"fa fa-search-plus\" aria-hidden=\"true\"><\/i><br \/>\n\t\t\t\t\t\t<\/span><br \/>\n\t\t\t\t\t<\/figure>\n<figure>\n\t\t\t\t\t<span style=\"cursor: pointer\" data-src=\"https:\/\/autorai.nl\/wp-content\/uploads\/2024\/10\/bmw-2-serie-gran-coupe-2025-foto28-1600x1067.jpg\" data-fancybox=\"galery-0\" title=\"\"><br \/>\n\t\t\t\t\t\t\t<img decoding=\"async\" width=\"360\" height=\"270\" src=\"https:\/\/autorai.nl\/wp-content\/uploads\/2024\/10\/bmw-2-serie-gran-coupe-2025-foto28-360x270.jpg\" class=\"attachment-small size-small\" alt=\"\" loading=\"lazy\"><i class=\"fa fa-search-plus\" aria-hidden=\"true\"><\/i><br \/>\n\t\t\t\t\t\t<\/span><br \/>\n\t\t\t\t\t<\/figure>\n<figure>\n\t\t\t\t\t<span style=\"cursor: pointer\" data-src=\"https:\/\/autorai.nl\/wp-content\/uploads\/2024\/10\/bmw-2-serie-gran-coupe-2025-foto27-1600x1067.jpg\" data-fancybox=\"galery-0\" title=\"\"><br \/>\n\t\t\t\t\t\t\t<img decoding=\"async\" width=\"360\" height=\"270\" src=\"https:\/\/autorai.nl\/wp-content\/uploads\/2024\/10\/bmw-2-serie-gran-coupe-2025-foto27-360x270.jpg\" class=\"attachment-small size-small\" alt=\"\" loading=\"lazy\"><i class=\"fa fa-search-plus\" aria-hidden=\"true\"><\/i><br \/>\n\t\t\t\t\t\t<\/span><br \/>\n\t\t\t\t\t<\/figure>\n<figure>\n\t\t\t\t\t<span style=\"cursor: pointer\" data-src=\"https:\/\/autorai.nl\/wp-content\/uploads\/2024\/10\/bmw-2-serie-gran-coupe-2025-foto26-1600x1068.jpg\" data-fancybox=\"galery-0\" title=\"\"><br \/>\n\t\t\t\t\t\t\t<img decoding=\"async\" width=\"360\" height=\"270\" src=\"https:\/\/autorai.nl\/wp-content\/uploads\/2024\/10\/bmw-2-serie-gran-coupe-2025-foto26-360x270.jpg\" class=\"attachment-small size-small\" alt=\"\" loading=\"lazy\"><i class=\"fa fa-search-plus\" aria-hidden=\"true\"><\/i><br \/>\n\t\t\t\t\t\t<\/span><br \/>\n\t\t\t\t\t<\/figure>\n<figure>\n\t\t\t\t\t<span style=\"cursor: pointer\" data-src=\"https:\/\/autorai.nl\/wp-content\/uploads\/2024\/10\/bmw-2-serie-gran-coupe-2025-foto25-1600x1068.jpg\" data-fancybox=\"galery-0\" title=\"\"><br \/>\n\t\t\t\t\t\t\t<img decoding=\"async\" width=\"360\" height=\"270\" src=\"https:\/\/autorai.nl\/wp-content\/uploads\/2024\/10\/bmw-2-serie-gran-coupe-2025-foto25-360x270.jpg\" class=\"attachment-small size-small\" alt=\"\" loading=\"lazy\"><i class=\"fa fa-search-plus\" aria-hidden=\"true\"><\/i><br \/>\n\t\t\t\t\t\t<\/span><br \/>\n\t\t\t\t\t<\/figure>\n<figure>\n\t\t\t\t\t<span style=\"cursor: pointer\" data-src=\"https:\/\/autorai.nl\/wp-content\/uploads\/2024\/10\/bmw-2-serie-gran-coupe-2025-foto24-1600x1068.jpg\" data-fancybox=\"galery-0\" title=\"\"><br \/>\n\t\t\t\t\t\t\t<img decoding=\"async\" width=\"360\" height=\"270\" src=\"https:\/\/autorai.nl\/wp-content\/uploads\/2024\/10\/bmw-2-serie-gran-coupe-2025-foto24-360x270.jpg\" class=\"attachment-small size-small\" alt=\"\" loading=\"lazy\"><i class=\"fa fa-search-plus\" aria-hidden=\"true\"><\/i><br \/>\n\t\t\t\t\t\t<\/span><br \/>\n\t\t\t\t\t<\/figure>\n<figure>\n\t\t\t\t\t<span style=\"cursor: pointer\" data-src=\"https:\/\/autorai.nl\/wp-content\/uploads\/2024\/10\/bmw-2-serie-gran-coupe-2025-foto23-1600x1068.jpg\" data-fancybox=\"galery-0\" title=\"\"><br \/>\n\t\t\t\t\t\t\t<img decoding=\"async\" width=\"360\" height=\"270\" src=\"https:\/\/autorai.nl\/wp-content\/uploads\/2024\/10\/bmw-2-serie-gran-coupe-2025-foto23-360x270.jpg\" class=\"attachment-small size-small\" alt=\"\" loading=\"lazy\"><i class=\"fa fa-search-plus\" aria-hidden=\"true\"><\/i><br \/>\n\t\t\t\t\t\t<\/span><br \/>\n\t\t\t\t\t<\/figure>\n<figure>\n\t\t\t\t\t<span style=\"cursor: pointer\" data-src=\"https:\/\/autorai.nl\/wp-content\/uploads\/2024\/10\/bmw-2-serie-gran-coupe-2025-foto22-1600x1068.jpg\" data-fancybox=\"galery-0\" title=\"\"><br \/>\n\t\t\t\t\t\t\t<img decoding=\"async\" width=\"360\" height=\"270\" src=\"https:\/\/autorai.nl\/wp-content\/uploads\/2024\/10\/bmw-2-serie-gran-coupe-2025-foto22-360x270.jpg\" class=\"attachment-small size-small\" alt=\"\" loading=\"lazy\"><i class=\"fa fa-search-plus\" aria-hidden=\"true\"><\/i><br \/>\n\t\t\t\t\t\t<\/span><br \/>\n\t\t\t\t\t<\/figure>\n<figure>\n\t\t\t\t\t<span style=\"cursor: pointer\" data-src=\"https:\/\/autorai.nl\/wp-content\/uploads\/2024\/10\/bmw-2-serie-gran-coupe-2025-foto21-1600x1068.jpg\" data-fancybox=\"galery-0\" title=\"\"><br \/>\n\t\t\t\t\t\t\t<img decoding=\"async\" width=\"360\" height=\"270\" src=\"https:\/\/autorai.nl\/wp-content\/uploads\/2024\/10\/bmw-2-serie-gran-coupe-2025-foto21-360x270.jpg\" class=\"attachment-small size-small\" alt=\"\" loading=\"lazy\"><i class=\"fa fa-search-plus\" aria-hidden=\"true\"><\/i><br \/>\n\t\t\t\t\t\t<\/span><br \/>\n\t\t\t\t\t<\/figure>\n<figure>\n\t\t\t\t\t<span style=\"cursor: pointer\" data-src=\"https:\/\/autorai.nl\/wp-content\/uploads\/2024\/10\/bmw-2-serie-gran-coupe-2025-foto20-1600x1068.jpg\" data-fancybox=\"galery-0\" title=\"\"><br \/>\n\t\t\t\t\t\t\t<img decoding=\"async\" width=\"360\" height=\"270\" src=\"https:\/\/autorai.nl\/wp-content\/uploads\/2024\/10\/bmw-2-serie-gran-coupe-2025-foto20-360x270.jpg\" class=\"attachment-small size-small\" alt=\"\" loading=\"lazy\"><i class=\"fa fa-search-plus\" aria-hidden=\"true\"><\/i><br \/>\n\t\t\t\t\t\t<\/span><br \/>\n\t\t\t\t\t<\/figure>\n<figure>\n\t\t\t\t\t<span style=\"cursor: pointer\" data-src=\"https:\/\/autorai.nl\/wp-content\/uploads\/2024\/10\/bmw-2-serie-gran-coupe-2025-foto19-1600x1068.jpg\" data-fancybox=\"galery-0\" title=\"\"><br \/>\n\t\t\t\t\t\t\t<img decoding=\"async\" width=\"360\" height=\"270\" src=\"https:\/\/autorai.nl\/wp-content\/uploads\/2024\/10\/bmw-2-serie-gran-coupe-2025-foto19-360x270.jpg\" class=\"attachment-small size-small\" alt=\"\" loading=\"lazy\"><i class=\"fa fa-search-plus\" aria-hidden=\"true\"><\/i><br \/>\n\t\t\t\t\t\t<\/span><br \/>\n\t\t\t\t\t<\/figure>\n<figure>\n\t\t\t\t\t<span style=\"cursor: pointer\" data-src=\"https:\/\/autorai.nl\/wp-content\/uploads\/2024\/10\/bmw-2-serie-gran-coupe-2025-foto18-1600x1068.jpg\" data-fancybox=\"galery-0\" title=\"\"><br \/>\n\t\t\t\t\t\t\t<img decoding=\"async\" width=\"360\" height=\"270\" src=\"https:\/\/autorai.nl\/wp-content\/uploads\/2024\/10\/bmw-2-serie-gran-coupe-2025-foto18-360x270.jpg\" class=\"attachment-small size-small\" alt=\"\" loading=\"lazy\"><i class=\"fa fa-search-plus\" aria-hidden=\"true\"><\/i><br \/>\n\t\t\t\t\t\t<\/span><br \/>\n\t\t\t\t\t<\/figure>\n<figure>\n\t\t\t\t\t<span style=\"cursor: pointer\" data-src=\"https:\/\/autorai.nl\/wp-content\/uploads\/2024\/10\/bmw-2-serie-gran-coupe-2025-foto17-1600x1067.jpg\" data-fancybox=\"galery-0\" title=\"\"><br \/>\n\t\t\t\t\t\t\t<img decoding=\"async\" width=\"360\" height=\"270\" src=\"https:\/\/autorai.nl\/wp-content\/uploads\/2024\/10\/bmw-2-serie-gran-coupe-2025-foto17-360x270.jpg\" class=\"attachment-small size-small\" alt=\"\" loading=\"lazy\"><i class=\"fa fa-search-plus\" aria-hidden=\"true\"><\/i><br \/>\n\t\t\t\t\t\t<\/span><br \/>\n\t\t\t\t\t<\/figure>\n<figure>\n\t\t\t\t\t<span style=\"cursor: pointer\" data-src=\"https:\/\/autorai.nl\/wp-content\/uploads\/2024\/10\/bmw-2-serie-gran-coupe-2025-foto16-1600x1068.jpg\" data-fancybox=\"galery-0\" title=\"\"><br \/>\n\t\t\t\t\t\t\t<img decoding=\"async\" width=\"360\" height=\"270\" src=\"https:\/\/autorai.nl\/wp-content\/uploads\/2024\/10\/bmw-2-serie-gran-coupe-2025-foto16-360x270.jpg\" class=\"attachment-small size-small\" alt=\"\" loading=\"lazy\"><i class=\"fa fa-search-plus\" aria-hidden=\"true\"><\/i><br \/>\n\t\t\t\t\t\t<\/span><br \/>\n\t\t\t\t\t<\/figure>\n<figure>\n\t\t\t\t\t<span style=\"cursor: pointer\" data-src=\"https:\/\/autorai.nl\/wp-content\/uploads\/2024\/10\/bmw-2-serie-gran-coupe-2025-foto15-1600x1068.jpg\" data-fancybox=\"galery-0\" title=\"\"><br \/>\n\t\t\t\t\t\t\t<img decoding=\"async\" width=\"360\" height=\"270\" src=\"https:\/\/autorai.nl\/wp-content\/uploads\/2024\/10\/bmw-2-serie-gran-coupe-2025-foto15-360x270.jpg\" class=\"attachment-small size-small\" alt=\"\" loading=\"lazy\"><i class=\"fa fa-search-plus\" aria-hidden=\"true\"><\/i><br \/>\n\t\t\t\t\t\t<\/span><br \/>\n\t\t\t\t\t<\/figure>\n<figure>\n\t\t\t\t\t<span style=\"cursor: pointer\" data-src=\"https:\/\/autorai.nl\/wp-content\/uploads\/2024\/10\/bmw-2-serie-gran-coupe-2025-foto14-1600x1068.jpg\" data-fancybox=\"galery-0\" title=\"\"><br \/>\n\t\t\t\t\t\t\t<img decoding=\"async\" width=\"360\" height=\"270\" src=\"https:\/\/autorai.nl\/wp-content\/uploads\/2024\/10\/bmw-2-serie-gran-coupe-2025-foto14-360x270.jpg\" class=\"attachment-small size-small\" alt=\"\" loading=\"lazy\"><i class=\"fa fa-search-plus\" aria-hidden=\"true\"><\/i><br \/>\n\t\t\t\t\t\t<\/span><br \/>\n\t\t\t\t\t<\/figure>\n<figure>\n\t\t\t\t\t<span style=\"cursor: pointer\" data-src=\"https:\/\/autorai.nl\/wp-content\/uploads\/2024\/10\/bmw-2-serie-gran-coupe-2025-foto13-1600x1112.jpg\" data-fancybox=\"galery-0\" title=\"\"><br \/>\n\t\t\t\t\t\t\t<img decoding=\"async\" width=\"360\" height=\"270\" src=\"https:\/\/autorai.nl\/wp-content\/uploads\/2024\/10\/bmw-2-serie-gran-coupe-2025-foto13-360x270.jpg\" class=\"attachment-small size-small\" alt=\"\" loading=\"lazy\"><i class=\"fa fa-search-plus\" aria-hidden=\"true\"><\/i><br \/>\n\t\t\t\t\t\t<\/span><br \/>\n\t\t\t\t\t<\/figure>\n<figure>\n\t\t\t\t\t<span style=\"cursor: pointer\" data-src=\"https:\/\/autorai.nl\/wp-content\/uploads\/2024\/10\/bmw-2-serie-gran-coupe-2025-foto12-1600x1067.jpg\" data-fancybox=\"galery-0\" title=\"\"><br \/>\n\t\t\t\t\t\t\t<img decoding=\"async\" width=\"360\" height=\"270\" src=\"https:\/\/autorai.nl\/wp-content\/uploads\/2024\/10\/bmw-2-serie-gran-coupe-2025-foto12-360x270.jpg\" class=\"attachment-small size-small\" alt=\"\" loading=\"lazy\"><i class=\"fa fa-search-plus\" aria-hidden=\"true\"><\/i><br \/>\n\t\t\t\t\t\t<\/span><br \/>\n\t\t\t\t\t<\/figure>\n<figure>\n\t\t\t\t\t<span style=\"cursor: pointer\" data-src=\"https:\/\/autorai.nl\/wp-content\/uploads\/2024\/10\/bmw-2-serie-gran-coupe-2025-foto11-1600x1067.jpg\" data-fancybox=\"galery-0\" title=\"\"><br \/>\n\t\t\t\t\t\t\t<img decoding=\"async\" width=\"360\" height=\"270\" src=\"https:\/\/autorai.nl\/wp-content\/uploads\/2024\/10\/bmw-2-serie-gran-coupe-2025-foto11-360x270.jpg\" class=\"attachment-small size-small\" alt=\"\" loading=\"lazy\"><i class=\"fa fa-search-plus\" aria-hidden=\"true\"><\/i><br \/>\n\t\t\t\t\t\t<\/span><br \/>\n\t\t\t\t\t<\/figure>\n<figure>\n\t\t\t\t\t<span style=\"cursor: pointer\" data-src=\"https:\/\/autorai.nl\/wp-content\/uploads\/2024\/10\/bmw-2-serie-gran-coupe-2025-foto10-1600x1068.jpg\" data-fancybox=\"galery-0\" title=\"\"><br \/>\n\t\t\t\t\t\t\t<img decoding=\"async\" width=\"360\" height=\"270\" src=\"https:\/\/autorai.nl\/wp-content\/uploads\/2024\/10\/bmw-2-serie-gran-coupe-2025-foto10-360x270.jpg\" class=\"attachment-small size-small\" alt=\"\" loading=\"lazy\"><i class=\"fa fa-search-plus\" aria-hidden=\"true\"><\/i><br \/>\n\t\t\t\t\t\t<\/span><br \/>\n\t\t\t\t\t<\/figure>\n<figure>\n\t\t\t\t\t<span style=\"cursor: pointer\" data-src=\"https:\/\/autorai.nl\/wp-content\/uploads\/2024\/10\/bmw-2-serie-gran-coupe-2025-foto9-1600x1068.jpg\" data-fancybox=\"galery-0\" title=\"\"><br \/>\n\t\t\t\t\t\t\t<img decoding=\"async\" width=\"360\" height=\"270\" src=\"https:\/\/autorai.nl\/wp-content\/uploads\/2024\/10\/bmw-2-serie-gran-coupe-2025-foto9-360x270.jpg\" class=\"attachment-small size-small\" alt=\"\" loading=\"lazy\"><i class=\"fa fa-search-plus\" aria-hidden=\"true\"><\/i><br \/>\n\t\t\t\t\t\t<\/span><br \/>\n\t\t\t\t\t<\/figure>\n<figure>\n\t\t\t\t\t<span style=\"cursor: pointer\" data-src=\"https:\/\/autorai.nl\/wp-content\/uploads\/2024\/10\/bmw-2-serie-gran-coupe-2025-foto8-1600x1068.jpg\" data-fancybox=\"galery-0\" title=\"\"><br \/>\n\t\t\t\t\t\t\t<img decoding=\"async\" width=\"360\" height=\"270\" src=\"https:\/\/autorai.nl\/wp-content\/uploads\/2024\/10\/bmw-2-serie-gran-coupe-2025-foto8-360x270.jpg\" class=\"attachment-small size-small\" alt=\"\" loading=\"lazy\"><i class=\"fa fa-search-plus\" aria-hidden=\"true\"><\/i><br \/>\n\t\t\t\t\t\t<\/span><br \/>\n\t\t\t\t\t<\/figure>\n<figure>\n\t\t\t\t\t<span style=\"cursor: pointer\" data-src=\"https:\/\/autorai.nl\/wp-content\/uploads\/2024\/10\/bmw-2-serie-gran-coupe-2025-foto7-1600x1068.jpg\" data-fancybox=\"galery-0\" title=\"\"><br \/>\n\t\t\t\t\t\t\t<img decoding=\"async\" width=\"360\" height=\"270\" src=\"https:\/\/autorai.nl\/wp-content\/uploads\/2024\/10\/bmw-2-serie-gran-coupe-2025-foto7-360x270.jpg\" class=\"attachment-small size-small\" alt=\"\" loading=\"lazy\"><i class=\"fa fa-search-plus\" aria-hidden=\"true\"><\/i><br \/>\n\t\t\t\t\t\t<\/span><br \/>\n\t\t\t\t\t<\/figure>\n<figure>\n\t\t\t\t\t<span style=\"cursor: pointer\" data-src=\"https:\/\/autorai.nl\/wp-content\/uploads\/2024\/10\/bmw-2-serie-gran-coupe-2025-foto6-1600x1068.jpg\" data-fancybox=\"galery-0\" title=\"\"><br \/>\n\t\t\t\t\t\t\t<img decoding=\"async\" width=\"360\" height=\"270\" src=\"https:\/\/autorai.nl\/wp-content\/uploads\/2024\/10\/bmw-2-serie-gran-coupe-2025-foto6-360x270.jpg\" class=\"attachment-small size-small\" alt=\"\" loading=\"lazy\"><i class=\"fa fa-search-plus\" aria-hidden=\"true\"><\/i><br \/>\n\t\t\t\t\t\t<\/span><br \/>\n\t\t\t\t\t<\/figure>\n<figure>\n\t\t\t\t\t<span style=\"cursor: pointer\" data-src=\"https:\/\/autorai.nl\/wp-content\/uploads\/2024\/10\/bmw-2-serie-gran-coupe-2025-foto5-1600x1067.jpg\" data-fancybox=\"galery-0\" title=\"\"><br \/>\n\t\t\t\t\t\t\t<img decoding=\"async\" width=\"360\" height=\"270\" src=\"https:\/\/autorai.nl\/wp-content\/uploads\/2024\/10\/bmw-2-serie-gran-coupe-2025-foto5-360x270.jpg\" class=\"attachment-small size-small\" alt=\"\" loading=\"lazy\"><i class=\"fa fa-search-plus\" aria-hidden=\"true\"><\/i><br \/>\n\t\t\t\t\t\t<\/span><br \/>\n\t\t\t\t\t<\/figure>\n<figure>\n\t\t\t\t\t<span style=\"cursor: pointer\" data-src=\"https:\/\/autorai.nl\/wp-content\/uploads\/2024\/10\/bmw-2-serie-gran-coupe-2025-foto4-1600x1131.jpg\" data-fancybox=\"galery-0\" title=\"\"><br \/>\n\t\t\t\t\t\t\t<img decoding=\"async\" width=\"360\" height=\"270\" src=\"https:\/\/autorai.nl\/wp-content\/uploads\/2024\/10\/bmw-2-serie-gran-coupe-2025-foto4-360x270.jpg\" class=\"attachment-small size-small\" alt=\"\" loading=\"lazy\"><i class=\"fa fa-search-plus\" aria-hidden=\"true\"><\/i><br \/>\n\t\t\t\t\t\t<\/span><br \/>\n\t\t\t\t\t<\/figure>\n<figure>\n\t\t\t\t\t<span style=\"cursor: pointer\" data-src=\"https:\/\/autorai.nl\/wp-content\/uploads\/2024\/10\/bmw-2-serie-gran-coupe-2025-foto3-1600x1131.jpg\" data-fancybox=\"galery-0\" title=\"\"><br \/>\n\t\t\t\t\t\t\t<img decoding=\"async\" width=\"360\" height=\"270\" src=\"https:\/\/autorai.nl\/wp-content\/uploads\/2024\/10\/bmw-2-serie-gran-coupe-2025-foto3-360x270.jpg\" class=\"attachment-small size-small\" alt=\"\" loading=\"lazy\"><i class=\"fa fa-search-plus\" aria-hidden=\"true\"><\/i><br \/>\n\t\t\t\t\t\t<\/span><br \/>\n\t\t\t\t\t<\/figure>\n<figure>\n\t\t\t\t\t<span style=\"cursor: pointer\" data-src=\"https:\/\/autorai.nl\/wp-content\/uploads\/2024\/10\/bmw-2-serie-gran-coupe-2025-foto2-1600x1131.jpg\" data-fancybox=\"galery-0\" title=\"\"><br \/>\n\t\t\t\t\t\t\t<img decoding=\"async\" width=\"360\" height=\"270\" src=\"https:\/\/autorai.nl\/wp-content\/uploads\/2024\/10\/bmw-2-serie-gran-coupe-2025-foto2-360x270.jpg\" class=\"attachment-small size-small\" alt=\"\" loading=\"lazy\"><i class=\"fa fa-search-plus\" aria-hidden=\"true\"><\/i><br \/>\n\t\t\t\t\t\t<\/span><br \/>\n\t\t\t\t\t<\/figure>\n<figure>\n\t\t\t\t\t<span style=\"cursor: pointer\" data-src=\"https:\/\/autorai.nl\/wp-content\/uploads\/2024\/10\/bmw-2-serie-gran-coupe-2025-foto1-1600x1131.jpg\" data-fancybox=\"galery-0\" title=\"\"><br \/>\n\t\t\t\t\t\t\t<img decoding=\"async\" width=\"360\" height=\"270\" src=\"https:\/\/autorai.nl\/wp-content\/uploads\/2024\/10\/bmw-2-serie-gran-coupe-2025-foto1-360x270.jpg\" class=\"attachment-small size-small\" alt=\"\" loading=\"lazy\"><i class=\"fa fa-search-plus\" aria-hidden=\"true\"><\/i><br \/>\n\t\t\t\t\t\t<\/span><br \/>\n\t\t\t\t\t<\/figure>\n<div class=\"clear\"><\/div>\n<\/div>\n","protected":false},"excerpt":{"rendered":"Une face avant modifi\u00e9e et un cul diff\u00e9rent La BMW S\u00e9rie 2 Gran Coup\u00e9 adopte les m\u00eames \u00e9volutions que la\u2026","protected":false},"author":0,"featured_media":148535,"comment_status":"","ping_status":"open","sticky":false,"template":"","format":"standard","meta":{"footnotes":""},"categories":[127],"tags":[],"class_list":["post-149483","post","type-post","status-publish","format-standard","has-post-thumbnail","hentry","category-nouvelles-de-voiture"],"acf":[],"yoast_head":"<!-- This site is optimized with the Yoast SEO plugin v21.2 - https:\/\/yoast.com\/wordpress\/plugins\/seo\/ -->\n<title>BMW S\u00e9rie 2 Gran Coup\u00e9 avec de nombreuses nouveaut\u00e9s - All cars news<\/title>\n<meta name=\"robots\" content=\"index, follow, max-snippet:-1, max-image-preview:large, max-video-preview:-1\" \/>\n<link rel=\"canonical\" href=\"https:\/\/all-car-news.com\/fr\/bmw-serie-2-gran-coupe-avec-de-nombreuses-nouveautes\/\" \/>\n<meta property=\"og:locale\" content=\"fr_FR\" \/>\n<meta property=\"og:type\" content=\"article\" \/>\n<meta property=\"og:title\" content=\"BMW S\u00e9rie 2 Gran Coup\u00e9 avec de nombreuses nouveaut\u00e9s - All cars news\" \/>\n<meta property=\"og:description\" content=\"Une face avant modifi\u00e9e et un cul diff\u00e9rent La BMW S\u00e9rie 2 Gran Coup\u00e9 adopte les m\u00eames \u00e9volutions que la BMW S\u00e9rie 1 r\u00e9cemment remani\u00e9e. Ainsi, la face avant de la Gran Coup\u00e9 est \u00e9galement tr\u00e8s proche de celle de la S\u00e9rie 1, et son arri\u00e8re a \u00e9galement \u00e9t\u00e9 modifi\u00e9. La S\u00e9rie 2 Gran Coup\u00e9 est \u00e9quip\u00e9e de s\u00e9rie de phares \u00e0 LED avec [...]\" \/>\n<meta property=\"og:url\" content=\"https:\/\/all-car-news.com\/fr\/bmw-serie-2-gran-coupe-avec-de-nombreuses-nouveautes\/\" \/>\n<meta property=\"og:site_name\" content=\"All cars news\" \/>\n<meta property=\"article:published_time\" content=\"2024-10-22T07:16:00+00:00\" \/>\n<meta property=\"og:image\" content=\"https:\/\/autorai.nl\/wp-content\/uploads\/2024\/10\/bmw-2-serie-gran-coupe-2025-foto33-1140x760.jpg\" \/>\n<meta name=\"twitter:card\" content=\"summary_large_image\" \/>\n<meta name=\"twitter:label1\" content=\"Dur\u00e9e de lecture estim\u00e9e\" \/>\n\t<meta name=\"twitter:data1\" content=\"5 minutes\" \/>\n<script type=\"application\/ld+json\" class=\"yoast-schema-graph\">{\"@context\":\"https:\/\/schema.org\",\"@graph\":[{\"@type\":\"Article\",\"@id\":\"https:\/\/all-car-news.com\/fr\/bmw-serie-2-gran-coupe-avec-de-nombreuses-nouveautes\/#article\",\"isPartOf\":{\"@id\":\"https:\/\/all-car-news.com\/fr\/bmw-serie-2-gran-coupe-avec-de-nombreuses-nouveautes\/\"},\"author\":{\"name\":\"\",\"@id\":\"\"},\"headline\":\"BMW S\u00e9rie 2 Gran Coup\u00e9 avec de nombreuses nouveaut\u00e9s\",\"datePublished\":\"2024-10-22T07:16:00+00:00\",\"dateModified\":\"2024-10-22T07:16:00+00:00\",\"mainEntityOfPage\":{\"@id\":\"https:\/\/all-car-news.com\/fr\/bmw-serie-2-gran-coupe-avec-de-nombreuses-nouveautes\/\"},\"wordCount\":1046,\"publisher\":{\"@id\":\"https:\/\/all-car-news.com\/fr\/#organization\"},\"articleSection\":[\"nouvelles de voiture\"],\"inLanguage\":\"fr-FR\"},{\"@type\":\"WebPage\",\"@id\":\"https:\/\/all-car-news.com\/fr\/bmw-serie-2-gran-coupe-avec-de-nombreuses-nouveautes\/\",\"url\":\"https:\/\/all-car-news.com\/fr\/bmw-serie-2-gran-coupe-avec-de-nombreuses-nouveautes\/\",\"name\":\"BMW S\u00e9rie 2 Gran Coup\u00e9 avec de nombreuses nouveaut\u00e9s - All cars news\",\"isPartOf\":{\"@id\":\"https:\/\/all-car-news.com\/fr\/#website\"},\"datePublished\":\"2024-10-22T07:16:00+00:00\",\"dateModified\":\"2024-10-22T07:16:00+00:00\",\"breadcrumb\":{\"@id\":\"https:\/\/all-car-news.com\/fr\/bmw-serie-2-gran-coupe-avec-de-nombreuses-nouveautes\/#breadcrumb\"},\"inLanguage\":\"fr-FR\",\"potentialAction\":[{\"@type\":\"ReadAction\",\"target\":[\"https:\/\/all-car-news.com\/fr\/bmw-serie-2-gran-coupe-avec-de-nombreuses-nouveautes\/\"]}]},{\"@type\":\"BreadcrumbList\",\"@id\":\"https:\/\/all-car-news.com\/fr\/bmw-serie-2-gran-coupe-avec-de-nombreuses-nouveautes\/#breadcrumb\",\"itemListElement\":[{\"@type\":\"ListItem\",\"position\":1,\"name\":\"Home\",\"item\":\"https:\/\/all-car-news.com\/fr\/\"},{\"@type\":\"ListItem\",\"position\":2,\"name\":\"BMW S\u00e9rie 2 Gran Coup\u00e9 avec de nombreuses nouveaut\u00e9s\"}]},{\"@type\":\"WebSite\",\"@id\":\"https:\/\/all-car-news.com\/fr\/#website\",\"url\":\"https:\/\/all-car-news.com\/fr\/\",\"name\":\"All cars news\",\"description\":\"\",\"publisher\":{\"@id\":\"https:\/\/all-car-news.com\/fr\/#organization\"},\"potentialAction\":[{\"@type\":\"SearchAction\",\"target\":{\"@type\":\"EntryPoint\",\"urlTemplate\":\"https:\/\/all-car-news.com\/fr\/?s={search_term_string}\"},\"query-input\":\"required name=search_term_string\"}],\"inLanguage\":\"fr-FR\"},{\"@type\":\"Organization\",\"@id\":\"https:\/\/all-car-news.com\/fr\/#organization\",\"name\":\"All cars news\",\"url\":\"https:\/\/all-car-news.com\/fr\/\",\"logo\":{\"@type\":\"ImageObject\",\"inLanguage\":\"fr-FR\",\"@id\":\"https:\/\/all-car-news.com\/fr\/#\/schema\/logo\/image\/\",\"url\":\"https:\/\/all-car-news.com\/wp-content\/uploads\/2022\/02\/CMYK-AllCarNews_LANDSCAPE_300px-1.png\",\"contentUrl\":\"https:\/\/all-car-news.com\/wp-content\/uploads\/2022\/02\/CMYK-AllCarNews_LANDSCAPE_300px-1.png\",\"width\":300,\"height\":100,\"caption\":\"All cars news\"},\"image\":{\"@id\":\"https:\/\/all-car-news.com\/fr\/#\/schema\/logo\/image\/\"}}]}<\/script>\n<!-- \/ Yoast SEO plugin. -->","yoast_head_json":{"title":"BMW S\u00e9rie 2 Gran Coup\u00e9 avec de nombreuses nouveaut\u00e9s - All cars news","robots":{"index":"index","follow":"follow","max-snippet":"max-snippet:-1","max-image-preview":"max-image-preview:large","max-video-preview":"max-video-preview:-1"},"canonical":"https:\/\/all-car-news.com\/fr\/bmw-serie-2-gran-coupe-avec-de-nombreuses-nouveautes\/","og_locale":"fr_FR","og_type":"article","og_title":"BMW S\u00e9rie 2 Gran Coup\u00e9 avec de nombreuses nouveaut\u00e9s - All cars news","og_description":"Une face avant modifi\u00e9e et un cul diff\u00e9rent La BMW S\u00e9rie 2 Gran Coup\u00e9 adopte les m\u00eames \u00e9volutions que la BMW S\u00e9rie 1 r\u00e9cemment remani\u00e9e. Ainsi, la face avant de la Gran Coup\u00e9 est \u00e9galement tr\u00e8s proche de celle de la S\u00e9rie 1, et son arri\u00e8re a \u00e9galement \u00e9t\u00e9 modifi\u00e9. La S\u00e9rie 2 Gran Coup\u00e9 est \u00e9quip\u00e9e de s\u00e9rie de phares \u00e0 LED avec [...]","og_url":"https:\/\/all-car-news.com\/fr\/bmw-serie-2-gran-coupe-avec-de-nombreuses-nouveautes\/","og_site_name":"All cars news","article_published_time":"2024-10-22T07:16:00+00:00","og_image":[{"url":"https:\/\/autorai.nl\/wp-content\/uploads\/2024\/10\/bmw-2-serie-gran-coupe-2025-foto33-1140x760.jpg"}],"twitter_card":"summary_large_image","twitter_misc":{"Dur\u00e9e de lecture estim\u00e9e":"5 minutes"},"schema":{"@context":"https:\/\/schema.org","@graph":[{"@type":"Article","@id":"https:\/\/all-car-news.com\/fr\/bmw-serie-2-gran-coupe-avec-de-nombreuses-nouveautes\/#article","isPartOf":{"@id":"https:\/\/all-car-news.com\/fr\/bmw-serie-2-gran-coupe-avec-de-nombreuses-nouveautes\/"},"author":{"name":"","@id":""},"headline":"BMW S\u00e9rie 2 Gran Coup\u00e9 avec de nombreuses nouveaut\u00e9s","datePublished":"2024-10-22T07:16:00+00:00","dateModified":"2024-10-22T07:16:00+00:00","mainEntityOfPage":{"@id":"https:\/\/all-car-news.com\/fr\/bmw-serie-2-gran-coupe-avec-de-nombreuses-nouveautes\/"},"wordCount":1046,"publisher":{"@id":"https:\/\/all-car-news.com\/fr\/#organization"},"articleSection":["nouvelles de voiture"],"inLanguage":"fr-FR"},{"@type":"WebPage","@id":"https:\/\/all-car-news.com\/fr\/bmw-serie-2-gran-coupe-avec-de-nombreuses-nouveautes\/","url":"https:\/\/all-car-news.com\/fr\/bmw-serie-2-gran-coupe-avec-de-nombreuses-nouveautes\/","name":"BMW S\u00e9rie 2 Gran Coup\u00e9 avec de nombreuses nouveaut\u00e9s - All cars news","isPartOf":{"@id":"https:\/\/all-car-news.com\/fr\/#website"},"datePublished":"2024-10-22T07:16:00+00:00","dateModified":"2024-10-22T07:16:00+00:00","breadcrumb":{"@id":"https:\/\/all-car-news.com\/fr\/bmw-serie-2-gran-coupe-avec-de-nombreuses-nouveautes\/#breadcrumb"},"inLanguage":"fr-FR","potentialAction":[{"@type":"ReadAction","target":["https:\/\/all-car-news.com\/fr\/bmw-serie-2-gran-coupe-avec-de-nombreuses-nouveautes\/"]}]},{"@type":"BreadcrumbList","@id":"https:\/\/all-car-news.com\/fr\/bmw-serie-2-gran-coupe-avec-de-nombreuses-nouveautes\/#breadcrumb","itemListElement":[{"@type":"ListItem","position":1,"name":"Home","item":"https:\/\/all-car-news.com\/fr\/"},{"@type":"ListItem","position":2,"name":"BMW S\u00e9rie 2 Gran Coup\u00e9 avec de nombreuses nouveaut\u00e9s"}]},{"@type":"WebSite","@id":"https:\/\/all-car-news.com\/fr\/#website","url":"https:\/\/all-car-news.com\/fr\/","name":"All cars news","description":"","publisher":{"@id":"https:\/\/all-car-news.com\/fr\/#organization"},"potentialAction":[{"@type":"SearchAction","target":{"@type":"EntryPoint","urlTemplate":"https:\/\/all-car-news.com\/fr\/?s={search_term_string}"},"query-input":"required name=search_term_string"}],"inLanguage":"fr-FR"},{"@type":"Organization","@id":"https:\/\/all-car-news.com\/fr\/#organization","name":"All cars news","url":"https:\/\/all-car-news.com\/fr\/","logo":{"@type":"ImageObject","inLanguage":"fr-FR","@id":"https:\/\/all-car-news.com\/fr\/#\/schema\/logo\/image\/","url":"https:\/\/all-car-news.com\/wp-content\/uploads\/2022\/02\/CMYK-AllCarNews_LANDSCAPE_300px-1.png","contentUrl":"https:\/\/all-car-news.com\/wp-content\/uploads\/2022\/02\/CMYK-AllCarNews_LANDSCAPE_300px-1.png","width":300,"height":100,"caption":"All cars news"},"image":{"@id":"https:\/\/all-car-news.com\/fr\/#\/schema\/logo\/image\/"}}]}},"_links":{"self":[{"href":"https:\/\/all-car-news.com\/fr\/wp-json\/wp\/v2\/posts\/149483","targetHints":{"allow":["GET"]}}],"collection":[{"href":"https:\/\/all-car-news.com\/fr\/wp-json\/wp\/v2\/posts"}],"about":[{"href":"https:\/\/all-car-news.com\/fr\/wp-json\/wp\/v2\/types\/post"}],"replies":[{"embeddable":true,"href":"https:\/\/all-car-news.com\/fr\/wp-json\/wp\/v2\/comments?post=149483"}],"version-history":[{"count":0,"href":"https:\/\/all-car-news.com\/fr\/wp-json\/wp\/v2\/posts\/149483\/revisions"}],"wp:featuredmedia":[{"embeddable":true,"href":"https:\/\/all-car-news.com\/fr\/wp-json\/wp\/v2\/media\/148535"}],"wp:attachment":[{"href":"https:\/\/all-car-news.com\/fr\/wp-json\/wp\/v2\/media?parent=149483"}],"wp:term":[{"taxonomy":"category","embeddable":true,"href":"https:\/\/all-car-news.com\/fr\/wp-json\/wp\/v2\/categories?post=149483"},{"taxonomy":"post_tag","embeddable":true,"href":"https:\/\/all-car-news.com\/fr\/wp-json\/wp\/v2\/tags?post=149483"}],"curies":[{"name":"wp","href":"https:\/\/api.w.org\/{rel}","templated":true}]}}