{"id":149417,"date":"2024-10-02T10:09:17","date_gmt":"2024-10-02T10:09:17","guid":{"rendered":"https:\/\/all-car-news.com\/le-nouveau-mitsubishi-outlander-phev-a-un-prix-de-depart\/"},"modified":"2024-10-02T10:09:17","modified_gmt":"2024-10-02T10:09:17","slug":"le-nouveau-mitsubishi-outlander-phev-a-un-prix-de-depart","status":"publish","type":"post","link":"https:\/\/all-car-news.com\/fr\/le-nouveau-mitsubishi-outlander-phev-a-un-prix-de-depart\/","title":{"rendered":"Le nouveau Mitsubishi Outlander PHEV a un prix de d\u00e9part"},"content":{"rendered":"<h2>Le design du Mitsubishi Outlander PHEV<\/h2>\n<p>Le nouvel Outlander PHEV mesure 4 719 mm de long, 1 862 mm de large et 1 750 mm de haut.<br \/>\nL&#8217;empattement est de 2 704 mm.<br \/>\nLe design du Mitsubishi Outlander PHEV ne n\u00e9cessite que peu d&rsquo;explications.<br \/>\nLa voiture a l&rsquo;air robuste et typique de Mitsubishi, le design de la face avant Dynamic Shield \u00e9tant particuli\u00e8rement frappant.    Il est possible de choisir des jantes en alliage de 18 ou 20 pouces. Vous avez le choix entre sept couleurs de carrosserie, dont quatre pour les versions sup\u00e9rieures, associ\u00e9es \u00e0 un toit noir.<br \/>\nLa nouvelle couleur m\u00e9tallis\u00e9e Moonstone Grey a un \u00e9clat bleu saisissant.<br \/>\nCette couleur comporte jusqu&rsquo;\u00e0 quatre couches.  <\/p>\n<h2>Int\u00e9rieur<\/h2>\n<p>L&rsquo;int\u00e9rieur est \u00e9l\u00e9gant et moderne.<br \/>\nUne conception plus intelligente a permis de d\u00e9gager plus d&rsquo;espace int\u00e9rieur.<br \/>\nNaturellement, il y a plusieurs \u00e9crans num\u00e9riques.<br \/>\nUn affichage t\u00eate haute est disponible en option.<br \/>\nIl est bien s\u00fbr possible de recharger votre t\u00e9l\u00e9phone sans fil, ainsi que d&rsquo;utiliser Apple CarPlay ou Android auto.<br \/>\nLe r\u00e9troviseur int\u00e9rieur est sans cadre et dispose \u00e9galement d&rsquo;une fonction num\u00e9rique.<br \/>\nLorsque la visibilit\u00e9 est difficile en raison des passagers arri\u00e8re, des bagages ou des conditions, le conducteur peut visualiser l&rsquo;image de la cam\u00e9ra de recul dans le r\u00e9troviseur int\u00e9rieur, ce qui lui permet de regarder vers l&rsquo;arri\u00e8re.<br \/>\nLes si\u00e8ges sont dot\u00e9s de fonctions de chauffage, de ventilation et m\u00eame de massage.<br \/>\nLe message est clair : le nouvel Outlander PHEV vous chouchoutera de multiples fa\u00e7ons.        <\/p>\n<h2>Compartiment \u00e0 bagages<\/h2>\n<p>L&rsquo;int\u00e9rieur de l&rsquo;Outlander PHEV est baign\u00e9 de lumi\u00e8re naturelle gr\u00e2ce au grand toit ouvrant panoramique, qui mesure pas moins de 93 centim\u00e8tres de long et 70 centim\u00e8tres de large.<br \/>\nCe toit peut \u00e9galement \u00eatre ouvert.<br \/>\nLes si\u00e8ges arri\u00e8re se rabattent dans un rapport 40:20:40.<br \/>\nSi vous avez besoin d&rsquo;un espace suppl\u00e9mentaire pour vos bagages, il vous suffit d&rsquo;utiliser un levier pour aplatir le dossier en plusieurs parties.<br \/>\nAvec le dossier relev\u00e9, le nouvel Outlander PHEV offre 495 litres d&rsquo;espace \u00e0 bagages de plus qu&rsquo;auparavant, et avec l&rsquo;ensemble du dossier \u00e0 plat, l&rsquo;espace passe \u00e0 1 422 litres.<br \/>\nL&rsquo;ouverture plus large du hayon facilite \u00e9galement le chargement et le d\u00e9chargement de (nombreux) bagages.<br \/>\nLe couvercle du coffre est enti\u00e8rement t\u00e9l\u00e9command\u00e9, \u00e0 l&rsquo;aide de votre pied et d&rsquo;un \u00e9metteur portatif.      <\/p>\n<h2>Transmission Mitsubishi Outlander PHEV<\/h2>\n<p>L&rsquo;Outlander PHEV a \u00e9t\u00e9 perfectionn\u00e9 et le groupe motopropulseur hybride rechargeable a \u00e9t\u00e9 enti\u00e8rement redessin\u00e9.<br \/>\nLe groupe motopropulseur se compose d&rsquo;un moteur \u00e0 essence quatre cylindres, de deux moteurs \u00e9lectriques, d&rsquo;une batterie lithium-ion plus grande et d&rsquo;une transmission \u00e0 commande \u00e9lectrique.<br \/>\nLa puissance produite est sup\u00e9rieure d&rsquo;environ 36 % \u00e0 celle de l&rsquo;Outlander PHEV de la g\u00e9n\u00e9ration pr\u00e9c\u00e9dente.  <\/p>\n<p>Le moteur \u00e9lectrique avant d\u00e9livre une puissance de 85 kW (116 ch) et un couple de 255 Nm ; le moteur \u00e9lectrique arri\u00e8re d\u00e9livre une puissance de 100 kW (136 ch) et un couple de 195 Nm.<br \/>\nCe dernier dispose d&rsquo;une unit\u00e9 de contr\u00f4le du moteur int\u00e9gr\u00e9e et occupe donc moins d&rsquo;espace.<br \/>\nLa batterie a une capacit\u00e9 de 22,7 kWh, ce qui permet au nouvel Outlander PHEV de rouler en mode EV encore plus longtemps sans l&rsquo;aide du moteur \u00e0 essence.<br \/>\nSelon le test officiel WLTP, l&rsquo;autonomie en mode \u00e9lectrique est de 86 kilom\u00e8tres.   <\/p>\n<p>Le moteur \u00e0 essence est un moteur red\u00e9velopp\u00e9 bas\u00e9 sur l&rsquo;Outlander de la g\u00e9n\u00e9ration pr\u00e9c\u00e9dente : 2 360 cm3, seize soupapes et double arbre \u00e0 cames en t\u00eate.<br \/>\nLa recirculation des gaz d&rsquo;\u00e9chappement, les canaux de refroidissement \u00e9largis et le collecteur d&rsquo;\u00e9chappement int\u00e9gr\u00e9 sont autant de nouveaut\u00e9s qui permettent de r\u00e9duire la consommation de carburant et d&rsquo;am\u00e9liorer les performances.<br \/>\nLe moteur \u00e0 essence de 100 kW (136 ch) et 203 Nm fonctionne en douceur avec les moteurs \u00e9lectriques du groupe motopropulseur pour une exp\u00e9rience de conduite dynamique et sans \u00e0-coups.<br \/>\nLa puissance du syst\u00e8me est de 225 kW (302 ch).<br \/>\nCette puissance accrue permet une acc\u00e9l\u00e9ration de 0 \u00e0 100 km\/h en seulement 7,9 secondes.<br \/>\nLe r\u00e9servoir d&rsquo;essence a \u00e9t\u00e9 port\u00e9 \u00e0 53 litres, ce qui augmente encore l&rsquo;autonomie totale lorsque l&rsquo;on combine la conduite \u00e9lectrique et la conduite hybride.     <\/p>\n<h2>Pompe \u00e0 chaleur et V2H<\/h2>\n<p>L&rsquo;Outlander PHEV est \u00e9galement \u00e9quip\u00e9 d&rsquo;une pompe \u00e0 chaleur qui r\u00e9duit la consommation d&rsquo;\u00e9nergie m\u00eame lorsque la climatisation est active.<br \/>\nLa pompe \u00e0 chaleur contribue \u00e9galement \u00e0 l&rsquo;augmentation de l&rsquo;autonomie \u00e9lectrique, m\u00eame par temps froid.<br \/>\nL&rsquo;Outlander PHEV est \u00e9galement \u00e9quip\u00e9 d&rsquo;une fonction de charge rapide.<br \/>\nIl s&rsquo;agit d&rsquo;une connexion CHAdeMO de type 2.<br \/>\nAfin d&rsquo;int\u00e9grer pleinement l&rsquo;Outlander PHEV dans la vie de l&rsquo;utilisateur, il est capable de fournir de l&rsquo;\u00e9lectricit\u00e9 \u00e0 la maison si n\u00e9cessaire (vehicle-to-home).    <\/p>\n<h2>Beaucoup de choix<\/h2>\n<p>L&rsquo;Outlander PHEV dispose de plusieurs modes de conduite.<br \/>\nPensez au mode EV, au mode hybride s\u00e9rie et au mode hybride parall\u00e8le.<br \/>\nLes diff\u00e9rences :  <\/p>\n<ul>\n<li>Mode EV : conduite \u00e9lectrique pure \u00e0 des vitesses faibles et moyennes<\/li>\n<li>Mode hybride s\u00e9rie : le moteur \u00e0 essence produit de l&rsquo;\u00e9lectricit\u00e9 lorsque cela est n\u00e9cessaire, par exemple lors d&rsquo;une acc\u00e9l\u00e9ration en mont\u00e9e.<\/li>\n<li>Mode hybride parall\u00e8le : le moteur \u00e9lectrique et le moteur \u00e0 combustion fonctionnent ensemble \u00e0 une vitesse \u00e9lev\u00e9e constante.<\/li>\n<\/ul>\n<p>En outre, le conducteur peut \u00e9galement contr\u00f4ler manuellement la fa\u00e7on dont l&rsquo;Outlander PHEV utilise l&rsquo;\u00e9nergie gr\u00e2ce \u00e0 quatre options faciles \u00e0 s\u00e9lectionner :<\/p>\n<ul>\n<li>Normal : optimise automatiquement la conduite EV\/Hybrid<\/li>\n<li>EV : conduite enti\u00e8rement \u00e9lectrique, lorsque le niveau de charge de la batterie est suffisant.<\/li>\n<li>Sauvegarde : donne la priorit\u00e9 au maintien du niveau de charge de la batterie<\/li>\n<li>Charge : charge la batterie<\/li>\n<\/ul>\n<p>Enfin, l&rsquo;Outlander PHEV offre un choix de sept modes de conduite : Normal, Eco, Power, Tarmac, Gravel, Snow et Mud.<br \/>\nChaque mode est facilement s\u00e9lectionnable via la molette centrale de l&rsquo;habitacle. <\/p>\n<h2>Garantie de huit ans<\/h2>\n<p>Comme toutes les voitures Mitsubishi, le nouvel Outlander PHEV est livr\u00e9 avec le Mitsubishi Service Commitment aux Pays-Bas.<br \/>\nVous b\u00e9n\u00e9ficiez donc d&rsquo;une garantie de huit ans ou 160 000 km et de huit ans d&rsquo;assistance routi\u00e8re (Mitsubishi Assistance Package).<br \/>\nDouze ans de garantie anticorrosion et huit ans\/160 000 km de garantie sur la batterie sont \u00e9galement inclus.  <\/p>\n<div class=\"galery shuffle galery-0\">\n<figure>\n\t\t\t\t\t<span style=\"cursor: pointer\" data-src=\"https:\/\/autorai.nl\/wp-content\/uploads\/2024\/10\/mitsubishi-outlander-phev-2024-europa-foto1-1600x1067.jpg\" data-fancybox=\"galery-0\" title=\"\"><br \/>\n\t\t\t\t\t\t\t<img decoding=\"async\" width=\"640\" height=\"480\" src=\"https:\/\/autorai.nl\/wp-content\/uploads\/2024\/10\/mitsubishi-outlander-phev-2024-europa-foto1-640x480.jpg\" class=\"attachment-medium size-medium\" alt=\"\" loading=\"lazy\"><i class=\"fa fa-search-plus\" aria-hidden=\"true\"><\/i><br \/>\n\t\t\t\t\t\t<\/span><br \/>\n\t\t\t\t\t<\/figure>\n<figure>\n\t\t\t\t\t<span style=\"cursor: pointer\" data-src=\"https:\/\/autorai.nl\/wp-content\/uploads\/2024\/10\/mitsubishi-outlander-phev-2024-europa-foto36-1600x1200.jpg\" data-fancybox=\"galery-0\" title=\"par d\u00e9faut\"><br \/>\n\t\t\t\t\t\t\t<img decoding=\"async\" width=\"360\" height=\"270\" src=\"https:\/\/autorai.nl\/wp-content\/uploads\/2024\/10\/mitsubishi-outlander-phev-2024-europa-foto36-360x270.jpg\" class=\"attachment-small size-small\" alt=\"\" loading=\"lazy\"><i class=\"fa fa-search-plus\" aria-hidden=\"true\"><\/i><br \/>\n\t\t\t\t\t\t<\/span><br \/>\n\t\t\t\t\t<\/figure>\n<figure>\n\t\t\t\t\t<span style=\"cursor: pointer\" data-src=\"https:\/\/autorai.nl\/wp-content\/uploads\/2024\/10\/mitsubishi-outlander-phev-2024-europa-foto35-1600x1200.jpg\" data-fancybox=\"galery-0\" title=\"par d\u00e9faut\"><br \/>\n\t\t\t\t\t\t\t<img decoding=\"async\" width=\"360\" height=\"270\" src=\"https:\/\/autorai.nl\/wp-content\/uploads\/2024\/10\/mitsubishi-outlander-phev-2024-europa-foto35-360x270.jpg\" class=\"attachment-small size-small\" alt=\"\" loading=\"lazy\"><i class=\"fa fa-search-plus\" aria-hidden=\"true\"><\/i><br \/>\n\t\t\t\t\t\t<\/span><br \/>\n\t\t\t\t\t<\/figure>\n<figure>\n\t\t\t\t\t<span style=\"cursor: pointer\" data-src=\"https:\/\/autorai.nl\/wp-content\/uploads\/2024\/10\/mitsubishi-outlander-phev-2024-europa-foto34-1600x1067.jpg\" data-fancybox=\"galery-0\" title=\"\"><br \/>\n\t\t\t\t\t\t\t<img decoding=\"async\" width=\"640\" height=\"480\" src=\"https:\/\/autorai.nl\/wp-content\/uploads\/2024\/10\/mitsubishi-outlander-phev-2024-europa-foto34-640x480.jpg\" class=\"attachment-medium size-medium\" alt=\"\" loading=\"lazy\"><i class=\"fa fa-search-plus\" aria-hidden=\"true\"><\/i><br \/>\n\t\t\t\t\t\t<\/span><br \/>\n\t\t\t\t\t<\/figure>\n<figure>\n\t\t\t\t\t<span style=\"cursor: pointer\" data-src=\"https:\/\/autorai.nl\/wp-content\/uploads\/2024\/10\/mitsubishi-outlander-phev-2024-europa-foto33-1600x1013.jpg\" data-fancybox=\"galery-0\" title=\"\"><br \/>\n\t\t\t\t\t\t\t<img decoding=\"async\" width=\"360\" height=\"270\" src=\"https:\/\/autorai.nl\/wp-content\/uploads\/2024\/10\/mitsubishi-outlander-phev-2024-europa-foto33-360x270.jpg\" class=\"attachment-small size-small\" alt=\"Mitsubishi Outlander PHEV 2024\" loading=\"lazy\"><i class=\"fa fa-search-plus\" aria-hidden=\"true\"><\/i><br \/>\n\t\t\t\t\t\t<\/span><br \/>\n\t\t\t\t\t<\/figure>\n<figure>\n\t\t\t\t\t<span style=\"cursor: pointer\" data-src=\"https:\/\/autorai.nl\/wp-content\/uploads\/2024\/10\/mitsubishi-outlander-phev-2024-europa-foto32-1600x1067.jpg\" data-fancybox=\"galery-0\" title=\"\"><br \/>\n\t\t\t\t\t\t\t<img decoding=\"async\" width=\"360\" height=\"270\" src=\"https:\/\/autorai.nl\/wp-content\/uploads\/2024\/10\/mitsubishi-outlander-phev-2024-europa-foto32-360x270.jpg\" class=\"attachment-small size-small\" alt=\"\" loading=\"lazy\"><i class=\"fa fa-search-plus\" aria-hidden=\"true\"><\/i><br \/>\n\t\t\t\t\t\t<\/span><br \/>\n\t\t\t\t\t<\/figure>\n<figure>\n\t\t\t\t\t<span style=\"cursor: pointer\" data-src=\"https:\/\/autorai.nl\/wp-content\/uploads\/2024\/10\/mitsubishi-outlander-phev-2024-europa-foto31-1600x1067.jpg\" data-fancybox=\"galery-0\" title=\"\"><br \/>\n\t\t\t\t\t\t\t<img decoding=\"async\" width=\"640\" height=\"480\" src=\"https:\/\/autorai.nl\/wp-content\/uploads\/2024\/10\/mitsubishi-outlander-phev-2024-europa-foto31-640x480.jpg\" class=\"attachment-medium size-medium\" alt=\"\" loading=\"lazy\"><i class=\"fa fa-search-plus\" aria-hidden=\"true\"><\/i><br \/>\n\t\t\t\t\t\t<\/span><br \/>\n\t\t\t\t\t<\/figure>\n<figure>\n\t\t\t\t\t<span style=\"cursor: pointer\" data-src=\"https:\/\/autorai.nl\/wp-content\/uploads\/2024\/10\/mitsubishi-outlander-phev-2024-europa-foto30-1600x1067.jpg\" data-fancybox=\"galery-0\" title=\"\"><br \/>\n\t\t\t\t\t\t\t<img decoding=\"async\" width=\"360\" height=\"270\" src=\"https:\/\/autorai.nl\/wp-content\/uploads\/2024\/10\/mitsubishi-outlander-phev-2024-europa-foto30-360x270.jpg\" class=\"attachment-small size-small\" alt=\"\" loading=\"lazy\"><i class=\"fa fa-search-plus\" aria-hidden=\"true\"><\/i><br \/>\n\t\t\t\t\t\t<\/span><br \/>\n\t\t\t\t\t<\/figure>\n<figure>\n\t\t\t\t\t<span style=\"cursor: pointer\" data-src=\"https:\/\/autorai.nl\/wp-content\/uploads\/2024\/10\/mitsubishi-outlander-phev-2024-europa-foto29-1600x1067.jpg\" data-fancybox=\"galery-0\" title=\"\"><br \/>\n\t\t\t\t\t\t\t<img decoding=\"async\" width=\"360\" height=\"270\" src=\"https:\/\/autorai.nl\/wp-content\/uploads\/2024\/10\/mitsubishi-outlander-phev-2024-europa-foto29-360x270.jpg\" class=\"attachment-small size-small\" alt=\"\" loading=\"lazy\"><i class=\"fa fa-search-plus\" aria-hidden=\"true\"><\/i><br \/>\n\t\t\t\t\t\t<\/span><br \/>\n\t\t\t\t\t<\/figure>\n<figure>\n\t\t\t\t\t<span style=\"cursor: pointer\" data-src=\"https:\/\/autorai.nl\/wp-content\/uploads\/2024\/10\/mitsubishi-outlander-phev-2024-europa-foto28-1600x1067.jpg\" data-fancybox=\"galery-0\" title=\"\"><br \/>\n\t\t\t\t\t\t\t<img decoding=\"async\" width=\"640\" height=\"480\" src=\"https:\/\/autorai.nl\/wp-content\/uploads\/2024\/10\/mitsubishi-outlander-phev-2024-europa-foto28-640x480.jpg\" class=\"attachment-medium size-medium\" alt=\"\" loading=\"lazy\"><i class=\"fa fa-search-plus\" aria-hidden=\"true\"><\/i><br \/>\n\t\t\t\t\t\t<\/span><br \/>\n\t\t\t\t\t<\/figure>\n<figure>\n\t\t\t\t\t<span style=\"cursor: pointer\" data-src=\"https:\/\/autorai.nl\/wp-content\/uploads\/2024\/10\/mitsubishi-outlander-phev-2024-europa-foto27-1600x1067.jpg\" data-fancybox=\"galery-0\" title=\"\"><br \/>\n\t\t\t\t\t\t\t<img decoding=\"async\" width=\"360\" height=\"270\" src=\"https:\/\/autorai.nl\/wp-content\/uploads\/2024\/10\/mitsubishi-outlander-phev-2024-europa-foto27-360x270.jpg\" class=\"attachment-small size-small\" alt=\"\" loading=\"lazy\"><i class=\"fa fa-search-plus\" aria-hidden=\"true\"><\/i><br \/>\n\t\t\t\t\t\t<\/span><br \/>\n\t\t\t\t\t<\/figure>\n<figure>\n\t\t\t\t\t<span style=\"cursor: pointer\" data-src=\"https:\/\/autorai.nl\/wp-content\/uploads\/2024\/10\/mitsubishi-outlander-phev-2024-europa-foto26-1600x1067.jpg\" data-fancybox=\"galery-0\" title=\"\"><br \/>\n\t\t\t\t\t\t\t<img decoding=\"async\" width=\"360\" height=\"270\" src=\"https:\/\/autorai.nl\/wp-content\/uploads\/2024\/10\/mitsubishi-outlander-phev-2024-europa-foto26-360x270.jpg\" class=\"attachment-small size-small\" alt=\"\" loading=\"lazy\"><i class=\"fa fa-search-plus\" aria-hidden=\"true\"><\/i><br \/>\n\t\t\t\t\t\t<\/span><br \/>\n\t\t\t\t\t<\/figure>\n<figure>\n\t\t\t\t\t<span style=\"cursor: pointer\" data-src=\"https:\/\/autorai.nl\/wp-content\/uploads\/2024\/10\/mitsubishi-outlander-phev-2024-europa-foto25-1600x1067.jpg\" data-fancybox=\"galery-0\" title=\"\"><br \/>\n\t\t\t\t\t\t\t<img decoding=\"async\" width=\"640\" height=\"480\" src=\"https:\/\/autorai.nl\/wp-content\/uploads\/2024\/10\/mitsubishi-outlander-phev-2024-europa-foto25-640x480.jpg\" class=\"attachment-medium size-medium\" alt=\"\" loading=\"lazy\"><i class=\"fa fa-search-plus\" aria-hidden=\"true\"><\/i><br \/>\n\t\t\t\t\t\t<\/span><br \/>\n\t\t\t\t\t<\/figure>\n<figure>\n\t\t\t\t\t<span style=\"cursor: pointer\" data-src=\"https:\/\/autorai.nl\/wp-content\/uploads\/2024\/10\/mitsubishi-outlander-phev-2024-europa-foto24-1600x1067.jpg\" data-fancybox=\"galery-0\" title=\"\"><br \/>\n\t\t\t\t\t\t\t<img decoding=\"async\" width=\"360\" height=\"270\" src=\"https:\/\/autorai.nl\/wp-content\/uploads\/2024\/10\/mitsubishi-outlander-phev-2024-europa-foto24-360x270.jpg\" class=\"attachment-small size-small\" alt=\"\" loading=\"lazy\"><i class=\"fa fa-search-plus\" aria-hidden=\"true\"><\/i><br \/>\n\t\t\t\t\t\t<\/span><br \/>\n\t\t\t\t\t<\/figure>\n<figure>\n\t\t\t\t\t<span style=\"cursor: pointer\" data-src=\"https:\/\/autorai.nl\/wp-content\/uploads\/2024\/10\/mitsubishi-outlander-phev-2024-europa-foto23-1600x1067.jpg\" data-fancybox=\"galery-0\" title=\"\"><br \/>\n\t\t\t\t\t\t\t<img decoding=\"async\" width=\"360\" height=\"270\" src=\"https:\/\/autorai.nl\/wp-content\/uploads\/2024\/10\/mitsubishi-outlander-phev-2024-europa-foto23-360x270.jpg\" class=\"attachment-small size-small\" alt=\"\" loading=\"lazy\"><i class=\"fa fa-search-plus\" aria-hidden=\"true\"><\/i><br \/>\n\t\t\t\t\t\t<\/span><br \/>\n\t\t\t\t\t<\/figure>\n<figure>\n\t\t\t\t\t<span style=\"cursor: pointer\" data-src=\"https:\/\/autorai.nl\/wp-content\/uploads\/2024\/10\/mitsubishi-outlander-phev-2024-europa-foto22-1600x1067.jpg\" data-fancybox=\"galery-0\" title=\"\"><br \/>\n\t\t\t\t\t\t\t<img decoding=\"async\" width=\"640\" height=\"480\" src=\"https:\/\/autorai.nl\/wp-content\/uploads\/2024\/10\/mitsubishi-outlander-phev-2024-europa-foto22-640x480.jpg\" class=\"attachment-medium size-medium\" alt=\"\" loading=\"lazy\"><i class=\"fa fa-search-plus\" aria-hidden=\"true\"><\/i><br \/>\n\t\t\t\t\t\t<\/span><br \/>\n\t\t\t\t\t<\/figure>\n<figure>\n\t\t\t\t\t<span style=\"cursor: pointer\" data-src=\"https:\/\/autorai.nl\/wp-content\/uploads\/2024\/10\/mitsubishi-outlander-phev-2024-europa-foto21-1600x1067.jpg\" data-fancybox=\"galery-0\" title=\"\"><br \/>\n\t\t\t\t\t\t\t<img decoding=\"async\" width=\"360\" height=\"270\" src=\"https:\/\/autorai.nl\/wp-content\/uploads\/2024\/10\/mitsubishi-outlander-phev-2024-europa-foto21-360x270.jpg\" class=\"attachment-small size-small\" alt=\"\" loading=\"lazy\"><i class=\"fa fa-search-plus\" aria-hidden=\"true\"><\/i><br \/>\n\t\t\t\t\t\t<\/span><br \/>\n\t\t\t\t\t<\/figure>\n<figure>\n\t\t\t\t\t<span style=\"cursor: pointer\" data-src=\"https:\/\/autorai.nl\/wp-content\/uploads\/2024\/10\/mitsubishi-outlander-phev-2024-europa-foto20-1600x1067.jpg\" data-fancybox=\"galery-0\" title=\"\"><br \/>\n\t\t\t\t\t\t\t<img decoding=\"async\" width=\"360\" height=\"270\" src=\"https:\/\/autorai.nl\/wp-content\/uploads\/2024\/10\/mitsubishi-outlander-phev-2024-europa-foto20-360x270.jpg\" class=\"attachment-small size-small\" alt=\"\" loading=\"lazy\"><i class=\"fa fa-search-plus\" aria-hidden=\"true\"><\/i><br \/>\n\t\t\t\t\t\t<\/span><br \/>\n\t\t\t\t\t<\/figure>\n<figure>\n\t\t\t\t\t<span style=\"cursor: pointer\" data-src=\"https:\/\/autorai.nl\/wp-content\/uploads\/2024\/10\/mitsubishi-outlander-phev-2024-europa-foto19-1600x1067.jpg\" data-fancybox=\"galery-0\" title=\"\"><br \/>\n\t\t\t\t\t\t\t<img decoding=\"async\" width=\"640\" height=\"480\" src=\"https:\/\/autorai.nl\/wp-content\/uploads\/2024\/10\/mitsubishi-outlander-phev-2024-europa-foto19-640x480.jpg\" class=\"attachment-medium size-medium\" alt=\"\" loading=\"lazy\"><i class=\"fa fa-search-plus\" aria-hidden=\"true\"><\/i><br \/>\n\t\t\t\t\t\t<\/span><br \/>\n\t\t\t\t\t<\/figure>\n<figure>\n\t\t\t\t\t<span style=\"cursor: pointer\" data-src=\"https:\/\/autorai.nl\/wp-content\/uploads\/2024\/10\/mitsubishi-outlander-phev-2024-europa-foto18-1600x1067.jpg\" data-fancybox=\"galery-0\" title=\"\"><br \/>\n\t\t\t\t\t\t\t<img decoding=\"async\" width=\"360\" height=\"270\" src=\"https:\/\/autorai.nl\/wp-content\/uploads\/2024\/10\/mitsubishi-outlander-phev-2024-europa-foto18-360x270.jpg\" class=\"attachment-small size-small\" alt=\"\" loading=\"lazy\"><i class=\"fa fa-search-plus\" aria-hidden=\"true\"><\/i><br \/>\n\t\t\t\t\t\t<\/span><br \/>\n\t\t\t\t\t<\/figure>\n<figure>\n\t\t\t\t\t<span style=\"cursor: pointer\" data-src=\"https:\/\/autorai.nl\/wp-content\/uploads\/2024\/10\/mitsubishi-outlander-phev-2024-europa-foto17-1600x1067.jpg\" data-fancybox=\"galery-0\" title=\"\"><br \/>\n\t\t\t\t\t\t\t<img decoding=\"async\" width=\"360\" height=\"270\" src=\"https:\/\/autorai.nl\/wp-content\/uploads\/2024\/10\/mitsubishi-outlander-phev-2024-europa-foto17-360x270.jpg\" class=\"attachment-small size-small\" alt=\"\" loading=\"lazy\"><i class=\"fa fa-search-plus\" aria-hidden=\"true\"><\/i><br \/>\n\t\t\t\t\t\t<\/span><br \/>\n\t\t\t\t\t<\/figure>\n<figure>\n\t\t\t\t\t<span style=\"cursor: pointer\" data-src=\"https:\/\/autorai.nl\/wp-content\/uploads\/2024\/10\/mitsubishi-outlander-phev-2024-europa-foto16-1600x1067.jpg\" data-fancybox=\"galery-0\" title=\"\"><br \/>\n\t\t\t\t\t\t\t<img decoding=\"async\" width=\"640\" height=\"480\" src=\"https:\/\/autorai.nl\/wp-content\/uploads\/2024\/10\/mitsubishi-outlander-phev-2024-europa-foto16-640x480.jpg\" class=\"attachment-medium size-medium\" alt=\"\" loading=\"lazy\"><i class=\"fa fa-search-plus\" aria-hidden=\"true\"><\/i><br \/>\n\t\t\t\t\t\t<\/span><br \/>\n\t\t\t\t\t<\/figure>\n<figure>\n\t\t\t\t\t<span style=\"cursor: pointer\" data-src=\"https:\/\/autorai.nl\/wp-content\/uploads\/2024\/10\/mitsubishi-outlander-phev-2024-europa-foto15-1600x1067.jpg\" data-fancybox=\"galery-0\" title=\"\"><br \/>\n\t\t\t\t\t\t\t<img decoding=\"async\" width=\"360\" height=\"270\" src=\"https:\/\/autorai.nl\/wp-content\/uploads\/2024\/10\/mitsubishi-outlander-phev-2024-europa-foto15-360x270.jpg\" class=\"attachment-small size-small\" alt=\"\" loading=\"lazy\"><i class=\"fa fa-search-plus\" aria-hidden=\"true\"><\/i><br \/>\n\t\t\t\t\t\t<\/span><br \/>\n\t\t\t\t\t<\/figure>\n<figure>\n\t\t\t\t\t<span style=\"cursor: pointer\" data-src=\"https:\/\/autorai.nl\/wp-content\/uploads\/2024\/10\/mitsubishi-outlander-phev-2024-europa-foto14-1600x1084.jpg\" data-fancybox=\"galery-0\" title=\"\"><br \/>\n\t\t\t\t\t\t\t<img decoding=\"async\" width=\"360\" height=\"270\" src=\"https:\/\/autorai.nl\/wp-content\/uploads\/2024\/10\/mitsubishi-outlander-phev-2024-europa-foto14-360x270.jpg\" class=\"attachment-small size-small\" alt=\"\" loading=\"lazy\"><i class=\"fa fa-search-plus\" aria-hidden=\"true\"><\/i><br \/>\n\t\t\t\t\t\t<\/span><br \/>\n\t\t\t\t\t<\/figure>\n<figure>\n\t\t\t\t\t<span style=\"cursor: pointer\" data-src=\"https:\/\/autorai.nl\/wp-content\/uploads\/2024\/10\/mitsubishi-outlander-phev-2024-europa-foto13-1600x1067.jpg\" data-fancybox=\"galery-0\" title=\"\"><br \/>\n\t\t\t\t\t\t\t<img decoding=\"async\" width=\"640\" height=\"480\" src=\"https:\/\/autorai.nl\/wp-content\/uploads\/2024\/10\/mitsubishi-outlander-phev-2024-europa-foto13-640x480.jpg\" class=\"attachment-medium size-medium\" alt=\"\" loading=\"lazy\"><i class=\"fa fa-search-plus\" aria-hidden=\"true\"><\/i><br \/>\n\t\t\t\t\t\t<\/span><br \/>\n\t\t\t\t\t<\/figure>\n<figure>\n\t\t\t\t\t<span style=\"cursor: pointer\" data-src=\"https:\/\/autorai.nl\/wp-content\/uploads\/2024\/10\/mitsubishi-outlander-phev-2024-europa-foto12-1600x1067.jpg\" data-fancybox=\"galery-0\" title=\"\"><br \/>\n\t\t\t\t\t\t\t<img decoding=\"async\" width=\"360\" height=\"270\" src=\"https:\/\/autorai.nl\/wp-content\/uploads\/2024\/10\/mitsubishi-outlander-phev-2024-europa-foto12-360x270.jpg\" class=\"attachment-small size-small\" alt=\"\" loading=\"lazy\"><i class=\"fa fa-search-plus\" aria-hidden=\"true\"><\/i><br \/>\n\t\t\t\t\t\t<\/span><br \/>\n\t\t\t\t\t<\/figure>\n<figure>\n\t\t\t\t\t<span style=\"cursor: pointer\" data-src=\"https:\/\/autorai.nl\/wp-content\/uploads\/2024\/10\/mitsubishi-outlander-phev-2024-europa-foto11-1600x1067.jpg\" data-fancybox=\"galery-0\" title=\"\"><br \/>\n\t\t\t\t\t\t\t<img decoding=\"async\" width=\"360\" height=\"270\" src=\"https:\/\/autorai.nl\/wp-content\/uploads\/2024\/10\/mitsubishi-outlander-phev-2024-europa-foto11-360x270.jpg\" class=\"attachment-small size-small\" alt=\"\" loading=\"lazy\"><i class=\"fa fa-search-plus\" aria-hidden=\"true\"><\/i><br \/>\n\t\t\t\t\t\t<\/span><br \/>\n\t\t\t\t\t<\/figure>\n<figure>\n\t\t\t\t\t<span style=\"cursor: pointer\" data-src=\"https:\/\/autorai.nl\/wp-content\/uploads\/2024\/10\/mitsubishi-outlander-phev-2024-europa-foto10-1600x1067.jpg\" data-fancybox=\"galery-0\" title=\"\"><br \/>\n\t\t\t\t\t\t\t<img decoding=\"async\" width=\"640\" height=\"480\" src=\"https:\/\/autorai.nl\/wp-content\/uploads\/2024\/10\/mitsubishi-outlander-phev-2024-europa-foto10-640x480.jpg\" class=\"attachment-medium size-medium\" alt=\"\" loading=\"lazy\"><i class=\"fa fa-search-plus\" aria-hidden=\"true\"><\/i><br \/>\n\t\t\t\t\t\t<\/span><br \/>\n\t\t\t\t\t<\/figure>\n<figure>\n\t\t\t\t\t<span style=\"cursor: pointer\" data-src=\"https:\/\/autorai.nl\/wp-content\/uploads\/2024\/10\/mitsubishi-outlander-phev-2024-europa-foto9-1600x1067.jpg\" data-fancybox=\"galery-0\" title=\"\"><br \/>\n\t\t\t\t\t\t\t<img decoding=\"async\" width=\"360\" height=\"270\" src=\"https:\/\/autorai.nl\/wp-content\/uploads\/2024\/10\/mitsubishi-outlander-phev-2024-europa-foto9-360x270.jpg\" class=\"attachment-small size-small\" alt=\"\" loading=\"lazy\"><i class=\"fa fa-search-plus\" aria-hidden=\"true\"><\/i><br \/>\n\t\t\t\t\t\t<\/span><br \/>\n\t\t\t\t\t<\/figure>\n<figure>\n\t\t\t\t\t<span style=\"cursor: pointer\" data-src=\"https:\/\/autorai.nl\/wp-content\/uploads\/2024\/10\/mitsubishi-outlander-phev-2024-europa-foto8-1600x1018.jpg\" data-fancybox=\"galery-0\" title=\"\"><br \/>\n\t\t\t\t\t\t\t<img decoding=\"async\" width=\"360\" height=\"270\" src=\"https:\/\/autorai.nl\/wp-content\/uploads\/2024\/10\/mitsubishi-outlander-phev-2024-europa-foto8-360x270.jpg\" class=\"attachment-small size-small\" alt=\"\" loading=\"lazy\"><i class=\"fa fa-search-plus\" aria-hidden=\"true\"><\/i><br \/>\n\t\t\t\t\t\t<\/span><br \/>\n\t\t\t\t\t<\/figure>\n<figure>\n\t\t\t\t\t<span style=\"cursor: pointer\" data-src=\"https:\/\/autorai.nl\/wp-content\/uploads\/2024\/10\/mitsubishi-outlander-phev-2024-europa-foto7-1600x1067.jpg\" data-fancybox=\"galery-0\" title=\"\"><br \/>\n\t\t\t\t\t\t\t<img decoding=\"async\" width=\"640\" height=\"480\" src=\"https:\/\/autorai.nl\/wp-content\/uploads\/2024\/10\/mitsubishi-outlander-phev-2024-europa-foto7-640x480.jpg\" class=\"attachment-medium size-medium\" alt=\"\" loading=\"lazy\"><i class=\"fa fa-search-plus\" aria-hidden=\"true\"><\/i><br \/>\n\t\t\t\t\t\t<\/span><br \/>\n\t\t\t\t\t<\/figure>\n<figure>\n\t\t\t\t\t<span style=\"cursor: pointer\" data-src=\"https:\/\/autorai.nl\/wp-content\/uploads\/2024\/10\/mitsubishi-outlander-phev-2024-europa-foto6-1600x1067.jpg\" data-fancybox=\"galery-0\" title=\"\"><br \/>\n\t\t\t\t\t\t\t<img decoding=\"async\" width=\"360\" height=\"270\" src=\"https:\/\/autorai.nl\/wp-content\/uploads\/2024\/10\/mitsubishi-outlander-phev-2024-europa-foto6-360x270.jpg\" class=\"attachment-small size-small\" alt=\"\" loading=\"lazy\"><i class=\"fa fa-search-plus\" aria-hidden=\"true\"><\/i><br \/>\n\t\t\t\t\t\t<\/span><br \/>\n\t\t\t\t\t<\/figure>\n<figure>\n\t\t\t\t\t<span style=\"cursor: pointer\" data-src=\"https:\/\/autorai.nl\/wp-content\/uploads\/2024\/10\/mitsubishi-outlander-phev-2024-europa-foto5-1600x1018.jpg\" data-fancybox=\"galery-0\" title=\"\"><br \/>\n\t\t\t\t\t\t\t<img decoding=\"async\" width=\"360\" height=\"270\" src=\"https:\/\/autorai.nl\/wp-content\/uploads\/2024\/10\/mitsubishi-outlander-phev-2024-europa-foto5-360x270.jpg\" class=\"attachment-small size-small\" alt=\"\" loading=\"lazy\"><i class=\"fa fa-search-plus\" aria-hidden=\"true\"><\/i><br \/>\n\t\t\t\t\t\t<\/span><br \/>\n\t\t\t\t\t<\/figure>\n<figure>\n\t\t\t\t\t<span style=\"cursor: pointer\" data-src=\"https:\/\/autorai.nl\/wp-content\/uploads\/2024\/10\/mitsubishi-outlander-phev-2024-europa-foto4-1600x1067.jpg\" data-fancybox=\"galery-0\" title=\"\"><br \/>\n\t\t\t\t\t\t\t<img decoding=\"async\" width=\"640\" height=\"480\" src=\"https:\/\/autorai.nl\/wp-content\/uploads\/2024\/10\/mitsubishi-outlander-phev-2024-europa-foto4-640x480.jpg\" class=\"attachment-medium size-medium\" alt=\"\" loading=\"lazy\"><i class=\"fa fa-search-plus\" aria-hidden=\"true\"><\/i><br \/>\n\t\t\t\t\t\t<\/span><br \/>\n\t\t\t\t\t<\/figure>\n<figure>\n\t\t\t\t\t<span style=\"cursor: pointer\" data-src=\"https:\/\/autorai.nl\/wp-content\/uploads\/2024\/10\/mitsubishi-outlander-phev-2024-europa-foto3-1600x1067.jpg\" data-fancybox=\"galery-0\" title=\"\"><br \/>\n\t\t\t\t\t\t\t<img decoding=\"async\" width=\"360\" height=\"270\" src=\"https:\/\/autorai.nl\/wp-content\/uploads\/2024\/10\/mitsubishi-outlander-phev-2024-europa-foto3-360x270.jpg\" class=\"attachment-small size-small\" alt=\"\" loading=\"lazy\"><i class=\"fa fa-search-plus\" aria-hidden=\"true\"><\/i><br \/>\n\t\t\t\t\t\t<\/span><br \/>\n\t\t\t\t\t<\/figure>\n<figure>\n\t\t\t\t\t<span style=\"cursor: pointer\" data-src=\"https:\/\/autorai.nl\/wp-content\/uploads\/2024\/10\/mitsubishi-outlander-phev-2024-europa-foto2-1600x1067.jpg\" data-fancybox=\"galery-0\" title=\"\"><br \/>\n\t\t\t\t\t\t\t<img decoding=\"async\" width=\"360\" height=\"270\" src=\"https:\/\/autorai.nl\/wp-content\/uploads\/2024\/10\/mitsubishi-outlander-phev-2024-europa-foto2-360x270.jpg\" class=\"attachment-small size-small\" alt=\"\" loading=\"lazy\"><i class=\"fa fa-search-plus\" aria-hidden=\"true\"><\/i><br \/>\n\t\t\t\t\t\t<\/span><br \/>\n\t\t\t\t\t<\/figure>\n<div class=\"clear\"><\/div>\n<\/div>\n","protected":false},"excerpt":{"rendered":"Le design du Mitsubishi Outlander PHEV Le nouvel Outlander PHEV mesure 4 719 mm de long, 1 862 mm de\u2026","protected":false},"author":0,"featured_media":148018,"comment_status":"","ping_status":"open","sticky":false,"template":"","format":"standard","meta":{"footnotes":""},"categories":[127],"tags":[],"class_list":["post-149417","post","type-post","status-publish","format-standard","has-post-thumbnail","hentry","category-nouvelles-de-voiture"],"acf":[],"yoast_head":"<!-- This site is optimized with the Yoast SEO plugin v21.2 - https:\/\/yoast.com\/wordpress\/plugins\/seo\/ -->\n<title>Le nouveau Mitsubishi Outlander PHEV a un prix de d\u00e9part - All cars news<\/title>\n<meta name=\"robots\" content=\"index, follow, max-snippet:-1, max-image-preview:large, max-video-preview:-1\" \/>\n<link rel=\"canonical\" href=\"https:\/\/all-car-news.com\/fr\/le-nouveau-mitsubishi-outlander-phev-a-un-prix-de-depart\/\" \/>\n<meta property=\"og:locale\" content=\"fr_FR\" \/>\n<meta property=\"og:type\" content=\"article\" \/>\n<meta property=\"og:title\" content=\"Le nouveau Mitsubishi Outlander PHEV a un prix de d\u00e9part - All cars news\" \/>\n<meta property=\"og:description\" content=\"Le design du Mitsubishi Outlander PHEV Le nouvel Outlander PHEV mesure 4 719 mm de long, 1 862 mm de large et 1 750 mm de haut. L&#039;empattement est de 2 704 mm. Le design du Mitsubishi Outlander PHEV ne n\u00e9cessite que peu d&#039;explications. La voiture a l&#039;air robuste et typique de Mitsubishi, le design de la face avant Dynamic Shield \u00e9tant particuli\u00e8rement frappant.  Il y a [...]\" \/>\n<meta property=\"og:url\" content=\"https:\/\/all-car-news.com\/fr\/le-nouveau-mitsubishi-outlander-phev-a-un-prix-de-depart\/\" \/>\n<meta property=\"og:site_name\" content=\"All cars news\" \/>\n<meta property=\"article:published_time\" content=\"2024-10-02T10:09:17+00:00\" \/>\n<meta property=\"og:image\" content=\"https:\/\/autorai.nl\/wp-content\/uploads\/2024\/10\/mitsubishi-outlander-phev-2024-europa-foto1-640x480.jpg\" \/>\n<meta name=\"twitter:card\" content=\"summary_large_image\" \/>\n<meta name=\"twitter:label1\" content=\"Dur\u00e9e de lecture estim\u00e9e\" \/>\n\t<meta name=\"twitter:data1\" content=\"5 minutes\" \/>\n<script type=\"application\/ld+json\" class=\"yoast-schema-graph\">{\"@context\":\"https:\/\/schema.org\",\"@graph\":[{\"@type\":\"Article\",\"@id\":\"https:\/\/all-car-news.com\/fr\/le-nouveau-mitsubishi-outlander-phev-a-un-prix-de-depart\/#article\",\"isPartOf\":{\"@id\":\"https:\/\/all-car-news.com\/fr\/le-nouveau-mitsubishi-outlander-phev-a-un-prix-de-depart\/\"},\"author\":{\"name\":\"\",\"@id\":\"\"},\"headline\":\"Le nouveau Mitsubishi Outlander PHEV a un prix de d\u00e9part\",\"datePublished\":\"2024-10-02T10:09:17+00:00\",\"dateModified\":\"2024-10-02T10:09:17+00:00\",\"mainEntityOfPage\":{\"@id\":\"https:\/\/all-car-news.com\/fr\/le-nouveau-mitsubishi-outlander-phev-a-un-prix-de-depart\/\"},\"wordCount\":1019,\"publisher\":{\"@id\":\"https:\/\/all-car-news.com\/fr\/#organization\"},\"articleSection\":[\"nouvelles de voiture\"],\"inLanguage\":\"fr-FR\"},{\"@type\":\"WebPage\",\"@id\":\"https:\/\/all-car-news.com\/fr\/le-nouveau-mitsubishi-outlander-phev-a-un-prix-de-depart\/\",\"url\":\"https:\/\/all-car-news.com\/fr\/le-nouveau-mitsubishi-outlander-phev-a-un-prix-de-depart\/\",\"name\":\"Le nouveau Mitsubishi Outlander PHEV a un prix de d\u00e9part - All cars news\",\"isPartOf\":{\"@id\":\"https:\/\/all-car-news.com\/fr\/#website\"},\"datePublished\":\"2024-10-02T10:09:17+00:00\",\"dateModified\":\"2024-10-02T10:09:17+00:00\",\"breadcrumb\":{\"@id\":\"https:\/\/all-car-news.com\/fr\/le-nouveau-mitsubishi-outlander-phev-a-un-prix-de-depart\/#breadcrumb\"},\"inLanguage\":\"fr-FR\",\"potentialAction\":[{\"@type\":\"ReadAction\",\"target\":[\"https:\/\/all-car-news.com\/fr\/le-nouveau-mitsubishi-outlander-phev-a-un-prix-de-depart\/\"]}]},{\"@type\":\"BreadcrumbList\",\"@id\":\"https:\/\/all-car-news.com\/fr\/le-nouveau-mitsubishi-outlander-phev-a-un-prix-de-depart\/#breadcrumb\",\"itemListElement\":[{\"@type\":\"ListItem\",\"position\":1,\"name\":\"Home\",\"item\":\"https:\/\/all-car-news.com\/fr\/\"},{\"@type\":\"ListItem\",\"position\":2,\"name\":\"Le nouveau Mitsubishi Outlander PHEV a un prix de d\u00e9part\"}]},{\"@type\":\"WebSite\",\"@id\":\"https:\/\/all-car-news.com\/fr\/#website\",\"url\":\"https:\/\/all-car-news.com\/fr\/\",\"name\":\"All cars news\",\"description\":\"\",\"publisher\":{\"@id\":\"https:\/\/all-car-news.com\/fr\/#organization\"},\"potentialAction\":[{\"@type\":\"SearchAction\",\"target\":{\"@type\":\"EntryPoint\",\"urlTemplate\":\"https:\/\/all-car-news.com\/fr\/?s={search_term_string}\"},\"query-input\":\"required name=search_term_string\"}],\"inLanguage\":\"fr-FR\"},{\"@type\":\"Organization\",\"@id\":\"https:\/\/all-car-news.com\/fr\/#organization\",\"name\":\"All cars news\",\"url\":\"https:\/\/all-car-news.com\/fr\/\",\"logo\":{\"@type\":\"ImageObject\",\"inLanguage\":\"fr-FR\",\"@id\":\"https:\/\/all-car-news.com\/fr\/#\/schema\/logo\/image\/\",\"url\":\"https:\/\/all-car-news.com\/wp-content\/uploads\/2022\/02\/CMYK-AllCarNews_LANDSCAPE_300px-1.png\",\"contentUrl\":\"https:\/\/all-car-news.com\/wp-content\/uploads\/2022\/02\/CMYK-AllCarNews_LANDSCAPE_300px-1.png\",\"width\":300,\"height\":100,\"caption\":\"All cars news\"},\"image\":{\"@id\":\"https:\/\/all-car-news.com\/fr\/#\/schema\/logo\/image\/\"}}]}<\/script>\n<!-- \/ Yoast SEO plugin. -->","yoast_head_json":{"title":"Le nouveau Mitsubishi Outlander PHEV a un prix de d\u00e9part - All cars news","robots":{"index":"index","follow":"follow","max-snippet":"max-snippet:-1","max-image-preview":"max-image-preview:large","max-video-preview":"max-video-preview:-1"},"canonical":"https:\/\/all-car-news.com\/fr\/le-nouveau-mitsubishi-outlander-phev-a-un-prix-de-depart\/","og_locale":"fr_FR","og_type":"article","og_title":"Le nouveau Mitsubishi Outlander PHEV a un prix de d\u00e9part - All cars news","og_description":"Le design du Mitsubishi Outlander PHEV Le nouvel Outlander PHEV mesure 4 719 mm de long, 1 862 mm de large et 1 750 mm de haut. L'empattement est de 2 704 mm. Le design du Mitsubishi Outlander PHEV ne n\u00e9cessite que peu d'explications. La voiture a l'air robuste et typique de Mitsubishi, le design de la face avant Dynamic Shield \u00e9tant particuli\u00e8rement frappant.  Il y a [...]","og_url":"https:\/\/all-car-news.com\/fr\/le-nouveau-mitsubishi-outlander-phev-a-un-prix-de-depart\/","og_site_name":"All cars news","article_published_time":"2024-10-02T10:09:17+00:00","og_image":[{"url":"https:\/\/autorai.nl\/wp-content\/uploads\/2024\/10\/mitsubishi-outlander-phev-2024-europa-foto1-640x480.jpg"}],"twitter_card":"summary_large_image","twitter_misc":{"Dur\u00e9e de lecture estim\u00e9e":"5 minutes"},"schema":{"@context":"https:\/\/schema.org","@graph":[{"@type":"Article","@id":"https:\/\/all-car-news.com\/fr\/le-nouveau-mitsubishi-outlander-phev-a-un-prix-de-depart\/#article","isPartOf":{"@id":"https:\/\/all-car-news.com\/fr\/le-nouveau-mitsubishi-outlander-phev-a-un-prix-de-depart\/"},"author":{"name":"","@id":""},"headline":"Le nouveau Mitsubishi Outlander PHEV a un prix de d\u00e9part","datePublished":"2024-10-02T10:09:17+00:00","dateModified":"2024-10-02T10:09:17+00:00","mainEntityOfPage":{"@id":"https:\/\/all-car-news.com\/fr\/le-nouveau-mitsubishi-outlander-phev-a-un-prix-de-depart\/"},"wordCount":1019,"publisher":{"@id":"https:\/\/all-car-news.com\/fr\/#organization"},"articleSection":["nouvelles de voiture"],"inLanguage":"fr-FR"},{"@type":"WebPage","@id":"https:\/\/all-car-news.com\/fr\/le-nouveau-mitsubishi-outlander-phev-a-un-prix-de-depart\/","url":"https:\/\/all-car-news.com\/fr\/le-nouveau-mitsubishi-outlander-phev-a-un-prix-de-depart\/","name":"Le nouveau Mitsubishi Outlander PHEV a un prix de d\u00e9part - All cars news","isPartOf":{"@id":"https:\/\/all-car-news.com\/fr\/#website"},"datePublished":"2024-10-02T10:09:17+00:00","dateModified":"2024-10-02T10:09:17+00:00","breadcrumb":{"@id":"https:\/\/all-car-news.com\/fr\/le-nouveau-mitsubishi-outlander-phev-a-un-prix-de-depart\/#breadcrumb"},"inLanguage":"fr-FR","potentialAction":[{"@type":"ReadAction","target":["https:\/\/all-car-news.com\/fr\/le-nouveau-mitsubishi-outlander-phev-a-un-prix-de-depart\/"]}]},{"@type":"BreadcrumbList","@id":"https:\/\/all-car-news.com\/fr\/le-nouveau-mitsubishi-outlander-phev-a-un-prix-de-depart\/#breadcrumb","itemListElement":[{"@type":"ListItem","position":1,"name":"Home","item":"https:\/\/all-car-news.com\/fr\/"},{"@type":"ListItem","position":2,"name":"Le nouveau Mitsubishi Outlander PHEV a un prix de d\u00e9part"}]},{"@type":"WebSite","@id":"https:\/\/all-car-news.com\/fr\/#website","url":"https:\/\/all-car-news.com\/fr\/","name":"All cars news","description":"","publisher":{"@id":"https:\/\/all-car-news.com\/fr\/#organization"},"potentialAction":[{"@type":"SearchAction","target":{"@type":"EntryPoint","urlTemplate":"https:\/\/all-car-news.com\/fr\/?s={search_term_string}"},"query-input":"required name=search_term_string"}],"inLanguage":"fr-FR"},{"@type":"Organization","@id":"https:\/\/all-car-news.com\/fr\/#organization","name":"All cars news","url":"https:\/\/all-car-news.com\/fr\/","logo":{"@type":"ImageObject","inLanguage":"fr-FR","@id":"https:\/\/all-car-news.com\/fr\/#\/schema\/logo\/image\/","url":"https:\/\/all-car-news.com\/wp-content\/uploads\/2022\/02\/CMYK-AllCarNews_LANDSCAPE_300px-1.png","contentUrl":"https:\/\/all-car-news.com\/wp-content\/uploads\/2022\/02\/CMYK-AllCarNews_LANDSCAPE_300px-1.png","width":300,"height":100,"caption":"All cars news"},"image":{"@id":"https:\/\/all-car-news.com\/fr\/#\/schema\/logo\/image\/"}}]}},"_links":{"self":[{"href":"https:\/\/all-car-news.com\/fr\/wp-json\/wp\/v2\/posts\/149417","targetHints":{"allow":["GET"]}}],"collection":[{"href":"https:\/\/all-car-news.com\/fr\/wp-json\/wp\/v2\/posts"}],"about":[{"href":"https:\/\/all-car-news.com\/fr\/wp-json\/wp\/v2\/types\/post"}],"replies":[{"embeddable":true,"href":"https:\/\/all-car-news.com\/fr\/wp-json\/wp\/v2\/comments?post=149417"}],"version-history":[{"count":0,"href":"https:\/\/all-car-news.com\/fr\/wp-json\/wp\/v2\/posts\/149417\/revisions"}],"wp:featuredmedia":[{"embeddable":true,"href":"https:\/\/all-car-news.com\/fr\/wp-json\/wp\/v2\/media\/148018"}],"wp:attachment":[{"href":"https:\/\/all-car-news.com\/fr\/wp-json\/wp\/v2\/media?parent=149417"}],"wp:term":[{"taxonomy":"category","embeddable":true,"href":"https:\/\/all-car-news.com\/fr\/wp-json\/wp\/v2\/categories?post=149417"},{"taxonomy":"post_tag","embeddable":true,"href":"https:\/\/all-car-news.com\/fr\/wp-json\/wp\/v2\/tags?post=149417"}],"curies":[{"name":"wp","href":"https:\/\/api.w.org\/{rel}","templated":true}]}}