{"id":149092,"date":"2024-08-14T13:28:44","date_gmt":"2024-08-14T13:28:44","guid":{"rendered":"https:\/\/all-car-news.com\/a2-passe-sous-le-bistouri-mieux-vaut-travailler-a-domicile-ces-jours-la\/"},"modified":"2024-08-14T13:28:44","modified_gmt":"2024-08-14T13:28:44","slug":"a2-passe-sous-le-bistouri-mieux-vaut-travailler-a-domicile-ces-jours-la","status":"publish","type":"post","link":"https:\/\/all-car-news.com\/fr\/a2-passe-sous-le-bistouri-mieux-vaut-travailler-a-domicile-ces-jours-la\/","title":{"rendered":"A2 passe sous le bistouri : mieux vaut travailler \u00e0 domicile ces jours-l\u00e0"},"content":{"rendered":"<h3>Que nous r\u00e9serve l&rsquo;avenir ?<\/h3>\n<p>L&rsquo;A2 a besoin d&rsquo;un entretien important.<br \/>\nL&rsquo;asphalte actuel doit \u00eatre remplac\u00e9 et, comme il s&rsquo;agit d&rsquo;une route tr\u00e8s fr\u00e9quent\u00e9e, le Rijkswaterstaat a imm\u00e9diatement pos\u00e9 un asphalte plus silencieux.<br \/>\nCela signifie moins de bruit pour les riverains et une route qui peut \u00e0 nouveau durer des ann\u00e9es. <a href=\"https:\/\/www.rijkswaterstaat.nl\/nieuws\/archief\/2024\/07\/a2-afsluitingen-en-hinder-richting-s-hertogenbosch-14-augustus-30-september-2024\" target=\"_blank\" rel=\"noreferrer noopener\">Rijkswaterstaat <\/a>remettra \u00e9galement \u00e0 neuf le Jan Blankenbrug.<br \/>\nLe r\u00e9sultat ?<br \/>\nCinq week-ends de fermetures et quelques nuits avec moins de voies.      <\/p>\n<h2><strong>Quand pouvez-vous vous attendre \u00e0 ces fermetures ?<\/strong><\/h2>\n<p>\u00c0 partir du 14 ao\u00fbt, vous pouvez vous attendre \u00e0 de nouveaux embouteillages autour d&rsquo;Utrecht.<br \/>\nEntre la jonction Oudenrijn et Everdingen, Rijkswaterstaat posera de l&rsquo;asphalte frais et des voies seront ferm\u00e9es.<br \/>\nPendant les travaux, l&rsquo;A2 en direction de &lsquo;s-Hertogenbosch sera ferm\u00e9e pendant cinq week-ends.<br \/>\nDu 15 au 19 ao\u00fbt et du 29 ao\u00fbt au 2 septembre entre la jonction Oudenrijn et Vianen, et du 22 au 26 ao\u00fbt, du 6 au 9 septembre et du 20 au 23 septembre entre la jonction Oudenrijn et la jonction Everdingen.<br \/>\n3 des 5 week-ends, l&rsquo;A2 est d\u00e9j\u00e0 ferm\u00e9e depuis le jeudi soir.    <\/p>\n<p>En outre, huit fermetures nocturnes auront lieu et moins de voies seront disponibles de jour comme de nuit les jours de semaine entre l&rsquo;\u00e9changeur d&rsquo;Oudenrijn et l&rsquo;\u00e9changeur d&rsquo;Everdingen.<br \/>\nLe temps de trajet suppl\u00e9mentaire peut d\u00e9passer 60 minutes.<br \/>\nRijkswaterstaat invite les gens \u00e0 rester chez eux ou \u00e0 travailler \u00e0 partir de chez eux si possible pendant les travaux et \u00e0 voyager ensemble ou diff\u00e9remment.  <\/p>\n<p><strong>Une vue d&rsquo;ensemble :<\/strong><\/p>\n<ul>\n<li><strong>15-19 ao\u00fbt :<\/strong> A2 ferm\u00e9e de Oudenrijn \u00e0 Vianen.<\/li>\n<li><strong>22-26 ao\u00fbt :<\/strong> Fermeture de Oudenrijn \u00e0 Everdingen.<\/li>\n<li><strong>29 ao\u00fbt &#8211; 2 septembre :<\/strong> \u00e0 nouveau ferm\u00e9 entre Oudenrijn et Vianen<strong>.<\/strong> <\/li>\n<li><strong>6-9 septembre :<\/strong> \u00e0 nouveau entre Oudenrijn et Vianen.<\/li>\n<li><strong>20-23 septembre :<\/strong> fermeture d\u00e9finitive de Oudenrijn \u00e0 Everdingen.<\/li>\n<\/ul>\n<h3><\/h3>\n<p>Voir aussi : <a href=\"https:\/\/www.youtube.com\/watch?v=jmBIkTQuWuI&amp;t=1s\" target=\"_blank\" rel=\"noreferrer noopener\">Vacances d&rsquo;\u00e9t\u00e9 dans le sud de la France avec la voiture \u00e9lectrique la plus rapide \u00e0 charger<\/a><\/p>\n<figure class=\"wp-block-embed is-type-video is-provider-youtube wp-block-embed-youtube wp-embed-aspect-16-9 wp-has-aspect-ratio\">\n<div class=\"wp-block-embed__wrapper\">\n<\/div>\n<\/figure><\/p>\n","protected":false},"excerpt":{"rendered":"Qu'est-ce qui est pr\u00e9vu ? L'A2 doit faire l'objet de travaux d'entretien importants. L'asphalte actuel doit \u00eatre remplac\u00e9 et, comme\u2026","protected":false},"author":0,"featured_media":146806,"comment_status":"","ping_status":"open","sticky":false,"template":"","format":"standard","meta":{"footnotes":""},"categories":[127],"tags":[],"class_list":["post-149092","post","type-post","status-publish","format-standard","has-post-thumbnail","hentry","category-nouvelles-de-voiture"],"acf":[],"yoast_head":"<!-- This site is optimized with the Yoast SEO plugin v21.2 - https:\/\/yoast.com\/wordpress\/plugins\/seo\/ -->\n<title>A2 passe sous le bistouri : mieux vaut travailler \u00e0 domicile ces jours-l\u00e0 - All cars news<\/title>\n<meta name=\"robots\" content=\"index, follow, max-snippet:-1, max-image-preview:large, max-video-preview:-1\" \/>\n<link rel=\"canonical\" href=\"https:\/\/all-car-news.com\/fr\/a2-passe-sous-le-bistouri-mieux-vaut-travailler-a-domicile-ces-jours-la\/\" \/>\n<meta property=\"og:locale\" content=\"fr_FR\" \/>\n<meta property=\"og:type\" content=\"article\" \/>\n<meta property=\"og:title\" content=\"A2 passe sous le bistouri : mieux vaut travailler \u00e0 domicile ces jours-l\u00e0 - All cars news\" \/>\n<meta property=\"og:description\" content=\"Qu&#039;est-ce qui est pr\u00e9vu ? L&#039;A2 doit faire l&#039;objet de travaux d&#039;entretien importants. L&#039;asphalte actuel doit \u00eatre remplac\u00e9 et, comme il s&#039;agit d&#039;une route tr\u00e8s fr\u00e9quent\u00e9e, le Rijkswaterstaat posera imm\u00e9diatement un asphalte plus silencieux. Cela signifie moins de bruit pour les riverains et une route qui peut \u00e0 nouveau durer des ann\u00e9es. Rijkswaterstaat va \u00e9galement remplacer le Jan Blankenbrug [...].\" \/>\n<meta property=\"og:url\" content=\"https:\/\/all-car-news.com\/fr\/a2-passe-sous-le-bistouri-mieux-vaut-travailler-a-domicile-ces-jours-la\/\" \/>\n<meta property=\"og:site_name\" content=\"All cars news\" \/>\n<meta property=\"article:published_time\" content=\"2024-08-14T13:28:44+00:00\" \/>\n<meta name=\"twitter:card\" content=\"summary_large_image\" \/>\n<meta name=\"twitter:label1\" content=\"Dur\u00e9e de lecture estim\u00e9e\" \/>\n\t<meta name=\"twitter:data1\" content=\"2 minutes\" \/>\n<script type=\"application\/ld+json\" class=\"yoast-schema-graph\">{\"@context\":\"https:\/\/schema.org\",\"@graph\":[{\"@type\":\"Article\",\"@id\":\"https:\/\/all-car-news.com\/fr\/a2-passe-sous-le-bistouri-mieux-vaut-travailler-a-domicile-ces-jours-la\/#article\",\"isPartOf\":{\"@id\":\"https:\/\/all-car-news.com\/fr\/a2-passe-sous-le-bistouri-mieux-vaut-travailler-a-domicile-ces-jours-la\/\"},\"author\":{\"name\":\"\",\"@id\":\"\"},\"headline\":\"A2 passe sous le bistouri : mieux vaut travailler \u00e0 domicile ces jours-l\u00e0\",\"datePublished\":\"2024-08-14T13:28:44+00:00\",\"dateModified\":\"2024-08-14T13:28:44+00:00\",\"mainEntityOfPage\":{\"@id\":\"https:\/\/all-car-news.com\/fr\/a2-passe-sous-le-bistouri-mieux-vaut-travailler-a-domicile-ces-jours-la\/\"},\"wordCount\":312,\"publisher\":{\"@id\":\"https:\/\/all-car-news.com\/fr\/#organization\"},\"articleSection\":[\"nouvelles de voiture\"],\"inLanguage\":\"fr-FR\"},{\"@type\":\"WebPage\",\"@id\":\"https:\/\/all-car-news.com\/fr\/a2-passe-sous-le-bistouri-mieux-vaut-travailler-a-domicile-ces-jours-la\/\",\"url\":\"https:\/\/all-car-news.com\/fr\/a2-passe-sous-le-bistouri-mieux-vaut-travailler-a-domicile-ces-jours-la\/\",\"name\":\"A2 passe sous le bistouri : mieux vaut travailler \u00e0 domicile ces jours-l\u00e0 - All cars news\",\"isPartOf\":{\"@id\":\"https:\/\/all-car-news.com\/fr\/#website\"},\"datePublished\":\"2024-08-14T13:28:44+00:00\",\"dateModified\":\"2024-08-14T13:28:44+00:00\",\"breadcrumb\":{\"@id\":\"https:\/\/all-car-news.com\/fr\/a2-passe-sous-le-bistouri-mieux-vaut-travailler-a-domicile-ces-jours-la\/#breadcrumb\"},\"inLanguage\":\"fr-FR\",\"potentialAction\":[{\"@type\":\"ReadAction\",\"target\":[\"https:\/\/all-car-news.com\/fr\/a2-passe-sous-le-bistouri-mieux-vaut-travailler-a-domicile-ces-jours-la\/\"]}]},{\"@type\":\"BreadcrumbList\",\"@id\":\"https:\/\/all-car-news.com\/fr\/a2-passe-sous-le-bistouri-mieux-vaut-travailler-a-domicile-ces-jours-la\/#breadcrumb\",\"itemListElement\":[{\"@type\":\"ListItem\",\"position\":1,\"name\":\"Home\",\"item\":\"https:\/\/all-car-news.com\/fr\/\"},{\"@type\":\"ListItem\",\"position\":2,\"name\":\"A2 passe sous le bistouri : mieux vaut travailler \u00e0 domicile ces jours-l\u00e0\"}]},{\"@type\":\"WebSite\",\"@id\":\"https:\/\/all-car-news.com\/fr\/#website\",\"url\":\"https:\/\/all-car-news.com\/fr\/\",\"name\":\"All cars news\",\"description\":\"\",\"publisher\":{\"@id\":\"https:\/\/all-car-news.com\/fr\/#organization\"},\"potentialAction\":[{\"@type\":\"SearchAction\",\"target\":{\"@type\":\"EntryPoint\",\"urlTemplate\":\"https:\/\/all-car-news.com\/fr\/?s={search_term_string}\"},\"query-input\":\"required name=search_term_string\"}],\"inLanguage\":\"fr-FR\"},{\"@type\":\"Organization\",\"@id\":\"https:\/\/all-car-news.com\/fr\/#organization\",\"name\":\"All cars news\",\"url\":\"https:\/\/all-car-news.com\/fr\/\",\"logo\":{\"@type\":\"ImageObject\",\"inLanguage\":\"fr-FR\",\"@id\":\"https:\/\/all-car-news.com\/fr\/#\/schema\/logo\/image\/\",\"url\":\"https:\/\/all-car-news.com\/wp-content\/uploads\/2022\/02\/CMYK-AllCarNews_LANDSCAPE_300px-1.png\",\"contentUrl\":\"https:\/\/all-car-news.com\/wp-content\/uploads\/2022\/02\/CMYK-AllCarNews_LANDSCAPE_300px-1.png\",\"width\":300,\"height\":100,\"caption\":\"All cars news\"},\"image\":{\"@id\":\"https:\/\/all-car-news.com\/fr\/#\/schema\/logo\/image\/\"}}]}<\/script>\n<!-- \/ Yoast SEO plugin. -->","yoast_head_json":{"title":"A2 passe sous le bistouri : mieux vaut travailler \u00e0 domicile ces jours-l\u00e0 - All cars news","robots":{"index":"index","follow":"follow","max-snippet":"max-snippet:-1","max-image-preview":"max-image-preview:large","max-video-preview":"max-video-preview:-1"},"canonical":"https:\/\/all-car-news.com\/fr\/a2-passe-sous-le-bistouri-mieux-vaut-travailler-a-domicile-ces-jours-la\/","og_locale":"fr_FR","og_type":"article","og_title":"A2 passe sous le bistouri : mieux vaut travailler \u00e0 domicile ces jours-l\u00e0 - All cars news","og_description":"Qu'est-ce qui est pr\u00e9vu ? L'A2 doit faire l'objet de travaux d'entretien importants. L'asphalte actuel doit \u00eatre remplac\u00e9 et, comme il s'agit d'une route tr\u00e8s fr\u00e9quent\u00e9e, le Rijkswaterstaat posera imm\u00e9diatement un asphalte plus silencieux. Cela signifie moins de bruit pour les riverains et une route qui peut \u00e0 nouveau durer des ann\u00e9es. Rijkswaterstaat va \u00e9galement remplacer le Jan Blankenbrug [...].","og_url":"https:\/\/all-car-news.com\/fr\/a2-passe-sous-le-bistouri-mieux-vaut-travailler-a-domicile-ces-jours-la\/","og_site_name":"All cars news","article_published_time":"2024-08-14T13:28:44+00:00","twitter_card":"summary_large_image","twitter_misc":{"Dur\u00e9e de lecture estim\u00e9e":"2 minutes"},"schema":{"@context":"https:\/\/schema.org","@graph":[{"@type":"Article","@id":"https:\/\/all-car-news.com\/fr\/a2-passe-sous-le-bistouri-mieux-vaut-travailler-a-domicile-ces-jours-la\/#article","isPartOf":{"@id":"https:\/\/all-car-news.com\/fr\/a2-passe-sous-le-bistouri-mieux-vaut-travailler-a-domicile-ces-jours-la\/"},"author":{"name":"","@id":""},"headline":"A2 passe sous le bistouri : mieux vaut travailler \u00e0 domicile ces jours-l\u00e0","datePublished":"2024-08-14T13:28:44+00:00","dateModified":"2024-08-14T13:28:44+00:00","mainEntityOfPage":{"@id":"https:\/\/all-car-news.com\/fr\/a2-passe-sous-le-bistouri-mieux-vaut-travailler-a-domicile-ces-jours-la\/"},"wordCount":312,"publisher":{"@id":"https:\/\/all-car-news.com\/fr\/#organization"},"articleSection":["nouvelles de voiture"],"inLanguage":"fr-FR"},{"@type":"WebPage","@id":"https:\/\/all-car-news.com\/fr\/a2-passe-sous-le-bistouri-mieux-vaut-travailler-a-domicile-ces-jours-la\/","url":"https:\/\/all-car-news.com\/fr\/a2-passe-sous-le-bistouri-mieux-vaut-travailler-a-domicile-ces-jours-la\/","name":"A2 passe sous le bistouri : mieux vaut travailler \u00e0 domicile ces jours-l\u00e0 - All cars news","isPartOf":{"@id":"https:\/\/all-car-news.com\/fr\/#website"},"datePublished":"2024-08-14T13:28:44+00:00","dateModified":"2024-08-14T13:28:44+00:00","breadcrumb":{"@id":"https:\/\/all-car-news.com\/fr\/a2-passe-sous-le-bistouri-mieux-vaut-travailler-a-domicile-ces-jours-la\/#breadcrumb"},"inLanguage":"fr-FR","potentialAction":[{"@type":"ReadAction","target":["https:\/\/all-car-news.com\/fr\/a2-passe-sous-le-bistouri-mieux-vaut-travailler-a-domicile-ces-jours-la\/"]}]},{"@type":"BreadcrumbList","@id":"https:\/\/all-car-news.com\/fr\/a2-passe-sous-le-bistouri-mieux-vaut-travailler-a-domicile-ces-jours-la\/#breadcrumb","itemListElement":[{"@type":"ListItem","position":1,"name":"Home","item":"https:\/\/all-car-news.com\/fr\/"},{"@type":"ListItem","position":2,"name":"A2 passe sous le bistouri : mieux vaut travailler \u00e0 domicile ces jours-l\u00e0"}]},{"@type":"WebSite","@id":"https:\/\/all-car-news.com\/fr\/#website","url":"https:\/\/all-car-news.com\/fr\/","name":"All cars news","description":"","publisher":{"@id":"https:\/\/all-car-news.com\/fr\/#organization"},"potentialAction":[{"@type":"SearchAction","target":{"@type":"EntryPoint","urlTemplate":"https:\/\/all-car-news.com\/fr\/?s={search_term_string}"},"query-input":"required name=search_term_string"}],"inLanguage":"fr-FR"},{"@type":"Organization","@id":"https:\/\/all-car-news.com\/fr\/#organization","name":"All cars news","url":"https:\/\/all-car-news.com\/fr\/","logo":{"@type":"ImageObject","inLanguage":"fr-FR","@id":"https:\/\/all-car-news.com\/fr\/#\/schema\/logo\/image\/","url":"https:\/\/all-car-news.com\/wp-content\/uploads\/2022\/02\/CMYK-AllCarNews_LANDSCAPE_300px-1.png","contentUrl":"https:\/\/all-car-news.com\/wp-content\/uploads\/2022\/02\/CMYK-AllCarNews_LANDSCAPE_300px-1.png","width":300,"height":100,"caption":"All cars news"},"image":{"@id":"https:\/\/all-car-news.com\/fr\/#\/schema\/logo\/image\/"}}]}},"_links":{"self":[{"href":"https:\/\/all-car-news.com\/fr\/wp-json\/wp\/v2\/posts\/149092","targetHints":{"allow":["GET"]}}],"collection":[{"href":"https:\/\/all-car-news.com\/fr\/wp-json\/wp\/v2\/posts"}],"about":[{"href":"https:\/\/all-car-news.com\/fr\/wp-json\/wp\/v2\/types\/post"}],"replies":[{"embeddable":true,"href":"https:\/\/all-car-news.com\/fr\/wp-json\/wp\/v2\/comments?post=149092"}],"version-history":[{"count":0,"href":"https:\/\/all-car-news.com\/fr\/wp-json\/wp\/v2\/posts\/149092\/revisions"}],"wp:featuredmedia":[{"embeddable":true,"href":"https:\/\/all-car-news.com\/fr\/wp-json\/wp\/v2\/media\/146806"}],"wp:attachment":[{"href":"https:\/\/all-car-news.com\/fr\/wp-json\/wp\/v2\/media?parent=149092"}],"wp:term":[{"taxonomy":"category","embeddable":true,"href":"https:\/\/all-car-news.com\/fr\/wp-json\/wp\/v2\/categories?post=149092"},{"taxonomy":"post_tag","embeddable":true,"href":"https:\/\/all-car-news.com\/fr\/wp-json\/wp\/v2\/tags?post=149092"}],"curies":[{"name":"wp","href":"https:\/\/api.w.org\/{rel}","templated":true}]}}