{"id":149078,"date":"2024-08-09T14:22:05","date_gmt":"2024-08-09T14:22:05","guid":{"rendered":"https:\/\/all-car-news.com\/et-le-cabriolet-le-plus-vendu-en-europe-est\/"},"modified":"2024-08-09T14:22:05","modified_gmt":"2024-08-09T14:22:05","slug":"et-le-cabriolet-le-plus-vendu-en-europe-est","status":"publish","type":"post","link":"https:\/\/all-car-news.com\/fr\/et-le-cabriolet-le-plus-vendu-en-europe-est\/","title":{"rendered":"Et le cabriolet le plus vendu en Europe est&#8230;"},"content":{"rendered":"<h2>Num\u00e9ro un  <\/h2>\n<p>Lorsque vous pensez \u00e0 un cabriolet, vous pensez peut-\u00eatre imm\u00e9diatement \u00e0 une Mazda MX-5 ou \u00e0 une Porsche 911 Cabriolet.<br \/>\nVous les trouverez certainement dans la liste des cabriolets les plus vendus, mais ils ne sont pas en t\u00eate.<br \/>\nC&rsquo;est l\u00e0 que vous trouverez la <a href=\"https:\/\/youtu.be\/bL8WTuzzILc?si=flMY4h8bGpoDNNHp\" target=\"_blank\" rel=\"noreferrer noopener\">Mini Cabriolet<\/a>.<br \/>\nAu cours du premier semestre 2024, ce petit cabriolet a \u00e9t\u00e9 vendu 11 140 fois, ce qui en fait le cabriolet le plus recherch\u00e9 d&rsquo;Europe.<br \/>\nC&rsquo;est presque deux fois plus que le num\u00e9ro deux de la liste, le Volkswagen T-Roc Cabrio, qui a trouv\u00e9 6 110 acheteurs.      <\/p>\n<h2>Qu&rsquo;en est-il de la Porsche et de la Mazda ?<\/h2>\n<p>La co\u00fbteuse Porsche 911 Cabriolet et l&rsquo;adorable Mazda MX-5 sont l\u00e9g\u00e8rement \u00e0 la tra\u00eene en termes de chiffres de vente, mais se portent toujours tr\u00e8s bien.<br \/>\nLa Porsche 911 Cabriolet a trouv\u00e9 5 784 nouveaux propri\u00e9taires, tandis que le Mazda MX-5 est cinqui\u00e8me avec 3 545 ventes.<br \/>\nVous trouverez ci-dessous l&rsquo;int\u00e9gralit\u00e9 du top 10 :  <\/p>\n<ol>\n<li><strong> &nbsp;Mini Cabriolet &#8211; 11 140 unit\u00e9s<\/strong><\/li>\n<li><strong> &nbsp;Volkswagen T-Roc Cabrio &#8211; 6 110 unit\u00e9s<\/strong><\/li>\n<li><strong> &nbsp;Porsche 911 Cabriolet &#8211; 5 784 unit\u00e9s<\/strong><\/li>\n<li><strong> &nbsp;BMW S\u00e9rie 4 Cabriolet &#8211; 4 714 unit\u00e9s<\/strong><\/li>\n<li><strong> &nbsp;Mazda MX-5 &#8211; 3 545 unit\u00e9s<\/strong><\/li>\n<li><strong> &nbsp;BMW Z4 &#8211; 3 403 unit\u00e9s<\/strong><\/li>\n<li><strong> &nbsp;Porsche 718 Boxster &#8211; 3 303 unit\u00e9s<\/strong><\/li>\n<li><strong> &nbsp;Audi A5 + S5 Cabriolet &#8211; 2 709 unit\u00e9s<\/strong><\/li>\n<li><strong> &nbsp;Mercedes-Benz CLE Cabriolet &#8211; 1 523 unit\u00e9s<\/strong><\/li>\n<li><strong>&nbsp;Mercedes-Benz SL &#8211; 1 366 unit\u00e9s<\/strong><\/li>\n<\/ol>\n<h2>Race disparue<\/h2>\n<p>De beaux chiffres, mais il n&rsquo;en reste pas moins que les cabriolets en g\u00e9n\u00e9ral sont en voie de disparition.<br \/>\nDe plus en plus de constructeurs automobiles cessent de produire des mod\u00e8les d\u00e9capotables, tout simplement parce que la demande est en baisse.<br \/>\nAu cours de la derni\u00e8re d\u00e9cennie, la plupart des mod\u00e8les abordables ont \u00e9t\u00e9 retir\u00e9s de la production, comme les versions d\u00e9capotables de l&rsquo;Audi A3, de la Volkswagen Golf, de la Volkswagen Beetle, de la Volkswagen Eos, de la Peugeot 207\/208, de la Renault Megane, de la Ford Focus et de la Volvo C70.  <\/p>\n<p>A lire aussi : <a href=\"https:\/\/autorai.nl\/mini-cooper-s-cabrio-2023-review-30-jaar-mini-cabrio\/\">30 ans de mini-cabriolets ! Mini Cooper S Cabriolet (2023) Critique de la Mini Cooper S Cabriolet (2023)<\/a><\/p>\n<figure class=\"wp-block-embed is-type-wp-embed is-provider-autorai-nl wp-block-embed-autorai-nl\">\n<div class=\"wp-block-embed__wrapper\">\n<blockquote class=\"wp-embedded-content\" data-secret=\"ajDcar2Cqv\"><p><a href=\"https:\/\/autorai.nl\/mini-cooper-s-cabrio-2023-review-30-jaar-mini-cabrio\/\">30 ans de mini-cabriolets ! Mini Cooper S Cabriolet (2023) Critique de la Mini Cooper S Cabriolet (2023)<\/a><\/p><\/blockquote>\n<\/div>\n<\/figure>\n","protected":false},"excerpt":{"rendered":"Num\u00e9ro un Lorsque vous pensez \u00e0 un cabriolet, vous pensez peut-\u00eatre imm\u00e9diatement \u00e0 une Mazda MX-5 ou \u00e0 une Porsche\u2026","protected":false},"author":0,"featured_media":146664,"comment_status":"","ping_status":"open","sticky":false,"template":"","format":"standard","meta":{"footnotes":""},"categories":[127],"tags":[],"class_list":["post-149078","post","type-post","status-publish","format-standard","has-post-thumbnail","hentry","category-nouvelles-de-voiture"],"acf":[],"yoast_head":"<!-- This site is optimized with the Yoast SEO plugin v21.2 - https:\/\/yoast.com\/wordpress\/plugins\/seo\/ -->\n<title>Et le cabriolet le plus vendu en Europe est... - All cars news<\/title>\n<meta name=\"robots\" content=\"index, follow, max-snippet:-1, max-image-preview:large, max-video-preview:-1\" \/>\n<link rel=\"canonical\" href=\"https:\/\/all-car-news.com\/fr\/et-le-cabriolet-le-plus-vendu-en-europe-est\/\" \/>\n<meta property=\"og:locale\" content=\"fr_FR\" \/>\n<meta property=\"og:type\" content=\"article\" \/>\n<meta property=\"og:title\" content=\"Et le cabriolet le plus vendu en Europe est... - All cars news\" \/>\n<meta property=\"og:description\" content=\"Num\u00e9ro un Lorsque vous pensez \u00e0 un cabriolet, vous pensez peut-\u00eatre imm\u00e9diatement \u00e0 une Mazda MX-5 ou \u00e0 une Porsche 911 Cabriolet. Vous les trouverez certainement dans la liste des cabriolets les plus vendus, mais ils ne sont pas en t\u00eate. C&#039;est l\u00e0 que vous trouverez la Mini Cabriolet. Au cours du premier semestre 2024, le petit cabriolet a \u00e9t\u00e9 vendu 11 140 fois [...]\" \/>\n<meta property=\"og:url\" content=\"https:\/\/all-car-news.com\/fr\/et-le-cabriolet-le-plus-vendu-en-europe-est\/\" \/>\n<meta property=\"og:site_name\" content=\"All cars news\" \/>\n<meta property=\"article:published_time\" content=\"2024-08-09T14:22:05+00:00\" \/>\n<meta name=\"twitter:card\" content=\"summary_large_image\" \/>\n<meta name=\"twitter:label1\" content=\"Dur\u00e9e de lecture estim\u00e9e\" \/>\n\t<meta name=\"twitter:data1\" content=\"2 minutes\" \/>\n<script type=\"application\/ld+json\" class=\"yoast-schema-graph\">{\"@context\":\"https:\/\/schema.org\",\"@graph\":[{\"@type\":\"Article\",\"@id\":\"https:\/\/all-car-news.com\/fr\/et-le-cabriolet-le-plus-vendu-en-europe-est\/#article\",\"isPartOf\":{\"@id\":\"https:\/\/all-car-news.com\/fr\/et-le-cabriolet-le-plus-vendu-en-europe-est\/\"},\"author\":{\"name\":\"\",\"@id\":\"\"},\"headline\":\"Et le cabriolet le plus vendu en Europe est&#8230;\",\"datePublished\":\"2024-08-09T14:22:05+00:00\",\"dateModified\":\"2024-08-09T14:22:05+00:00\",\"mainEntityOfPage\":{\"@id\":\"https:\/\/all-car-news.com\/fr\/et-le-cabriolet-le-plus-vendu-en-europe-est\/\"},\"wordCount\":365,\"publisher\":{\"@id\":\"https:\/\/all-car-news.com\/fr\/#organization\"},\"articleSection\":[\"nouvelles de voiture\"],\"inLanguage\":\"fr-FR\"},{\"@type\":\"WebPage\",\"@id\":\"https:\/\/all-car-news.com\/fr\/et-le-cabriolet-le-plus-vendu-en-europe-est\/\",\"url\":\"https:\/\/all-car-news.com\/fr\/et-le-cabriolet-le-plus-vendu-en-europe-est\/\",\"name\":\"Et le cabriolet le plus vendu en Europe est... - All cars news\",\"isPartOf\":{\"@id\":\"https:\/\/all-car-news.com\/fr\/#website\"},\"datePublished\":\"2024-08-09T14:22:05+00:00\",\"dateModified\":\"2024-08-09T14:22:05+00:00\",\"breadcrumb\":{\"@id\":\"https:\/\/all-car-news.com\/fr\/et-le-cabriolet-le-plus-vendu-en-europe-est\/#breadcrumb\"},\"inLanguage\":\"fr-FR\",\"potentialAction\":[{\"@type\":\"ReadAction\",\"target\":[\"https:\/\/all-car-news.com\/fr\/et-le-cabriolet-le-plus-vendu-en-europe-est\/\"]}]},{\"@type\":\"BreadcrumbList\",\"@id\":\"https:\/\/all-car-news.com\/fr\/et-le-cabriolet-le-plus-vendu-en-europe-est\/#breadcrumb\",\"itemListElement\":[{\"@type\":\"ListItem\",\"position\":1,\"name\":\"Home\",\"item\":\"https:\/\/all-car-news.com\/fr\/\"},{\"@type\":\"ListItem\",\"position\":2,\"name\":\"Et le cabriolet le plus vendu en Europe est&#8230;\"}]},{\"@type\":\"WebSite\",\"@id\":\"https:\/\/all-car-news.com\/fr\/#website\",\"url\":\"https:\/\/all-car-news.com\/fr\/\",\"name\":\"All cars news\",\"description\":\"\",\"publisher\":{\"@id\":\"https:\/\/all-car-news.com\/fr\/#organization\"},\"potentialAction\":[{\"@type\":\"SearchAction\",\"target\":{\"@type\":\"EntryPoint\",\"urlTemplate\":\"https:\/\/all-car-news.com\/fr\/?s={search_term_string}\"},\"query-input\":\"required name=search_term_string\"}],\"inLanguage\":\"fr-FR\"},{\"@type\":\"Organization\",\"@id\":\"https:\/\/all-car-news.com\/fr\/#organization\",\"name\":\"All cars news\",\"url\":\"https:\/\/all-car-news.com\/fr\/\",\"logo\":{\"@type\":\"ImageObject\",\"inLanguage\":\"fr-FR\",\"@id\":\"https:\/\/all-car-news.com\/fr\/#\/schema\/logo\/image\/\",\"url\":\"https:\/\/all-car-news.com\/wp-content\/uploads\/2022\/02\/CMYK-AllCarNews_LANDSCAPE_300px-1.png\",\"contentUrl\":\"https:\/\/all-car-news.com\/wp-content\/uploads\/2022\/02\/CMYK-AllCarNews_LANDSCAPE_300px-1.png\",\"width\":300,\"height\":100,\"caption\":\"All cars news\"},\"image\":{\"@id\":\"https:\/\/all-car-news.com\/fr\/#\/schema\/logo\/image\/\"}}]}<\/script>\n<!-- \/ Yoast SEO plugin. -->","yoast_head_json":{"title":"Et le cabriolet le plus vendu en Europe est... - All cars news","robots":{"index":"index","follow":"follow","max-snippet":"max-snippet:-1","max-image-preview":"max-image-preview:large","max-video-preview":"max-video-preview:-1"},"canonical":"https:\/\/all-car-news.com\/fr\/et-le-cabriolet-le-plus-vendu-en-europe-est\/","og_locale":"fr_FR","og_type":"article","og_title":"Et le cabriolet le plus vendu en Europe est... - All cars news","og_description":"Num\u00e9ro un Lorsque vous pensez \u00e0 un cabriolet, vous pensez peut-\u00eatre imm\u00e9diatement \u00e0 une Mazda MX-5 ou \u00e0 une Porsche 911 Cabriolet. Vous les trouverez certainement dans la liste des cabriolets les plus vendus, mais ils ne sont pas en t\u00eate. C'est l\u00e0 que vous trouverez la Mini Cabriolet. Au cours du premier semestre 2024, le petit cabriolet a \u00e9t\u00e9 vendu 11 140 fois [...]","og_url":"https:\/\/all-car-news.com\/fr\/et-le-cabriolet-le-plus-vendu-en-europe-est\/","og_site_name":"All cars news","article_published_time":"2024-08-09T14:22:05+00:00","twitter_card":"summary_large_image","twitter_misc":{"Dur\u00e9e de lecture estim\u00e9e":"2 minutes"},"schema":{"@context":"https:\/\/schema.org","@graph":[{"@type":"Article","@id":"https:\/\/all-car-news.com\/fr\/et-le-cabriolet-le-plus-vendu-en-europe-est\/#article","isPartOf":{"@id":"https:\/\/all-car-news.com\/fr\/et-le-cabriolet-le-plus-vendu-en-europe-est\/"},"author":{"name":"","@id":""},"headline":"Et le cabriolet le plus vendu en Europe est&#8230;","datePublished":"2024-08-09T14:22:05+00:00","dateModified":"2024-08-09T14:22:05+00:00","mainEntityOfPage":{"@id":"https:\/\/all-car-news.com\/fr\/et-le-cabriolet-le-plus-vendu-en-europe-est\/"},"wordCount":365,"publisher":{"@id":"https:\/\/all-car-news.com\/fr\/#organization"},"articleSection":["nouvelles de voiture"],"inLanguage":"fr-FR"},{"@type":"WebPage","@id":"https:\/\/all-car-news.com\/fr\/et-le-cabriolet-le-plus-vendu-en-europe-est\/","url":"https:\/\/all-car-news.com\/fr\/et-le-cabriolet-le-plus-vendu-en-europe-est\/","name":"Et le cabriolet le plus vendu en Europe est... - All cars news","isPartOf":{"@id":"https:\/\/all-car-news.com\/fr\/#website"},"datePublished":"2024-08-09T14:22:05+00:00","dateModified":"2024-08-09T14:22:05+00:00","breadcrumb":{"@id":"https:\/\/all-car-news.com\/fr\/et-le-cabriolet-le-plus-vendu-en-europe-est\/#breadcrumb"},"inLanguage":"fr-FR","potentialAction":[{"@type":"ReadAction","target":["https:\/\/all-car-news.com\/fr\/et-le-cabriolet-le-plus-vendu-en-europe-est\/"]}]},{"@type":"BreadcrumbList","@id":"https:\/\/all-car-news.com\/fr\/et-le-cabriolet-le-plus-vendu-en-europe-est\/#breadcrumb","itemListElement":[{"@type":"ListItem","position":1,"name":"Home","item":"https:\/\/all-car-news.com\/fr\/"},{"@type":"ListItem","position":2,"name":"Et le cabriolet le plus vendu en Europe est&#8230;"}]},{"@type":"WebSite","@id":"https:\/\/all-car-news.com\/fr\/#website","url":"https:\/\/all-car-news.com\/fr\/","name":"All cars news","description":"","publisher":{"@id":"https:\/\/all-car-news.com\/fr\/#organization"},"potentialAction":[{"@type":"SearchAction","target":{"@type":"EntryPoint","urlTemplate":"https:\/\/all-car-news.com\/fr\/?s={search_term_string}"},"query-input":"required name=search_term_string"}],"inLanguage":"fr-FR"},{"@type":"Organization","@id":"https:\/\/all-car-news.com\/fr\/#organization","name":"All cars news","url":"https:\/\/all-car-news.com\/fr\/","logo":{"@type":"ImageObject","inLanguage":"fr-FR","@id":"https:\/\/all-car-news.com\/fr\/#\/schema\/logo\/image\/","url":"https:\/\/all-car-news.com\/wp-content\/uploads\/2022\/02\/CMYK-AllCarNews_LANDSCAPE_300px-1.png","contentUrl":"https:\/\/all-car-news.com\/wp-content\/uploads\/2022\/02\/CMYK-AllCarNews_LANDSCAPE_300px-1.png","width":300,"height":100,"caption":"All cars news"},"image":{"@id":"https:\/\/all-car-news.com\/fr\/#\/schema\/logo\/image\/"}}]}},"_links":{"self":[{"href":"https:\/\/all-car-news.com\/fr\/wp-json\/wp\/v2\/posts\/149078","targetHints":{"allow":["GET"]}}],"collection":[{"href":"https:\/\/all-car-news.com\/fr\/wp-json\/wp\/v2\/posts"}],"about":[{"href":"https:\/\/all-car-news.com\/fr\/wp-json\/wp\/v2\/types\/post"}],"replies":[{"embeddable":true,"href":"https:\/\/all-car-news.com\/fr\/wp-json\/wp\/v2\/comments?post=149078"}],"version-history":[{"count":0,"href":"https:\/\/all-car-news.com\/fr\/wp-json\/wp\/v2\/posts\/149078\/revisions"}],"wp:featuredmedia":[{"embeddable":true,"href":"https:\/\/all-car-news.com\/fr\/wp-json\/wp\/v2\/media\/146664"}],"wp:attachment":[{"href":"https:\/\/all-car-news.com\/fr\/wp-json\/wp\/v2\/media?parent=149078"}],"wp:term":[{"taxonomy":"category","embeddable":true,"href":"https:\/\/all-car-news.com\/fr\/wp-json\/wp\/v2\/categories?post=149078"},{"taxonomy":"post_tag","embeddable":true,"href":"https:\/\/all-car-news.com\/fr\/wp-json\/wp\/v2\/tags?post=149078"}],"curies":[{"name":"wp","href":"https:\/\/api.w.org\/{rel}","templated":true}]}}