{"id":148989,"date":"2024-07-05T14:40:21","date_gmt":"2024-07-05T14:40:21","guid":{"rendered":"https:\/\/all-car-news.com\/la-hausse-des-ventes-de-motos-se-poursuit\/"},"modified":"2024-07-05T14:40:21","modified_gmt":"2024-07-05T14:40:21","slug":"la-hausse-des-ventes-de-motos-se-poursuit","status":"publish","type":"post","link":"https:\/\/all-car-news.com\/fr\/la-hausse-des-ventes-de-motos-se-poursuit\/","title":{"rendered":"La hausse des ventes de motos se poursuit"},"content":{"rendered":"<p>Le mois de juin 2024 affiche \u00e9galement une croissance de 4,2% (2 203 immatriculations) par rapport \u00e0 juin 2023, o\u00f9 2 115 motos ont \u00e9t\u00e9 immatricul\u00e9es. Les donn\u00e9es rendues publiques par l&rsquo;association RAI, BOVAG et RDC le montrent clairement.<\/p>\n<h2>La moto est de plus en plus utilis\u00e9e pour les trajets domicile-travail<\/h2>\n<p>\u00ab\u00a0Ces chiffres sont conformes \u00e0 ce que nous avons constat\u00e9 ces derni\u00e8res ann\u00e9es : les motos deviennent de plus en plus populaires\u00a0\u00bb, a d\u00e9clar\u00e9 Martijn van Eikenhorst, chef de section Motos \u00e0 l&rsquo;association RAI : \u00ab\u00a0Nous constatons une croissance substantielle des ventes de motos, de plus en plus de personnes obtiennent leur permis de conduire et le groupe cible s&rsquo;\u00e9largit. Les motos ne sont pas seulement une activit\u00e9 de loisir, elles sont aussi de plus en plus utilis\u00e9es pour les trajets quotidiens et la mobilit\u00e9 urbaine.\u00a0\u00bb<\/p>\n<p><img decoding=\"async\" loading=\"lazy\" width=\"1140\" height=\"641\" class=\"alignnone size-medium wp-image-27910\" src=\"https:\/\/motorrai.nl\/wp-content\/uploads\/2024\/07\/2024-Yamaha-MT07A-EU-Midnight_Cyan-Studio-002-03-1140x641.jpg\" alt=\"\"><\/p>\n<h2 style=\"margin: 0cm;line-height: 10.8pt\">Quelle moto se vend le mieux ?<\/h2>\n<p>La Yamaha MT-07 a \u00e9t\u00e9 la moto la plus vendue en juin 2024. Ce mod\u00e8le a \u00e9galement figur\u00e9 en t\u00eate des ventes en 2023, tout comme la BMW R 1250 GS. Son successeur, la R 1300 GS, occupe d\u00e9sormais la deuxi\u00e8me place en juin 2024 et la troisi\u00e8me place est occup\u00e9e par la Kawasaki Z900. Par ailleurs, la R 1250 GS de BMW \u00e9tait toujours en vente en juin et occupe la quatri\u00e8me place. En bref, la BMW GS \u00e0 moteur boxer se vend toujours comme une fus\u00e9e.<\/p>\n<p>&nbsp;<\/p>\n<h2>Quelle marque de moto sera populaire en 2024 ?<\/h2>\n<p>Sur les six premiers mois de 2024, Kawasaki enregistre la premi\u00e8re place. Yamaha et BMW occupent respectivement les deuxi\u00e8me et troisi\u00e8me places. Honda et Suzuki sont quatri\u00e8me et cinqui\u00e8me. Suzuki, d&rsquo;ailleurs, \u00e9tait nettement derri\u00e8re avec 914 immatriculations. Le num\u00e9ro quatre a enregistr\u00e9 1 647 immatriculations sur la m\u00eame p\u00e9riode et le leader Kawasaki 1 966 immatriculations. Les quatre premiers sont donc assez proches les uns des autres.<\/p>\n<p><img decoding=\"async\" loading=\"lazy\" width=\"1140\" height=\"760\" class=\"alignnone size-medium wp-image-19313\" src=\"https:\/\/motorrai.nl\/wp-content\/uploads\/2020\/10\/Kawasaki-Versys-1000-SE-2021-update-Foto-9-1140x760.jpg\" alt=\"Kawasaki Versys 1000 SE 2021\"><\/p>\n","protected":false},"excerpt":{"rendered":"Le mois de juin 2024 affiche \u00e9galement une croissance de 4,2% (2 203 immatriculations) par rapport \u00e0 juin 2023, o\u00f9\u2026","protected":false},"author":0,"featured_media":145935,"comment_status":"","ping_status":"open","sticky":false,"template":"","format":"standard","meta":{"footnotes":""},"categories":[127],"tags":[],"class_list":["post-148989","post","type-post","status-publish","format-standard","has-post-thumbnail","hentry","category-nouvelles-de-voiture"],"acf":[],"yoast_head":"<!-- This site is optimized with the Yoast SEO plugin v21.2 - https:\/\/yoast.com\/wordpress\/plugins\/seo\/ -->\n<title>La hausse des ventes de motos se poursuit - All cars news<\/title>\n<meta name=\"robots\" content=\"index, follow, max-snippet:-1, max-image-preview:large, max-video-preview:-1\" \/>\n<link rel=\"canonical\" href=\"https:\/\/all-car-news.com\/fr\/la-hausse-des-ventes-de-motos-se-poursuit\/\" \/>\n<meta property=\"og:locale\" content=\"fr_FR\" \/>\n<meta property=\"og:type\" content=\"article\" \/>\n<meta property=\"og:title\" content=\"La hausse des ventes de motos se poursuit - All cars news\" \/>\n<meta property=\"og:description\" content=\"Le mois de juin 2024 affiche \u00e9galement une croissance de 4,2% (2 203 immatriculations) par rapport \u00e0 juin 2023, o\u00f9 2 115 motos ont \u00e9t\u00e9 immatricul\u00e9es. Les donn\u00e9es rendues publiques par l&#039;association RAI, BOVAG et RDC le montrent clairement. Les motos de plus en plus utilis\u00e9es pour les trajets domicile-travail &quot;Ces chiffres sont conformes \u00e0 ce que nous avons constat\u00e9 ces derni\u00e8res ann\u00e9es : les motos [...]\" \/>\n<meta property=\"og:url\" content=\"https:\/\/all-car-news.com\/fr\/la-hausse-des-ventes-de-motos-se-poursuit\/\" \/>\n<meta property=\"og:site_name\" content=\"All cars news\" \/>\n<meta property=\"article:published_time\" content=\"2024-07-05T14:40:21+00:00\" \/>\n<meta property=\"og:image\" content=\"https:\/\/motorrai.nl\/wp-content\/uploads\/2024\/07\/2024-Yamaha-MT07A-EU-Midnight_Cyan-Studio-002-03-1140x641.jpg\" \/>\n<meta name=\"twitter:card\" content=\"summary_large_image\" \/>\n<meta name=\"twitter:label1\" content=\"Dur\u00e9e de lecture estim\u00e9e\" \/>\n\t<meta name=\"twitter:data1\" content=\"2 minutes\" \/>\n<script type=\"application\/ld+json\" class=\"yoast-schema-graph\">{\"@context\":\"https:\/\/schema.org\",\"@graph\":[{\"@type\":\"Article\",\"@id\":\"https:\/\/all-car-news.com\/fr\/la-hausse-des-ventes-de-motos-se-poursuit\/#article\",\"isPartOf\":{\"@id\":\"https:\/\/all-car-news.com\/fr\/la-hausse-des-ventes-de-motos-se-poursuit\/\"},\"author\":{\"name\":\"\",\"@id\":\"\"},\"headline\":\"La hausse des ventes de motos se poursuit\",\"datePublished\":\"2024-07-05T14:40:21+00:00\",\"dateModified\":\"2024-07-05T14:40:21+00:00\",\"mainEntityOfPage\":{\"@id\":\"https:\/\/all-car-news.com\/fr\/la-hausse-des-ventes-de-motos-se-poursuit\/\"},\"wordCount\":314,\"publisher\":{\"@id\":\"https:\/\/all-car-news.com\/fr\/#organization\"},\"articleSection\":[\"nouvelles de voiture\"],\"inLanguage\":\"fr-FR\"},{\"@type\":\"WebPage\",\"@id\":\"https:\/\/all-car-news.com\/fr\/la-hausse-des-ventes-de-motos-se-poursuit\/\",\"url\":\"https:\/\/all-car-news.com\/fr\/la-hausse-des-ventes-de-motos-se-poursuit\/\",\"name\":\"La hausse des ventes de motos se poursuit - All cars news\",\"isPartOf\":{\"@id\":\"https:\/\/all-car-news.com\/fr\/#website\"},\"datePublished\":\"2024-07-05T14:40:21+00:00\",\"dateModified\":\"2024-07-05T14:40:21+00:00\",\"breadcrumb\":{\"@id\":\"https:\/\/all-car-news.com\/fr\/la-hausse-des-ventes-de-motos-se-poursuit\/#breadcrumb\"},\"inLanguage\":\"fr-FR\",\"potentialAction\":[{\"@type\":\"ReadAction\",\"target\":[\"https:\/\/all-car-news.com\/fr\/la-hausse-des-ventes-de-motos-se-poursuit\/\"]}]},{\"@type\":\"BreadcrumbList\",\"@id\":\"https:\/\/all-car-news.com\/fr\/la-hausse-des-ventes-de-motos-se-poursuit\/#breadcrumb\",\"itemListElement\":[{\"@type\":\"ListItem\",\"position\":1,\"name\":\"Home\",\"item\":\"https:\/\/all-car-news.com\/fr\/\"},{\"@type\":\"ListItem\",\"position\":2,\"name\":\"La hausse des ventes de motos se poursuit\"}]},{\"@type\":\"WebSite\",\"@id\":\"https:\/\/all-car-news.com\/fr\/#website\",\"url\":\"https:\/\/all-car-news.com\/fr\/\",\"name\":\"All cars news\",\"description\":\"\",\"publisher\":{\"@id\":\"https:\/\/all-car-news.com\/fr\/#organization\"},\"potentialAction\":[{\"@type\":\"SearchAction\",\"target\":{\"@type\":\"EntryPoint\",\"urlTemplate\":\"https:\/\/all-car-news.com\/fr\/?s={search_term_string}\"},\"query-input\":\"required name=search_term_string\"}],\"inLanguage\":\"fr-FR\"},{\"@type\":\"Organization\",\"@id\":\"https:\/\/all-car-news.com\/fr\/#organization\",\"name\":\"All cars news\",\"url\":\"https:\/\/all-car-news.com\/fr\/\",\"logo\":{\"@type\":\"ImageObject\",\"inLanguage\":\"fr-FR\",\"@id\":\"https:\/\/all-car-news.com\/fr\/#\/schema\/logo\/image\/\",\"url\":\"https:\/\/all-car-news.com\/wp-content\/uploads\/2022\/02\/CMYK-AllCarNews_LANDSCAPE_300px-1.png\",\"contentUrl\":\"https:\/\/all-car-news.com\/wp-content\/uploads\/2022\/02\/CMYK-AllCarNews_LANDSCAPE_300px-1.png\",\"width\":300,\"height\":100,\"caption\":\"All cars news\"},\"image\":{\"@id\":\"https:\/\/all-car-news.com\/fr\/#\/schema\/logo\/image\/\"}}]}<\/script>\n<!-- \/ Yoast SEO plugin. -->","yoast_head_json":{"title":"La hausse des ventes de motos se poursuit - All cars news","robots":{"index":"index","follow":"follow","max-snippet":"max-snippet:-1","max-image-preview":"max-image-preview:large","max-video-preview":"max-video-preview:-1"},"canonical":"https:\/\/all-car-news.com\/fr\/la-hausse-des-ventes-de-motos-se-poursuit\/","og_locale":"fr_FR","og_type":"article","og_title":"La hausse des ventes de motos se poursuit - All cars news","og_description":"Le mois de juin 2024 affiche \u00e9galement une croissance de 4,2% (2 203 immatriculations) par rapport \u00e0 juin 2023, o\u00f9 2 115 motos ont \u00e9t\u00e9 immatricul\u00e9es. Les donn\u00e9es rendues publiques par l'association RAI, BOVAG et RDC le montrent clairement. Les motos de plus en plus utilis\u00e9es pour les trajets domicile-travail \"Ces chiffres sont conformes \u00e0 ce que nous avons constat\u00e9 ces derni\u00e8res ann\u00e9es : les motos [...]","og_url":"https:\/\/all-car-news.com\/fr\/la-hausse-des-ventes-de-motos-se-poursuit\/","og_site_name":"All cars news","article_published_time":"2024-07-05T14:40:21+00:00","og_image":[{"url":"https:\/\/motorrai.nl\/wp-content\/uploads\/2024\/07\/2024-Yamaha-MT07A-EU-Midnight_Cyan-Studio-002-03-1140x641.jpg"}],"twitter_card":"summary_large_image","twitter_misc":{"Dur\u00e9e de lecture estim\u00e9e":"2 minutes"},"schema":{"@context":"https:\/\/schema.org","@graph":[{"@type":"Article","@id":"https:\/\/all-car-news.com\/fr\/la-hausse-des-ventes-de-motos-se-poursuit\/#article","isPartOf":{"@id":"https:\/\/all-car-news.com\/fr\/la-hausse-des-ventes-de-motos-se-poursuit\/"},"author":{"name":"","@id":""},"headline":"La hausse des ventes de motos se poursuit","datePublished":"2024-07-05T14:40:21+00:00","dateModified":"2024-07-05T14:40:21+00:00","mainEntityOfPage":{"@id":"https:\/\/all-car-news.com\/fr\/la-hausse-des-ventes-de-motos-se-poursuit\/"},"wordCount":314,"publisher":{"@id":"https:\/\/all-car-news.com\/fr\/#organization"},"articleSection":["nouvelles de voiture"],"inLanguage":"fr-FR"},{"@type":"WebPage","@id":"https:\/\/all-car-news.com\/fr\/la-hausse-des-ventes-de-motos-se-poursuit\/","url":"https:\/\/all-car-news.com\/fr\/la-hausse-des-ventes-de-motos-se-poursuit\/","name":"La hausse des ventes de motos se poursuit - All cars news","isPartOf":{"@id":"https:\/\/all-car-news.com\/fr\/#website"},"datePublished":"2024-07-05T14:40:21+00:00","dateModified":"2024-07-05T14:40:21+00:00","breadcrumb":{"@id":"https:\/\/all-car-news.com\/fr\/la-hausse-des-ventes-de-motos-se-poursuit\/#breadcrumb"},"inLanguage":"fr-FR","potentialAction":[{"@type":"ReadAction","target":["https:\/\/all-car-news.com\/fr\/la-hausse-des-ventes-de-motos-se-poursuit\/"]}]},{"@type":"BreadcrumbList","@id":"https:\/\/all-car-news.com\/fr\/la-hausse-des-ventes-de-motos-se-poursuit\/#breadcrumb","itemListElement":[{"@type":"ListItem","position":1,"name":"Home","item":"https:\/\/all-car-news.com\/fr\/"},{"@type":"ListItem","position":2,"name":"La hausse des ventes de motos se poursuit"}]},{"@type":"WebSite","@id":"https:\/\/all-car-news.com\/fr\/#website","url":"https:\/\/all-car-news.com\/fr\/","name":"All cars news","description":"","publisher":{"@id":"https:\/\/all-car-news.com\/fr\/#organization"},"potentialAction":[{"@type":"SearchAction","target":{"@type":"EntryPoint","urlTemplate":"https:\/\/all-car-news.com\/fr\/?s={search_term_string}"},"query-input":"required name=search_term_string"}],"inLanguage":"fr-FR"},{"@type":"Organization","@id":"https:\/\/all-car-news.com\/fr\/#organization","name":"All cars news","url":"https:\/\/all-car-news.com\/fr\/","logo":{"@type":"ImageObject","inLanguage":"fr-FR","@id":"https:\/\/all-car-news.com\/fr\/#\/schema\/logo\/image\/","url":"https:\/\/all-car-news.com\/wp-content\/uploads\/2022\/02\/CMYK-AllCarNews_LANDSCAPE_300px-1.png","contentUrl":"https:\/\/all-car-news.com\/wp-content\/uploads\/2022\/02\/CMYK-AllCarNews_LANDSCAPE_300px-1.png","width":300,"height":100,"caption":"All cars news"},"image":{"@id":"https:\/\/all-car-news.com\/fr\/#\/schema\/logo\/image\/"}}]}},"_links":{"self":[{"href":"https:\/\/all-car-news.com\/fr\/wp-json\/wp\/v2\/posts\/148989","targetHints":{"allow":["GET"]}}],"collection":[{"href":"https:\/\/all-car-news.com\/fr\/wp-json\/wp\/v2\/posts"}],"about":[{"href":"https:\/\/all-car-news.com\/fr\/wp-json\/wp\/v2\/types\/post"}],"replies":[{"embeddable":true,"href":"https:\/\/all-car-news.com\/fr\/wp-json\/wp\/v2\/comments?post=148989"}],"version-history":[{"count":0,"href":"https:\/\/all-car-news.com\/fr\/wp-json\/wp\/v2\/posts\/148989\/revisions"}],"wp:featuredmedia":[{"embeddable":true,"href":"https:\/\/all-car-news.com\/fr\/wp-json\/wp\/v2\/media\/145935"}],"wp:attachment":[{"href":"https:\/\/all-car-news.com\/fr\/wp-json\/wp\/v2\/media?parent=148989"}],"wp:term":[{"taxonomy":"category","embeddable":true,"href":"https:\/\/all-car-news.com\/fr\/wp-json\/wp\/v2\/categories?post=148989"},{"taxonomy":"post_tag","embeddable":true,"href":"https:\/\/all-car-news.com\/fr\/wp-json\/wp\/v2\/tags?post=148989"}],"curies":[{"name":"wp","href":"https:\/\/api.w.org\/{rel}","templated":true}]}}