{"id":148674,"date":"2024-10-26T12:16:24","date_gmt":"2024-10-26T12:16:24","guid":{"rendered":"https:\/\/all-car-news.com\/autorai-podcast-29-kevin-engelsman-groupe-renault-pays-bas-sur-les-nombreux-nouveaux-modeles-de-renault-dacia-alpine-et-mobilize\/"},"modified":"2024-10-26T12:16:24","modified_gmt":"2024-10-26T12:16:24","slug":"autorai-podcast-29-kevin-engelsman-groupe-renault-pays-bas-sur-les-nombreux-nouveaux-modeles-de-renault-dacia-alpine-et-mobilize","status":"publish","type":"post","link":"https:\/\/all-car-news.com\/fr\/autorai-podcast-29-kevin-engelsman-groupe-renault-pays-bas-sur-les-nombreux-nouveaux-modeles-de-renault-dacia-alpine-et-mobilize\/","title":{"rendered":"AutoRAI Podcast #29 &#8211; Kevin Engelsman (Groupe Renault Pays-Bas) sur les nombreux nouveaux mod\u00e8les de Renault, Dacia, Alpine et Mobilize"},"content":{"rendered":"<p>Parmi les autres sujets abord\u00e9s, citons la nouvelle Ferrari F80, la ville qui compte le plus de radars, la Cupra Terramar, le nouveau Mitsubishi Outlander PHEV et l&rsquo;agitation autour des zones z\u00e9ro \u00e9mission pour les v\u00e9hicules utilitaires. En outre, Bart Oostvogels nous parle de la BMW i3 et, comme toujours, nous terminons par les \u00ab\u00a030 secondes\u00a0\u00bb.  Profitez-en !<\/p>\n","protected":false},"excerpt":{"rendered":"Parmi les autres sujets abord\u00e9s, citons la nouvelle Ferrari F80, la ville qui compte le plus de radars, la Cupra\u2026","protected":false},"author":0,"featured_media":148659,"comment_status":"","ping_status":"open","sticky":false,"template":"","format":"standard","meta":{"footnotes":""},"categories":[221],"tags":[],"class_list":["post-148674","post","type-post","status-publish","format-standard","has-post-thumbnail","hentry","category-podcast-autorai"],"acf":[],"yoast_head":"<!-- This site is optimized with the Yoast SEO plugin v21.2 - https:\/\/yoast.com\/wordpress\/plugins\/seo\/ -->\n<title>AutoRAI Podcast #29 - Kevin Engelsman (Groupe Renault Pays-Bas) sur les nombreux nouveaux mod\u00e8les de Renault, Dacia, Alpine et Mobilize - All cars news<\/title>\n<meta name=\"robots\" content=\"index, follow, max-snippet:-1, max-image-preview:large, max-video-preview:-1\" \/>\n<link rel=\"canonical\" href=\"https:\/\/all-car-news.com\/fr\/autorai-podcast-29-kevin-engelsman-groupe-renault-pays-bas-sur-les-nombreux-nouveaux-modeles-de-renault-dacia-alpine-et-mobilize\/\" \/>\n<meta property=\"og:locale\" content=\"fr_FR\" \/>\n<meta property=\"og:type\" content=\"article\" \/>\n<meta property=\"og:title\" content=\"AutoRAI Podcast #29 - Kevin Engelsman (Groupe Renault Pays-Bas) sur les nombreux nouveaux mod\u00e8les de Renault, Dacia, Alpine et Mobilize - All cars news\" \/>\n<meta property=\"og:description\" content=\"Parmi les autres sujets abord\u00e9s, citons la nouvelle Ferrari F80, la ville qui compte le plus de radars, la Cupra Terramar, le nouveau Mitsubishi Outlander PHEV et l&#039;agitation autour des zones z\u00e9ro \u00e9mission pour les v\u00e9hicules utilitaires. En outre, Bart Oostvogels nous parle de la BMW i3 et, comme toujours, nous terminons par les &quot;30 secondes&quot;. Profitez-en !\" \/>\n<meta property=\"og:url\" content=\"https:\/\/all-car-news.com\/fr\/autorai-podcast-29-kevin-engelsman-groupe-renault-pays-bas-sur-les-nombreux-nouveaux-modeles-de-renault-dacia-alpine-et-mobilize\/\" \/>\n<meta property=\"og:site_name\" content=\"All cars news\" \/>\n<meta property=\"article:published_time\" content=\"2024-10-26T12:16:24+00:00\" \/>\n<meta name=\"twitter:card\" content=\"summary_large_image\" \/>\n<script type=\"application\/ld+json\" class=\"yoast-schema-graph\">{\"@context\":\"https:\/\/schema.org\",\"@graph\":[{\"@type\":\"Article\",\"@id\":\"https:\/\/all-car-news.com\/fr\/autorai-podcast-29-kevin-engelsman-groupe-renault-pays-bas-sur-les-nombreux-nouveaux-modeles-de-renault-dacia-alpine-et-mobilize\/#article\",\"isPartOf\":{\"@id\":\"https:\/\/all-car-news.com\/fr\/autorai-podcast-29-kevin-engelsman-groupe-renault-pays-bas-sur-les-nombreux-nouveaux-modeles-de-renault-dacia-alpine-et-mobilize\/\"},\"author\":{\"name\":\"\",\"@id\":\"\"},\"headline\":\"AutoRAI Podcast #29 &#8211; Kevin Engelsman (Groupe Renault Pays-Bas) sur les nombreux nouveaux mod\u00e8les de Renault, Dacia, Alpine et Mobilize\",\"datePublished\":\"2024-10-26T12:16:24+00:00\",\"dateModified\":\"2024-10-26T12:16:24+00:00\",\"mainEntityOfPage\":{\"@id\":\"https:\/\/all-car-news.com\/fr\/autorai-podcast-29-kevin-engelsman-groupe-renault-pays-bas-sur-les-nombreux-nouveaux-modeles-de-renault-dacia-alpine-et-mobilize\/\"},\"wordCount\":79,\"publisher\":{\"@id\":\"https:\/\/all-car-news.com\/fr\/#organization\"},\"articleSection\":[\"Podcast AutoRAI\"],\"inLanguage\":\"fr-FR\"},{\"@type\":\"WebPage\",\"@id\":\"https:\/\/all-car-news.com\/fr\/autorai-podcast-29-kevin-engelsman-groupe-renault-pays-bas-sur-les-nombreux-nouveaux-modeles-de-renault-dacia-alpine-et-mobilize\/\",\"url\":\"https:\/\/all-car-news.com\/fr\/autorai-podcast-29-kevin-engelsman-groupe-renault-pays-bas-sur-les-nombreux-nouveaux-modeles-de-renault-dacia-alpine-et-mobilize\/\",\"name\":\"AutoRAI Podcast #29 - Kevin Engelsman (Groupe Renault Pays-Bas) sur les nombreux nouveaux mod\u00e8les de Renault, Dacia, Alpine et Mobilize - All cars news\",\"isPartOf\":{\"@id\":\"https:\/\/all-car-news.com\/fr\/#website\"},\"datePublished\":\"2024-10-26T12:16:24+00:00\",\"dateModified\":\"2024-10-26T12:16:24+00:00\",\"breadcrumb\":{\"@id\":\"https:\/\/all-car-news.com\/fr\/autorai-podcast-29-kevin-engelsman-groupe-renault-pays-bas-sur-les-nombreux-nouveaux-modeles-de-renault-dacia-alpine-et-mobilize\/#breadcrumb\"},\"inLanguage\":\"fr-FR\",\"potentialAction\":[{\"@type\":\"ReadAction\",\"target\":[\"https:\/\/all-car-news.com\/fr\/autorai-podcast-29-kevin-engelsman-groupe-renault-pays-bas-sur-les-nombreux-nouveaux-modeles-de-renault-dacia-alpine-et-mobilize\/\"]}]},{\"@type\":\"BreadcrumbList\",\"@id\":\"https:\/\/all-car-news.com\/fr\/autorai-podcast-29-kevin-engelsman-groupe-renault-pays-bas-sur-les-nombreux-nouveaux-modeles-de-renault-dacia-alpine-et-mobilize\/#breadcrumb\",\"itemListElement\":[{\"@type\":\"ListItem\",\"position\":1,\"name\":\"Home\",\"item\":\"https:\/\/all-car-news.com\/fr\/\"},{\"@type\":\"ListItem\",\"position\":2,\"name\":\"AutoRAI Podcast #29 &#8211; Kevin Engelsman (Groupe Renault Pays-Bas) sur les nombreux nouveaux mod\u00e8les de Renault, Dacia, Alpine et Mobilize\"}]},{\"@type\":\"WebSite\",\"@id\":\"https:\/\/all-car-news.com\/fr\/#website\",\"url\":\"https:\/\/all-car-news.com\/fr\/\",\"name\":\"All cars news\",\"description\":\"\",\"publisher\":{\"@id\":\"https:\/\/all-car-news.com\/fr\/#organization\"},\"potentialAction\":[{\"@type\":\"SearchAction\",\"target\":{\"@type\":\"EntryPoint\",\"urlTemplate\":\"https:\/\/all-car-news.com\/fr\/?s={search_term_string}\"},\"query-input\":\"required name=search_term_string\"}],\"inLanguage\":\"fr-FR\"},{\"@type\":\"Organization\",\"@id\":\"https:\/\/all-car-news.com\/fr\/#organization\",\"name\":\"All cars news\",\"url\":\"https:\/\/all-car-news.com\/fr\/\",\"logo\":{\"@type\":\"ImageObject\",\"inLanguage\":\"fr-FR\",\"@id\":\"https:\/\/all-car-news.com\/fr\/#\/schema\/logo\/image\/\",\"url\":\"https:\/\/all-car-news.com\/wp-content\/uploads\/2022\/02\/CMYK-AllCarNews_LANDSCAPE_300px-1.png\",\"contentUrl\":\"https:\/\/all-car-news.com\/wp-content\/uploads\/2022\/02\/CMYK-AllCarNews_LANDSCAPE_300px-1.png\",\"width\":300,\"height\":100,\"caption\":\"All cars news\"},\"image\":{\"@id\":\"https:\/\/all-car-news.com\/fr\/#\/schema\/logo\/image\/\"}}]}<\/script>\n<!-- \/ Yoast SEO plugin. -->","yoast_head_json":{"title":"AutoRAI Podcast #29 - Kevin Engelsman (Groupe Renault Pays-Bas) sur les nombreux nouveaux mod\u00e8les de Renault, Dacia, Alpine et Mobilize - All cars news","robots":{"index":"index","follow":"follow","max-snippet":"max-snippet:-1","max-image-preview":"max-image-preview:large","max-video-preview":"max-video-preview:-1"},"canonical":"https:\/\/all-car-news.com\/fr\/autorai-podcast-29-kevin-engelsman-groupe-renault-pays-bas-sur-les-nombreux-nouveaux-modeles-de-renault-dacia-alpine-et-mobilize\/","og_locale":"fr_FR","og_type":"article","og_title":"AutoRAI Podcast #29 - Kevin Engelsman (Groupe Renault Pays-Bas) sur les nombreux nouveaux mod\u00e8les de Renault, Dacia, Alpine et Mobilize - All cars news","og_description":"Parmi les autres sujets abord\u00e9s, citons la nouvelle Ferrari F80, la ville qui compte le plus de radars, la Cupra Terramar, le nouveau Mitsubishi Outlander PHEV et l'agitation autour des zones z\u00e9ro \u00e9mission pour les v\u00e9hicules utilitaires. En outre, Bart Oostvogels nous parle de la BMW i3 et, comme toujours, nous terminons par les \"30 secondes\". Profitez-en !","og_url":"https:\/\/all-car-news.com\/fr\/autorai-podcast-29-kevin-engelsman-groupe-renault-pays-bas-sur-les-nombreux-nouveaux-modeles-de-renault-dacia-alpine-et-mobilize\/","og_site_name":"All cars news","article_published_time":"2024-10-26T12:16:24+00:00","twitter_card":"summary_large_image","schema":{"@context":"https:\/\/schema.org","@graph":[{"@type":"Article","@id":"https:\/\/all-car-news.com\/fr\/autorai-podcast-29-kevin-engelsman-groupe-renault-pays-bas-sur-les-nombreux-nouveaux-modeles-de-renault-dacia-alpine-et-mobilize\/#article","isPartOf":{"@id":"https:\/\/all-car-news.com\/fr\/autorai-podcast-29-kevin-engelsman-groupe-renault-pays-bas-sur-les-nombreux-nouveaux-modeles-de-renault-dacia-alpine-et-mobilize\/"},"author":{"name":"","@id":""},"headline":"AutoRAI Podcast #29 &#8211; Kevin Engelsman (Groupe Renault Pays-Bas) sur les nombreux nouveaux mod\u00e8les de Renault, Dacia, Alpine et Mobilize","datePublished":"2024-10-26T12:16:24+00:00","dateModified":"2024-10-26T12:16:24+00:00","mainEntityOfPage":{"@id":"https:\/\/all-car-news.com\/fr\/autorai-podcast-29-kevin-engelsman-groupe-renault-pays-bas-sur-les-nombreux-nouveaux-modeles-de-renault-dacia-alpine-et-mobilize\/"},"wordCount":79,"publisher":{"@id":"https:\/\/all-car-news.com\/fr\/#organization"},"articleSection":["Podcast AutoRAI"],"inLanguage":"fr-FR"},{"@type":"WebPage","@id":"https:\/\/all-car-news.com\/fr\/autorai-podcast-29-kevin-engelsman-groupe-renault-pays-bas-sur-les-nombreux-nouveaux-modeles-de-renault-dacia-alpine-et-mobilize\/","url":"https:\/\/all-car-news.com\/fr\/autorai-podcast-29-kevin-engelsman-groupe-renault-pays-bas-sur-les-nombreux-nouveaux-modeles-de-renault-dacia-alpine-et-mobilize\/","name":"AutoRAI Podcast #29 - Kevin Engelsman (Groupe Renault Pays-Bas) sur les nombreux nouveaux mod\u00e8les de Renault, Dacia, Alpine et Mobilize - All cars news","isPartOf":{"@id":"https:\/\/all-car-news.com\/fr\/#website"},"datePublished":"2024-10-26T12:16:24+00:00","dateModified":"2024-10-26T12:16:24+00:00","breadcrumb":{"@id":"https:\/\/all-car-news.com\/fr\/autorai-podcast-29-kevin-engelsman-groupe-renault-pays-bas-sur-les-nombreux-nouveaux-modeles-de-renault-dacia-alpine-et-mobilize\/#breadcrumb"},"inLanguage":"fr-FR","potentialAction":[{"@type":"ReadAction","target":["https:\/\/all-car-news.com\/fr\/autorai-podcast-29-kevin-engelsman-groupe-renault-pays-bas-sur-les-nombreux-nouveaux-modeles-de-renault-dacia-alpine-et-mobilize\/"]}]},{"@type":"BreadcrumbList","@id":"https:\/\/all-car-news.com\/fr\/autorai-podcast-29-kevin-engelsman-groupe-renault-pays-bas-sur-les-nombreux-nouveaux-modeles-de-renault-dacia-alpine-et-mobilize\/#breadcrumb","itemListElement":[{"@type":"ListItem","position":1,"name":"Home","item":"https:\/\/all-car-news.com\/fr\/"},{"@type":"ListItem","position":2,"name":"AutoRAI Podcast #29 &#8211; Kevin Engelsman (Groupe Renault Pays-Bas) sur les nombreux nouveaux mod\u00e8les de Renault, Dacia, Alpine et Mobilize"}]},{"@type":"WebSite","@id":"https:\/\/all-car-news.com\/fr\/#website","url":"https:\/\/all-car-news.com\/fr\/","name":"All cars news","description":"","publisher":{"@id":"https:\/\/all-car-news.com\/fr\/#organization"},"potentialAction":[{"@type":"SearchAction","target":{"@type":"EntryPoint","urlTemplate":"https:\/\/all-car-news.com\/fr\/?s={search_term_string}"},"query-input":"required name=search_term_string"}],"inLanguage":"fr-FR"},{"@type":"Organization","@id":"https:\/\/all-car-news.com\/fr\/#organization","name":"All cars news","url":"https:\/\/all-car-news.com\/fr\/","logo":{"@type":"ImageObject","inLanguage":"fr-FR","@id":"https:\/\/all-car-news.com\/fr\/#\/schema\/logo\/image\/","url":"https:\/\/all-car-news.com\/wp-content\/uploads\/2022\/02\/CMYK-AllCarNews_LANDSCAPE_300px-1.png","contentUrl":"https:\/\/all-car-news.com\/wp-content\/uploads\/2022\/02\/CMYK-AllCarNews_LANDSCAPE_300px-1.png","width":300,"height":100,"caption":"All cars news"},"image":{"@id":"https:\/\/all-car-news.com\/fr\/#\/schema\/logo\/image\/"}}]}},"_links":{"self":[{"href":"https:\/\/all-car-news.com\/fr\/wp-json\/wp\/v2\/posts\/148674","targetHints":{"allow":["GET"]}}],"collection":[{"href":"https:\/\/all-car-news.com\/fr\/wp-json\/wp\/v2\/posts"}],"about":[{"href":"https:\/\/all-car-news.com\/fr\/wp-json\/wp\/v2\/types\/post"}],"replies":[{"embeddable":true,"href":"https:\/\/all-car-news.com\/fr\/wp-json\/wp\/v2\/comments?post=148674"}],"version-history":[{"count":0,"href":"https:\/\/all-car-news.com\/fr\/wp-json\/wp\/v2\/posts\/148674\/revisions"}],"wp:featuredmedia":[{"embeddable":true,"href":"https:\/\/all-car-news.com\/fr\/wp-json\/wp\/v2\/media\/148659"}],"wp:attachment":[{"href":"https:\/\/all-car-news.com\/fr\/wp-json\/wp\/v2\/media?parent=148674"}],"wp:term":[{"taxonomy":"category","embeddable":true,"href":"https:\/\/all-car-news.com\/fr\/wp-json\/wp\/v2\/categories?post=148674"},{"taxonomy":"post_tag","embeddable":true,"href":"https:\/\/all-car-news.com\/fr\/wp-json\/wp\/v2\/tags?post=148674"}],"curies":[{"name":"wp","href":"https:\/\/api.w.org\/{rel}","templated":true}]}}