{"id":147455,"date":"2024-09-09T08:59:34","date_gmt":"2024-09-09T08:59:34","guid":{"rendered":"https:\/\/all-car-news.com\/le-pdg-de-volkswagen-tire-la-sonnette-dalarme-des-fermetures-dusines-se-profilent\/"},"modified":"2024-09-09T08:59:34","modified_gmt":"2024-09-09T08:59:34","slug":"le-pdg-de-volkswagen-tire-la-sonnette-dalarme-des-fermetures-dusines-se-profilent","status":"publish","type":"post","link":"https:\/\/all-car-news.com\/fr\/le-pdg-de-volkswagen-tire-la-sonnette-dalarme-des-fermetures-dusines-se-profilent\/","title":{"rendered":"Le PDG de Volkswagen tire la sonnette d&rsquo;alarme : des fermetures d&rsquo;usines se profilent"},"content":{"rendered":"<h2>Menaces de fermetures d&rsquo;usines et manifestations<\/h2>\n<p>La semaine derni\u00e8re, Volkswagen a annonc\u00e9 qu&rsquo;elle pourrait fermer des usines en Allemagne. La raison? La surcapacit\u00e9 et la baisse de la demande de voitures en Europe.<br \/>\nIl s&rsquo;agirait d&rsquo;une d\u00e9cision historique pour l&rsquo;entreprise qui, au cours de sa longue existence, n&rsquo;a jamais ferm\u00e9 d&rsquo;usines dans son propre pays.<br \/>\nCes projets suscitent un vif m\u00e9contentement parmi les salari\u00e9s, qui craignent pour leur emploi.<br \/>\nQuelque 300 000 personnes travaillent pour le groupe Volkswagen en Allemagne, dont 120 000 sp\u00e9cifiquement pour la marque Volkswagen.   <\/p>\n<h2>Une r\u00e9sistance farouche<\/h2>\n<p>Mercredi, Volkswagen a organis\u00e9 une r\u00e9union \u00e0 son si\u00e8ge de Wolfsburg pour informer les employ\u00e9s de ses plans d&rsquo;aust\u00e9rit\u00e9.<br \/>\nDes centaines d&#8217;employ\u00e9s se sont rassembl\u00e9s pour protester contre les mesures imminentes.<br \/>\nLa pr\u00e9sidente du comit\u00e9 d&rsquo;entreprise, Daniela Cavallo, a annonc\u00e9 qu&rsquo;il y aurait une \u00ab\u00a0r\u00e9sistance farouche\u00a0\u00bb aux coupes budg\u00e9taires.  <\/p>\n<h2>\u00ab\u00a0Le g\u00e2teau se r\u00e9tr\u00e9cit<\/h2>\n<p>M. Blume souligne l&rsquo;impact persistant de la crise coronarienne sur les ventes de voitures en Europe.<br \/>\nBien que la pand\u00e9mie soit derri\u00e8re nous depuis un certain temps, le march\u00e9 ne s&rsquo;est pas encore r\u00e9tabli.<br \/>\nEn outre, Volkswagen doit faire face \u00e0 la concurrence croissante de l&rsquo;Asie.<br \/>\n\u00ab\u00a0Le g\u00e2teau est de plus en plus petit et nous avons plus d&rsquo;invit\u00e9s \u00e0 la table\u00a0\u00bb, d\u00e9clare M. Blume, faisant r\u00e9f\u00e9rence \u00e0 la concurrence croissante et \u00e0 la baisse de la demande du march\u00e9.   <\/p>\n<h2>Fid\u00e8le au march\u00e9 int\u00e9rieur allemand<\/h2>\n<p>Malgr\u00e9 les temps difficiles et les mesures annonc\u00e9es, M. Blume a soulign\u00e9 que Volkswagen restait fid\u00e8le au march\u00e9 int\u00e9rieur allemand.<br \/>\n\u00ab\u00a0Volkswagen est un employeur important en Allemagne depuis des g\u00e9n\u00e9rations et doit le rester\u00a0\u00bb, a d\u00e9clar\u00e9 M. Blume.<br \/>\n\u00ab\u00a0Nous avons des employ\u00e9s dont les grands-p\u00e8res ont \u00e9galement travaill\u00e9 chez Volkswagen. Je veux que leurs petits-enfants puissent faire de m\u00eame.  <\/p>\n<h2>Osnabr\u00fcck et Dresde<\/h2>\n<p>Bien qu&rsquo;aucun d\u00e9tail concret ne soit encore connu sur les usines susceptibles de fermer et sur le nombre d&#8217;emplois menac\u00e9s, les sp\u00e9culations vont d\u00e9j\u00e0 bon train.<br \/>\nLes usines d&rsquo;Osnabr\u00fcck et de Dresde seraient des candidats \u00e0 la fermeture.<br \/>\nEn outre, d&rsquo;autres marques du groupe Volkswagen, comme Audi, Cupra, Skoda et SEAT, ne semblent pas non plus \u00e9pargn\u00e9es par les r\u00e9organisations.  <\/p>\n<h3>A lire aussi : <a href=\"https:\/\/autorai.nl\/volkswagen-golf-8-2024-review\/\">Revue de presse &#8211; Volkswagen Golf 8 (2024)<\/a><\/h3>\n<\/p>\n<figure class=\"wp-block-embed is-type-wp-embed is-provider-autorai-nl wp-block-embed-autorai-nl\">\n<div class=\"wp-block-embed__wrapper\">\n<blockquote class=\"wp-embedded-content\" data-secret=\"02G29h32iH\"><p><a href=\"https:\/\/autorai.nl\/volkswagen-golf-8-2024-review\/\">Critique &#8211; Volkswagen Golf 8 (2024)<\/a><\/p><\/blockquote>\n<\/div>\n<\/figure>\n","protected":false},"excerpt":{"rendered":"Fermetures d'usines imminentes et manifestations La semaine derni\u00e8re, Volkswagen a annonc\u00e9 qu'elle pourrait fermer des usines en Allemagne. La raison?\u2026","protected":false},"author":0,"featured_media":147424,"comment_status":"","ping_status":"open","sticky":false,"template":"","format":"standard","meta":{"footnotes":""},"categories":[131],"tags":[],"class_list":["post-147455","post","type-post","status-publish","format-standard","has-post-thumbnail","hentry","category-fond"],"acf":[],"yoast_head":"<!-- This site is optimized with the Yoast SEO plugin v21.2 - https:\/\/yoast.com\/wordpress\/plugins\/seo\/ -->\n<title>Le PDG de Volkswagen tire la sonnette d&#039;alarme : des fermetures d&#039;usines se profilent - All cars news<\/title>\n<meta name=\"robots\" content=\"index, follow, max-snippet:-1, max-image-preview:large, max-video-preview:-1\" \/>\n<link rel=\"canonical\" href=\"https:\/\/all-car-news.com\/fr\/le-pdg-de-volkswagen-tire-la-sonnette-dalarme-des-fermetures-dusines-se-profilent\/\" \/>\n<meta property=\"og:locale\" content=\"fr_FR\" \/>\n<meta property=\"og:type\" content=\"article\" \/>\n<meta property=\"og:title\" content=\"Le PDG de Volkswagen tire la sonnette d&#039;alarme : des fermetures d&#039;usines se profilent - All cars news\" \/>\n<meta property=\"og:description\" content=\"Fermetures d&#039;usines imminentes et manifestations La semaine derni\u00e8re, Volkswagen a annonc\u00e9 qu&#039;elle pourrait fermer des usines en Allemagne. La raison? La surcapacit\u00e9 et la baisse de la demande de voitures en Europe. Il s&#039;agirait d&#039;une d\u00e9cision historique pour l&#039;entreprise qui, au cours de sa longue existence, n&#039;a jamais ferm\u00e9 d&#039;usines dans son propre pays. Ces projets suscitent un vif m\u00e9contentement [...]\" \/>\n<meta property=\"og:url\" content=\"https:\/\/all-car-news.com\/fr\/le-pdg-de-volkswagen-tire-la-sonnette-dalarme-des-fermetures-dusines-se-profilent\/\" \/>\n<meta property=\"og:site_name\" content=\"All cars news\" \/>\n<meta property=\"article:published_time\" content=\"2024-09-09T08:59:34+00:00\" \/>\n<meta name=\"twitter:card\" content=\"summary_large_image\" \/>\n<meta name=\"twitter:label1\" content=\"Dur\u00e9e de lecture estim\u00e9e\" \/>\n\t<meta name=\"twitter:data1\" content=\"2 minutes\" \/>\n<script type=\"application\/ld+json\" class=\"yoast-schema-graph\">{\"@context\":\"https:\/\/schema.org\",\"@graph\":[{\"@type\":\"Article\",\"@id\":\"https:\/\/all-car-news.com\/fr\/le-pdg-de-volkswagen-tire-la-sonnette-dalarme-des-fermetures-dusines-se-profilent\/#article\",\"isPartOf\":{\"@id\":\"https:\/\/all-car-news.com\/fr\/le-pdg-de-volkswagen-tire-la-sonnette-dalarme-des-fermetures-dusines-se-profilent\/\"},\"author\":{\"name\":\"\",\"@id\":\"\"},\"headline\":\"Le PDG de Volkswagen tire la sonnette d&rsquo;alarme : des fermetures d&rsquo;usines se profilent\",\"datePublished\":\"2024-09-09T08:59:34+00:00\",\"dateModified\":\"2024-09-09T08:59:34+00:00\",\"mainEntityOfPage\":{\"@id\":\"https:\/\/all-car-news.com\/fr\/le-pdg-de-volkswagen-tire-la-sonnette-dalarme-des-fermetures-dusines-se-profilent\/\"},\"wordCount\":412,\"publisher\":{\"@id\":\"https:\/\/all-car-news.com\/fr\/#organization\"},\"articleSection\":[\"Fond\"],\"inLanguage\":\"fr-FR\"},{\"@type\":\"WebPage\",\"@id\":\"https:\/\/all-car-news.com\/fr\/le-pdg-de-volkswagen-tire-la-sonnette-dalarme-des-fermetures-dusines-se-profilent\/\",\"url\":\"https:\/\/all-car-news.com\/fr\/le-pdg-de-volkswagen-tire-la-sonnette-dalarme-des-fermetures-dusines-se-profilent\/\",\"name\":\"Le PDG de Volkswagen tire la sonnette d'alarme : des fermetures d'usines se profilent - All cars news\",\"isPartOf\":{\"@id\":\"https:\/\/all-car-news.com\/fr\/#website\"},\"datePublished\":\"2024-09-09T08:59:34+00:00\",\"dateModified\":\"2024-09-09T08:59:34+00:00\",\"breadcrumb\":{\"@id\":\"https:\/\/all-car-news.com\/fr\/le-pdg-de-volkswagen-tire-la-sonnette-dalarme-des-fermetures-dusines-se-profilent\/#breadcrumb\"},\"inLanguage\":\"fr-FR\",\"potentialAction\":[{\"@type\":\"ReadAction\",\"target\":[\"https:\/\/all-car-news.com\/fr\/le-pdg-de-volkswagen-tire-la-sonnette-dalarme-des-fermetures-dusines-se-profilent\/\"]}]},{\"@type\":\"BreadcrumbList\",\"@id\":\"https:\/\/all-car-news.com\/fr\/le-pdg-de-volkswagen-tire-la-sonnette-dalarme-des-fermetures-dusines-se-profilent\/#breadcrumb\",\"itemListElement\":[{\"@type\":\"ListItem\",\"position\":1,\"name\":\"Home\",\"item\":\"https:\/\/all-car-news.com\/fr\/\"},{\"@type\":\"ListItem\",\"position\":2,\"name\":\"Le PDG de Volkswagen tire la sonnette d&rsquo;alarme : des fermetures d&rsquo;usines se profilent\"}]},{\"@type\":\"WebSite\",\"@id\":\"https:\/\/all-car-news.com\/fr\/#website\",\"url\":\"https:\/\/all-car-news.com\/fr\/\",\"name\":\"All cars news\",\"description\":\"\",\"publisher\":{\"@id\":\"https:\/\/all-car-news.com\/fr\/#organization\"},\"potentialAction\":[{\"@type\":\"SearchAction\",\"target\":{\"@type\":\"EntryPoint\",\"urlTemplate\":\"https:\/\/all-car-news.com\/fr\/?s={search_term_string}\"},\"query-input\":\"required name=search_term_string\"}],\"inLanguage\":\"fr-FR\"},{\"@type\":\"Organization\",\"@id\":\"https:\/\/all-car-news.com\/fr\/#organization\",\"name\":\"All cars news\",\"url\":\"https:\/\/all-car-news.com\/fr\/\",\"logo\":{\"@type\":\"ImageObject\",\"inLanguage\":\"fr-FR\",\"@id\":\"https:\/\/all-car-news.com\/fr\/#\/schema\/logo\/image\/\",\"url\":\"https:\/\/all-car-news.com\/wp-content\/uploads\/2022\/02\/CMYK-AllCarNews_LANDSCAPE_300px-1.png\",\"contentUrl\":\"https:\/\/all-car-news.com\/wp-content\/uploads\/2022\/02\/CMYK-AllCarNews_LANDSCAPE_300px-1.png\",\"width\":300,\"height\":100,\"caption\":\"All cars news\"},\"image\":{\"@id\":\"https:\/\/all-car-news.com\/fr\/#\/schema\/logo\/image\/\"}}]}<\/script>\n<!-- \/ Yoast SEO plugin. -->","yoast_head_json":{"title":"Le PDG de Volkswagen tire la sonnette d'alarme : des fermetures d'usines se profilent - All cars news","robots":{"index":"index","follow":"follow","max-snippet":"max-snippet:-1","max-image-preview":"max-image-preview:large","max-video-preview":"max-video-preview:-1"},"canonical":"https:\/\/all-car-news.com\/fr\/le-pdg-de-volkswagen-tire-la-sonnette-dalarme-des-fermetures-dusines-se-profilent\/","og_locale":"fr_FR","og_type":"article","og_title":"Le PDG de Volkswagen tire la sonnette d'alarme : des fermetures d'usines se profilent - All cars news","og_description":"Fermetures d'usines imminentes et manifestations La semaine derni\u00e8re, Volkswagen a annonc\u00e9 qu'elle pourrait fermer des usines en Allemagne. La raison? La surcapacit\u00e9 et la baisse de la demande de voitures en Europe. Il s'agirait d'une d\u00e9cision historique pour l'entreprise qui, au cours de sa longue existence, n'a jamais ferm\u00e9 d'usines dans son propre pays. Ces projets suscitent un vif m\u00e9contentement [...]","og_url":"https:\/\/all-car-news.com\/fr\/le-pdg-de-volkswagen-tire-la-sonnette-dalarme-des-fermetures-dusines-se-profilent\/","og_site_name":"All cars news","article_published_time":"2024-09-09T08:59:34+00:00","twitter_card":"summary_large_image","twitter_misc":{"Dur\u00e9e de lecture estim\u00e9e":"2 minutes"},"schema":{"@context":"https:\/\/schema.org","@graph":[{"@type":"Article","@id":"https:\/\/all-car-news.com\/fr\/le-pdg-de-volkswagen-tire-la-sonnette-dalarme-des-fermetures-dusines-se-profilent\/#article","isPartOf":{"@id":"https:\/\/all-car-news.com\/fr\/le-pdg-de-volkswagen-tire-la-sonnette-dalarme-des-fermetures-dusines-se-profilent\/"},"author":{"name":"","@id":""},"headline":"Le PDG de Volkswagen tire la sonnette d&rsquo;alarme : des fermetures d&rsquo;usines se profilent","datePublished":"2024-09-09T08:59:34+00:00","dateModified":"2024-09-09T08:59:34+00:00","mainEntityOfPage":{"@id":"https:\/\/all-car-news.com\/fr\/le-pdg-de-volkswagen-tire-la-sonnette-dalarme-des-fermetures-dusines-se-profilent\/"},"wordCount":412,"publisher":{"@id":"https:\/\/all-car-news.com\/fr\/#organization"},"articleSection":["Fond"],"inLanguage":"fr-FR"},{"@type":"WebPage","@id":"https:\/\/all-car-news.com\/fr\/le-pdg-de-volkswagen-tire-la-sonnette-dalarme-des-fermetures-dusines-se-profilent\/","url":"https:\/\/all-car-news.com\/fr\/le-pdg-de-volkswagen-tire-la-sonnette-dalarme-des-fermetures-dusines-se-profilent\/","name":"Le PDG de Volkswagen tire la sonnette d'alarme : des fermetures d'usines se profilent - All cars news","isPartOf":{"@id":"https:\/\/all-car-news.com\/fr\/#website"},"datePublished":"2024-09-09T08:59:34+00:00","dateModified":"2024-09-09T08:59:34+00:00","breadcrumb":{"@id":"https:\/\/all-car-news.com\/fr\/le-pdg-de-volkswagen-tire-la-sonnette-dalarme-des-fermetures-dusines-se-profilent\/#breadcrumb"},"inLanguage":"fr-FR","potentialAction":[{"@type":"ReadAction","target":["https:\/\/all-car-news.com\/fr\/le-pdg-de-volkswagen-tire-la-sonnette-dalarme-des-fermetures-dusines-se-profilent\/"]}]},{"@type":"BreadcrumbList","@id":"https:\/\/all-car-news.com\/fr\/le-pdg-de-volkswagen-tire-la-sonnette-dalarme-des-fermetures-dusines-se-profilent\/#breadcrumb","itemListElement":[{"@type":"ListItem","position":1,"name":"Home","item":"https:\/\/all-car-news.com\/fr\/"},{"@type":"ListItem","position":2,"name":"Le PDG de Volkswagen tire la sonnette d&rsquo;alarme : des fermetures d&rsquo;usines se profilent"}]},{"@type":"WebSite","@id":"https:\/\/all-car-news.com\/fr\/#website","url":"https:\/\/all-car-news.com\/fr\/","name":"All cars news","description":"","publisher":{"@id":"https:\/\/all-car-news.com\/fr\/#organization"},"potentialAction":[{"@type":"SearchAction","target":{"@type":"EntryPoint","urlTemplate":"https:\/\/all-car-news.com\/fr\/?s={search_term_string}"},"query-input":"required name=search_term_string"}],"inLanguage":"fr-FR"},{"@type":"Organization","@id":"https:\/\/all-car-news.com\/fr\/#organization","name":"All cars news","url":"https:\/\/all-car-news.com\/fr\/","logo":{"@type":"ImageObject","inLanguage":"fr-FR","@id":"https:\/\/all-car-news.com\/fr\/#\/schema\/logo\/image\/","url":"https:\/\/all-car-news.com\/wp-content\/uploads\/2022\/02\/CMYK-AllCarNews_LANDSCAPE_300px-1.png","contentUrl":"https:\/\/all-car-news.com\/wp-content\/uploads\/2022\/02\/CMYK-AllCarNews_LANDSCAPE_300px-1.png","width":300,"height":100,"caption":"All cars news"},"image":{"@id":"https:\/\/all-car-news.com\/fr\/#\/schema\/logo\/image\/"}}]}},"_links":{"self":[{"href":"https:\/\/all-car-news.com\/fr\/wp-json\/wp\/v2\/posts\/147455","targetHints":{"allow":["GET"]}}],"collection":[{"href":"https:\/\/all-car-news.com\/fr\/wp-json\/wp\/v2\/posts"}],"about":[{"href":"https:\/\/all-car-news.com\/fr\/wp-json\/wp\/v2\/types\/post"}],"replies":[{"embeddable":true,"href":"https:\/\/all-car-news.com\/fr\/wp-json\/wp\/v2\/comments?post=147455"}],"version-history":[{"count":0,"href":"https:\/\/all-car-news.com\/fr\/wp-json\/wp\/v2\/posts\/147455\/revisions"}],"wp:featuredmedia":[{"embeddable":true,"href":"https:\/\/all-car-news.com\/fr\/wp-json\/wp\/v2\/media\/147424"}],"wp:attachment":[{"href":"https:\/\/all-car-news.com\/fr\/wp-json\/wp\/v2\/media?parent=147455"}],"wp:term":[{"taxonomy":"category","embeddable":true,"href":"https:\/\/all-car-news.com\/fr\/wp-json\/wp\/v2\/categories?post=147455"},{"taxonomy":"post_tag","embeddable":true,"href":"https:\/\/all-car-news.com\/fr\/wp-json\/wp\/v2\/tags?post=147455"}],"curies":[{"name":"wp","href":"https:\/\/api.w.org\/{rel}","templated":true}]}}