{"id":147450,"date":"2024-09-09T09:32:14","date_gmt":"2024-09-09T09:32:14","guid":{"rendered":"https:\/\/all-car-news.com\/les-constructeurs-automobiles-craignent-des-milliards-deuros-damendes-en-raison-des-ventes-decevantes-de-ve-en-europe\/"},"modified":"2024-09-09T09:32:14","modified_gmt":"2024-09-09T09:32:14","slug":"les-constructeurs-automobiles-craignent-des-milliards-deuros-damendes-en-raison-des-ventes-decevantes-de-ve-en-europe","status":"publish","type":"post","link":"https:\/\/all-car-news.com\/fr\/les-constructeurs-automobiles-craignent-des-milliards-deuros-damendes-en-raison-des-ventes-decevantes-de-ve-en-europe\/","title":{"rendered":"Les constructeurs automobiles craignent des milliards d&rsquo;euros d&rsquo;amendes en raison des ventes d\u00e9cevantes de VE en Europe"},"content":{"rendered":"<h2>R\u00e8gles relatives au CO2<\/h2>\n<p>Les constructeurs automobiles europ\u00e9ens sont confront\u00e9s \u00e0 un d\u00e9fi de taille : les ventes de voitures \u00e9lectriques sont \u00e0 la tra\u00eene, ce qui pourrait co\u00fbter \u00e0 l&rsquo;industrie des milliards d&rsquo;euros d&rsquo;amendes.<br \/>\nEn effet, \u00e0 partir de 2025, les r\u00e8gles en mati\u00e8re de CO2 deviendront plus strictes, ramenant les \u00e9missions autoris\u00e9es par voiture de 116 grammes \u00e0 94 grammes de CO2 par kilom\u00e8tre.<br \/>\nCela semble \u00eatre un petit pas, mais pour les constructeurs, le respect de cette norme sera une t\u00e2che ardue.<br \/>\nSi les nouvelles normes ne sont pas respect\u00e9es, les amendes pourraient \u00eatre sal\u00e9es : 95 euros pour chaque gramme de CO2 au-dessus de la norme, par v\u00e9hicule vendu.<br \/>\nCela pourrait co\u00fbter cher aux constructeurs, surtout si les ventes de voitures \u00e9lectriques n&rsquo;augmentent pas rapidement.    <\/p>\n<h2>15 milliards d&rsquo;euros<\/h2>\n<p>Luca de Meo, PDG de Renault et pr\u00e9sident de l&rsquo;Association des constructeurs europ\u00e9ens d&rsquo;automobiles (ACEA), a r\u00e9cemment tir\u00e9 la sonnette d&rsquo;alarme lors d&rsquo;une interview accord\u00e9e \u00e0 la station de radio fran\u00e7aise France Inter.<br \/>\nIl a pr\u00e9venu que les amendes pourraient s&rsquo;\u00e9lever \u00e0 15 milliards d&rsquo;euros si les ventes actuelles de mod\u00e8les \u00e9lectriques ne s&rsquo;am\u00e9liorent pas.<br \/>\n\u00ab\u00a0Si nous n&rsquo;atteignons pas les objectifs, nous pourrions \u00eatre contraints d&rsquo;arr\u00eater la production de plus de 2,5 millions de v\u00e9hicules\u00a0\u00bb, a d\u00e9clar\u00e9 M. De Meo.  <\/p>\n<h2>Des millions d&#8217;emplois<\/h2>\n<p>Les inqui\u00e9tudes concernant les ventes d\u00e9cevantes de v\u00e9hicules \u00e9lectriques ne sont pas seulement une question financi\u00e8re pour les constructeurs automobiles, mais pourraient \u00e9galement avoir un impact majeur sur l&rsquo;ensemble de la cha\u00eene d&rsquo;approvisionnement et du march\u00e9 du travail en Europe.<br \/>\nApr\u00e8s tout, l&rsquo;industrie automobile est l&rsquo;un des plus grands employeurs du continent, employant des millions de personnes, depuis les cha\u00eenes de montage jusqu&rsquo;au d\u00e9veloppement technologique.<br \/>\nPar exemple, Schaeffler, l&rsquo;un des principaux fournisseurs allemands de l&rsquo;industrie automobile, a r\u00e9cemment d\u00e9cid\u00e9 d&rsquo;ajuster consid\u00e9rablement sa strat\u00e9gie en raison du d\u00e9clin du march\u00e9 des v\u00e9hicules \u00e9lectriques :  <\/p>\n<p>Plus d&rsquo;informations ici : <a href=\"https:\/\/autorai.nl\/automotive-leverancier-schaeffler-vermindert-productie-ev-onderdelen\/\">Un grand \u00e9quipementier automobile allemand r\u00e9duit sa production de pi\u00e8ces pour v\u00e9hicules \u00e9lectriques<\/a><\/p>\n<figure class=\"wp-block-embed is-type-wp-embed is-provider-autorai-nl wp-block-embed-autorai-nl\">\n<div class=\"wp-block-embed__wrapper\">\n<blockquote class=\"wp-embedded-content\" data-secret=\"xZ5j5H0oJm\"><p><a href=\"https:\/\/autorai.nl\/automotive-leverancier-schaeffler-vermindert-productie-ev-onderdelen\/\">Un grand \u00e9quipementier automobile allemand r\u00e9duit sa production de pi\u00e8ces pour v\u00e9hicules \u00e9lectriques<\/a><\/p><\/blockquote>\n<\/div>\n<\/figure>\n","protected":false},"excerpt":{"rendered":"R\u00e8gles en mati\u00e8re de CO2 Les constructeurs automobiles europ\u00e9ens sont confront\u00e9s \u00e0 un d\u00e9fi de taille : les ventes de\u2026","protected":false},"author":0,"featured_media":147418,"comment_status":"","ping_status":"open","sticky":false,"template":"","format":"standard","meta":{"footnotes":""},"categories":[127],"tags":[],"class_list":["post-147450","post","type-post","status-publish","format-standard","has-post-thumbnail","hentry","category-nouvelles-de-voiture"],"acf":[],"yoast_head":"<!-- This site is optimized with the Yoast SEO plugin v21.2 - https:\/\/yoast.com\/wordpress\/plugins\/seo\/ -->\n<title>Les constructeurs automobiles craignent des milliards d&#039;euros d&#039;amendes en raison des ventes d\u00e9cevantes de VE en Europe - All cars news<\/title>\n<meta name=\"robots\" content=\"index, follow, max-snippet:-1, max-image-preview:large, max-video-preview:-1\" \/>\n<link rel=\"canonical\" href=\"https:\/\/all-car-news.com\/fr\/les-constructeurs-automobiles-craignent-des-milliards-deuros-damendes-en-raison-des-ventes-decevantes-de-ve-en-europe\/\" \/>\n<meta property=\"og:locale\" content=\"fr_FR\" \/>\n<meta property=\"og:type\" content=\"article\" \/>\n<meta property=\"og:title\" content=\"Les constructeurs automobiles craignent des milliards d&#039;euros d&#039;amendes en raison des ventes d\u00e9cevantes de VE en Europe - All cars news\" \/>\n<meta property=\"og:description\" content=\"R\u00e8gles en mati\u00e8re de CO2 Les constructeurs automobiles europ\u00e9ens sont confront\u00e9s \u00e0 un d\u00e9fi de taille : les ventes de voitures \u00e9lectriques sont \u00e0 la tra\u00eene, ce qui pourrait co\u00fbter \u00e0 l&#039;industrie des milliards d&#039;euros d&#039;amendes. En effet, \u00e0 partir de 2025, les r\u00e8gles en mati\u00e8re de CO2 deviendront plus strictes, abaissant les \u00e9missions autoris\u00e9es par voiture de 116 grammes \u00e0 94 grammes de CO2 par kilom\u00e8tre. Cela semble \u00eatre un petit pas, mais [...]\" \/>\n<meta property=\"og:url\" content=\"https:\/\/all-car-news.com\/fr\/les-constructeurs-automobiles-craignent-des-milliards-deuros-damendes-en-raison-des-ventes-decevantes-de-ve-en-europe\/\" \/>\n<meta property=\"og:site_name\" content=\"All cars news\" \/>\n<meta property=\"article:published_time\" content=\"2024-09-09T09:32:14+00:00\" \/>\n<meta name=\"twitter:card\" content=\"summary_large_image\" \/>\n<meta name=\"twitter:label1\" content=\"Dur\u00e9e de lecture estim\u00e9e\" \/>\n\t<meta name=\"twitter:data1\" content=\"2 minutes\" \/>\n<script type=\"application\/ld+json\" class=\"yoast-schema-graph\">{\"@context\":\"https:\/\/schema.org\",\"@graph\":[{\"@type\":\"Article\",\"@id\":\"https:\/\/all-car-news.com\/fr\/les-constructeurs-automobiles-craignent-des-milliards-deuros-damendes-en-raison-des-ventes-decevantes-de-ve-en-europe\/#article\",\"isPartOf\":{\"@id\":\"https:\/\/all-car-news.com\/fr\/les-constructeurs-automobiles-craignent-des-milliards-deuros-damendes-en-raison-des-ventes-decevantes-de-ve-en-europe\/\"},\"author\":{\"name\":\"\",\"@id\":\"\"},\"headline\":\"Les constructeurs automobiles craignent des milliards d&rsquo;euros d&rsquo;amendes en raison des ventes d\u00e9cevantes de VE en Europe\",\"datePublished\":\"2024-09-09T09:32:14+00:00\",\"dateModified\":\"2024-09-09T09:32:14+00:00\",\"mainEntityOfPage\":{\"@id\":\"https:\/\/all-car-news.com\/fr\/les-constructeurs-automobiles-craignent-des-milliards-deuros-damendes-en-raison-des-ventes-decevantes-de-ve-en-europe\/\"},\"wordCount\":385,\"publisher\":{\"@id\":\"https:\/\/all-car-news.com\/fr\/#organization\"},\"articleSection\":[\"nouvelles de voiture\"],\"inLanguage\":\"fr-FR\"},{\"@type\":\"WebPage\",\"@id\":\"https:\/\/all-car-news.com\/fr\/les-constructeurs-automobiles-craignent-des-milliards-deuros-damendes-en-raison-des-ventes-decevantes-de-ve-en-europe\/\",\"url\":\"https:\/\/all-car-news.com\/fr\/les-constructeurs-automobiles-craignent-des-milliards-deuros-damendes-en-raison-des-ventes-decevantes-de-ve-en-europe\/\",\"name\":\"Les constructeurs automobiles craignent des milliards d'euros d'amendes en raison des ventes d\u00e9cevantes de VE en Europe - All cars news\",\"isPartOf\":{\"@id\":\"https:\/\/all-car-news.com\/fr\/#website\"},\"datePublished\":\"2024-09-09T09:32:14+00:00\",\"dateModified\":\"2024-09-09T09:32:14+00:00\",\"breadcrumb\":{\"@id\":\"https:\/\/all-car-news.com\/fr\/les-constructeurs-automobiles-craignent-des-milliards-deuros-damendes-en-raison-des-ventes-decevantes-de-ve-en-europe\/#breadcrumb\"},\"inLanguage\":\"fr-FR\",\"potentialAction\":[{\"@type\":\"ReadAction\",\"target\":[\"https:\/\/all-car-news.com\/fr\/les-constructeurs-automobiles-craignent-des-milliards-deuros-damendes-en-raison-des-ventes-decevantes-de-ve-en-europe\/\"]}]},{\"@type\":\"BreadcrumbList\",\"@id\":\"https:\/\/all-car-news.com\/fr\/les-constructeurs-automobiles-craignent-des-milliards-deuros-damendes-en-raison-des-ventes-decevantes-de-ve-en-europe\/#breadcrumb\",\"itemListElement\":[{\"@type\":\"ListItem\",\"position\":1,\"name\":\"Home\",\"item\":\"https:\/\/all-car-news.com\/fr\/\"},{\"@type\":\"ListItem\",\"position\":2,\"name\":\"Les constructeurs automobiles craignent des milliards d&rsquo;euros d&rsquo;amendes en raison des ventes d\u00e9cevantes de VE en Europe\"}]},{\"@type\":\"WebSite\",\"@id\":\"https:\/\/all-car-news.com\/fr\/#website\",\"url\":\"https:\/\/all-car-news.com\/fr\/\",\"name\":\"All cars news\",\"description\":\"\",\"publisher\":{\"@id\":\"https:\/\/all-car-news.com\/fr\/#organization\"},\"potentialAction\":[{\"@type\":\"SearchAction\",\"target\":{\"@type\":\"EntryPoint\",\"urlTemplate\":\"https:\/\/all-car-news.com\/fr\/?s={search_term_string}\"},\"query-input\":\"required name=search_term_string\"}],\"inLanguage\":\"fr-FR\"},{\"@type\":\"Organization\",\"@id\":\"https:\/\/all-car-news.com\/fr\/#organization\",\"name\":\"All cars news\",\"url\":\"https:\/\/all-car-news.com\/fr\/\",\"logo\":{\"@type\":\"ImageObject\",\"inLanguage\":\"fr-FR\",\"@id\":\"https:\/\/all-car-news.com\/fr\/#\/schema\/logo\/image\/\",\"url\":\"https:\/\/all-car-news.com\/wp-content\/uploads\/2022\/02\/CMYK-AllCarNews_LANDSCAPE_300px-1.png\",\"contentUrl\":\"https:\/\/all-car-news.com\/wp-content\/uploads\/2022\/02\/CMYK-AllCarNews_LANDSCAPE_300px-1.png\",\"width\":300,\"height\":100,\"caption\":\"All cars news\"},\"image\":{\"@id\":\"https:\/\/all-car-news.com\/fr\/#\/schema\/logo\/image\/\"}}]}<\/script>\n<!-- \/ Yoast SEO plugin. -->","yoast_head_json":{"title":"Les constructeurs automobiles craignent des milliards d'euros d'amendes en raison des ventes d\u00e9cevantes de VE en Europe - All cars news","robots":{"index":"index","follow":"follow","max-snippet":"max-snippet:-1","max-image-preview":"max-image-preview:large","max-video-preview":"max-video-preview:-1"},"canonical":"https:\/\/all-car-news.com\/fr\/les-constructeurs-automobiles-craignent-des-milliards-deuros-damendes-en-raison-des-ventes-decevantes-de-ve-en-europe\/","og_locale":"fr_FR","og_type":"article","og_title":"Les constructeurs automobiles craignent des milliards d'euros d'amendes en raison des ventes d\u00e9cevantes de VE en Europe - All cars news","og_description":"R\u00e8gles en mati\u00e8re de CO2 Les constructeurs automobiles europ\u00e9ens sont confront\u00e9s \u00e0 un d\u00e9fi de taille : les ventes de voitures \u00e9lectriques sont \u00e0 la tra\u00eene, ce qui pourrait co\u00fbter \u00e0 l'industrie des milliards d'euros d'amendes. En effet, \u00e0 partir de 2025, les r\u00e8gles en mati\u00e8re de CO2 deviendront plus strictes, abaissant les \u00e9missions autoris\u00e9es par voiture de 116 grammes \u00e0 94 grammes de CO2 par kilom\u00e8tre. Cela semble \u00eatre un petit pas, mais [...]","og_url":"https:\/\/all-car-news.com\/fr\/les-constructeurs-automobiles-craignent-des-milliards-deuros-damendes-en-raison-des-ventes-decevantes-de-ve-en-europe\/","og_site_name":"All cars news","article_published_time":"2024-09-09T09:32:14+00:00","twitter_card":"summary_large_image","twitter_misc":{"Dur\u00e9e de lecture estim\u00e9e":"2 minutes"},"schema":{"@context":"https:\/\/schema.org","@graph":[{"@type":"Article","@id":"https:\/\/all-car-news.com\/fr\/les-constructeurs-automobiles-craignent-des-milliards-deuros-damendes-en-raison-des-ventes-decevantes-de-ve-en-europe\/#article","isPartOf":{"@id":"https:\/\/all-car-news.com\/fr\/les-constructeurs-automobiles-craignent-des-milliards-deuros-damendes-en-raison-des-ventes-decevantes-de-ve-en-europe\/"},"author":{"name":"","@id":""},"headline":"Les constructeurs automobiles craignent des milliards d&rsquo;euros d&rsquo;amendes en raison des ventes d\u00e9cevantes de VE en Europe","datePublished":"2024-09-09T09:32:14+00:00","dateModified":"2024-09-09T09:32:14+00:00","mainEntityOfPage":{"@id":"https:\/\/all-car-news.com\/fr\/les-constructeurs-automobiles-craignent-des-milliards-deuros-damendes-en-raison-des-ventes-decevantes-de-ve-en-europe\/"},"wordCount":385,"publisher":{"@id":"https:\/\/all-car-news.com\/fr\/#organization"},"articleSection":["nouvelles de voiture"],"inLanguage":"fr-FR"},{"@type":"WebPage","@id":"https:\/\/all-car-news.com\/fr\/les-constructeurs-automobiles-craignent-des-milliards-deuros-damendes-en-raison-des-ventes-decevantes-de-ve-en-europe\/","url":"https:\/\/all-car-news.com\/fr\/les-constructeurs-automobiles-craignent-des-milliards-deuros-damendes-en-raison-des-ventes-decevantes-de-ve-en-europe\/","name":"Les constructeurs automobiles craignent des milliards d'euros d'amendes en raison des ventes d\u00e9cevantes de VE en Europe - All cars news","isPartOf":{"@id":"https:\/\/all-car-news.com\/fr\/#website"},"datePublished":"2024-09-09T09:32:14+00:00","dateModified":"2024-09-09T09:32:14+00:00","breadcrumb":{"@id":"https:\/\/all-car-news.com\/fr\/les-constructeurs-automobiles-craignent-des-milliards-deuros-damendes-en-raison-des-ventes-decevantes-de-ve-en-europe\/#breadcrumb"},"inLanguage":"fr-FR","potentialAction":[{"@type":"ReadAction","target":["https:\/\/all-car-news.com\/fr\/les-constructeurs-automobiles-craignent-des-milliards-deuros-damendes-en-raison-des-ventes-decevantes-de-ve-en-europe\/"]}]},{"@type":"BreadcrumbList","@id":"https:\/\/all-car-news.com\/fr\/les-constructeurs-automobiles-craignent-des-milliards-deuros-damendes-en-raison-des-ventes-decevantes-de-ve-en-europe\/#breadcrumb","itemListElement":[{"@type":"ListItem","position":1,"name":"Home","item":"https:\/\/all-car-news.com\/fr\/"},{"@type":"ListItem","position":2,"name":"Les constructeurs automobiles craignent des milliards d&rsquo;euros d&rsquo;amendes en raison des ventes d\u00e9cevantes de VE en Europe"}]},{"@type":"WebSite","@id":"https:\/\/all-car-news.com\/fr\/#website","url":"https:\/\/all-car-news.com\/fr\/","name":"All cars news","description":"","publisher":{"@id":"https:\/\/all-car-news.com\/fr\/#organization"},"potentialAction":[{"@type":"SearchAction","target":{"@type":"EntryPoint","urlTemplate":"https:\/\/all-car-news.com\/fr\/?s={search_term_string}"},"query-input":"required name=search_term_string"}],"inLanguage":"fr-FR"},{"@type":"Organization","@id":"https:\/\/all-car-news.com\/fr\/#organization","name":"All cars news","url":"https:\/\/all-car-news.com\/fr\/","logo":{"@type":"ImageObject","inLanguage":"fr-FR","@id":"https:\/\/all-car-news.com\/fr\/#\/schema\/logo\/image\/","url":"https:\/\/all-car-news.com\/wp-content\/uploads\/2022\/02\/CMYK-AllCarNews_LANDSCAPE_300px-1.png","contentUrl":"https:\/\/all-car-news.com\/wp-content\/uploads\/2022\/02\/CMYK-AllCarNews_LANDSCAPE_300px-1.png","width":300,"height":100,"caption":"All cars news"},"image":{"@id":"https:\/\/all-car-news.com\/fr\/#\/schema\/logo\/image\/"}}]}},"_links":{"self":[{"href":"https:\/\/all-car-news.com\/fr\/wp-json\/wp\/v2\/posts\/147450","targetHints":{"allow":["GET"]}}],"collection":[{"href":"https:\/\/all-car-news.com\/fr\/wp-json\/wp\/v2\/posts"}],"about":[{"href":"https:\/\/all-car-news.com\/fr\/wp-json\/wp\/v2\/types\/post"}],"replies":[{"embeddable":true,"href":"https:\/\/all-car-news.com\/fr\/wp-json\/wp\/v2\/comments?post=147450"}],"version-history":[{"count":0,"href":"https:\/\/all-car-news.com\/fr\/wp-json\/wp\/v2\/posts\/147450\/revisions"}],"wp:featuredmedia":[{"embeddable":true,"href":"https:\/\/all-car-news.com\/fr\/wp-json\/wp\/v2\/media\/147418"}],"wp:attachment":[{"href":"https:\/\/all-car-news.com\/fr\/wp-json\/wp\/v2\/media?parent=147450"}],"wp:term":[{"taxonomy":"category","embeddable":true,"href":"https:\/\/all-car-news.com\/fr\/wp-json\/wp\/v2\/categories?post=147450"},{"taxonomy":"post_tag","embeddable":true,"href":"https:\/\/all-car-news.com\/fr\/wp-json\/wp\/v2\/tags?post=147450"}],"curies":[{"name":"wp","href":"https:\/\/api.w.org\/{rel}","templated":true}]}}